{"id":7774,"date":"2026-08-31T21:43:25","date_gmt":"2026-08-31T19:43:25","guid":{"rendered":"https:\/\/starstory.fr\/blog\/articles\/date-de-la-bataille-de-verdun\/"},"modified":"2026-08-31T21:43:25","modified_gmt":"2026-08-31T19:43:25","slug":"date-de-la-bataille-de-verdun","status":"publish","type":"post","link":"https:\/\/starstory.fr\/blog\/articles\/date-de-la-bataille-de-verdun\/","title":{"rendered":"Bataille de Verdun : Date et Histoire Compl\u00e8te"},"content":{"rendered":"<link rel=\"stylesheet\" href=\"https:\/\/fonts.googleapis.com\/css2?family=Space+Grotesk:wght@600;700&#038;family=Inter:wght@400;500;600&#038;family=JetBrains+Mono:wght@500&#038;display=swap\">\n<style>\n.bdv-wrap{font-family:'Inter',-apple-system,sans-serif;line-height:1.65;font-size:17px;color:#231f1f;max-width:100%}\n.bdv-wrap h2{font-family:'Space Grotesk',sans-serif;font-weight:700;font-size:clamp(23px,3vw,30px);letter-spacing:-.01em;color:#1c1a19;margin:48px 0 16px;padding-top:10px;border-top:1px solid #e7e1da}\n.bdv-wrap h2:first-of-type{border-top:none;padding-top:0}\n.bdv-wrap h3{font-family:'Space Grotesk',sans-serif;font-weight:600;font-size:19px;color:#3a3532;margin:26px 0 10px}\n.bdv-wrap p{margin:0 0 16px}\n.bdv-wrap ul,.bdv-wrap ol{margin:0 0 16px;padding-left:22px}\n.bdv-wrap li{margin-bottom:6px}\n.bdv-kicker{font-family:'JetBrains Mono',monospace;font-size:12px;font-weight:500;letter-spacing:.08em;text-transform:uppercase;color:#7a2331}\n\/* Bloc En bref *\/\n.bdv-brief{background:#faf3ef;border-left:5px solid #7a2331;border-radius:4px 12px 12px 4px;padding:22px 24px;margin:22px 0 34px}\n.bdv-brief-label{font-family:'JetBrains Mono',monospace;font-size:12px;font-weight:500;letter-spacing:.08em;text-transform:uppercase;color:#7a2331;margin-bottom:10px}\n.bdv-brief-answer{font-size:17px;font-weight:500;color:#231f1f;margin-bottom:14px}\n.bdv-brief-list{display:flex;flex-direction:column;gap:8px}\n.bdv-brief-item{display:flex;gap:10px;align-items:flex-start;font-size:15px;color:#3a3532}\n.bdv-brief-item span.bdv-chk{flex:none;color:#7a2331;font-weight:700}\n\/* Stat trio *\/\n.bdv-stats{display:grid;grid-template-columns:repeat(auto-fit,minmax(150px,1fr));gap:16px;margin:20px 0 34px}\n.bdv-stat{background:#fff;border:1px solid #e7e1da;border-top:3px solid #7a2331;border-radius:10px;padding:18px 16px;text-align:center;transition:.25s ease}\n.bdv-stat:hover{transform:translateY(-3px);box-shadow:0 12px 24px -14px rgba(122,35,49,.35)}\n.bdv-stat-num{display:block;font-family:'Space Grotesk',sans-serif;font-weight:700;font-size:26px;color:#7a2331;margin-bottom:4px}\n.bdv-stat-lbl{display:block;font-size:12.5px;color:#6b6461;line-height:1.3}\n\/* Timeline *\/\n.bdv-timeline{display:flex;flex-direction:column;gap:0;margin:18px 0 30px;border-left:2px solid #e7e1da;padding-left:20px}\n.bdv-tl-item{position:relative;padding-bottom:20px}\n.bdv-tl-item:last-child{padding-bottom:0}\n.bdv-tl-item::before{content:\"\";position:absolute;left:-25px;top:4px;width:10px;height:10px;border-radius:50%;background:#7a2331}\n.bdv-tl-date{font-family:'JetBrains Mono',monospace;font-size:13px;font-weight:500;color:#7a2331;margin-bottom:2px}\n.bdv-tl-text{font-size:15.5px;color:#3a3532}\n\/* Table *\/\n.bdv-wrap table{width:100%;border-collapse:collapse;margin:18px 0 30px;border-radius:10px;overflow:hidden;border:1px solid #e7e1da}\n.bdv-wrap thead th{background:#7a2331;color:#f7ede7;font-family:'Space Grotesk',sans-serif;font-size:13px;text-align:left;padding:12px 16px}\n.bdv-wrap tbody td{padding:11px 16px;font-size:15px;border-top:1px solid #e7e1da}\n.bdv-wrap tbody tr:nth-child(even){background:#faf7f4}\n\/* Cards *\/\n.bdv-cards{display:grid;grid-template-columns:repeat(auto-fit,minmax(240px,1fr));gap:18px;margin:18px 0 30px}\n.bdv-card{background:#fff;border:1px solid #e7e1da;border-radius:12px;padding:20px 22px;box-shadow:0 1px 2px rgba(16,24,40,.04);transition:.25s ease}\n.bdv-card:hover{transform:translateY(-3px);box-shadow:0 12px 26px -16px rgba(16,24,40,.2)}\n.bdv-card-title{font-family:'Space Grotesk',sans-serif;font-weight:600;font-size:16.5px;color:#1c1a19;margin-bottom:8px}\n.bdv-card-txt{font-size:14.5px;color:#5a534f;line-height:1.55}\n\/* \u00c0 retenir (encart sombre) *\/\n.bdv-retain{background:#231a1c;color:#f3e9e6;border-radius:12px;padding:24px 26px;margin:30px 0}\n.bdv-retain-title{font-family:'Space Grotesk',sans-serif;font-weight:700;font-size:18px;color:#f3e9e6!important;margin-bottom:12px}\n.bdv-retain ul{margin:0;padding-left:0;list-style:none}\n.bdv-retain li{color:#f3e9e6!important;font-size:15px;padding-left:24px;position:relative;margin-bottom:9px}\n.bdv-retain li::before{content:\"\u2192\";position:absolute;left:0;color:#e0a8ac!important;font-weight:700}\n.bdv-retain strong,.bdv-retain b{color:#fff!important}\n\/* Note prudence *\/\n.bdv-note{background:#f3f0eb;border:1px solid #e2ddd4;border-radius:10px;padding:16px 20px;margin:26px 0;font-size:14.5px;color:#5a534f}\n.bdv-note-lbl{font-family:'JetBrains Mono',monospace;font-size:11.5px;font-weight:500;letter-spacing:.06em;text-transform:uppercase;color:#7a2331;display:block;margin-bottom:6px}\n\/* FAQ *\/\n.bdv-faq{margin:20px 0 10px}\n.bdv-faq details{border:1px solid #e7e1da;border-radius:10px;padding:14px 18px;margin-bottom:10px}\n.bdv-faq summary{font-family:'Space Grotesk',sans-serif;font-weight:600;font-size:15.5px;color:#231f1f;cursor:pointer;list-style:none;position:relative;padding-right:24px}\n.bdv-faq summary::-webkit-details-marker{display:none}\n.bdv-faq summary::after{content:\"+\";position:absolute;right:0;top:0;color:#7a2331;font-weight:700;font-size:18px}\n.bdv-faq details[open] summary::after{content:\"\u2013\"}\n.bdv-faq-a{font-size:14.5px;color:#4a4441;margin-top:10px;line-height:1.6}\n<\/style>\n<div class=\"bdv-wrap\">\n<span class=\"bdv-kicker\">Premi\u00e8re Guerre mondiale \u2014 1916<\/span><\/p>\n<p>La <strong>bataille de Verdun<\/strong> a d\u00e9but\u00e9 le <strong>21 f\u00e9vrier 1916<\/strong> et s\u2019est prolong\u00e9e jusqu\u2019au <strong>18 d\u00e9cembre 1916<\/strong>, devenant l\u2019un des affrontements les plus marquants de la Premi\u00e8re Guerre mondiale. Ce conflit, qui opposa les forces fran\u00e7aises aux troupes allemandes autour de la place forte de Verdun, est rest\u00e9 un symbole de la r\u00e9sistance fran\u00e7aise. Dans cet article, nous revenons sur la chronologie de la bataille, ses enjeux strat\u00e9giques et son h\u00e9ritage.<\/p>\n<div class=\"bdv-brief\">\n<div class=\"bdv-brief-label\">En bref<\/div>\n<div class=\"bdv-brief-answer\">La bataille de Verdun s\u2019est d\u00e9roul\u00e9e du <strong>21 f\u00e9vrier<\/strong> au <strong>18 d\u00e9cembre 1916<\/strong>, soit pr\u00e8s de dix mois de combats quasi ininterrompus entre l\u2019arm\u00e9e fran\u00e7aise et l\u2019arm\u00e9e allemande. Elle est rest\u00e9e dans la m\u00e9moire collective comme l\u2019une des batailles les plus meurtri\u00e8res de la Premi\u00e8re Guerre mondiale.<\/div>\n<div class=\"bdv-brief-list\">\n<div class=\"bdv-brief-item\"><span class=\"bdv-chk\">\u2713<\/span> D\u00e9but des combats le 21 f\u00e9vrier 1916, fin officielle le 18 d\u00e9cembre 1916.<\/div>\n<div class=\"bdv-brief-item\"><span class=\"bdv-chk\">\u2713<\/span> Le fort de Douaumont, pris par les Allemands le 25 f\u00e9vrier 1916, est repris par l\u2019arm\u00e9e fran\u00e7aise le 24 octobre 1916.<\/div>\n<div class=\"bdv-brief-item\"><span class=\"bdv-chk\">\u2713<\/span> Le bilan humain total est estim\u00e9 \u00e0 environ 700 000 pertes (morts, bless\u00e9s et disparus des deux camps confondus) \u2014 un chiffre qui varie selon les sources et ce qu\u2019elles comptent.<\/div>\n<div class=\"bdv-brief-item\"><span class=\"bdv-chk\">\u2713<\/span> La bataille reste associ\u00e9e \u00e0 la formule \u00ab on ne passe pas ! \u00bb, devenue embl\u00e9matique de la r\u00e9sistance fran\u00e7aise.<\/div>\n<\/p><\/div>\n<\/div>\n<h2>Contexte historique<\/h2>\n<h3>Les causes de la bataille<\/h3>\n<p>Avant le d\u00e9clenchement des hostilit\u00e9s \u00e0 Verdun, la tension entre la France et l\u2019Allemagne \u00e9tait d\u00e9j\u00e0 \u00e0 son comble apr\u00e8s un an et demi de guerre de position sur le front occidental. L\u2019objectif du commandement allemand \u00e9tait d\u2019attaquer un symbole fort de la d\u00e9fense fran\u00e7aise \u2014 Verdun, r\u00e9put\u00e9e pour sa ceinture de forts \u2014 afin d\u2019y user l\u2019arm\u00e9e fran\u00e7aise.<\/p>\n<h3>La strat\u00e9gie allemande<\/h3>\n<p>Le commandement allemand a construit son offensive autour de l\u2019id\u00e9e que la d\u00e9fense d\u2019un lieu aussi symbolique forcerait la France \u00e0 y engager continuellement des renforts, au prix de pertes consid\u00e9rables. L\u2019objectif n\u2019\u00e9tait pas une perc\u00e9e territoriale rapide, mais l\u2019attrition : \u00e9puiser l\u2019arm\u00e9e fran\u00e7aise au fil des mois.<\/p>\n<h2>D\u00e9roulement de la bataille<\/h2>\n<h3>Chronologie des \u00e9v\u00e9nements cl\u00e9s<\/h3>\n<div class=\"bdv-timeline\">\n<div class=\"bdv-tl-item\">\n<div class=\"bdv-tl-date\">21 f\u00e9vrier 1916<\/div>\n<div class=\"bdv-tl-text\">D\u00e9but des hostilit\u00e9s, pr\u00e9c\u00e9d\u00e9 d\u2019un bombardement d\u2019artillerie intense sur les positions fran\u00e7aises.<\/div>\n<\/div>\n<div class=\"bdv-tl-item\">\n<div class=\"bdv-tl-date\">25 f\u00e9vrier 1916<\/div>\n<div class=\"bdv-tl-text\">Prise du fort de Douaumont par l\u2019arm\u00e9e allemande.<\/div>\n<\/div>\n<div class=\"bdv-tl-item\">\n<div class=\"bdv-tl-date\">24 octobre 1916<\/div>\n<div class=\"bdv-tl-text\">Offensive fran\u00e7aise qui aboutit \u00e0 la reprise du fort de Douaumont.<\/div>\n<\/div>\n<div class=\"bdv-tl-item\">\n<div class=\"bdv-tl-date\">18 d\u00e9cembre 1916<\/div>\n<div class=\"bdv-tl-text\">Fin officielle des combats, avec une ligne de front globalement stabilis\u00e9e.<\/div>\n<\/div>\n<\/div>\n<table class=\"kwdbank-table\">\n<thead>\n<tr>\n<th>Date<\/th>\n<th>\u00c9v\u00e9nement cl\u00e9<\/th>\n<\/tr>\n<\/thead>\n<tbody>\n<tr>\n<td>21 f\u00e9vrier 1916<\/td>\n<td>D\u00e9but de la bataille<\/td>\n<\/tr>\n<tr>\n<td>25 f\u00e9vrier 1916<\/td>\n<td>Prise du fort de Douaumont par les Allemands<\/td>\n<\/tr>\n<tr>\n<td>24 octobre 1916<\/td>\n<td>Reprise du fort de Douaumont par les Fran\u00e7ais<\/td>\n<\/tr>\n<tr>\n<td>18 d\u00e9cembre 1916<\/td>\n<td>Fin des combats<\/td>\n<\/tr>\n<\/tbody>\n<\/table>\n<h2>Cons\u00e9quences et h\u00e9ritage<\/h2>\n<h3>Pertes humaines<\/h3>\n<p>Le bilan humain de la bataille de Verdun compte parmi les plus lourds de toute la Premi\u00e8re Guerre mondiale : les estimations les plus courantes avancent un total d\u2019environ <strong>700 000 pertes<\/strong> pour les deux camps r\u00e9unis, en comptant les morts, les bless\u00e9s et les disparus. La r\u00e9partition pr\u00e9cise entre pertes fran\u00e7aises et allemandes varie selon les sources et selon ce qu\u2019elles retiennent (seuls les tu\u00e9s, ou l\u2019ensemble tu\u00e9s + bless\u00e9s + disparus) \u2014 c\u2019est un point encore d\u00e9battu par les historiens, et ce chiffre global reste la donn\u00e9e la plus solide pour mesurer l\u2019ampleur de l\u2019h\u00e9catombe.<\/p>\n<h3>Impact sur le moral national<\/h3>\n<p>La bataille de Verdun a eu un effet \u00e0 la fois d\u00e9vastateur et, paradoxalement, galvanisant sur le moral fran\u00e7ais. La formule \u00ab on ne passe pas ! \u00bb est devenue embl\u00e9matique de cette p\u00e9riode, symbolisant la d\u00e9termination \u00e0 r\u00e9sister face \u00e0 l\u2019adversit\u00e9 \u2014 sans qu\u2019elle puisse \u00eatre attribu\u00e9e avec certitude \u00e0 un auteur unique.<\/p>\n<h2>Erreurs d\u2019interpr\u00e9tation \u00e0 \u00e9viter<\/h2>\n<div class=\"bdv-cards\">\n<div class=\"bdv-card\">\n<div class=\"bdv-card-title\">R\u00e9duire la bataille aux seuls chiffres<\/div>\n<div class=\"bdv-card-txt\">S\u2019en tenir aux statistiques de pertes fait perdre de vue les implications strat\u00e9giques de la bataille et sa place dans la conduite globale de la guerre.<\/div>\n<\/p><\/div>\n<div class=\"bdv-card\">\n<div class=\"bdv-card-title\">Ignorer le contexte du front occidental<\/div>\n<div class=\"bdv-card-txt\">Verdun ne se comprend pleinement qu\u2019en lien avec les autres op\u00e9rations de 1916, notamment la bataille de la Somme, lanc\u00e9e en partie pour soulager la pression sur Verdun.<\/div>\n<\/p><\/div>\n<\/div>\n<h2>Comparaison avec d\u2019autres batailles majeures<\/h2>\n<div class=\"bdv-cards\">\n<div class=\"bdv-card\">\n<div class=\"bdv-card-title\">Bataille de la Somme (juillet \u2013 novembre 1916)<\/div>\n<div class=\"bdv-card-txt\">Contrairement \u00e0 Verdun, essentiellement d\u00e9fensive c\u00f4t\u00e9 fran\u00e7ais, la Somme est une offensive alli\u00e9e de grande ampleur, elle aussi marqu\u00e9e par des pertes consid\u00e9rables.<\/div>\n<\/p><\/div>\n<div class=\"bdv-card\">\n<div class=\"bdv-card-title\">Bataille d\u2019Ypres (avril \u2013 mai 1915)<\/div>\n<div class=\"bdv-card-txt\">Un an plus t\u00f4t, cette bataille est rest\u00e9e dans l\u2019histoire pour l\u2019une des premi\u00e8res utilisations d\u2019armes chimiques \u00e0 grande \u00e9chelle par l\u2019arm\u00e9e allemande.<\/div>\n<\/p><\/div>\n<\/div>\n<div class=\"bdv-stats\">\n<div class=\"bdv-stat\"><span class=\"bdv-stat-num\">10 mois<\/span><span class=\"bdv-stat-lbl\">dur\u00e9e des combats (21\/02 \u2013 18\/12\/1916)<\/span><\/div>\n<div class=\"bdv-stat\"><span class=\"bdv-stat-num\">~700 000<\/span><span class=\"bdv-stat-lbl\">pertes estim\u00e9es (morts, bless\u00e9s, disparus)<\/span><\/div>\n<div class=\"bdv-stat\"><span class=\"bdv-stat-num\">2<\/span><span class=\"bdv-stat-lbl\">prises du fort de Douaumont (allemande puis fran\u00e7aise)<\/span><\/div>\n<\/div>\n<div class=\"bdv-retain\">\n<div class=\"bdv-retain-title\">\u00c0 retenir<\/div>\n<ul>\n<li>La bataille s\u2019\u00e9tend du <strong>21 f\u00e9vrier<\/strong> au <strong>18 d\u00e9cembre 1916<\/strong> \u2014 tout fait dat\u00e9 en dehors de cette p\u00e9riode concerne un autre \u00e9v\u00e9nement.<\/li>\n<li>Le fort de Douaumont change deux fois de mains : pris par les Allemands le 25 f\u00e9vrier 1916, repris par les Fran\u00e7ais le 24 octobre 1916.<\/li>\n<li>Le bilan humain (environ 700 000 pertes cumul\u00e9es) reste d\u00e9battu dans son d\u00e9tail par camp \u2014 on retient l\u2019ordre de grandeur global plut\u00f4t qu\u2019une r\u00e9partition exacte.<\/li>\n<li>Verdun s\u2019inscrit dans une strat\u00e9gie d\u2019attrition, \u00e0 distinguer d\u2019offensives comme la Somme, lanc\u00e9e la m\u00eame ann\u00e9e.<\/li>\n<\/ul>\n<\/div>\n<div class=\"bdv-note\">\n  <span class=\"bdv-note-lbl\">Pour aller plus loin<\/span><br \/>\n  Cet article propose un rep\u00e8re historique g\u00e9n\u00e9ral ; il ne remplace pas une visite du site ni la lecture d\u2019ouvrages d\u2019historiens sp\u00e9cialis\u00e9s. Pour toute information pratique (acc\u00e8s, horaires, tarifs), il est pr\u00e9f\u00e9rable de se renseigner directement aupr\u00e8s du m\u00e9morial de Verdun et des sites de m\u00e9moire officiels, seuls habilit\u00e9s \u00e0 les communiquer \u00e0 jour.\n<\/div>\n<div class=\"bdv-faq\">\n<h2>FAQ<\/h2>\n<details>\n<summary>Quelle est la date exacte du d\u00e9but et de la fin de la bataille de Verdun ?<\/summary>\n<div class=\"bdv-faq-a\">La bataille a commenc\u00e9 le <strong>21 f\u00e9vrier 1916<\/strong> et s\u2019est termin\u00e9e le <strong>18 d\u00e9cembre 1916<\/strong>.<\/div>\n<\/details>\n<details>\n<summary>Combien de soldats ont \u00e9t\u00e9 touch\u00e9s par cette bataille ?<\/summary>\n<div class=\"bdv-faq-a\">Les estimations les plus courantes \u00e9voquent environ <strong>700 000 pertes<\/strong> au total (morts, bless\u00e9s et disparus, fran\u00e7ais et allemands confondus). La r\u00e9partition pr\u00e9cise entre les deux camps varie selon les sources.<\/div>\n<\/details>\n<details>\n<summary>Pourquoi Verdun \u00e9tait-elle strat\u00e9gique pour les Allemands ?<\/summary>\n<div class=\"bdv-faq-a\">Verdun repr\u00e9sentait un symbole fort de la d\u00e9fense fran\u00e7aise ; son attaque visait \u00e0 user l\u2019arm\u00e9e fran\u00e7aise dans une bataille d\u2019usure plut\u00f4t qu\u2019\u00e0 obtenir une perc\u00e9e rapide.<\/div>\n<\/details>\n<details>\n<summary>Quelles sont les cons\u00e9quences durables de cette bataille ?<\/summary>\n<div class=\"bdv-faq-a\">Elle a marqu\u00e9 durablement la m\u00e9moire nationale fran\u00e7aise et reste \u00e9tudi\u00e9e comme un cas de r\u00e9f\u00e9rence de guerre d\u2019attrition et de r\u00e9sistance prolong\u00e9e.<\/div>\n<\/details>\n<details>\n<summary>Existe-t-il des lieux de m\u00e9moire consacr\u00e9s \u00e0 Verdun ?<\/summary>\n<div class=\"bdv-faq-a\">Oui, plusieurs lieux de m\u00e9moire comm\u00e9morent cet \u00e9v\u00e9nement dans la r\u00e9gion de Verdun. Ce n\u2019est pas l\u2019objet de cet article : pour toute information pratique, mieux vaut se renseigner directement aupr\u00e8s des sites officiels avant de s\u2019y rendre.<\/div>\n<\/details>\n<details>\n<summary>Comment cette bataille se compare-t-elle aux autres batailles de la Premi\u00e8re Guerre mondiale ?<\/summary>\n<div class=\"bdv-faq-a\">Chaque bataille de 1916 r\u00e9pondait \u00e0 des objectifs strat\u00e9giques diff\u00e9rents ; Verdun est rest\u00e9e associ\u00e9e \u00e0 la r\u00e9sistance et \u00e0 l\u2019attrition, quand la Somme, la m\u00eame ann\u00e9e, correspondait \u00e0 une offensive alli\u00e9e de grande ampleur.<\/div>\n<\/details>\n<\/div>\n<\/div>\n","protected":false},"excerpt":{"rendered":"","protected":false},"author":34,"featured_media":999999999,"comment_status":"open","ping_status":"open","sticky":false,"template":"","format":"standard","meta":{"_acf_changed":false,"manual_indexmenow":false,"indexmenow_id_project":0,"footnotes":""},"categories":[4835],"tags":[],"class_list":["post-7774","post","type-post","status-publish","format-standard","has-post-thumbnail","hentry","category-articles","generate-columns","tablet-grid-50","mobile-grid-100","grid-parent","grid-25"],"acf":[],"yoast_head":"<!-- This site is optimized with the Yoast SEO Premium plugin v21.3 (Yoast SEO v26.5) - https:\/\/yoast.com\/wordpress\/plugins\/seo\/ -->\n<title>Bataille de Verdun : Date et Histoire Compl\u00e8te<\/title>\n<meta name=\"description\" content=\"La bataille de Verdun a d\u00e9but\u00e9 le 21 f\u00e9vrier 1916 et s\u2019est prolong\u00e9e jusqu\u2019au 18 d\u00e9cembre 1916, devenant l\u2019un des affrontements les plus marquants\" \/>\n<meta name=\"robots\" content=\"index, follow, max-snippet:-1, max-image-preview:large, max-video-preview:-1\" \/>\n<link rel=\"canonical\" href=\"https:\/\/starstory.fr\/blog\/articles\/date-de-la-bataille-de-verdun\/\" \/>\n<meta property=\"og:locale\" content=\"fr_FR\" \/>\n<meta property=\"og:type\" content=\"article\" \/>\n<meta property=\"og:title\" content=\"Bataille de Verdun : Date et Histoire Compl\u00e8te\" \/>\n<meta property=\"og:description\" content=\"La bataille de Verdun a d\u00e9but\u00e9 le 21 f\u00e9vrier 1916 et s\u2019est prolong\u00e9e jusqu\u2019au 18 d\u00e9cembre 1916, devenant l\u2019un des affrontements les plus marquants\" \/>\n<meta property=\"og:url\" content=\"https:\/\/starstory.fr\/blog\/articles\/date-de-la-bataille-de-verdun\/\" \/>\n<meta property=\"og:site_name\" content=\"starstory\" \/>\n<meta name=\"author\" content=\"Rapha\u00ebl D.\" \/>\n<meta name=\"twitter:card\" content=\"summary_large_image\" \/>\n<script type=\"application\/ld+json\" class=\"yoast-schema-graph\">{\"@context\":\"https:\/\/schema.org\",\"@graph\":[{\"@type\":\"NewsArticle\",\"@id\":\"https:\/\/starstory.fr\/blog\/articles\/date-de-la-bataille-de-verdun\/#article\",\"isPartOf\":{\"@id\":\"https:\/\/starstory.fr\/blog\/articles\/date-de-la-bataille-de-verdun\/\"},\"author\":{\"name\":\"Rapha\u00ebl D.\",\"@id\":\"https:\/\/starstory.fr\/blog\/#\/schema\/person\/3c864cdc320801e3db34b663e7e3f816\"},\"headline\":\"Bataille de Verdun : Date et Histoire Compl\u00e8te\",\"datePublished\":\"2026-08-31T19:43:25+00:00\",\"mainEntityOfPage\":{\"@id\":\"https:\/\/starstory.fr\/blog\/articles\/date-de-la-bataille-de-verdun\/\"},\"wordCount\":1263,\"commentCount\":0,\"publisher\":{\"@id\":\"https:\/\/starstory.fr\/blog\/#organization\"},\"image\":{\"@id\":\"https:\/\/starstory.fr\/blog\/articles\/date-de-la-bataille-de-verdun\/#primaryimage\"},\"thumbnailUrl\":\"https:\/\/images.pexels.com\/photos\/7441123\/pexels-photo-7441123.jpeg?auto=compress&cs=tinysrgb&fit=crop&h=627&w=1200\",\"articleSection\":[\"Articles\"],\"inLanguage\":\"fr-FR\",\"potentialAction\":[{\"@type\":\"CommentAction\",\"name\":\"Comment\",\"target\":[\"https:\/\/starstory.fr\/blog\/articles\/date-de-la-bataille-de-verdun\/#respond\"]}]},{\"@type\":\"WebPage\",\"@id\":\"https:\/\/starstory.fr\/blog\/articles\/date-de-la-bataille-de-verdun\/\",\"url\":\"https:\/\/starstory.fr\/blog\/articles\/date-de-la-bataille-de-verdun\/\",\"name\":\"Bataille de Verdun : Date et Histoire Compl\u00e8te\",\"isPartOf\":{\"@id\":\"https:\/\/starstory.fr\/blog\/#website\"},\"primaryImageOfPage\":{\"@id\":\"https:\/\/starstory.fr\/blog\/articles\/date-de-la-bataille-de-verdun\/#primaryimage\"},\"image\":{\"@id\":\"https:\/\/starstory.fr\/blog\/articles\/date-de-la-bataille-de-verdun\/#primaryimage\"},\"thumbnailUrl\":\"https:\/\/images.pexels.com\/photos\/7441123\/pexels-photo-7441123.jpeg?auto=compress&cs=tinysrgb&fit=crop&h=627&w=1200\",\"datePublished\":\"2026-08-31T19:43:25+00:00\",\"description\":\"La bataille de Verdun a d\u00e9but\u00e9 le 21 f\u00e9vrier 1916 et s\u2019est prolong\u00e9e jusqu\u2019au 18 d\u00e9cembre 1916, devenant l\u2019un des affrontements les plus marquants\",\"inLanguage\":\"fr-FR\",\"potentialAction\":[{\"@type\":\"ReadAction\",\"target\":[\"https:\/\/starstory.fr\/blog\/articles\/date-de-la-bataille-de-verdun\/\"]}]},{\"@type\":\"ImageObject\",\"inLanguage\":\"fr-FR\",\"@id\":\"https:\/\/starstory.fr\/blog\/articles\/date-de-la-bataille-de-verdun\/#primaryimage\",\"url\":\"https:\/\/images.pexels.com\/photos\/7441123\/pexels-photo-7441123.jpeg?auto=compress&cs=tinysrgb&fit=crop&h=627&w=1200\",\"contentUrl\":\"https:\/\/images.pexels.com\/photos\/7441123\/pexels-photo-7441123.jpeg?auto=compress&cs=tinysrgb&fit=crop&h=627&w=1200\"},{\"@type\":\"WebSite\",\"@id\":\"https:\/\/starstory.fr\/blog\/#website\",\"url\":\"https:\/\/starstory.fr\/blog\/\",\"name\":\"StarStory\",\"description\":\"StarStory, les \u00e9toiles racontent leur histoire\",\"publisher\":{\"@id\":\"https:\/\/starstory.fr\/blog\/#organization\"},\"alternateName\":\"StarStory, les \u00e9toiles racontent leur histoire\",\"potentialAction\":[{\"@type\":\"SearchAction\",\"target\":{\"@type\":\"EntryPoint\",\"urlTemplate\":\"https:\/\/starstory.fr\/blog\/?s={search_term_string}\"},\"query-input\":{\"@type\":\"PropertyValueSpecification\",\"valueRequired\":true,\"valueName\":\"search_term_string\"}}],\"inLanguage\":\"fr-FR\"},{\"@type\":\"Organization\",\"@id\":\"https:\/\/starstory.fr\/blog\/#organization\",\"name\":\"StarStory\",\"alternateName\":\"StarStory.fr\",\"url\":\"https:\/\/starstory.fr\/blog\/\",\"logo\":{\"@type\":\"ImageObject\",\"inLanguage\":\"fr-FR\",\"@id\":\"https:\/\/starstory.fr\/blog\/#\/schema\/logo\/image\/\",\"url\":\"https:\/\/starstory.fr\/blog\/wp-content\/uploads\/2024\/12\/38.png\",\"contentUrl\":\"https:\/\/starstory.fr\/blog\/wp-content\/uploads\/2024\/12\/38.png\",\"width\":500,\"height\":500,\"caption\":\"StarStory\"},\"image\":{\"@id\":\"https:\/\/starstory.fr\/blog\/#\/schema\/logo\/image\/\"}},{\"@type\":\"Person\",\"@id\":\"https:\/\/starstory.fr\/blog\/#\/schema\/person\/3c864cdc320801e3db34b663e7e3f816\",\"name\":\"Rapha\u00ebl D.\",\"image\":{\"@type\":\"ImageObject\",\"inLanguage\":\"fr-FR\",\"@id\":\"https:\/\/starstory.fr\/blog\/#\/schema\/person\/image\/\",\"url\":\"https:\/\/starstory.fr\/blog\/wp-content\/uploads\/2026\/06\/persona_raphael-d-96x96.jpg\",\"contentUrl\":\"https:\/\/starstory.fr\/blog\/wp-content\/uploads\/2026\/06\/persona_raphael-d-96x96.jpg\",\"caption\":\"Rapha\u00ebl D.\"},\"description\":\"La culture est mon terrain de jeu depuis une dizaine d'ann\u00e9es : arts visuels, s\u00e9ries, cr\u00e9ation et tout ce qui nourrit l'imaginaire. J'\u00e9cris aussi bien sur l'actualit\u00e9 des \u0153uvres que sur les coulisses de la cr\u00e9ation, avec l'envie de relier l'amateur curieux \u00e0 des univers parfois jug\u00e9s intimidants. J'aime analyser une s\u00e9rie ou une d\u00e9marche artistique sans p\u00e9dantisme, replacer une \u0153uvre dans son contexte et donner des cl\u00e9s de lecture accessibles. Avant de publier, je v\u00e9rifie mes r\u00e9f\u00e9rences, je recoupe les sources et je distingue clairement le fait de mon interpr\u00e9tation subjective. Je crois qu'une critique vaut surtout par les arguments qu'elle expose, pas par la sentence qu'elle rend. Mon angle : transmettre l'envie de d\u00e9couvrir, de regarder autrement et de se forger son propre go\u00fbt. La culture n'appartient pas qu'aux initi\u00e9s, et c'est tout l'enjeu de mon \u00e9criture.\",\"url\":\"https:\/\/starstory.fr\/blog\/auteur\/noname\/\",\"jobTitle\":\"R\u00e9dacteur en chef \u00b7 Culture & Cr\u00e9ation\",\"knowsAbout\":[\"Culture\",\"Cr\u00e9ation\"],\"email\":\"raphael.d@a-l-asso-de-l-art.fr\"}]}<\/script>\n<!-- \/ Yoast SEO Premium plugin. -->","yoast_head_json":{"title":"Bataille de Verdun : Date et Histoire Compl\u00e8te","description":"La bataille de Verdun a d\u00e9but\u00e9 le 21 f\u00e9vrier 1916 et s\u2019est prolong\u00e9e jusqu\u2019au 18 d\u00e9cembre 1916, devenant l\u2019un des affrontements les plus marquants","robots":{"index":"index","follow":"follow","max-snippet":"max-snippet:-1","max-image-preview":"max-image-preview:large","max-video-preview":"max-video-preview:-1"},"canonical":"https:\/\/starstory.fr\/blog\/articles\/date-de-la-bataille-de-verdun\/","og_locale":"fr_FR","og_type":"article","og_title":"Bataille de Verdun : Date et Histoire Compl\u00e8te","og_description":"La bataille de Verdun a d\u00e9but\u00e9 le 21 f\u00e9vrier 1916 et s\u2019est prolong\u00e9e jusqu\u2019au 18 d\u00e9cembre 1916, devenant l\u2019un des affrontements les plus marquants","og_url":"https:\/\/starstory.fr\/blog\/articles\/date-de-la-bataille-de-verdun\/","og_site_name":"starstory","author":"Rapha\u00ebl D.","twitter_card":"summary_large_image","schema":{"@context":"https:\/\/schema.org","@graph":[{"@type":"NewsArticle","@id":"https:\/\/starstory.fr\/blog\/articles\/date-de-la-bataille-de-verdun\/#article","isPartOf":{"@id":"https:\/\/starstory.fr\/blog\/articles\/date-de-la-bataille-de-verdun\/"},"author":{"name":"Rapha\u00ebl D.","@id":"https:\/\/starstory.fr\/blog\/#\/schema\/person\/3c864cdc320801e3db34b663e7e3f816"},"headline":"Bataille de Verdun : Date et Histoire Compl\u00e8te","datePublished":"2026-08-31T19:43:25+00:00","mainEntityOfPage":{"@id":"https:\/\/starstory.fr\/blog\/articles\/date-de-la-bataille-de-verdun\/"},"wordCount":1263,"commentCount":0,"publisher":{"@id":"https:\/\/starstory.fr\/blog\/#organization"},"image":{"@id":"https:\/\/starstory.fr\/blog\/articles\/date-de-la-bataille-de-verdun\/#primaryimage"},"thumbnailUrl":"https:\/\/images.pexels.com\/photos\/7441123\/pexels-photo-7441123.jpeg?auto=compress&cs=tinysrgb&fit=crop&h=627&w=1200","articleSection":["Articles"],"inLanguage":"fr-FR","potentialAction":[{"@type":"CommentAction","name":"Comment","target":["https:\/\/starstory.fr\/blog\/articles\/date-de-la-bataille-de-verdun\/#respond"]}]},{"@type":"WebPage","@id":"https:\/\/starstory.fr\/blog\/articles\/date-de-la-bataille-de-verdun\/","url":"https:\/\/starstory.fr\/blog\/articles\/date-de-la-bataille-de-verdun\/","name":"Bataille de Verdun : Date et Histoire Compl\u00e8te","isPartOf":{"@id":"https:\/\/starstory.fr\/blog\/#website"},"primaryImageOfPage":{"@id":"https:\/\/starstory.fr\/blog\/articles\/date-de-la-bataille-de-verdun\/#primaryimage"},"image":{"@id":"https:\/\/starstory.fr\/blog\/articles\/date-de-la-bataille-de-verdun\/#primaryimage"},"thumbnailUrl":"https:\/\/images.pexels.com\/photos\/7441123\/pexels-photo-7441123.jpeg?auto=compress&cs=tinysrgb&fit=crop&h=627&w=1200","datePublished":"2026-08-31T19:43:25+00:00","description":"La bataille de Verdun a d\u00e9but\u00e9 le 21 f\u00e9vrier 1916 et s\u2019est prolong\u00e9e jusqu\u2019au 18 d\u00e9cembre 1916, devenant l\u2019un des affrontements les plus marquants","inLanguage":"fr-FR","potentialAction":[{"@type":"ReadAction","target":["https:\/\/starstory.fr\/blog\/articles\/date-de-la-bataille-de-verdun\/"]}]},{"@type":"ImageObject","inLanguage":"fr-FR","@id":"https:\/\/starstory.fr\/blog\/articles\/date-de-la-bataille-de-verdun\/#primaryimage","url":"https:\/\/images.pexels.com\/photos\/7441123\/pexels-photo-7441123.jpeg?auto=compress&cs=tinysrgb&fit=crop&h=627&w=1200","contentUrl":"https:\/\/images.pexels.com\/photos\/7441123\/pexels-photo-7441123.jpeg?auto=compress&cs=tinysrgb&fit=crop&h=627&w=1200"},{"@type":"WebSite","@id":"https:\/\/starstory.fr\/blog\/#website","url":"https:\/\/starstory.fr\/blog\/","name":"StarStory","description":"StarStory, les \u00e9toiles racontent leur histoire","publisher":{"@id":"https:\/\/starstory.fr\/blog\/#organization"},"alternateName":"StarStory, les \u00e9toiles racontent leur histoire","potentialAction":[{"@type":"SearchAction","target":{"@type":"EntryPoint","urlTemplate":"https:\/\/starstory.fr\/blog\/?s={search_term_string}"},"query-input":{"@type":"PropertyValueSpecification","valueRequired":true,"valueName":"search_term_string"}}],"inLanguage":"fr-FR"},{"@type":"Organization","@id":"https:\/\/starstory.fr\/blog\/#organization","name":"StarStory","alternateName":"StarStory.fr","url":"https:\/\/starstory.fr\/blog\/","logo":{"@type":"ImageObject","inLanguage":"fr-FR","@id":"https:\/\/starstory.fr\/blog\/#\/schema\/logo\/image\/","url":"https:\/\/starstory.fr\/blog\/wp-content\/uploads\/2024\/12\/38.png","contentUrl":"https:\/\/starstory.fr\/blog\/wp-content\/uploads\/2024\/12\/38.png","width":500,"height":500,"caption":"StarStory"},"image":{"@id":"https:\/\/starstory.fr\/blog\/#\/schema\/logo\/image\/"}},{"@type":"Person","@id":"https:\/\/starstory.fr\/blog\/#\/schema\/person\/3c864cdc320801e3db34b663e7e3f816","name":"Rapha\u00ebl D.","image":{"@type":"ImageObject","inLanguage":"fr-FR","@id":"https:\/\/starstory.fr\/blog\/#\/schema\/person\/image\/","url":"https:\/\/starstory.fr\/blog\/wp-content\/uploads\/2026\/06\/persona_raphael-d-96x96.jpg","contentUrl":"https:\/\/starstory.fr\/blog\/wp-content\/uploads\/2026\/06\/persona_raphael-d-96x96.jpg","caption":"Rapha\u00ebl D."},"description":"La culture est mon terrain de jeu depuis une dizaine d'ann\u00e9es : arts visuels, s\u00e9ries, cr\u00e9ation et tout ce qui nourrit l'imaginaire. J'\u00e9cris aussi bien sur l'actualit\u00e9 des \u0153uvres que sur les coulisses de la cr\u00e9ation, avec l'envie de relier l'amateur curieux \u00e0 des univers parfois jug\u00e9s intimidants. J'aime analyser une s\u00e9rie ou une d\u00e9marche artistique sans p\u00e9dantisme, replacer une \u0153uvre dans son contexte et donner des cl\u00e9s de lecture accessibles. Avant de publier, je v\u00e9rifie mes r\u00e9f\u00e9rences, je recoupe les sources et je distingue clairement le fait de mon interpr\u00e9tation subjective. Je crois qu'une critique vaut surtout par les arguments qu'elle expose, pas par la sentence qu'elle rend. Mon angle : transmettre l'envie de d\u00e9couvrir, de regarder autrement et de se forger son propre go\u00fbt. La culture n'appartient pas qu'aux initi\u00e9s, et c'est tout l'enjeu de mon \u00e9criture.","url":"https:\/\/starstory.fr\/blog\/auteur\/noname\/","jobTitle":"R\u00e9dacteur en chef \u00b7 Culture & Cr\u00e9ation","knowsAbout":["Culture","Cr\u00e9ation"],"email":"raphael.d@a-l-asso-de-l-art.fr"}]}},"_links":{"self":[{"href":"https:\/\/starstory.fr\/blog\/wp-json\/wp\/v2\/posts\/7774","targetHints":{"allow":["GET"]}}],"collection":[{"href":"https:\/\/starstory.fr\/blog\/wp-json\/wp\/v2\/posts"}],"about":[{"href":"https:\/\/starstory.fr\/blog\/wp-json\/wp\/v2\/types\/post"}],"author":[{"embeddable":true,"href":"https:\/\/starstory.fr\/blog\/wp-json\/wp\/v2\/users\/34"}],"replies":[{"embeddable":true,"href":"https:\/\/starstory.fr\/blog\/wp-json\/wp\/v2\/comments?post=7774"}],"version-history":[{"count":1,"href":"https:\/\/starstory.fr\/blog\/wp-json\/wp\/v2\/posts\/7774\/revisions"}],"predecessor-version":[{"id":8415,"href":"https:\/\/starstory.fr\/blog\/wp-json\/wp\/v2\/posts\/7774\/revisions\/8415"}],"wp:attachment":[{"href":"https:\/\/starstory.fr\/blog\/wp-json\/wp\/v2\/media?parent=7774"}],"wp:term":[{"taxonomy":"category","embeddable":true,"href":"https:\/\/starstory.fr\/blog\/wp-json\/wp\/v2\/categories?post=7774"},{"taxonomy":"post_tag","embeddable":true,"href":"https:\/\/starstory.fr\/blog\/wp-json\/wp\/v2\/tags?post=7774"}],"curies":[{"name":"wp","href":"https:\/\/api.w.org\/{rel}","templated":true}]}}