{"id":7733,"date":"2026-03-09T09:40:00","date_gmt":"2026-03-09T08:40:00","guid":{"rendered":"https:\/\/starstory.fr\/blog\/?p=7733"},"modified":"2026-03-09T09:40:00","modified_gmt":"2026-03-09T08:40:00","slug":"les-chanteuses-francaises-des-annees-70-styles-artistes-et-contexte","status":"publish","type":"post","link":"https:\/\/starstory.fr\/blog\/celebrites-et-influence-en-france\/les-chanteuses-francaises-des-annees-70-styles-artistes-et-contexte\/","title":{"rendered":"Les chanteuses fran\u00e7aises des ann\u00e9es 70 : styles, artistes et contexte"},"content":{"rendered":"<h1>Chanteuse fran\u00e7aise ann\u00e9e 70 &#8211; Guide Complet et Analyse Approfondie<\/h1>\n<h2>Les Fondamentaux de chanteuse fran\u00e7aise ann\u00e9e 70<\/h2>\n<p>Les <strong>chanteuses fran\u00e7aises des ann\u00e9es 70<\/strong> \u00e9mergent dans un contexte post-<u>mai 1968<\/u>, o\u00f9 la lib\u00e9ration soci\u00e9tale favorise des styles vari\u00e9s, de la <strong>vari\u00e9t\u00e9 pop<\/strong> \u00e0 la chanson engag\u00e9e. Nous definissons une <strong><u>chanteuse fran\u00e7aise ann\u00e9e 70<\/u><\/strong> comme une artiste ayant marqu\u00e9 les charts entre <strong>1970 et 1979<\/strong>, souvent issue des y\u00e9y\u00e9 des ann\u00e9es 60, avec des ventes cumul\u00e9es d\u00e9passant les millions. Leur r\u00f4le pionnier s&rsquo;aligne sur les mouvements f\u00e9ministes, comme nous le voyons chez <strong>V\u00e9ronique Sanson<\/strong>, autrice-compositrice n\u00e9e en <strong>1949 \u00e0 Boulogne-Billancourt<\/strong>, qui compose ses propres textes.<\/p>\n<p>Voici notre top 10 exclusif, bas\u00e9 sur long\u00e9vit\u00e9, ventes et impact international :<\/p>\n<ul>\n<li><strong>1. Sylvie Vartan<\/strong> (n\u00e9e le <strong>15 ao\u00fbt 1944 \u00e0 Iskrets, Bulgarie<\/strong>) : <u>40 millions de disques vendus<\/u> dans sa carri\u00e8re, premier Olympia en <strong>1961 \u00e0 Paris<\/strong>, pic des ann\u00e9es 70 avec succ\u00e8s aux <strong>\u00c9tats-Unis<\/strong>.<\/li>\n<li><strong>2. Dalida<\/strong> (n\u00e9e en <strong>1933 au Caire, \u00c9gypte<\/strong>) : tubes comme <strong>Il venait d\u2019avoir 18 ans<\/strong> en <strong>1974<\/strong>.<\/li>\n<li><strong>3. France Gall<\/strong> (n\u00e9e le <strong>9 octobre 1947 \u00e0 Paris<\/strong>, d\u00e9c\u00e9d\u00e9e le <strong>7 janvier 2018<\/strong>) : collaboration avec <strong>Michel Berger<\/strong> d\u00e8s <strong>1973<\/strong>.<\/li>\n<li><strong>4. Mireille Mathieu<\/strong> (n\u00e9e en <strong>1946 \u00e0 Avignon<\/strong>) : tourn\u00e9es aux <strong>\u00c9tats-Unis, Br\u00e9sil, Allemagne<\/strong>.<\/li>\n<li><strong>5. Nicoletta<\/strong> (n\u00e9e le <strong>11 avril 1944 \u00e0 Vongy, Haute-Savoie<\/strong>) : <strong>Mamy Blue<\/strong> n?1 en <strong>1971<\/strong>.<\/li>\n<li><strong>6. Sheila<\/strong> (n\u00e9e Annie Chancel en <strong>1945<\/strong>) : enregistrements en <strong>4 langues<\/strong>.<\/li>\n<li><strong>7. V\u00e9ronique Sanson<\/strong> : <strong>Amoureuse<\/strong> en <strong>1972<\/strong>, <u>3 Victoires de la musique<\/u>.<\/li>\n<li><strong>8. Alice Dona<\/strong> (n\u00e9e le <strong>17 f\u00e9vrier 1949 \u00e0 Maisons-Alfort<\/strong>) : compose pour <strong>Johnny Hallyday<\/strong>.<\/li>\n<li><strong>9. Nicole Rieu<\/strong> : <strong>Je suis<\/strong> en <strong>1973<\/strong>.<\/li>\n<li><strong>10. Brigitte Fontaine<\/strong> : label <strong>Saravah<\/strong>, th\u00e8mes sur le <strong>racisme<\/strong>.<\/li>\n<\/ul>\n<p>Nous estimons que <strong>Sylvie Vartan<\/strong> incarne le mieux cette \u00e8re, avec son \u00e9volution de l&rsquo;<strong>Olympia de Paris<\/strong> vers des stades internationaux dans les ann\u00e9es 70.<\/p>\n<h2>Applications Pratiques et Cas d&rsquo;Usage<\/h2>\n<p>Nous explorons l&rsquo;impact concret des <strong>chanteuses fran\u00e7aises ann\u00e9e 70<\/strong> \u00e0 travers leurs tubes, utilis\u00e9s en concerts, films et reprises. Prenons <strong>Dalida<\/strong> : son duo <strong>Paroles, paroles<\/strong> avec <strong>Alessandro Safina<\/strong> en <strong>1973<\/strong> devient un succ\u00e8s plan\u00e9taire, diffus\u00e9 dans plus de <u>20 pays<\/u>, illustrant leur port\u00e9e globale. Vous pouvez encore l&rsquo;entendre dans des playlists comme <strong>Pop fran\u00e7aise des ann\u00e9es 70 sur Apple Music<\/strong>, totalisant <u>6 heures de hits<\/u>.<\/p>\n<p>Autres cas d&rsquo;\u00e9tude marquants :<\/p>\n<ul>\n<li><strong>France Gall<\/strong> : tube <strong>Poup\u00e9e de cire, poup\u00e9e de son<\/strong> de <strong>1965<\/strong> \u00e9volue vers <strong>Comment \u00e7a va pour toi<\/strong> en <strong>1975<\/strong> avec <strong>Michel Berger<\/strong>, repris en concerts \u00e0 <strong>l&rsquo;Olympia<\/strong>.<\/li>\n<li><strong>V\u00e9ronique Sanson<\/strong> : <strong>Amoureuse<\/strong> (<strong>1972<\/strong>) reprise par <strong>Kiki Dee<\/strong> et <strong>Olivia Newton-John<\/strong>, boostant sa visibilit\u00e9 aux <strong>\u00c9tats-Unis<\/strong>.<\/li>\n<li><strong>Mireille Mathieu<\/strong> : <strong>Mon credo<\/strong> (<strong>1971<\/strong>) ouvre des tourn\u00e9es au <strong>Bresil<\/strong> et en <strong>Allemagne<\/strong>, avec <u>plus de 100 concerts internationaux<\/u> dans la d\u00e9cennie.<\/li>\n<li><strong>Alice Dona<\/strong> : compose <strong>Chanson hypocalorique<\/strong> pour <strong>Claude Fran\u00e7ois<\/strong> en <strong>1976<\/strong>, reliant f\u00e9minin et masculin.<\/li>\n<li><strong>Nicoletta<\/strong> : carri\u00e8re de <strong>1967 \u00e0 1975<\/strong>, influence sur <strong>Sheila<\/strong> qui enregistre en <strong>anglais, allemand<\/strong>.<\/li>\n<li><strong>Brigitte Fontaine<\/strong> : via <strong>Saravah Records<\/strong>, aborde <u>in\u00e9galit\u00e9s des sexes<\/u> dans des albums underground.<\/li>\n<\/ul>\n<p>Nous voyons dans ces exemples une versatilit\u00e9 qui inspire encore les productions actuelles, comme des hommages \u00e0 <strong>l&rsquo;Olympia de Paris<\/strong>.<\/p>\n<h2>Optimisation et Meilleures Pratiques<\/h2>\n<p>Pour exploiter aujourd&rsquo;hui le legs des <strong>chanteuses fran\u00e7aises des ann\u00e9es 70<\/strong>, nous recommandons des strat\u00e9gies SEO ciblant <strong>mots-cl\u00e9s longue tra\u00eene<\/strong> comme \u00ab\u00a0top <strong>chanteuse fran\u00e7aise ann\u00e9e 70 Sylvie Vartan<\/strong>\u00ab\u00a0. Cr\u00e9ez des playlists sur <strong>Spotify<\/strong> ou <strong>Apple Music<\/strong>, comme celle des <strong>chanteuses fran\u00e7aises 60s\/70s<\/strong> avec <strong>Mamy Blue<\/strong> de <strong>Nicoletta<\/strong>. Int\u00e9grez des visuels de compilations YouTube, telles <strong>50 idoles f\u00e9minines des ann\u00e9es 70<\/strong>.<\/p>\n<p>Meilleures pratiques concr\u00e8tes :<\/p>\n<ul>\n<li>Produisez infographies sur <u>40 millions de disques pour Sylvie Vartan<\/u>, en citant ses shows \u00e0 <strong>l&rsquo;Olympia d\u00e8s 1961<\/strong>.<\/li>\n<li>Organisez podcasts sur l&rsquo;h\u00e9ritage f\u00e9ministe, avec focus sur <strong>V\u00e9ronique Sanson Commandeur des Arts et Lettres<\/strong>.<\/li>\n<li>Optimisez pour mobile avec recherches comme \u00ab\u00a0<strong>chanteuses fran\u00e7aises ann\u00e9e 70 inoubliables<\/strong>\u00ab\u00a0, en incluant reprises par <strong>Clara Luciani<\/strong> en <strong>2024<\/strong>.<\/li>\n<li>\u00c9vitez de limiter aux hits mainstream ; mettez en avant <strong>Nicole Rieu<\/strong> et son <strong>Je suis<\/strong> de <strong>1973<\/strong>.<\/li>\n<li>Collaborez pour concerts \u00e0 <strong>Paris Z\u00e9nith<\/strong> en <strong>2025<\/strong>, boostant streams de <u>+30%<\/u> via playlists.<\/li>\n<\/ul>\n<p>\u00c0 notre avis, ces approches g\u00e9n\u00e8rent un trafic organique durable, surtout avec l&rsquo;essor des analyses IA sur voix po\u00e9tiques comme celle de <strong>Mireille Mathieu<\/strong> dans <strong>Une femme amoureuse<\/strong>.<\/p>\n<h2>Conclusion et Perspectives<\/h2>\n<p>Nous synth\u00e9tisons : les <strong>chanteuses fran\u00e7aises ann\u00e9e 70<\/strong>, de <strong>Sylvie Vartan<\/strong> ( <u>40 millions de ventes<\/u> ) \u00e0 <strong>Dalida<\/strong> et <strong>V\u00e9ronique Sanson<\/strong>, ont fa\u00e7onn\u00e9 la <strong>vari\u00e9t\u00e9 fran\u00e7aise<\/strong> avec des millions de disques et une influence mondiale. Leur legs persiste dans les tourn\u00e9es <strong>2025 \u00e0 Paris<\/strong> et les playlists streaming.<\/p>\n<p>Perspectives prometteuses incluent hommages live, comme ceux pr\u00e9vus au <strong>Z\u00e9nith de Paris<\/strong>, et potentiels NFT d&rsquo;archives <strong>Olympia<\/strong>. Nous vous conseillons d&rsquo;explorer tops personnalis\u00e9s sur <strong>Spotify<\/strong>, d&rsquo;assister \u00e0 des concerts en <strong>France<\/strong>, et de cr\u00e9er du contenu autour de ces entit\u00e9s pour un engagement maximal.<\/p>\n","protected":false},"excerpt":{"rendered":"","protected":false},"author":34,"featured_media":7735,"comment_status":"open","ping_status":"open","sticky":false,"template":"","format":"standard","meta":{"_acf_changed":false,"manual_indexmenow":false,"indexmenow_id_project":0,"footnotes":""},"categories":[4524],"tags":[4826,4829,4792],"class_list":["post-7733","post","type-post","status-publish","format-standard","has-post-thumbnail","hentry","category-celebrites-et-influence-en-france","tag-annes-70","tag-chanson-franaise","tag-chanteuses-franaises","generate-columns","tablet-grid-50","mobile-grid-100","grid-parent","grid-25"],"acf":[],"yoast_head":"<!-- This site is optimized with the Yoast SEO Premium plugin v21.3 (Yoast SEO v26.5) - https:\/\/yoast.com\/wordpress\/plugins\/seo\/ -->\n<title>Les chanteuses fran\u00e7aises des ann\u00e9es 70<\/title>\n<meta name=\"description\" content=\"Les chanteuses fran\u00e7aises des ann\u00e9es 70 \u00e9mergent dans un contexte post-mai 1968, o\u00f9 la lib\u00e9ration soci\u00e9tale favorise des styles vari\u00e9s, de la vari\u00e9t\u00e9 pop\" \/>\n<meta name=\"robots\" content=\"index, follow, max-snippet:-1, max-image-preview:large, max-video-preview:-1\" \/>\n<link rel=\"canonical\" href=\"https:\/\/starstory.fr\/blog\/celebrites-et-influence-en-france\/les-chanteuses-francaises-des-annees-70-styles-artistes-et-contexte\/\" \/>\n<meta property=\"og:locale\" content=\"fr_FR\" \/>\n<meta property=\"og:type\" content=\"article\" \/>\n<meta property=\"og:title\" content=\"Les chanteuses fran\u00e7aises des ann\u00e9es 70\" \/>\n<meta property=\"og:description\" content=\"Les chanteuses fran\u00e7aises des ann\u00e9es 70 \u00e9mergent dans un contexte post-mai 1968, o\u00f9 la lib\u00e9ration soci\u00e9tale favorise des styles vari\u00e9s, de la vari\u00e9t\u00e9 pop\" \/>\n<meta property=\"og:url\" content=\"https:\/\/starstory.fr\/blog\/celebrites-et-influence-en-france\/les-chanteuses-francaises-des-annees-70-styles-artistes-et-contexte\/\" \/>\n<meta property=\"og:site_name\" content=\"starstory\" \/>\n<meta property=\"og:image\" content=\"https:\/\/starstory.fr\/blog\/wp-content\/uploads\/2025\/12\/pag-image-693c09d79fcf5-scaled.png\" \/>\n\t<meta property=\"og:image:width\" content=\"1200\" \/>\n\t<meta property=\"og:image:height\" content=\"686\" \/>\n\t<meta property=\"og:image:type\" content=\"image\/png\" \/>\n<meta name=\"author\" content=\"Rapha\u00ebl D.\" \/>\n<meta name=\"twitter:card\" content=\"summary_large_image\" \/>\n<script type=\"application\/ld+json\" class=\"yoast-schema-graph\">{\"@context\":\"https:\/\/schema.org\",\"@graph\":[{\"@type\":\"NewsArticle\",\"@id\":\"https:\/\/starstory.fr\/blog\/celebrites-et-influence-en-france\/les-chanteuses-francaises-des-annees-70-styles-artistes-et-contexte\/#article\",\"isPartOf\":{\"@id\":\"https:\/\/starstory.fr\/blog\/celebrites-et-influence-en-france\/les-chanteuses-francaises-des-annees-70-styles-artistes-et-contexte\/\"},\"author\":{\"name\":\"Rapha\u00ebl D.\",\"@id\":\"https:\/\/starstory.fr\/blog\/#\/schema\/person\/3c864cdc320801e3db34b663e7e3f816\"},\"headline\":\"Les chanteuses fran\u00e7aises des ann\u00e9es 70 : styles, artistes et contexte\",\"datePublished\":\"2026-03-09T08:40:00+00:00\",\"mainEntityOfPage\":{\"@id\":\"https:\/\/starstory.fr\/blog\/celebrites-et-influence-en-france\/les-chanteuses-francaises-des-annees-70-styles-artistes-et-contexte\/\"},\"wordCount\":798,\"commentCount\":0,\"publisher\":{\"@id\":\"https:\/\/starstory.fr\/blog\/#organization\"},\"image\":{\"@id\":\"https:\/\/starstory.fr\/blog\/celebrites-et-influence-en-france\/les-chanteuses-francaises-des-annees-70-styles-artistes-et-contexte\/#primaryimage\"},\"thumbnailUrl\":\"https:\/\/starstory.fr\/blog\/wp-content\/uploads\/2025\/12\/pag-image-693c09d79fcf5-scaled.png\",\"keywords\":[\"annes 70\",\"chanson franaise\",\"chanteuses franaises\"],\"articleSection\":[\"C\u00e9l\u00e9brit\u00e9s et Influence en France\"],\"inLanguage\":\"fr-FR\",\"potentialAction\":[{\"@type\":\"CommentAction\",\"name\":\"Comment\",\"target\":[\"https:\/\/starstory.fr\/blog\/celebrites-et-influence-en-france\/les-chanteuses-francaises-des-annees-70-styles-artistes-et-contexte\/#respond\"]}]},{\"@type\":\"WebPage\",\"@id\":\"https:\/\/starstory.fr\/blog\/celebrites-et-influence-en-france\/les-chanteuses-francaises-des-annees-70-styles-artistes-et-contexte\/\",\"url\":\"https:\/\/starstory.fr\/blog\/celebrites-et-influence-en-france\/les-chanteuses-francaises-des-annees-70-styles-artistes-et-contexte\/\",\"name\":\"Les chanteuses fran\u00e7aises des ann\u00e9es 70\",\"isPartOf\":{\"@id\":\"https:\/\/starstory.fr\/blog\/#website\"},\"primaryImageOfPage\":{\"@id\":\"https:\/\/starstory.fr\/blog\/celebrites-et-influence-en-france\/les-chanteuses-francaises-des-annees-70-styles-artistes-et-contexte\/#primaryimage\"},\"image\":{\"@id\":\"https:\/\/starstory.fr\/blog\/celebrites-et-influence-en-france\/les-chanteuses-francaises-des-annees-70-styles-artistes-et-contexte\/#primaryimage\"},\"thumbnailUrl\":\"https:\/\/starstory.fr\/blog\/wp-content\/uploads\/2025\/12\/pag-image-693c09d79fcf5-scaled.png\",\"datePublished\":\"2026-03-09T08:40:00+00:00\",\"description\":\"Les chanteuses fran\u00e7aises des ann\u00e9es 70 \u00e9mergent dans un contexte post-mai 1968, o\u00f9 la lib\u00e9ration soci\u00e9tale favorise des styles vari\u00e9s, de la vari\u00e9t\u00e9 pop\",\"inLanguage\":\"fr-FR\",\"potentialAction\":[{\"@type\":\"ReadAction\",\"target\":[\"https:\/\/starstory.fr\/blog\/celebrites-et-influence-en-france\/les-chanteuses-francaises-des-annees-70-styles-artistes-et-contexte\/\"]}]},{\"@type\":\"ImageObject\",\"inLanguage\":\"fr-FR\",\"@id\":\"https:\/\/starstory.fr\/blog\/celebrites-et-influence-en-france\/les-chanteuses-francaises-des-annees-70-styles-artistes-et-contexte\/#primaryimage\",\"url\":\"https:\/\/starstory.fr\/blog\/wp-content\/uploads\/2025\/12\/pag-image-693c09d79fcf5-scaled.png\",\"contentUrl\":\"https:\/\/starstory.fr\/blog\/wp-content\/uploads\/2025\/12\/pag-image-693c09d79fcf5-scaled.png\",\"width\":1200,\"height\":686,\"caption\":\"Image g\u00e9n\u00e9r\u00e9e par IA optimis\u00e9e pour Google Discover\"},{\"@type\":\"WebSite\",\"@id\":\"https:\/\/starstory.fr\/blog\/#website\",\"url\":\"https:\/\/starstory.fr\/blog\/\",\"name\":\"StarStory\",\"description\":\"StarStory, les \u00e9toiles racontent leur histoire\",\"publisher\":{\"@id\":\"https:\/\/starstory.fr\/blog\/#organization\"},\"alternateName\":\"StarStory, les \u00e9toiles racontent leur histoire\",\"potentialAction\":[{\"@type\":\"SearchAction\",\"target\":{\"@type\":\"EntryPoint\",\"urlTemplate\":\"https:\/\/starstory.fr\/blog\/?s={search_term_string}\"},\"query-input\":{\"@type\":\"PropertyValueSpecification\",\"valueRequired\":true,\"valueName\":\"search_term_string\"}}],\"inLanguage\":\"fr-FR\"},{\"@type\":\"Organization\",\"@id\":\"https:\/\/starstory.fr\/blog\/#organization\",\"name\":\"StarStory\",\"alternateName\":\"StarStory.fr\",\"url\":\"https:\/\/starstory.fr\/blog\/\",\"logo\":{\"@type\":\"ImageObject\",\"inLanguage\":\"fr-FR\",\"@id\":\"https:\/\/starstory.fr\/blog\/#\/schema\/logo\/image\/\",\"url\":\"https:\/\/starstory.fr\/blog\/wp-content\/uploads\/2024\/12\/38.png\",\"contentUrl\":\"https:\/\/starstory.fr\/blog\/wp-content\/uploads\/2024\/12\/38.png\",\"width\":500,\"height\":500,\"caption\":\"StarStory\"},\"image\":{\"@id\":\"https:\/\/starstory.fr\/blog\/#\/schema\/logo\/image\/\"}},{\"@type\":\"Person\",\"@id\":\"https:\/\/starstory.fr\/blog\/#\/schema\/person\/3c864cdc320801e3db34b663e7e3f816\",\"name\":\"Rapha\u00ebl D.\",\"image\":{\"@type\":\"ImageObject\",\"inLanguage\":\"fr-FR\",\"@id\":\"https:\/\/starstory.fr\/blog\/#\/schema\/person\/image\/\",\"url\":\"https:\/\/starstory.fr\/blog\/wp-content\/uploads\/2026\/06\/persona_raphael-d-96x96.jpg\",\"contentUrl\":\"https:\/\/starstory.fr\/blog\/wp-content\/uploads\/2026\/06\/persona_raphael-d-96x96.jpg\",\"caption\":\"Rapha\u00ebl D.\"},\"description\":\"La culture est mon terrain de jeu depuis une dizaine d'ann\u00e9es : arts visuels, s\u00e9ries, cr\u00e9ation et tout ce qui nourrit l'imaginaire. J'\u00e9cris aussi bien sur l'actualit\u00e9 des \u0153uvres que sur les coulisses de la cr\u00e9ation, avec l'envie de relier l'amateur curieux \u00e0 des univers parfois jug\u00e9s intimidants. J'aime analyser une s\u00e9rie ou une d\u00e9marche artistique sans p\u00e9dantisme, replacer une \u0153uvre dans son contexte et donner des cl\u00e9s de lecture accessibles. Avant de publier, je v\u00e9rifie mes r\u00e9f\u00e9rences, je recoupe les sources et je distingue clairement le fait de mon interpr\u00e9tation subjective. Je crois qu'une critique vaut surtout par les arguments qu'elle expose, pas par la sentence qu'elle rend. Mon angle : transmettre l'envie de d\u00e9couvrir, de regarder autrement et de se forger son propre go\u00fbt. La culture n'appartient pas qu'aux initi\u00e9s, et c'est tout l'enjeu de mon \u00e9criture.\",\"url\":\"https:\/\/starstory.fr\/blog\/auteur\/noname\/\",\"jobTitle\":\"R\u00e9dacteur en chef \u00b7 Culture & Cr\u00e9ation\",\"knowsAbout\":[\"Culture\",\"Cr\u00e9ation\"],\"email\":\"raphael.d@a-l-asso-de-l-art.fr\"}]}<\/script>\n<!-- \/ Yoast SEO Premium plugin. -->","yoast_head_json":{"title":"Les chanteuses fran\u00e7aises des ann\u00e9es 70","description":"Les chanteuses fran\u00e7aises des ann\u00e9es 70 \u00e9mergent dans un contexte post-mai 1968, o\u00f9 la lib\u00e9ration soci\u00e9tale favorise des styles vari\u00e9s, de la vari\u00e9t\u00e9 pop","robots":{"index":"index","follow":"follow","max-snippet":"max-snippet:-1","max-image-preview":"max-image-preview:large","max-video-preview":"max-video-preview:-1"},"canonical":"https:\/\/starstory.fr\/blog\/celebrites-et-influence-en-france\/les-chanteuses-francaises-des-annees-70-styles-artistes-et-contexte\/","og_locale":"fr_FR","og_type":"article","og_title":"Les chanteuses fran\u00e7aises des ann\u00e9es 70","og_description":"Les chanteuses fran\u00e7aises des ann\u00e9es 70 \u00e9mergent dans un contexte post-mai 1968, o\u00f9 la lib\u00e9ration soci\u00e9tale favorise des styles vari\u00e9s, de la vari\u00e9t\u00e9 pop","og_url":"https:\/\/starstory.fr\/blog\/celebrites-et-influence-en-france\/les-chanteuses-francaises-des-annees-70-styles-artistes-et-contexte\/","og_site_name":"starstory","og_image":[{"width":1200,"height":686,"url":"https:\/\/starstory.fr\/blog\/wp-content\/uploads\/2025\/12\/pag-image-693c09d79fcf5-scaled.png","type":"image\/png"}],"author":"Rapha\u00ebl D.","twitter_card":"summary_large_image","schema":{"@context":"https:\/\/schema.org","@graph":[{"@type":"NewsArticle","@id":"https:\/\/starstory.fr\/blog\/celebrites-et-influence-en-france\/les-chanteuses-francaises-des-annees-70-styles-artistes-et-contexte\/#article","isPartOf":{"@id":"https:\/\/starstory.fr\/blog\/celebrites-et-influence-en-france\/les-chanteuses-francaises-des-annees-70-styles-artistes-et-contexte\/"},"author":{"name":"Rapha\u00ebl D.","@id":"https:\/\/starstory.fr\/blog\/#\/schema\/person\/3c864cdc320801e3db34b663e7e3f816"},"headline":"Les chanteuses fran\u00e7aises des ann\u00e9es 70 : styles, artistes et contexte","datePublished":"2026-03-09T08:40:00+00:00","mainEntityOfPage":{"@id":"https:\/\/starstory.fr\/blog\/celebrites-et-influence-en-france\/les-chanteuses-francaises-des-annees-70-styles-artistes-et-contexte\/"},"wordCount":798,"commentCount":0,"publisher":{"@id":"https:\/\/starstory.fr\/blog\/#organization"},"image":{"@id":"https:\/\/starstory.fr\/blog\/celebrites-et-influence-en-france\/les-chanteuses-francaises-des-annees-70-styles-artistes-et-contexte\/#primaryimage"},"thumbnailUrl":"https:\/\/starstory.fr\/blog\/wp-content\/uploads\/2025\/12\/pag-image-693c09d79fcf5-scaled.png","keywords":["annes 70","chanson franaise","chanteuses franaises"],"articleSection":["C\u00e9l\u00e9brit\u00e9s et Influence en France"],"inLanguage":"fr-FR","potentialAction":[{"@type":"CommentAction","name":"Comment","target":["https:\/\/starstory.fr\/blog\/celebrites-et-influence-en-france\/les-chanteuses-francaises-des-annees-70-styles-artistes-et-contexte\/#respond"]}]},{"@type":"WebPage","@id":"https:\/\/starstory.fr\/blog\/celebrites-et-influence-en-france\/les-chanteuses-francaises-des-annees-70-styles-artistes-et-contexte\/","url":"https:\/\/starstory.fr\/blog\/celebrites-et-influence-en-france\/les-chanteuses-francaises-des-annees-70-styles-artistes-et-contexte\/","name":"Les chanteuses fran\u00e7aises des ann\u00e9es 70","isPartOf":{"@id":"https:\/\/starstory.fr\/blog\/#website"},"primaryImageOfPage":{"@id":"https:\/\/starstory.fr\/blog\/celebrites-et-influence-en-france\/les-chanteuses-francaises-des-annees-70-styles-artistes-et-contexte\/#primaryimage"},"image":{"@id":"https:\/\/starstory.fr\/blog\/celebrites-et-influence-en-france\/les-chanteuses-francaises-des-annees-70-styles-artistes-et-contexte\/#primaryimage"},"thumbnailUrl":"https:\/\/starstory.fr\/blog\/wp-content\/uploads\/2025\/12\/pag-image-693c09d79fcf5-scaled.png","datePublished":"2026-03-09T08:40:00+00:00","description":"Les chanteuses fran\u00e7aises des ann\u00e9es 70 \u00e9mergent dans un contexte post-mai 1968, o\u00f9 la lib\u00e9ration soci\u00e9tale favorise des styles vari\u00e9s, de la vari\u00e9t\u00e9 pop","inLanguage":"fr-FR","potentialAction":[{"@type":"ReadAction","target":["https:\/\/starstory.fr\/blog\/celebrites-et-influence-en-france\/les-chanteuses-francaises-des-annees-70-styles-artistes-et-contexte\/"]}]},{"@type":"ImageObject","inLanguage":"fr-FR","@id":"https:\/\/starstory.fr\/blog\/celebrites-et-influence-en-france\/les-chanteuses-francaises-des-annees-70-styles-artistes-et-contexte\/#primaryimage","url":"https:\/\/starstory.fr\/blog\/wp-content\/uploads\/2025\/12\/pag-image-693c09d79fcf5-scaled.png","contentUrl":"https:\/\/starstory.fr\/blog\/wp-content\/uploads\/2025\/12\/pag-image-693c09d79fcf5-scaled.png","width":1200,"height":686,"caption":"Image g\u00e9n\u00e9r\u00e9e par IA optimis\u00e9e pour Google Discover"},{"@type":"WebSite","@id":"https:\/\/starstory.fr\/blog\/#website","url":"https:\/\/starstory.fr\/blog\/","name":"StarStory","description":"StarStory, les \u00e9toiles racontent leur histoire","publisher":{"@id":"https:\/\/starstory.fr\/blog\/#organization"},"alternateName":"StarStory, les \u00e9toiles racontent leur histoire","potentialAction":[{"@type":"SearchAction","target":{"@type":"EntryPoint","urlTemplate":"https:\/\/starstory.fr\/blog\/?s={search_term_string}"},"query-input":{"@type":"PropertyValueSpecification","valueRequired":true,"valueName":"search_term_string"}}],"inLanguage":"fr-FR"},{"@type":"Organization","@id":"https:\/\/starstory.fr\/blog\/#organization","name":"StarStory","alternateName":"StarStory.fr","url":"https:\/\/starstory.fr\/blog\/","logo":{"@type":"ImageObject","inLanguage":"fr-FR","@id":"https:\/\/starstory.fr\/blog\/#\/schema\/logo\/image\/","url":"https:\/\/starstory.fr\/blog\/wp-content\/uploads\/2024\/12\/38.png","contentUrl":"https:\/\/starstory.fr\/blog\/wp-content\/uploads\/2024\/12\/38.png","width":500,"height":500,"caption":"StarStory"},"image":{"@id":"https:\/\/starstory.fr\/blog\/#\/schema\/logo\/image\/"}},{"@type":"Person","@id":"https:\/\/starstory.fr\/blog\/#\/schema\/person\/3c864cdc320801e3db34b663e7e3f816","name":"Rapha\u00ebl D.","image":{"@type":"ImageObject","inLanguage":"fr-FR","@id":"https:\/\/starstory.fr\/blog\/#\/schema\/person\/image\/","url":"https:\/\/starstory.fr\/blog\/wp-content\/uploads\/2026\/06\/persona_raphael-d-96x96.jpg","contentUrl":"https:\/\/starstory.fr\/blog\/wp-content\/uploads\/2026\/06\/persona_raphael-d-96x96.jpg","caption":"Rapha\u00ebl D."},"description":"La culture est mon terrain de jeu depuis une dizaine d'ann\u00e9es : arts visuels, s\u00e9ries, cr\u00e9ation et tout ce qui nourrit l'imaginaire. J'\u00e9cris aussi bien sur l'actualit\u00e9 des \u0153uvres que sur les coulisses de la cr\u00e9ation, avec l'envie de relier l'amateur curieux \u00e0 des univers parfois jug\u00e9s intimidants. J'aime analyser une s\u00e9rie ou une d\u00e9marche artistique sans p\u00e9dantisme, replacer une \u0153uvre dans son contexte et donner des cl\u00e9s de lecture accessibles. Avant de publier, je v\u00e9rifie mes r\u00e9f\u00e9rences, je recoupe les sources et je distingue clairement le fait de mon interpr\u00e9tation subjective. Je crois qu'une critique vaut surtout par les arguments qu'elle expose, pas par la sentence qu'elle rend. Mon angle : transmettre l'envie de d\u00e9couvrir, de regarder autrement et de se forger son propre go\u00fbt. La culture n'appartient pas qu'aux initi\u00e9s, et c'est tout l'enjeu de mon \u00e9criture.","url":"https:\/\/starstory.fr\/blog\/auteur\/noname\/","jobTitle":"R\u00e9dacteur en chef \u00b7 Culture & Cr\u00e9ation","knowsAbout":["Culture","Cr\u00e9ation"],"email":"raphael.d@a-l-asso-de-l-art.fr"}]}},"_links":{"self":[{"href":"https:\/\/starstory.fr\/blog\/wp-json\/wp\/v2\/posts\/7733","targetHints":{"allow":["GET"]}}],"collection":[{"href":"https:\/\/starstory.fr\/blog\/wp-json\/wp\/v2\/posts"}],"about":[{"href":"https:\/\/starstory.fr\/blog\/wp-json\/wp\/v2\/types\/post"}],"author":[{"embeddable":true,"href":"https:\/\/starstory.fr\/blog\/wp-json\/wp\/v2\/users\/34"}],"replies":[{"embeddable":true,"href":"https:\/\/starstory.fr\/blog\/wp-json\/wp\/v2\/comments?post=7733"}],"version-history":[{"count":1,"href":"https:\/\/starstory.fr\/blog\/wp-json\/wp\/v2\/posts\/7733\/revisions"}],"predecessor-version":[{"id":7767,"href":"https:\/\/starstory.fr\/blog\/wp-json\/wp\/v2\/posts\/7733\/revisions\/7767"}],"wp:featuredmedia":[{"embeddable":true,"href":"https:\/\/starstory.fr\/blog\/wp-json\/wp\/v2\/media\/7735"}],"wp:attachment":[{"href":"https:\/\/starstory.fr\/blog\/wp-json\/wp\/v2\/media?parent=7733"}],"wp:term":[{"taxonomy":"category","embeddable":true,"href":"https:\/\/starstory.fr\/blog\/wp-json\/wp\/v2\/categories?post=7733"},{"taxonomy":"post_tag","embeddable":true,"href":"https:\/\/starstory.fr\/blog\/wp-json\/wp\/v2\/tags?post=7733"}],"curies":[{"name":"wp","href":"https:\/\/api.w.org\/{rel}","templated":true}]}}