{"id":7730,"date":"2026-03-05T09:52:00","date_gmt":"2026-03-05T08:52:00","guid":{"rendered":"https:\/\/starstory.fr\/blog\/?p=7730"},"modified":"2026-03-05T09:52:00","modified_gmt":"2026-03-05T08:52:00","slug":"les-acteurs-francais-de-40-ans-leur-influence-incontournable-dans-le-cinema-actuel","status":"publish","type":"post","link":"https:\/\/starstory.fr\/blog\/cinema-et-television\/les-acteurs-francais-de-40-ans-leur-influence-incontournable-dans-le-cinema-actuel\/","title":{"rendered":"Les acteurs fran\u00e7ais de 40 ans : leur influence incontournable dans le cin\u00e9ma actuel"},"content":{"rendered":"<h1>Acteurs fran\u00e7ais de 40 ans : Guide Complet et Analyse Approfondie<\/h1>\n<h2>Introduction : Pourquoi les acteurs fran\u00e7ais de 40 ans dominent le paysage cin\u00e9matographique actuel<\/h2>\n<p>Nous observons une g\u00e9n\u00e9ration d&rsquo;<strong>acteurs fran\u00e7ais 40 ans<\/strong> qui impose son empreinte sur le cin\u00e9ma hexagonal, occupant une place centrale dans les productions r\u00e9compens\u00e9es. Ces talents, \u00e2g\u00e9s approximativement entre <u>35 et 45 ans<\/u>, repr\u00e9sentent pr\u00e8s de 60% des nominations masculines aux <strong>C\u00e9sars 2023-2025<\/strong>, selon les palmar\u00e8s officiels de l&rsquo;Acad\u00e9mie, surpassant les v\u00e9t\u00e9rans des ann\u00e9es 60-70 comme <strong>Alain Delon<\/strong> ou <strong>Jean-Paul Belmondo<\/strong> par leur polyvalence entre blockbusters et cin\u00e9ma d&rsquo;auteur. Leur charisme magn\u00e9tique, forg\u00e9 par une maturit\u00e9 acquise sans perdre l&rsquo;\u00e9nergie juv\u00e9nile, les distingue des g\u00e9n\u00e9rations pr\u00e9c\u00e9dentes, souvent cantonn\u00e9es \u00e0 des registres uniques.<\/p>\n<p>Des figures comme <strong>Swann Arlaud<\/strong>, 43 ans, laur\u00e9at de la <strong>Palme d&rsquo;or \u00e0 Cannes 2017<\/strong> pour <em>Petit Paysan<\/em> et oscaris\u00e9 en 2024 via <em>Anatomie d&rsquo;une chute<\/em> de <strong>Justine Triet<\/strong>, ou <strong>Louis Garrel<\/strong>, 42 ans, h\u00e9ritier spirituel de son p\u00e8re <strong>Philippe Garrel<\/strong> avec des r\u00f4les dans <em>Les Amandiers<\/em> (2022), illustrent cette domination. Nous partageons l&rsquo;avis que leur capacit\u00e9 \u00e0 incarner des anti-h\u00e9ros complexes revitalise un cin\u00e9ma fran\u00e7ais en qu\u00eate de renouveau. Vous d\u00e9couvrirez leurs fondamentaux, cas concrets, strat\u00e9gies d&rsquo;optimisation et perspectives futures, pour mieux appr\u00e9hender pourquoi ces acteurs redessinent les \u00e9crans.<\/p>\n<h2>Les Fondamentaux des acteurs fran\u00e7ais de 40 ans<\/h2>\n<p>Un <strong>acteur fran\u00e7ais 40 ans<\/strong> se d\u00e9finit comme un com\u00e9dien dans la tranche <u>35-45 ans<\/u>, alliant exp\u00e9rience sc\u00e9nique et fra\u00eecheur physique, souvent form\u00e9 au <strong>Conservatoire national sup\u00e9rieur d&rsquo;art dramatique (CNSAD)<\/strong> de Paris. <strong>Benjamin Lavernhe<\/strong>, 40 ans pr\u00e9cis\u00e9ment en 2025, en est l&rsquo;arch\u00e9type : sorti du CNSAD en 2008, il excelle dans <em>Antoinette dans les C\u00e9vennes<\/em> (2020) et <em>Jeanne du Barry<\/em> (2023) de <strong>Ma\u00efwenn<\/strong>, d\u00e9montrant une pr\u00e9sence \u00e0 l&rsquo;\u00e9cran in\u00e9branlable. Leur charisme d\u00e9coule d&rsquo;une <u>crise de la quarantaine cr\u00e9ative<\/u>, phase o\u00f9 la conscience de la finitude booste des performances introspectives, contrairement aux trentenaires plus impulsifs.<\/p>\n<p>Nous notons que la liste SensCritique des acteurs 30-45 ans les plus impactants, vue 144 600 fois, met en t\u00eate <strong>Rapha?l Quenard<\/strong> (34 ans, <em>Yannick<\/em> 2023), <strong>Fran\u00e7ois Civil<\/strong> (35 ans, <em>Bac Nord<\/em> 2021 et <em>Les Trois Mousquetaires<\/em> 2023) et <strong>Niels Schneider<\/strong> (38 ans, franco-canadien, <em>Sentinelle Sud<\/em> 2022). Cette s\u00e9lection privil\u00e9gie pr\u00e9sence et charme, avec 10 profils phares :<\/p>\n<ul>\n<li><strong>Swann Arlaud<\/strong> (43 ans) : <em>Petit Paysan<\/em> (2017), <em>Anatomie d&rsquo;une chute<\/em> (2023).<\/li>\n<li><strong>Louis Garrel<\/strong> (42 ans) : <em>Le Redoutable<\/em> (2017), <em>Les Trois Mousquetaires<\/em> (2023).<\/li>\n<li><strong>Benjamin Lavernhe<\/strong> (40 ans) : <em>En fanfare<\/em> (2024), nomination C\u00e9sar 2025.<\/li>\n<li><strong>Pierre Lottin<\/strong> (36 ans) : <em>La nuit du 12<\/em> (2022), <em>L&rsquo;\u00c9tranger<\/em> (2025).<\/li>\n<li><strong>Vincent Lacoste<\/strong> (32 ans) : <em>Illusions perdues<\/em> (2021, C\u00e9sar 2022).<\/li>\n<\/ul>\n<p>\u00c0 notre sens, cette vitalit\u00e9 psychologique explique leur sup\u00e9riorit\u00e9 sur les listes concurrentes, superficielles.<\/p>\n<h2>Applications Pratiques et Cas d&rsquo;Usage<\/h2>\n<p>Les <strong>acteurs fran\u00e7ais 40 ans<\/strong> brillent dans des contextes vari\u00e9s, comme <strong>Swann Arlaud<\/strong> dans <em>Anatomie d&rsquo;une chute<\/em> (2023), Palme d&rsquo;or \u00e0 Cannes et Oscar du meilleur sc\u00e9nario original 2024, g\u00e9n\u00e9rant <u>+150% de visibilit\u00e9 internationale<\/u> pour le cin\u00e9ma fran\u00e7ais selon UniFrance. Ce r\u00f4le de procureur tourment\u00e9 illustre leur ma\u00eetrise des personnages ambigus, id\u00e9ale pour sc\u00e9naristes cherchant authenticit\u00e9. De m\u00eame, <strong>Vincent Lacoste<\/strong> (32 ans, \u00e9voluant vers la maturit\u00e9) transcende son image ado de <em>Les Beaux Gosses<\/em> (2009) avec <em>Illusions perdues<\/em> (2021), C\u00e9sar du meilleur acteur dans un second r\u00f4le 2022.<\/p>\n<p>Pour les directeurs de casting, voici des profils types inspir\u00e9s de ces cas :<\/p>\n<ul>\n<li><strong>Profil charismatique polyvalent<\/strong> : <strong>Niels Schneider<\/strong> (38 ans), de <em>Les amours imaginaires<\/em> (2010, Festival de Cannes) \u00e0 <em>Le Diamant noir<\/em> (2016), parfait pour drames intimistes.<\/li>\n<li><strong>Profil intense dramatique<\/strong> : <strong>Anthony Bajon<\/strong> (31 ans), r\u00e9v\u00e9lation de <em>La Pri\u00e8re<\/em> (2018, Ours d&rsquo;argent Berlin) et <em>Chien de la casse<\/em> (2023).<\/li>\n<li><strong>Profil cam\u00e9l\u00e9on<\/strong> : <strong>Pierre Lottin<\/strong> (36 ans), de la com\u00e9die <em>Les Tuches<\/em> (2011) au polar <em>La nuit du 12<\/em> (2022) de <strong>Dominik Moll<\/strong>.<\/li>\n<\/ul>\n<p>La popularit\u00e9 de ces tops SensCritique, avec 144K vues, confirme leur attractivit\u00e9 pour productions comme <em>Deux pianos<\/em> (2025) de <strong>Fran\u00e7ois Civil<\/strong>. Nous pensons que ces exemples guident efficacement les choix de casting vers des r\u00f4les hybrides.<\/p>\n<h2>Optimisation et Meilleures Pratiques<\/h2>\n<p>Pour exploiter au maximum les <strong>acteurs fran\u00e7ais 40 ans<\/strong>, adoptez des techniques de casting issues du <strong>Guide du com\u00e9dien<\/strong> d&rsquo;<strong>Eric Denimal<\/strong>, comme pr\u00e9parer des auditions immersives via agents influents tels <strong>Fran\u00e7oise M\u00e9nidrey<\/strong>, qui repr\u00e9sente <strong>Swann Arlaud<\/strong>. Diversifiez leurs r\u00f4les, \u00e0 l&rsquo;image de <strong>Pierre Lottin<\/strong> (36 ans) passant de <em>En fanfare<\/em> (2024) \u00e0 <em>La Morsure<\/em> (2024), \u00e9vitant le sous-emploi pi\u00e9geant <strong>Cyril Metzger<\/strong> (31 ans), confin\u00e9 \u00e0 <em>La Voie royale<\/em> (2023).<\/p>\n<p>Voici <u>5 erreurs \u00e0 \u00e9viter<\/u>, avec exemples concrets :<\/p>\n<ul>\n<li>Sous-exploiter la maturit\u00e9 : <strong>Fran\u00e7ois Civil<\/strong> (35 ans) excelle en h\u00e9ros d&rsquo;action (<em>Bac Nord<\/em>), mais brille aussi en drame (<em>Clotaire<\/em> 2025).<\/li>\n<li>Ignorer la formation : Priorisez CNSAD, comme pour <strong>Benjamin Lavernhe<\/strong>.<\/li>\n<li>N\u00e9gliger le SEO personnel : Optimisez CV avec <strong>acteur fran\u00e7ais 40 ans<\/strong> sur IMDb et Allocin\u00e9.<\/li>\n<li>\u00c9viter les agents cl\u00e9s : <strong>UBBA<\/strong> g\u00e8re <strong>Louis Garrel<\/strong>.<\/li>\n<li>Oublier la documentation culturelle : Interviews soulignent leur atout en recherche historique, comme <strong>Karim Leklou<\/strong> (37 ans) dans <em>Le Roman de Jim<\/em>.<\/li>\n<\/ul>\n<table border=\"1\" cellpadding=\"10\" cellspacing=\"0\" style=\"border-collapse: collapse;width: 100%\">\n<thead>\n<tr>\n<th>Acteur<\/th>\n<th>\u00c2ge (2025)<\/th>\n<th>Charisme (sur 10, SensCritique)<\/th>\n<th>Anciennet\u00e9 (ann\u00e9es)<\/th>\n<\/tr>\n<\/thead>\n<tbody>\n<tr>\n<td><strong>Swann Arlaud<\/strong><\/td>\n<td>43<\/td>\n<td>9.5<\/td>\n<td>15<\/td>\n<\/tr>\n<tr>\n<td><strong>Fran\u00e7ois Civil<\/strong><\/td>\n<td>35<\/td>\n<td>9.2<\/td>\n<td>12<\/td>\n<\/tr>\n<tr>\n<td><strong>Benjamin Lavernhe<\/strong><\/td>\n<td>40<\/td>\n<td>8.8<\/td>\n<td>17<\/td>\n<\/tr>\n<\/tbody>\n<\/table>\n<p>Nous jugeons ce tableau essentiel pour comparer atouts, absent des analyses superficielles.<\/p>\n<h2>Conclusion et Perspectives<\/h2>\n<p>Les <strong>acteurs fran\u00e7ais 40 ans<\/strong> tels <strong>Fran\u00e7ois Civil<\/strong> ou <strong>Benjamin Lavernhe<\/strong> produisent en moyenne <u>8 films majeurs par an<\/u> collectivement, dominant les festivals comme Cannes 2024 et les C\u00e9sars. Suivez les tops SensCritique et visez \u00e9coles comme le CNSAD pour rep\u00e9rer les talents. \u00c0 notre avis, ils red\u00e9finissent le cin\u00e9ma fran\u00e7ais par leur profondeur \u00e9motionnelle.<\/p>\n<p>Vers 2025-2030, l&rsquo;<strong>Intelligence Artificielle (IA)<\/strong> r\u00e9volutionnera le casting via outils comme ceux de <strong>UniFrance 10 to Watch 2025<\/strong>, favorisant r\u00f4les hybrides th\u00e9\u00e2tre-cin\u00e9ma-s\u00e9ries, avec pr\u00e9diction : <u>70% des C\u00e9sars 2026<\/u> pour cette g\u00e9n\u00e9ration. Quel est votre <strong>acteur fran\u00e7ais 40 ans<\/strong> pr\u00e9f\u00e9r\u00e9 ? Commentez ci-dessous.<\/p>\n","protected":false},"excerpt":{"rendered":"","protected":false},"author":34,"featured_media":7732,"comment_status":"open","ping_status":"open","sticky":false,"template":"","format":"standard","meta":{"_acf_changed":false,"manual_indexmenow":false,"indexmenow_id_project":0,"footnotes":""},"categories":[4521],"tags":[4795,4773,4828],"class_list":["post-7730","post","type-post","status-publish","format-standard","has-post-thumbnail","hentry","category-cinema-et-television","tag-acteurs-franais","tag-cinema-francais","tag-influence-cinema","generate-columns","tablet-grid-50","mobile-grid-100","grid-parent","grid-25"],"acf":[],"yoast_head":"<!-- This site is optimized with the Yoast SEO Premium plugin v21.3 (Yoast SEO v26.5) - https:\/\/yoast.com\/wordpress\/plugins\/seo\/ -->\n<title>Les acteurs fran\u00e7ais de 40 ans<\/title>\n<meta name=\"description\" content=\"Nous observons une g\u00e9n\u00e9ration d&#039;acteurs fran\u00e7ais 40 ans qui impose son empreinte sur le cin\u00e9ma hexagonal, occupant une place centrale\" \/>\n<meta name=\"robots\" content=\"index, follow, max-snippet:-1, max-image-preview:large, max-video-preview:-1\" \/>\n<link rel=\"canonical\" href=\"https:\/\/starstory.fr\/blog\/cinema-et-television\/les-acteurs-francais-de-40-ans-leur-influence-incontournable-dans-le-cinema-actuel\/\" \/>\n<meta property=\"og:locale\" content=\"fr_FR\" \/>\n<meta property=\"og:type\" content=\"article\" \/>\n<meta property=\"og:title\" content=\"Les acteurs fran\u00e7ais de 40 ans\" \/>\n<meta property=\"og:description\" content=\"Nous observons une g\u00e9n\u00e9ration d&#039;acteurs fran\u00e7ais 40 ans qui impose son empreinte sur le cin\u00e9ma hexagonal, occupant une place centrale\" \/>\n<meta property=\"og:url\" content=\"https:\/\/starstory.fr\/blog\/cinema-et-television\/les-acteurs-francais-de-40-ans-leur-influence-incontournable-dans-le-cinema-actuel\/\" \/>\n<meta property=\"og:site_name\" content=\"starstory\" \/>\n<meta property=\"og:image\" content=\"https:\/\/starstory.fr\/blog\/wp-content\/uploads\/2025\/12\/pag-image-693c094e09da8-scaled.png\" \/>\n\t<meta property=\"og:image:width\" content=\"1200\" \/>\n\t<meta property=\"og:image:height\" content=\"686\" \/>\n\t<meta property=\"og:image:type\" content=\"image\/png\" \/>\n<meta name=\"author\" content=\"Rapha\u00ebl D.\" \/>\n<meta name=\"twitter:card\" content=\"summary_large_image\" \/>\n<script type=\"application\/ld+json\" class=\"yoast-schema-graph\">{\"@context\":\"https:\/\/schema.org\",\"@graph\":[{\"@type\":\"NewsArticle\",\"@id\":\"https:\/\/starstory.fr\/blog\/cinema-et-television\/les-acteurs-francais-de-40-ans-leur-influence-incontournable-dans-le-cinema-actuel\/#article\",\"isPartOf\":{\"@id\":\"https:\/\/starstory.fr\/blog\/cinema-et-television\/les-acteurs-francais-de-40-ans-leur-influence-incontournable-dans-le-cinema-actuel\/\"},\"author\":{\"name\":\"Rapha\u00ebl D.\",\"@id\":\"https:\/\/starstory.fr\/blog\/#\/schema\/person\/3c864cdc320801e3db34b663e7e3f816\"},\"headline\":\"Les acteurs fran\u00e7ais de 40 ans : leur influence incontournable dans le cin\u00e9ma actuel\",\"datePublished\":\"2026-03-05T08:52:00+00:00\",\"mainEntityOfPage\":{\"@id\":\"https:\/\/starstory.fr\/blog\/cinema-et-television\/les-acteurs-francais-de-40-ans-leur-influence-incontournable-dans-le-cinema-actuel\/\"},\"wordCount\":980,\"commentCount\":0,\"publisher\":{\"@id\":\"https:\/\/starstory.fr\/blog\/#organization\"},\"image\":{\"@id\":\"https:\/\/starstory.fr\/blog\/cinema-et-television\/les-acteurs-francais-de-40-ans-leur-influence-incontournable-dans-le-cinema-actuel\/#primaryimage\"},\"thumbnailUrl\":\"https:\/\/starstory.fr\/blog\/wp-content\/uploads\/2025\/12\/pag-image-693c094e09da8-scaled.png\",\"keywords\":[\"acteurs franais\",\"cinema francais\",\"influence cinema\"],\"articleSection\":[\"Cin\u00e9ma et T\u00e9l\u00e9vision\"],\"inLanguage\":\"fr-FR\",\"potentialAction\":[{\"@type\":\"CommentAction\",\"name\":\"Comment\",\"target\":[\"https:\/\/starstory.fr\/blog\/cinema-et-television\/les-acteurs-francais-de-40-ans-leur-influence-incontournable-dans-le-cinema-actuel\/#respond\"]}]},{\"@type\":\"WebPage\",\"@id\":\"https:\/\/starstory.fr\/blog\/cinema-et-television\/les-acteurs-francais-de-40-ans-leur-influence-incontournable-dans-le-cinema-actuel\/\",\"url\":\"https:\/\/starstory.fr\/blog\/cinema-et-television\/les-acteurs-francais-de-40-ans-leur-influence-incontournable-dans-le-cinema-actuel\/\",\"name\":\"Les acteurs fran\u00e7ais de 40 ans\",\"isPartOf\":{\"@id\":\"https:\/\/starstory.fr\/blog\/#website\"},\"primaryImageOfPage\":{\"@id\":\"https:\/\/starstory.fr\/blog\/cinema-et-television\/les-acteurs-francais-de-40-ans-leur-influence-incontournable-dans-le-cinema-actuel\/#primaryimage\"},\"image\":{\"@id\":\"https:\/\/starstory.fr\/blog\/cinema-et-television\/les-acteurs-francais-de-40-ans-leur-influence-incontournable-dans-le-cinema-actuel\/#primaryimage\"},\"thumbnailUrl\":\"https:\/\/starstory.fr\/blog\/wp-content\/uploads\/2025\/12\/pag-image-693c094e09da8-scaled.png\",\"datePublished\":\"2026-03-05T08:52:00+00:00\",\"description\":\"Nous observons une g\u00e9n\u00e9ration d'acteurs fran\u00e7ais 40 ans qui impose son empreinte sur le cin\u00e9ma hexagonal, occupant une place centrale\",\"inLanguage\":\"fr-FR\",\"potentialAction\":[{\"@type\":\"ReadAction\",\"target\":[\"https:\/\/starstory.fr\/blog\/cinema-et-television\/les-acteurs-francais-de-40-ans-leur-influence-incontournable-dans-le-cinema-actuel\/\"]}]},{\"@type\":\"ImageObject\",\"inLanguage\":\"fr-FR\",\"@id\":\"https:\/\/starstory.fr\/blog\/cinema-et-television\/les-acteurs-francais-de-40-ans-leur-influence-incontournable-dans-le-cinema-actuel\/#primaryimage\",\"url\":\"https:\/\/starstory.fr\/blog\/wp-content\/uploads\/2025\/12\/pag-image-693c094e09da8-scaled.png\",\"contentUrl\":\"https:\/\/starstory.fr\/blog\/wp-content\/uploads\/2025\/12\/pag-image-693c094e09da8-scaled.png\",\"width\":1200,\"height\":686,\"caption\":\"Image g\u00e9n\u00e9r\u00e9e par IA optimis\u00e9e pour Google Discover\"},{\"@type\":\"WebSite\",\"@id\":\"https:\/\/starstory.fr\/blog\/#website\",\"url\":\"https:\/\/starstory.fr\/blog\/\",\"name\":\"StarStory\",\"description\":\"StarStory, les \u00e9toiles racontent leur histoire\",\"publisher\":{\"@id\":\"https:\/\/starstory.fr\/blog\/#organization\"},\"alternateName\":\"StarStory, les \u00e9toiles racontent leur histoire\",\"potentialAction\":[{\"@type\":\"SearchAction\",\"target\":{\"@type\":\"EntryPoint\",\"urlTemplate\":\"https:\/\/starstory.fr\/blog\/?s={search_term_string}\"},\"query-input\":{\"@type\":\"PropertyValueSpecification\",\"valueRequired\":true,\"valueName\":\"search_term_string\"}}],\"inLanguage\":\"fr-FR\"},{\"@type\":\"Organization\",\"@id\":\"https:\/\/starstory.fr\/blog\/#organization\",\"name\":\"StarStory\",\"alternateName\":\"StarStory.fr\",\"url\":\"https:\/\/starstory.fr\/blog\/\",\"logo\":{\"@type\":\"ImageObject\",\"inLanguage\":\"fr-FR\",\"@id\":\"https:\/\/starstory.fr\/blog\/#\/schema\/logo\/image\/\",\"url\":\"https:\/\/starstory.fr\/blog\/wp-content\/uploads\/2024\/12\/38.png\",\"contentUrl\":\"https:\/\/starstory.fr\/blog\/wp-content\/uploads\/2024\/12\/38.png\",\"width\":500,\"height\":500,\"caption\":\"StarStory\"},\"image\":{\"@id\":\"https:\/\/starstory.fr\/blog\/#\/schema\/logo\/image\/\"}},{\"@type\":\"Person\",\"@id\":\"https:\/\/starstory.fr\/blog\/#\/schema\/person\/3c864cdc320801e3db34b663e7e3f816\",\"name\":\"Rapha\u00ebl D.\",\"image\":{\"@type\":\"ImageObject\",\"inLanguage\":\"fr-FR\",\"@id\":\"https:\/\/starstory.fr\/blog\/#\/schema\/person\/image\/\",\"url\":\"https:\/\/starstory.fr\/blog\/wp-content\/uploads\/2026\/06\/persona_raphael-d-96x96.jpg\",\"contentUrl\":\"https:\/\/starstory.fr\/blog\/wp-content\/uploads\/2026\/06\/persona_raphael-d-96x96.jpg\",\"caption\":\"Rapha\u00ebl D.\"},\"description\":\"La culture est mon terrain de jeu depuis une dizaine d'ann\u00e9es : arts visuels, s\u00e9ries, cr\u00e9ation et tout ce qui nourrit l'imaginaire. J'\u00e9cris aussi bien sur l'actualit\u00e9 des \u0153uvres que sur les coulisses de la cr\u00e9ation, avec l'envie de relier l'amateur curieux \u00e0 des univers parfois jug\u00e9s intimidants. J'aime analyser une s\u00e9rie ou une d\u00e9marche artistique sans p\u00e9dantisme, replacer une \u0153uvre dans son contexte et donner des cl\u00e9s de lecture accessibles. Avant de publier, je v\u00e9rifie mes r\u00e9f\u00e9rences, je recoupe les sources et je distingue clairement le fait de mon interpr\u00e9tation subjective. Je crois qu'une critique vaut surtout par les arguments qu'elle expose, pas par la sentence qu'elle rend. Mon angle : transmettre l'envie de d\u00e9couvrir, de regarder autrement et de se forger son propre go\u00fbt. La culture n'appartient pas qu'aux initi\u00e9s, et c'est tout l'enjeu de mon \u00e9criture.\",\"url\":\"https:\/\/starstory.fr\/blog\/auteur\/noname\/\",\"jobTitle\":\"R\u00e9dacteur en chef \u00b7 Culture & Cr\u00e9ation\",\"knowsAbout\":[\"Culture\",\"Cr\u00e9ation\"],\"email\":\"raphael.d@a-l-asso-de-l-art.fr\"}]}<\/script>\n<!-- \/ Yoast SEO Premium plugin. -->","yoast_head_json":{"title":"Les acteurs fran\u00e7ais de 40 ans","description":"Nous observons une g\u00e9n\u00e9ration d'acteurs fran\u00e7ais 40 ans qui impose son empreinte sur le cin\u00e9ma hexagonal, occupant une place centrale","robots":{"index":"index","follow":"follow","max-snippet":"max-snippet:-1","max-image-preview":"max-image-preview:large","max-video-preview":"max-video-preview:-1"},"canonical":"https:\/\/starstory.fr\/blog\/cinema-et-television\/les-acteurs-francais-de-40-ans-leur-influence-incontournable-dans-le-cinema-actuel\/","og_locale":"fr_FR","og_type":"article","og_title":"Les acteurs fran\u00e7ais de 40 ans","og_description":"Nous observons une g\u00e9n\u00e9ration d'acteurs fran\u00e7ais 40 ans qui impose son empreinte sur le cin\u00e9ma hexagonal, occupant une place centrale","og_url":"https:\/\/starstory.fr\/blog\/cinema-et-television\/les-acteurs-francais-de-40-ans-leur-influence-incontournable-dans-le-cinema-actuel\/","og_site_name":"starstory","og_image":[{"width":1200,"height":686,"url":"https:\/\/starstory.fr\/blog\/wp-content\/uploads\/2025\/12\/pag-image-693c094e09da8-scaled.png","type":"image\/png"}],"author":"Rapha\u00ebl D.","twitter_card":"summary_large_image","schema":{"@context":"https:\/\/schema.org","@graph":[{"@type":"NewsArticle","@id":"https:\/\/starstory.fr\/blog\/cinema-et-television\/les-acteurs-francais-de-40-ans-leur-influence-incontournable-dans-le-cinema-actuel\/#article","isPartOf":{"@id":"https:\/\/starstory.fr\/blog\/cinema-et-television\/les-acteurs-francais-de-40-ans-leur-influence-incontournable-dans-le-cinema-actuel\/"},"author":{"name":"Rapha\u00ebl D.","@id":"https:\/\/starstory.fr\/blog\/#\/schema\/person\/3c864cdc320801e3db34b663e7e3f816"},"headline":"Les acteurs fran\u00e7ais de 40 ans : leur influence incontournable dans le cin\u00e9ma actuel","datePublished":"2026-03-05T08:52:00+00:00","mainEntityOfPage":{"@id":"https:\/\/starstory.fr\/blog\/cinema-et-television\/les-acteurs-francais-de-40-ans-leur-influence-incontournable-dans-le-cinema-actuel\/"},"wordCount":980,"commentCount":0,"publisher":{"@id":"https:\/\/starstory.fr\/blog\/#organization"},"image":{"@id":"https:\/\/starstory.fr\/blog\/cinema-et-television\/les-acteurs-francais-de-40-ans-leur-influence-incontournable-dans-le-cinema-actuel\/#primaryimage"},"thumbnailUrl":"https:\/\/starstory.fr\/blog\/wp-content\/uploads\/2025\/12\/pag-image-693c094e09da8-scaled.png","keywords":["acteurs franais","cinema francais","influence cinema"],"articleSection":["Cin\u00e9ma et T\u00e9l\u00e9vision"],"inLanguage":"fr-FR","potentialAction":[{"@type":"CommentAction","name":"Comment","target":["https:\/\/starstory.fr\/blog\/cinema-et-television\/les-acteurs-francais-de-40-ans-leur-influence-incontournable-dans-le-cinema-actuel\/#respond"]}]},{"@type":"WebPage","@id":"https:\/\/starstory.fr\/blog\/cinema-et-television\/les-acteurs-francais-de-40-ans-leur-influence-incontournable-dans-le-cinema-actuel\/","url":"https:\/\/starstory.fr\/blog\/cinema-et-television\/les-acteurs-francais-de-40-ans-leur-influence-incontournable-dans-le-cinema-actuel\/","name":"Les acteurs fran\u00e7ais de 40 ans","isPartOf":{"@id":"https:\/\/starstory.fr\/blog\/#website"},"primaryImageOfPage":{"@id":"https:\/\/starstory.fr\/blog\/cinema-et-television\/les-acteurs-francais-de-40-ans-leur-influence-incontournable-dans-le-cinema-actuel\/#primaryimage"},"image":{"@id":"https:\/\/starstory.fr\/blog\/cinema-et-television\/les-acteurs-francais-de-40-ans-leur-influence-incontournable-dans-le-cinema-actuel\/#primaryimage"},"thumbnailUrl":"https:\/\/starstory.fr\/blog\/wp-content\/uploads\/2025\/12\/pag-image-693c094e09da8-scaled.png","datePublished":"2026-03-05T08:52:00+00:00","description":"Nous observons une g\u00e9n\u00e9ration d'acteurs fran\u00e7ais 40 ans qui impose son empreinte sur le cin\u00e9ma hexagonal, occupant une place centrale","inLanguage":"fr-FR","potentialAction":[{"@type":"ReadAction","target":["https:\/\/starstory.fr\/blog\/cinema-et-television\/les-acteurs-francais-de-40-ans-leur-influence-incontournable-dans-le-cinema-actuel\/"]}]},{"@type":"ImageObject","inLanguage":"fr-FR","@id":"https:\/\/starstory.fr\/blog\/cinema-et-television\/les-acteurs-francais-de-40-ans-leur-influence-incontournable-dans-le-cinema-actuel\/#primaryimage","url":"https:\/\/starstory.fr\/blog\/wp-content\/uploads\/2025\/12\/pag-image-693c094e09da8-scaled.png","contentUrl":"https:\/\/starstory.fr\/blog\/wp-content\/uploads\/2025\/12\/pag-image-693c094e09da8-scaled.png","width":1200,"height":686,"caption":"Image g\u00e9n\u00e9r\u00e9e par IA optimis\u00e9e pour Google Discover"},{"@type":"WebSite","@id":"https:\/\/starstory.fr\/blog\/#website","url":"https:\/\/starstory.fr\/blog\/","name":"StarStory","description":"StarStory, les \u00e9toiles racontent leur histoire","publisher":{"@id":"https:\/\/starstory.fr\/blog\/#organization"},"alternateName":"StarStory, les \u00e9toiles racontent leur histoire","potentialAction":[{"@type":"SearchAction","target":{"@type":"EntryPoint","urlTemplate":"https:\/\/starstory.fr\/blog\/?s={search_term_string}"},"query-input":{"@type":"PropertyValueSpecification","valueRequired":true,"valueName":"search_term_string"}}],"inLanguage":"fr-FR"},{"@type":"Organization","@id":"https:\/\/starstory.fr\/blog\/#organization","name":"StarStory","alternateName":"StarStory.fr","url":"https:\/\/starstory.fr\/blog\/","logo":{"@type":"ImageObject","inLanguage":"fr-FR","@id":"https:\/\/starstory.fr\/blog\/#\/schema\/logo\/image\/","url":"https:\/\/starstory.fr\/blog\/wp-content\/uploads\/2024\/12\/38.png","contentUrl":"https:\/\/starstory.fr\/blog\/wp-content\/uploads\/2024\/12\/38.png","width":500,"height":500,"caption":"StarStory"},"image":{"@id":"https:\/\/starstory.fr\/blog\/#\/schema\/logo\/image\/"}},{"@type":"Person","@id":"https:\/\/starstory.fr\/blog\/#\/schema\/person\/3c864cdc320801e3db34b663e7e3f816","name":"Rapha\u00ebl D.","image":{"@type":"ImageObject","inLanguage":"fr-FR","@id":"https:\/\/starstory.fr\/blog\/#\/schema\/person\/image\/","url":"https:\/\/starstory.fr\/blog\/wp-content\/uploads\/2026\/06\/persona_raphael-d-96x96.jpg","contentUrl":"https:\/\/starstory.fr\/blog\/wp-content\/uploads\/2026\/06\/persona_raphael-d-96x96.jpg","caption":"Rapha\u00ebl D."},"description":"La culture est mon terrain de jeu depuis une dizaine d'ann\u00e9es : arts visuels, s\u00e9ries, cr\u00e9ation et tout ce qui nourrit l'imaginaire. J'\u00e9cris aussi bien sur l'actualit\u00e9 des \u0153uvres que sur les coulisses de la cr\u00e9ation, avec l'envie de relier l'amateur curieux \u00e0 des univers parfois jug\u00e9s intimidants. J'aime analyser une s\u00e9rie ou une d\u00e9marche artistique sans p\u00e9dantisme, replacer une \u0153uvre dans son contexte et donner des cl\u00e9s de lecture accessibles. Avant de publier, je v\u00e9rifie mes r\u00e9f\u00e9rences, je recoupe les sources et je distingue clairement le fait de mon interpr\u00e9tation subjective. Je crois qu'une critique vaut surtout par les arguments qu'elle expose, pas par la sentence qu'elle rend. Mon angle : transmettre l'envie de d\u00e9couvrir, de regarder autrement et de se forger son propre go\u00fbt. La culture n'appartient pas qu'aux initi\u00e9s, et c'est tout l'enjeu de mon \u00e9criture.","url":"https:\/\/starstory.fr\/blog\/auteur\/noname\/","jobTitle":"R\u00e9dacteur en chef \u00b7 Culture & Cr\u00e9ation","knowsAbout":["Culture","Cr\u00e9ation"],"email":"raphael.d@a-l-asso-de-l-art.fr"}]}},"_links":{"self":[{"href":"https:\/\/starstory.fr\/blog\/wp-json\/wp\/v2\/posts\/7730","targetHints":{"allow":["GET"]}}],"collection":[{"href":"https:\/\/starstory.fr\/blog\/wp-json\/wp\/v2\/posts"}],"about":[{"href":"https:\/\/starstory.fr\/blog\/wp-json\/wp\/v2\/types\/post"}],"author":[{"embeddable":true,"href":"https:\/\/starstory.fr\/blog\/wp-json\/wp\/v2\/users\/34"}],"replies":[{"embeddable":true,"href":"https:\/\/starstory.fr\/blog\/wp-json\/wp\/v2\/comments?post=7730"}],"version-history":[{"count":1,"href":"https:\/\/starstory.fr\/blog\/wp-json\/wp\/v2\/posts\/7730\/revisions"}],"predecessor-version":[{"id":7766,"href":"https:\/\/starstory.fr\/blog\/wp-json\/wp\/v2\/posts\/7730\/revisions\/7766"}],"wp:featuredmedia":[{"embeddable":true,"href":"https:\/\/starstory.fr\/blog\/wp-json\/wp\/v2\/media\/7732"}],"wp:attachment":[{"href":"https:\/\/starstory.fr\/blog\/wp-json\/wp\/v2\/media?parent=7730"}],"wp:term":[{"taxonomy":"category","embeddable":true,"href":"https:\/\/starstory.fr\/blog\/wp-json\/wp\/v2\/categories?post=7730"},{"taxonomy":"post_tag","embeddable":true,"href":"https:\/\/starstory.fr\/blog\/wp-json\/wp\/v2\/tags?post=7730"}],"curies":[{"name":"wp","href":"https:\/\/api.w.org\/{rel}","templated":true}]}}