{"id":7727,"date":"2026-03-02T09:32:00","date_gmt":"2026-03-02T08:32:00","guid":{"rendered":"https:\/\/starstory.fr\/blog\/?p=7727"},"modified":"2026-03-02T09:32:00","modified_gmt":"2026-03-02T08:32:00","slug":"les-chanteurs-francais-des-annees-70-histoire-style-et-influence","status":"publish","type":"post","link":"https:\/\/starstory.fr\/blog\/musique-et-icones-musicales\/les-chanteurs-francais-des-annees-70-histoire-style-et-influence\/","title":{"rendered":"Les chanteurs fran\u00e7ais des ann\u00e9es 70 : histoire, style et influence"},"content":{"rendered":"<h1>Chanteur fran\u00e7ais ann\u00e9e 70 : Guide Complet et Analyse Approfondie<\/h1>\n<h2>Les Fondamentaux de chanteur fran\u00e7ais ann\u00e9e 70<\/h2>\n<p>Nous posons ici les bases solides de cette \u00e8re musicale, domin\u00e9e par la <strong>vari\u00e9t\u00e9 fran\u00e7aise<\/strong> qui capturait 80% des sommets des hit-parades, influenc\u00e9e par le rock am\u00e9ricain et le folk contestataire n\u00e9 des remous de 1968. Les <strong>chanteurs fran\u00e7ais ann\u00e9e 70<\/strong> \u00e9mergent dans un paysage sans streaming, o\u00f9 les ventes physiques de 45 tours et albums vinyles dictaient la gloire, comme en t\u00e9moigne <strong>Joe Dassin<\/strong>, leader des ventes avec <u>2 millions d&rsquo;albums<\/u> en 1970 seul. <strong>Claude Fran\u00e7ois<\/strong>, figure pionni\u00e8re, r\u00e9volutionne les spectacles avec ses chor\u00e9graphies synchronis\u00e9es et ses Clodettes, vendant plus de 50 millions de singles avant sa disparition tragique en 1978 \u00e0 <strong>Paris<\/strong>.<\/p>\n<p>Cette p\u00e9riode voit l&rsquo;hybridation de styles, du y\u00e9y\u00e9 r\u00e9siduel au rock engag\u00e9, avec des artistes comme <strong>Johnny Hallyday<\/strong> qui encha\u00eene 50 tourn\u00e9es dans la d\u00e9cennie. Nous estimons que cette diversit\u00e9 a pos\u00e9 les fondations de la chanson fran\u00e7aise moderne, bien au-del\u00e0 des mythes simplistes. Voici les principaux styles qui ont marqu\u00e9 les charts :<\/p>\n<ul>\n<li><strong>Vari\u00e9t\u00e9<\/strong> : 80% des tops, avec <strong>Michel Sardou<\/strong> et ses textes pol\u00e9miques.<\/li>\n<li><strong>Rock contestataire<\/strong> : <strong>Renaud<\/strong> d\u00e9nonce l&rsquo;immigration dans <em>Hexagone<\/em> en 1975.<\/li>\n<li><strong>Folk boh\u00e8me<\/strong> : <strong>Maxime Le Forestier<\/strong> s\u00e9duit avec <em>San Francisco<\/em> en 1974.<\/li>\n<li><strong>Pop romantique<\/strong> : <strong>Julien Clerc<\/strong> et <em>Ce n&rsquo;est rien<\/em> en t\u00eate des ventes.<\/li>\n<li><strong>Chanson provocatrice<\/strong> : <strong>Serge Gainsbourg<\/strong> choque avec <em>Je t&rsquo;aime&#8230; moi non plus<\/em>, censur\u00e9 mais \u00e9coulant <u>20 millions d&rsquo;exemplaires mondiaux<\/u>.<\/li>\n<\/ul>\n<h2>Applications Pratiques et Cas d&rsquo;Usage<\/h2>\n<p>Nous illustrons le rayonnement des <strong>chanteurs fran\u00e7ais ann\u00e9e 70<\/strong> par des cas concrets, ancr\u00e9s dans les r\u00e9alit\u00e9s des bals populaires, radios FM \u00e9mergentes comme <strong>Europe 1<\/strong> en 1970, et festivals naissants tels que le <strong>Printemps de Bourges<\/strong> d\u00e8s 1978. Prenez <strong>Claude Fran\u00e7ois<\/strong> : entre 1970 et 1976, il assure plus de 500 concerts avec ses Clodettes, transformant ses shows en spectacles total, de <em>Alexandrie Alexandra<\/em> \u00e0 <em>Comme d&rsquo;habitude<\/em> repris par <strong>Frank Sinatra<\/strong> comme <em>My Way<\/em>. Vous ressentez encore cette \u00e9nergie dans les reprises actuelles.<\/p>\n<p><strong>Michel Sardou<\/strong>, voix tonitruante, vend <u>5 millions d&rsquo;exemplaires<\/u> de <em>Les Lacs du Connemara<\/em> en 1981, mais ses racines 70s comme <em>Le France<\/em> divisent l&rsquo;opinion publique. <strong>Joe Dassin<\/strong> impose son charme yankee avec <em>L&rsquo;\u00c9t\u00e9 Indien<\/em>, n?1 pendant <u>15 semaines<\/u> en 1975. Aujourd&rsquo;hui, ces tubes revivent sur TikTok : <em>Capri c&rsquo;est fini<\/em> d&rsquo;<strong>Herv\u00e9 Vilard<\/strong> cumule <u>100 millions de streams<\/u>. <strong>Johnny Hallyday<\/strong>, l&rsquo;idole \u00e9ternelle, domine avec 50 tourn\u00e9es ; <strong>Serge Gainsbourg<\/strong> provoque un scandale mondial. Dans les contextes d&rsquo;usage :<\/p>\n<ul>\n<li><strong>Bals populaires<\/strong> : <strong>Fr\u00e9d\u00e9ric Fran\u00e7ois<\/strong> anime les f\u00eates avec <em>Chicago<\/em>.<\/li>\n<li><strong>Radios FM<\/strong> : <strong>Daniel Balavoine<\/strong> perc\u00e9 avec <em>SOS d&rsquo;un terrien en d\u00e9tresse<\/em> en 1978.<\/li>\n<li><strong>Festivals<\/strong> : <strong>Francis Cabrel<\/strong> \u00e9meut \u00e0 Bourges avec <em>Je l&rsquo;aime \u00e0 mourir<\/em> en 1974.<\/li>\n<\/ul>\n<p>Nous voyons dans ces exemples comment ces artistes s&rsquo;adaptaient aux sc\u00e8nes live, forgeant une connexion visc\u00e9rale avec vous, public d&rsquo;alors comme d&rsquo;aujourd&rsquo;hui.<\/p>\n<h2>Optimisation et Meilleures Pratiques<\/h2>\n<p>Pour valoriser aujourd&rsquo;hui les <strong>chanteurs fran\u00e7ais ann\u00e9e 70<\/strong>, nous pr\u00e9conisons des strat\u00e9gies SEO ciblant les requ\u00eates longue tra\u00eene comme <em>meilleurs chanteur fran\u00e7ais ann\u00e9e 70<\/em>, en int\u00e9grant playlists Spotify o\u00f9 <strong>Daniel Balavoine<\/strong> bondit de <u>+300% de streams<\/u> apr\u00e8s la s\u00e9rie Netflix <em>Balavoine, les gens qui doutent<\/em> en 2022. \u00c9vitez les mythes : <strong>Claude Fran\u00e7ois<\/strong> n&rsquo;\u00e9tait pas qu&rsquo;un showman pour ados, mais un producteur visionnaire avec 13 n?1, g\u00e9rant son label <strong>Fl\u00e8che<\/strong>. Curation de playlists s&rsquo;impose avec 20 hits essentiels.<\/p>\n<p>Nous recommandons des infographies sur palmar\u00e8s, interviews d&rsquo;historiens comme ceux de <strong>Institut National de l&rsquo;Audiovisuel<\/strong>, et vigilance sur les oubli\u00e9s : <strong>Michel Fugain<\/strong> et son <strong>Big Bazar<\/strong> vendent <u>3 millions d&rsquo;exemplaires<\/u> de <em>Une belle histoire<\/em> en 1972. Ne n\u00e9gligez pas le rock alternatif comme <strong>Ange<\/strong> ou <strong>Triangle<\/strong>. Voici nos meilleures pratiques :<\/p>\n<ul>\n<li>Cr\u00e9ez des playlists : Top 10 avec <strong>Charles Aznavour<\/strong>, <strong>Michel Polnareff<\/strong>, <strong>Francis Cabrel<\/strong>.<\/li>\n<li>Analysez Spotify : <u>+40% de streams<\/u> pour <strong>V\u00e9ronique Sanson<\/strong> en 2024.<\/li>\n<li>\u00c9vitez erreurs : Ignorer <strong>Alain Chamfort<\/strong> ou <strong>Pierre Perret<\/strong> et ses <em>Le zizi<\/em>.<\/li>\n<li>Utilisez donn\u00e9es : <strong>Johnny Hallyday<\/strong> leader avec <u>100 millions de disques<\/u> en carri\u00e8re.<\/li>\n<\/ul>\n<p>\u00c0 notre avis, cette optimisation r\u00e9v\u00e8le des tr\u00e9sors sous-estim\u00e9s, rendant accessible \u00e0 vous un patrimoine musical vivant.<\/p>\n<h2>Conclusion et Perspectives<\/h2>\n<p>Nous synth\u00e9tisons les <strong>chanteurs fran\u00e7ais ann\u00e9e 70<\/strong> comme piliers ind\u00e9modables de la chanson fran\u00e7aise, de <strong>Fran\u00e7oise Hardy<\/strong> l&rsquo;\u00e9l\u00e9gante avec <em>Message personnel<\/em> en 1973 \u00e0 <strong>V\u00e9ronique Sanson<\/strong> et son album <em>Amoureuse<\/em> \u00e9coulant <u>1 million d&rsquo;exemplaires<\/u> en 1970. Recommandations pr\u00e9cises : \u00e9coutez 5 albums cl\u00e9s comme <em>Le Chanteur<\/em> de <strong>Daniel Balavoine<\/strong> ou <em>Niagara<\/em> de <strong>Julien Clerc<\/strong>, et chinez les r\u00e9\u00e9ditions vinyles en hausse de <u>+40%<\/u> pr\u00e9vue pour 2025 sur des plateformes comme <strong>Discogs<\/strong>.<\/p>\n<p>Perspectives excitantes : leur influence pulse chez les rappeurs actuels, <strong>Renaud<\/strong> sampl\u00e9 par <strong>Orelsan<\/strong> dans <em>Notes pour trop tard<\/em> en 2021. Nous anticipons un boom nostalgique avec l&rsquo;<strong>Intelligence Artificielle (IA)<\/strong> reconstituant des voix virtuelles, comme un <strong>Balavoine<\/strong> num\u00e9rique au <strong>CES 2024 de Las Vegas<\/strong>. Partagez vos hits pr\u00e9f\u00e9r\u00e9s en commentaires, nous adorons \u00e9changer avec vous sur ces l\u00e9gendes.<\/p>\n","protected":false},"excerpt":{"rendered":"","protected":false},"author":34,"featured_media":7729,"comment_status":"open","ping_status":"open","sticky":false,"template":"","format":"standard","meta":{"_acf_changed":false,"manual_indexmenow":false,"indexmenow_id_project":0,"footnotes":""},"categories":[4522],"tags":[4826,4811,4827],"class_list":["post-7727","post","type-post","status-publish","format-standard","has-post-thumbnail","hentry","category-musique-et-icones-musicales","tag-annes-70","tag-chanteurs-franais","tag-musique-rtro","generate-columns","tablet-grid-50","mobile-grid-100","grid-parent","grid-25"],"acf":[],"yoast_head":"<!-- This site is optimized with the Yoast SEO Premium plugin v21.3 (Yoast SEO v26.5) - https:\/\/yoast.com\/wordpress\/plugins\/seo\/ -->\n<title>Les chanteurs fran\u00e7ais des ann\u00e9es 70<\/title>\n<meta name=\"description\" content=\"Nous posons ici les bases solides de cette \u00e8re musicale, domin\u00e9e par la vari\u00e9t\u00e9 fran\u00e7aise qui capturait 80% des sommets des hit-parades, influenc\u00e9e\" \/>\n<meta name=\"robots\" content=\"index, follow, max-snippet:-1, max-image-preview:large, max-video-preview:-1\" \/>\n<link rel=\"canonical\" href=\"https:\/\/starstory.fr\/blog\/musique-et-icones-musicales\/les-chanteurs-francais-des-annees-70-histoire-style-et-influence\/\" \/>\n<meta property=\"og:locale\" content=\"fr_FR\" \/>\n<meta property=\"og:type\" content=\"article\" \/>\n<meta property=\"og:title\" content=\"Les chanteurs fran\u00e7ais des ann\u00e9es 70\" \/>\n<meta property=\"og:description\" content=\"Nous posons ici les bases solides de cette \u00e8re musicale, domin\u00e9e par la vari\u00e9t\u00e9 fran\u00e7aise qui capturait 80% des sommets des hit-parades, influenc\u00e9e\" \/>\n<meta property=\"og:url\" content=\"https:\/\/starstory.fr\/blog\/musique-et-icones-musicales\/les-chanteurs-francais-des-annees-70-histoire-style-et-influence\/\" \/>\n<meta property=\"og:site_name\" content=\"starstory\" \/>\n<meta property=\"og:image\" content=\"https:\/\/starstory.fr\/blog\/wp-content\/uploads\/2025\/12\/pag-image-693c08f3a4135-scaled.png\" \/>\n\t<meta property=\"og:image:width\" content=\"1200\" \/>\n\t<meta property=\"og:image:height\" content=\"686\" \/>\n\t<meta property=\"og:image:type\" content=\"image\/png\" \/>\n<meta name=\"author\" content=\"Rapha\u00ebl D.\" \/>\n<meta name=\"twitter:card\" content=\"summary_large_image\" \/>\n<script type=\"application\/ld+json\" class=\"yoast-schema-graph\">{\"@context\":\"https:\/\/schema.org\",\"@graph\":[{\"@type\":\"NewsArticle\",\"@id\":\"https:\/\/starstory.fr\/blog\/musique-et-icones-musicales\/les-chanteurs-francais-des-annees-70-histoire-style-et-influence\/#article\",\"isPartOf\":{\"@id\":\"https:\/\/starstory.fr\/blog\/musique-et-icones-musicales\/les-chanteurs-francais-des-annees-70-histoire-style-et-influence\/\"},\"author\":{\"name\":\"Rapha\u00ebl D.\",\"@id\":\"https:\/\/starstory.fr\/blog\/#\/schema\/person\/3c864cdc320801e3db34b663e7e3f816\"},\"headline\":\"Les chanteurs fran\u00e7ais des ann\u00e9es 70 : histoire, style et influence\",\"datePublished\":\"2026-03-02T08:32:00+00:00\",\"mainEntityOfPage\":{\"@id\":\"https:\/\/starstory.fr\/blog\/musique-et-icones-musicales\/les-chanteurs-francais-des-annees-70-histoire-style-et-influence\/\"},\"wordCount\":849,\"commentCount\":0,\"publisher\":{\"@id\":\"https:\/\/starstory.fr\/blog\/#organization\"},\"image\":{\"@id\":\"https:\/\/starstory.fr\/blog\/musique-et-icones-musicales\/les-chanteurs-francais-des-annees-70-histoire-style-et-influence\/#primaryimage\"},\"thumbnailUrl\":\"https:\/\/starstory.fr\/blog\/wp-content\/uploads\/2025\/12\/pag-image-693c08f3a4135-scaled.png\",\"keywords\":[\"annes 70\",\"chanteurs franais\",\"musique rtro\"],\"articleSection\":[\"Musique et Ic\u00f4nes Musicales\"],\"inLanguage\":\"fr-FR\",\"potentialAction\":[{\"@type\":\"CommentAction\",\"name\":\"Comment\",\"target\":[\"https:\/\/starstory.fr\/blog\/musique-et-icones-musicales\/les-chanteurs-francais-des-annees-70-histoire-style-et-influence\/#respond\"]}]},{\"@type\":\"WebPage\",\"@id\":\"https:\/\/starstory.fr\/blog\/musique-et-icones-musicales\/les-chanteurs-francais-des-annees-70-histoire-style-et-influence\/\",\"url\":\"https:\/\/starstory.fr\/blog\/musique-et-icones-musicales\/les-chanteurs-francais-des-annees-70-histoire-style-et-influence\/\",\"name\":\"Les chanteurs fran\u00e7ais des ann\u00e9es 70\",\"isPartOf\":{\"@id\":\"https:\/\/starstory.fr\/blog\/#website\"},\"primaryImageOfPage\":{\"@id\":\"https:\/\/starstory.fr\/blog\/musique-et-icones-musicales\/les-chanteurs-francais-des-annees-70-histoire-style-et-influence\/#primaryimage\"},\"image\":{\"@id\":\"https:\/\/starstory.fr\/blog\/musique-et-icones-musicales\/les-chanteurs-francais-des-annees-70-histoire-style-et-influence\/#primaryimage\"},\"thumbnailUrl\":\"https:\/\/starstory.fr\/blog\/wp-content\/uploads\/2025\/12\/pag-image-693c08f3a4135-scaled.png\",\"datePublished\":\"2026-03-02T08:32:00+00:00\",\"description\":\"Nous posons ici les bases solides de cette \u00e8re musicale, domin\u00e9e par la vari\u00e9t\u00e9 fran\u00e7aise qui capturait 80% des sommets des hit-parades, influenc\u00e9e\",\"inLanguage\":\"fr-FR\",\"potentialAction\":[{\"@type\":\"ReadAction\",\"target\":[\"https:\/\/starstory.fr\/blog\/musique-et-icones-musicales\/les-chanteurs-francais-des-annees-70-histoire-style-et-influence\/\"]}]},{\"@type\":\"ImageObject\",\"inLanguage\":\"fr-FR\",\"@id\":\"https:\/\/starstory.fr\/blog\/musique-et-icones-musicales\/les-chanteurs-francais-des-annees-70-histoire-style-et-influence\/#primaryimage\",\"url\":\"https:\/\/starstory.fr\/blog\/wp-content\/uploads\/2025\/12\/pag-image-693c08f3a4135-scaled.png\",\"contentUrl\":\"https:\/\/starstory.fr\/blog\/wp-content\/uploads\/2025\/12\/pag-image-693c08f3a4135-scaled.png\",\"width\":1200,\"height\":686,\"caption\":\"Image g\u00e9n\u00e9r\u00e9e par IA optimis\u00e9e pour Google Discover\"},{\"@type\":\"WebSite\",\"@id\":\"https:\/\/starstory.fr\/blog\/#website\",\"url\":\"https:\/\/starstory.fr\/blog\/\",\"name\":\"StarStory\",\"description\":\"StarStory, les \u00e9toiles racontent leur histoire\",\"publisher\":{\"@id\":\"https:\/\/starstory.fr\/blog\/#organization\"},\"alternateName\":\"StarStory, les \u00e9toiles racontent leur histoire\",\"potentialAction\":[{\"@type\":\"SearchAction\",\"target\":{\"@type\":\"EntryPoint\",\"urlTemplate\":\"https:\/\/starstory.fr\/blog\/?s={search_term_string}\"},\"query-input\":{\"@type\":\"PropertyValueSpecification\",\"valueRequired\":true,\"valueName\":\"search_term_string\"}}],\"inLanguage\":\"fr-FR\"},{\"@type\":\"Organization\",\"@id\":\"https:\/\/starstory.fr\/blog\/#organization\",\"name\":\"StarStory\",\"alternateName\":\"StarStory.fr\",\"url\":\"https:\/\/starstory.fr\/blog\/\",\"logo\":{\"@type\":\"ImageObject\",\"inLanguage\":\"fr-FR\",\"@id\":\"https:\/\/starstory.fr\/blog\/#\/schema\/logo\/image\/\",\"url\":\"https:\/\/starstory.fr\/blog\/wp-content\/uploads\/2024\/12\/38.png\",\"contentUrl\":\"https:\/\/starstory.fr\/blog\/wp-content\/uploads\/2024\/12\/38.png\",\"width\":500,\"height\":500,\"caption\":\"StarStory\"},\"image\":{\"@id\":\"https:\/\/starstory.fr\/blog\/#\/schema\/logo\/image\/\"}},{\"@type\":\"Person\",\"@id\":\"https:\/\/starstory.fr\/blog\/#\/schema\/person\/3c864cdc320801e3db34b663e7e3f816\",\"name\":\"Rapha\u00ebl D.\",\"image\":{\"@type\":\"ImageObject\",\"inLanguage\":\"fr-FR\",\"@id\":\"https:\/\/starstory.fr\/blog\/#\/schema\/person\/image\/\",\"url\":\"https:\/\/starstory.fr\/blog\/wp-content\/uploads\/2026\/06\/persona_raphael-d-96x96.jpg\",\"contentUrl\":\"https:\/\/starstory.fr\/blog\/wp-content\/uploads\/2026\/06\/persona_raphael-d-96x96.jpg\",\"caption\":\"Rapha\u00ebl D.\"},\"description\":\"La culture est mon terrain de jeu depuis une dizaine d'ann\u00e9es : arts visuels, s\u00e9ries, cr\u00e9ation et tout ce qui nourrit l'imaginaire. J'\u00e9cris aussi bien sur l'actualit\u00e9 des \u0153uvres que sur les coulisses de la cr\u00e9ation, avec l'envie de relier l'amateur curieux \u00e0 des univers parfois jug\u00e9s intimidants. J'aime analyser une s\u00e9rie ou une d\u00e9marche artistique sans p\u00e9dantisme, replacer une \u0153uvre dans son contexte et donner des cl\u00e9s de lecture accessibles. Avant de publier, je v\u00e9rifie mes r\u00e9f\u00e9rences, je recoupe les sources et je distingue clairement le fait de mon interpr\u00e9tation subjective. Je crois qu'une critique vaut surtout par les arguments qu'elle expose, pas par la sentence qu'elle rend. Mon angle : transmettre l'envie de d\u00e9couvrir, de regarder autrement et de se forger son propre go\u00fbt. La culture n'appartient pas qu'aux initi\u00e9s, et c'est tout l'enjeu de mon \u00e9criture.\",\"url\":\"https:\/\/starstory.fr\/blog\/auteur\/noname\/\",\"jobTitle\":\"R\u00e9dacteur en chef \u00b7 Culture & Cr\u00e9ation\",\"knowsAbout\":[\"Culture\",\"Cr\u00e9ation\"],\"email\":\"raphael.d@a-l-asso-de-l-art.fr\"}]}<\/script>\n<!-- \/ Yoast SEO Premium plugin. -->","yoast_head_json":{"title":"Les chanteurs fran\u00e7ais des ann\u00e9es 70","description":"Nous posons ici les bases solides de cette \u00e8re musicale, domin\u00e9e par la vari\u00e9t\u00e9 fran\u00e7aise qui capturait 80% des sommets des hit-parades, influenc\u00e9e","robots":{"index":"index","follow":"follow","max-snippet":"max-snippet:-1","max-image-preview":"max-image-preview:large","max-video-preview":"max-video-preview:-1"},"canonical":"https:\/\/starstory.fr\/blog\/musique-et-icones-musicales\/les-chanteurs-francais-des-annees-70-histoire-style-et-influence\/","og_locale":"fr_FR","og_type":"article","og_title":"Les chanteurs fran\u00e7ais des ann\u00e9es 70","og_description":"Nous posons ici les bases solides de cette \u00e8re musicale, domin\u00e9e par la vari\u00e9t\u00e9 fran\u00e7aise qui capturait 80% des sommets des hit-parades, influenc\u00e9e","og_url":"https:\/\/starstory.fr\/blog\/musique-et-icones-musicales\/les-chanteurs-francais-des-annees-70-histoire-style-et-influence\/","og_site_name":"starstory","og_image":[{"width":1200,"height":686,"url":"https:\/\/starstory.fr\/blog\/wp-content\/uploads\/2025\/12\/pag-image-693c08f3a4135-scaled.png","type":"image\/png"}],"author":"Rapha\u00ebl D.","twitter_card":"summary_large_image","schema":{"@context":"https:\/\/schema.org","@graph":[{"@type":"NewsArticle","@id":"https:\/\/starstory.fr\/blog\/musique-et-icones-musicales\/les-chanteurs-francais-des-annees-70-histoire-style-et-influence\/#article","isPartOf":{"@id":"https:\/\/starstory.fr\/blog\/musique-et-icones-musicales\/les-chanteurs-francais-des-annees-70-histoire-style-et-influence\/"},"author":{"name":"Rapha\u00ebl D.","@id":"https:\/\/starstory.fr\/blog\/#\/schema\/person\/3c864cdc320801e3db34b663e7e3f816"},"headline":"Les chanteurs fran\u00e7ais des ann\u00e9es 70 : histoire, style et influence","datePublished":"2026-03-02T08:32:00+00:00","mainEntityOfPage":{"@id":"https:\/\/starstory.fr\/blog\/musique-et-icones-musicales\/les-chanteurs-francais-des-annees-70-histoire-style-et-influence\/"},"wordCount":849,"commentCount":0,"publisher":{"@id":"https:\/\/starstory.fr\/blog\/#organization"},"image":{"@id":"https:\/\/starstory.fr\/blog\/musique-et-icones-musicales\/les-chanteurs-francais-des-annees-70-histoire-style-et-influence\/#primaryimage"},"thumbnailUrl":"https:\/\/starstory.fr\/blog\/wp-content\/uploads\/2025\/12\/pag-image-693c08f3a4135-scaled.png","keywords":["annes 70","chanteurs franais","musique rtro"],"articleSection":["Musique et Ic\u00f4nes Musicales"],"inLanguage":"fr-FR","potentialAction":[{"@type":"CommentAction","name":"Comment","target":["https:\/\/starstory.fr\/blog\/musique-et-icones-musicales\/les-chanteurs-francais-des-annees-70-histoire-style-et-influence\/#respond"]}]},{"@type":"WebPage","@id":"https:\/\/starstory.fr\/blog\/musique-et-icones-musicales\/les-chanteurs-francais-des-annees-70-histoire-style-et-influence\/","url":"https:\/\/starstory.fr\/blog\/musique-et-icones-musicales\/les-chanteurs-francais-des-annees-70-histoire-style-et-influence\/","name":"Les chanteurs fran\u00e7ais des ann\u00e9es 70","isPartOf":{"@id":"https:\/\/starstory.fr\/blog\/#website"},"primaryImageOfPage":{"@id":"https:\/\/starstory.fr\/blog\/musique-et-icones-musicales\/les-chanteurs-francais-des-annees-70-histoire-style-et-influence\/#primaryimage"},"image":{"@id":"https:\/\/starstory.fr\/blog\/musique-et-icones-musicales\/les-chanteurs-francais-des-annees-70-histoire-style-et-influence\/#primaryimage"},"thumbnailUrl":"https:\/\/starstory.fr\/blog\/wp-content\/uploads\/2025\/12\/pag-image-693c08f3a4135-scaled.png","datePublished":"2026-03-02T08:32:00+00:00","description":"Nous posons ici les bases solides de cette \u00e8re musicale, domin\u00e9e par la vari\u00e9t\u00e9 fran\u00e7aise qui capturait 80% des sommets des hit-parades, influenc\u00e9e","inLanguage":"fr-FR","potentialAction":[{"@type":"ReadAction","target":["https:\/\/starstory.fr\/blog\/musique-et-icones-musicales\/les-chanteurs-francais-des-annees-70-histoire-style-et-influence\/"]}]},{"@type":"ImageObject","inLanguage":"fr-FR","@id":"https:\/\/starstory.fr\/blog\/musique-et-icones-musicales\/les-chanteurs-francais-des-annees-70-histoire-style-et-influence\/#primaryimage","url":"https:\/\/starstory.fr\/blog\/wp-content\/uploads\/2025\/12\/pag-image-693c08f3a4135-scaled.png","contentUrl":"https:\/\/starstory.fr\/blog\/wp-content\/uploads\/2025\/12\/pag-image-693c08f3a4135-scaled.png","width":1200,"height":686,"caption":"Image g\u00e9n\u00e9r\u00e9e par IA optimis\u00e9e pour Google Discover"},{"@type":"WebSite","@id":"https:\/\/starstory.fr\/blog\/#website","url":"https:\/\/starstory.fr\/blog\/","name":"StarStory","description":"StarStory, les \u00e9toiles racontent leur histoire","publisher":{"@id":"https:\/\/starstory.fr\/blog\/#organization"},"alternateName":"StarStory, les \u00e9toiles racontent leur histoire","potentialAction":[{"@type":"SearchAction","target":{"@type":"EntryPoint","urlTemplate":"https:\/\/starstory.fr\/blog\/?s={search_term_string}"},"query-input":{"@type":"PropertyValueSpecification","valueRequired":true,"valueName":"search_term_string"}}],"inLanguage":"fr-FR"},{"@type":"Organization","@id":"https:\/\/starstory.fr\/blog\/#organization","name":"StarStory","alternateName":"StarStory.fr","url":"https:\/\/starstory.fr\/blog\/","logo":{"@type":"ImageObject","inLanguage":"fr-FR","@id":"https:\/\/starstory.fr\/blog\/#\/schema\/logo\/image\/","url":"https:\/\/starstory.fr\/blog\/wp-content\/uploads\/2024\/12\/38.png","contentUrl":"https:\/\/starstory.fr\/blog\/wp-content\/uploads\/2024\/12\/38.png","width":500,"height":500,"caption":"StarStory"},"image":{"@id":"https:\/\/starstory.fr\/blog\/#\/schema\/logo\/image\/"}},{"@type":"Person","@id":"https:\/\/starstory.fr\/blog\/#\/schema\/person\/3c864cdc320801e3db34b663e7e3f816","name":"Rapha\u00ebl D.","image":{"@type":"ImageObject","inLanguage":"fr-FR","@id":"https:\/\/starstory.fr\/blog\/#\/schema\/person\/image\/","url":"https:\/\/starstory.fr\/blog\/wp-content\/uploads\/2026\/06\/persona_raphael-d-96x96.jpg","contentUrl":"https:\/\/starstory.fr\/blog\/wp-content\/uploads\/2026\/06\/persona_raphael-d-96x96.jpg","caption":"Rapha\u00ebl D."},"description":"La culture est mon terrain de jeu depuis une dizaine d'ann\u00e9es : arts visuels, s\u00e9ries, cr\u00e9ation et tout ce qui nourrit l'imaginaire. J'\u00e9cris aussi bien sur l'actualit\u00e9 des \u0153uvres que sur les coulisses de la cr\u00e9ation, avec l'envie de relier l'amateur curieux \u00e0 des univers parfois jug\u00e9s intimidants. J'aime analyser une s\u00e9rie ou une d\u00e9marche artistique sans p\u00e9dantisme, replacer une \u0153uvre dans son contexte et donner des cl\u00e9s de lecture accessibles. Avant de publier, je v\u00e9rifie mes r\u00e9f\u00e9rences, je recoupe les sources et je distingue clairement le fait de mon interpr\u00e9tation subjective. Je crois qu'une critique vaut surtout par les arguments qu'elle expose, pas par la sentence qu'elle rend. Mon angle : transmettre l'envie de d\u00e9couvrir, de regarder autrement et de se forger son propre go\u00fbt. La culture n'appartient pas qu'aux initi\u00e9s, et c'est tout l'enjeu de mon \u00e9criture.","url":"https:\/\/starstory.fr\/blog\/auteur\/noname\/","jobTitle":"R\u00e9dacteur en chef \u00b7 Culture & Cr\u00e9ation","knowsAbout":["Culture","Cr\u00e9ation"],"email":"raphael.d@a-l-asso-de-l-art.fr"}]}},"_links":{"self":[{"href":"https:\/\/starstory.fr\/blog\/wp-json\/wp\/v2\/posts\/7727","targetHints":{"allow":["GET"]}}],"collection":[{"href":"https:\/\/starstory.fr\/blog\/wp-json\/wp\/v2\/posts"}],"about":[{"href":"https:\/\/starstory.fr\/blog\/wp-json\/wp\/v2\/types\/post"}],"author":[{"embeddable":true,"href":"https:\/\/starstory.fr\/blog\/wp-json\/wp\/v2\/users\/34"}],"replies":[{"embeddable":true,"href":"https:\/\/starstory.fr\/blog\/wp-json\/wp\/v2\/comments?post=7727"}],"version-history":[{"count":1,"href":"https:\/\/starstory.fr\/blog\/wp-json\/wp\/v2\/posts\/7727\/revisions"}],"predecessor-version":[{"id":7765,"href":"https:\/\/starstory.fr\/blog\/wp-json\/wp\/v2\/posts\/7727\/revisions\/7765"}],"wp:featuredmedia":[{"embeddable":true,"href":"https:\/\/starstory.fr\/blog\/wp-json\/wp\/v2\/media\/7729"}],"wp:attachment":[{"href":"https:\/\/starstory.fr\/blog\/wp-json\/wp\/v2\/media?parent=7727"}],"wp:term":[{"taxonomy":"category","embeddable":true,"href":"https:\/\/starstory.fr\/blog\/wp-json\/wp\/v2\/categories?post=7727"},{"taxonomy":"post_tag","embeddable":true,"href":"https:\/\/starstory.fr\/blog\/wp-json\/wp\/v2\/tags?post=7727"}],"curies":[{"name":"wp","href":"https:\/\/api.w.org\/{rel}","templated":true}]}}