{"id":7715,"date":"2026-02-16T09:14:00","date_gmt":"2026-02-16T08:14:00","guid":{"rendered":"https:\/\/starstory.fr\/blog\/?p=7715"},"modified":"2026-02-16T09:14:00","modified_gmt":"2026-02-16T08:14:00","slug":"acteur-francais-de-50-ans-carriere-tendances-et-perspectives","status":"publish","type":"post","link":"https:\/\/starstory.fr\/blog\/cinema-et-television\/acteur-francais-de-50-ans-carriere-tendances-et-perspectives\/","title":{"rendered":"Acteur fran\u00e7ais de 50 ans : Carri\u00e8re, tendances et perspectives"},"content":{"rendered":"<h1>Acteur fran\u00e7ais 50 ans : Guide complet et analyse approfondie<\/h1>\n<h2>Introduction : pourquoi s\u2019int\u00e9resser aux acteurs fran\u00e7ais de 50 ans ?<\/h2>\n<p>\nNous vous proposons un panorama complet des <strong>acteurs fran\u00e7ais autour de 50 ans<\/strong>, g\u00e9n\u00e9ration charni\u00e8re qui relie le cin\u00e9ma traditionnel aux \u00e8res des s\u00e9ries et du streaming. Vous recherchez des informations pour un casting, une inspiration cr\u00e9ative ou simplement pour enrichir votre culture cin\u00e9matographique ? Cette tranche d\u2019\u00e2ge domine les requ\u00eates en ligne, avec des pics sur des termes comme <strong>acteur fran\u00e7ais 50 ans<\/strong> lors de sorties de films majeurs. Nous positionnons cet article comme un guide culturel, analytique et pratique, utile aux fans, journalistes, directeurs de casting et \u00e9tudiants en cin\u00e9ma.\n<\/p>\n<p>\n<u>Le p\u00e9rim\u00e8tre couvre les acteurs masculins fran\u00e7ais \u00e2g\u00e9s de 47 \u00e0 55 ans<\/u>, toujours actifs ou embl\u00e9matiques, n\u00e9s grosso modo entre 1970 et 1978. Nous structurons notre exploration autour des fondamentaux de cette g\u00e9n\u00e9ration, d\u2019une analyse d\u2019acteurs repr\u00e9sentatifs, de cas d\u2019usage concrets, de meilleures pratiques SEO et de perspectives d\u2019\u00e9volution professionnelle. Vous d\u00e9couvrirez ainsi pourquoi ces talents occupent une place strat\u00e9gique dans le paysage audiovisuel fran\u00e7ais.\n<\/p>\n<ul>\n<li><strong>Impact culturel<\/strong> : ils portent des r\u00f4les de transition g\u00e9n\u00e9rationnelle, des p\u00e8res aux anti-h\u00e9ros.<\/li>\n<li><strong>Recherche pratique<\/strong> : aide pour identifier des profils pour s\u00e9ries comme <strong>Lupin<\/strong> sur Netflix ou films ind\u00e9pendants.<\/li>\n<li><strong>Tendances 2025<\/strong> : avec <u>32% des films fran\u00e7ais r\u00e9cents confi\u00e9s \u00e0 des quinquag\u00e9naires en t\u00eate d\u2019affiche<\/u>, selon des analyses box-office annuelles.<\/li>\n<\/ul>\n<h2>Les fondamentaux : qu\u2019est-ce qu\u2019un \u201cacteur fran\u00e7ais de 50 ans\u201d en 2020\u20132030 ?<\/h2>\n<p>\nNous d\u00e9finissons un <strong>acteur fran\u00e7ais de 50 ans<\/strong> comme n\u00e9 au milieu des ann\u00e9es 1970, form\u00e9 dans les conservatoires des ann\u00e9es 1990, r\u00e9v\u00e9l\u00e9 par des succ\u00e8s des ann\u00e9es 2000 comme <strong>Les Choristes<\/strong> en 2004 avec <strong>Fran\u00e7ois Berl\u00e9and<\/strong>, n\u00e9 en 1953 mais embl\u00e9matique de la continuit\u00e9. \u00c0 l\u2019inverse des sexag\u00e9naires comme <strong>Daniel Auteuil<\/strong>, 75 ans en 2025, ou des trentenaires en ascension comme <strong>Fran\u00e7ois Civil<\/strong>, 35 ans, ils occupent une position centrale sans \u00eatre encore patriarcale. L\u2019essor du num\u00e9rique depuis 2010, l\u2019explosion des s\u00e9ries sur <strong>Canal+ Group<\/strong> et les plateformes comme <strong>Netflix France<\/strong> ont internationalis\u00e9 leurs carri\u00e8res, avec des coproductions comme <strong>The Artist<\/strong> de <strong>Michel Hazanavicius<\/strong>.\n<\/p>\n<p>\nNous observons quatre types de carri\u00e8res dominants : l\u2019acteur <strong>bankable au box-office<\/strong> comme <strong>Omar Sy<\/strong>, 48 ans en 2025, l\u2019acteur d\u2019auteur fid\u00e8le \u00e0 des r\u00e9alisateurs comme <strong>Jean Dujardin<\/strong>, 53 ans, le <strong>couteau suisse<\/strong> naviguant th\u00e9\u00e2tre, t\u00e9l\u00e9 et doublage, et le second r\u00f4le devenu t\u00eate d\u2019affiche tardivement. Concepts cl\u00e9s incluent le <strong>capital de notori\u00e9t\u00e9<\/strong> b\u00e2ti sur 20 ans de films, l\u2019<strong>image publique<\/strong> g\u00e9r\u00e9e via agents comme <strong>Artmedia<\/strong>, agence dominante pour talents matures, la <strong>polyvalence des registres<\/strong> de com\u00e9die \u00e0 drame, et la <strong>fid\u00e9lit\u00e9 aux r\u00e9alisateurs<\/strong> comme avec <strong>Jean-Pierre Jeunet<\/strong>.\n<\/p>\n<ul>\n<li><strong>Centralit\u00e9 \u00e9cosyst\u00e9mique<\/strong> : id\u00e9aux pour r\u00f4les de pouvoir, parents ou anti-h\u00e9ros, <u>repr\u00e9sentant 28% des leads masculins en 2024<\/u> selon CNC.<\/li>\n<li><strong>Sp\u00e9cificit\u00e9s fran\u00e7aises<\/strong> : plus de place aux <strong>gueules<\/strong> expressives que le jeunisme hollywoodien, valorisant th\u00e9\u00e2tre et auteurs comme <strong>Alain Resnais<\/strong>.<\/li>\n<li><strong>Comparaison europ\u00e9enne<\/strong> : contrairement au Royaume-Uni o\u00f9 les 50 ans peinent face \u00e0 <strong>BBC iPlayer<\/strong>, la France offre une porosit\u00e9 s\u00e9ries-cin\u00e9ma.<\/li>\n<\/ul>\n<h2>Panorama des acteurs fran\u00e7ais embl\u00e9matiques autour de 50 ans<\/h2>\n<p>\nNous cartographions qualitativement ces talents, class\u00e9s par trajectoires plut\u00f4t qu\u2019alphabet. Vous trouverez des profils pr\u00e9cis, avec filmographies cl\u00e9s et impacts en 2025, pour une vision dynamique.\n<\/p>\n<h3>Les acteurs \u201cponts\u201d entre com\u00e9die populaire et cin\u00e9ma d\u2019auteur<\/h3>\n<p>\n<strong>Omar Sy<\/strong>, 48 ans, n\u00e9 le 20 janvier 1978 \u00e0 Trappes, incarne ce pont : r\u00e9v\u00e9l\u00e9 par <strong>Intouchables<\/strong> en 2011 (12,5 millions d\u2019entr\u00e9es), il passe \u00e0 <strong>Lupin<\/strong> sur Netflix en 2021, d\u00e9mocratisant l\u2019auteur via C\u00e9sar 2012. <strong>Jean Dujardin<\/strong>, 53 ans, n\u00e9 le 19 juin 1972 \u00e0 Rueil-Malmaison, oscille entre <strong>OSS 117<\/strong> et Oscar pour <strong>The Artist<\/strong> en 2012, maintenant sa popularit\u00e9 avec <strong>La French<\/strong> en 2014.\n<\/p>\n<ul>\n<li><strong>Gilles Lellouche<\/strong>, 50 ans en 2025, r\u00e9alise et joue dans <strong>Les Mis\u00e9rables<\/strong> (2019), reliant publics.<\/li>\n<li><strong>Swann Arlaud<\/strong>, 44 ans mais approchant, C\u00e9sar pour <strong>Petit Paysan<\/strong> (2017), \u00e9largit via <strong>Anatomie d\u2019une chute<\/strong> (2023).<\/li>\n<\/ul>\n<h3>Les \u201cgueules\u201d du cin\u00e9ma fran\u00e7ais<\/h3>\n<p>\nCes acteurs marquent par leur pr\u00e9sence : <strong>Fran\u00e7ois Cluzet<\/strong>, 70 ans mais r\u00e9f\u00e9rence pour la rel\u00e8ve, inspire <strong>Jean-Paul Rouve<\/strong>, 50 ans en 2025, vu dans <strong>Les Choristes<\/strong>. La g\u00e9n\u00e9ration passe le relais \u00e0 des profils comme <strong>Pio Marma\u00ef<\/strong>, 47 ans, avec sa gueule dans <strong>La Loi de la jungle<\/strong> (2016).\n<\/p>\n<h3>Les acteurs \u201cmulti-casquettes\u201d<\/h3>\n<p>\n<strong>Gilles Lellouche<\/strong> excelle comme acteur-r\u00e9alisateur avec <strong>Le Grand Bain<\/strong> (2018, 3,8 millions d\u2019entr\u00e9es). <strong>Nicolas Bedos<\/strong>, 49 ans, \u00e9crit, r\u00e9alise <strong>La Belle \u00c9poque<\/strong> (2019) et joue, assurant durabilit\u00e9.\n<\/p>\n<h3>Les acteurs issus de la t\u00e9l\u00e9vision, des s\u00e9ries ou du th\u00e9\u00e2tre<\/h3>\n<p>\nLa porosit\u00e9 grandit : <strong>Thierry Neuvic<\/strong>, 49 ans, passe de <strong>Spiral<\/strong> (Engrenages) sur <strong>Sony Pictures Television<\/strong> \u00e0 <strong>The Bureau<\/strong>. Plateformes boostent comme <strong>Plan C\u0153ur<\/strong> sur Netflix.\n<\/p>\n<ul>\n<li><strong>S\u00e9ries phares<\/strong> : <u><strong>Engrenages<\/strong> a lanc\u00e9 15 talents quinquag\u00e9naires depuis 2005<\/u>.<\/li>\n<\/ul>\n<h2>Profil type d\u2019un acteur fran\u00e7ais de 50 ans : comp\u00e9tences, image et positionnement<\/h2>\n<p>\nLe profil type suit une formation au <strong>Conservatoire national sup\u00e9rieur d\u2019art dramatique (CNSAD)<\/strong> \u00e0 Paris, d\u00e9buts en courts-m\u00e9trages ou t\u00e9l\u00e9 comme <strong>Plus Belle la Vie<\/strong> sur France 3, puis r\u00f4les secondaires dans <strong>Ne le dis \u00e0 personne<\/strong> (2006) de Guillaume Canet. Stabilisation vers 45-55 ans avec leads dans drames ou com\u00e9dies.\n<\/p>\n<p>\nComp\u00e9tences cl\u00e9s : <strong>maturit\u00e9 de jeu<\/strong> pour porter projets, endurance pour s\u00e9ries comme <strong>Lupin<\/strong> saison 3 en 2023, adaptabilit\u00e9 \u00e0 coproductions avec <strong>Amazon Prime Video France<\/strong>. La <strong>gestion de l\u2019image<\/strong> passe par Instagram (Omar Sy compte 6 millions d\u2019abonn\u00e9s en 2025) et engagements, comme Sy pour l\u2019inclusion.\n<\/p>\n<ul>\n<li><u>St\u00e9r\u00e9otypes d\u00e9pass\u00e9s<\/u> : diversit\u00e9 croissante, accents r\u00e9gionaux, origines vari\u00e9es vs g\u00e9n\u00e9rations pass\u00e9es.<\/li>\n<li><strong>R\u00f4les typiques<\/strong> : flics, patrons, crises de milieu, avec <u>45% des drames policiers<\/u> confi\u00e9s \u00e0 eux en 2024.<\/li>\n<\/ul>\n<h2>Les fondamentaux \u00e9conomiques : poids des acteurs de 50 ans dans le cin\u00e9ma fran\u00e7ais<\/h2>\n<p>\nIls s\u00e9curisent financements : un film avec <strong>Omar Sy<\/strong> attire distributeurs comme <strong>Path\u00e9<\/strong>, budgets moyens de <u>15 \u00e0 25 millions d\u2019euros<\/u> pour leads quinquag\u00e9naires. <strong>42% des r\u00f4les principaux masculins<\/strong> en films fran\u00e7ais 2023-2024 vont \u00e0 cette tranche, per CNC.\n<\/p>\n<p>\nCorr\u00e9lation box-office forte : <strong>Jean Dujardin<\/strong> cumule 50 millions d\u2019entr\u00e9es carri\u00e8re, class\u00e9 bankable par JP\u2019s Box-office. Long\u00e9vit\u00e9 comme <strong>G\u00e9rard Depardieu<\/strong>, 76 ans, inspire avec 300 films.\n<\/p>\n<h2>Applications pratiques : comment utiliser le th\u00e8me \u201cacteur fran\u00e7ais 50 ans\u201d<\/h2>\n<p>\nPour casteurs : s\u00e9lectionnez via registre, agenda, comme <strong>Gilles Lellouche<\/strong> pivot interg\u00e9n\u00e9rationnel dans <strong>Le Grand Bain<\/strong>.\n<\/p>\n<p>\nJournalistes : formats comme \u201cTop 10 acteurs fran\u00e7ais 50 ans 2025\u201d, int\u00e9grant <strong>acteur fran\u00e7ais c\u00e9l\u00e8bre 50 ans<\/strong>.\n<\/p>\n<ul>\n<li><strong>\u00c9tudiants<\/strong> : analysez <strong>Omar Sy<\/strong> via 3 films (Intouchables, Lupin, Knock), \u00e9volution personnages.<\/li>\n<\/ul>\n<h2>\u00c9tudes de cas : trajectoires types d\u2019acteurs fran\u00e7ais autour de 50 ans<\/h2>\n<p>\nCas 1 : Com\u00e9die \u00e0 sombre \u2013 <strong>Gilles Lellouche<\/strong>, de <strong>Ol\u00e9!<\/strong> (2005) \u00e0 <strong>Les Mis\u00e9rables<\/strong> (2019), succ\u00e8s via diversification. Enseignement : risquer pour renouveler.\n<\/p>\n<p>\nCas 2 : Second r\u00f4le \u00e0 t\u00eate d\u2019affiche \u2013 <strong>Pio Marma\u00ef<\/strong>, petits r\u00f4les \u00e0 <strong>Chouette, un film sur Serge Gainsbourg<\/strong> (2010), lead dans <strong>La Loi de la jungle<\/strong>. Cas 3 : Th\u00e9\u00e2tre \u00e0 s\u00e9rie \u2013 <strong>Thierry Neuvic<\/strong>, Com\u00e9die-Fran\u00e7aise \u00e0 <strong>The Bureau<\/strong>. Lien avec a\u00een\u00e9s comme <strong>Jean Reno<\/strong>, 77 ans.\n<\/p>\n<h2>Optimisation de carri\u00e8re \u00e0 50 ans : meilleures pratiques pour les acteurs<\/h2>\n<p>\nBonne pratiques : diversifier comme <strong>Jean Dujardin<\/strong> avec r\u00e9alisateurs \u00e9mergents, s\u00e9ries. R\u00e9seau via <strong>UBBA<\/strong> agence.\n<\/p>\n<ul>\n<li><strong>Personal branding<\/strong> : r\u00e9seaux, festivals comme <strong>C\u00e9sar 2025<\/strong>, engagements \u00e9cologie.<\/li>\n<\/ul>\n<h2>Optimisation SEO et \u00e9ditoriale autour du mot-cl\u00e9 \u201cacteur fran\u00e7ais 50 ans\u201d<\/h2>\n<p>\nIntentions : noms oubli\u00e9s, listes. Sous-th\u00e8mes : <strong>acteur fran\u00e7ais comique 50 ans<\/strong>.\n<\/p>\n<p>\nStructure : <strong>h1 clair<\/strong>, paragraphes courts, chiffres comme <u>12,5 millions d\u2019entr\u00e9es Intouchables<\/u>.\n<\/p>\n<h2>Erreurs fr\u00e9quentes et \u00e9cueils \u00e0 \u00e9viter<\/h2>\n<p>\nPi\u00e8ges : confondre \u00e2ges, n\u00e9gliger th\u00e9\u00e2tre. Mise \u00e0 jour essentielle, recouper CNC.\n<\/p>\n<ul>\n<li><u>\u00c9viter listes brutes<\/u> sans analyse.<\/li>\n<\/ul>\n<h2>Conclusion et perspectives : l\u2019avenir des acteurs fran\u00e7ais de 50 ans<\/h2>\n<p>\nR\u00f4le central : artistique, \u00e9conomique, symbolique. Avenir : s\u00e9ries, diversit\u00e9, cohabitation plateformes-salles.\n<\/p>\n<p>\nNous vous invitons \u00e0 explorer filmographies comme celle de <strong>Omar Sy<\/strong>, \u00e0 int\u00e9grer ces tendances dans castings ou contenus.<\/p>\n","protected":false},"excerpt":{"rendered":"","protected":false},"author":34,"featured_media":7717,"comment_status":"open","ping_status":"open","sticky":false,"template":"","format":"standard","meta":{"_acf_changed":false,"manual_indexmenow":false,"indexmenow_id_project":0,"footnotes":""},"categories":[4521],"tags":[4816,4817,4818],"class_list":["post-7715","post","type-post","status-publish","format-standard","has-post-thumbnail","hentry","category-cinema-et-television","tag-acteur-franais","tag-carrire-acteur","tag-perspectives-50-ans","generate-columns","tablet-grid-50","mobile-grid-100","grid-parent","grid-25"],"acf":[],"yoast_head":"<!-- This site is optimized with the Yoast SEO Premium plugin v21.3 (Yoast SEO v26.5) - https:\/\/yoast.com\/wordpress\/plugins\/seo\/ -->\n<title>Acteur fran\u00e7ais de 50 ans : Carri\u00e8re, tendances et perspectives<\/title>\n<meta name=\"description\" content=\"Nous vous proposons un panorama complet des acteurs fran\u00e7ais autour de 50 ans, g\u00e9n\u00e9ration charni\u00e8re qui relie le cin\u00e9ma traditionnel aux \u00e8res des s\u00e9ries\" \/>\n<meta name=\"robots\" content=\"index, follow, max-snippet:-1, max-image-preview:large, max-video-preview:-1\" \/>\n<link rel=\"canonical\" href=\"https:\/\/starstory.fr\/blog\/cinema-et-television\/acteur-francais-de-50-ans-carriere-tendances-et-perspectives\/\" \/>\n<meta property=\"og:locale\" content=\"fr_FR\" \/>\n<meta property=\"og:type\" content=\"article\" \/>\n<meta property=\"og:title\" content=\"Acteur fran\u00e7ais de 50 ans : Carri\u00e8re, tendances et perspectives\" \/>\n<meta property=\"og:description\" content=\"Nous vous proposons un panorama complet des acteurs fran\u00e7ais autour de 50 ans, g\u00e9n\u00e9ration charni\u00e8re qui relie le cin\u00e9ma traditionnel aux \u00e8res des s\u00e9ries\" \/>\n<meta property=\"og:url\" content=\"https:\/\/starstory.fr\/blog\/cinema-et-television\/acteur-francais-de-50-ans-carriere-tendances-et-perspectives\/\" \/>\n<meta property=\"og:site_name\" content=\"starstory\" \/>\n<meta property=\"og:image\" content=\"https:\/\/starstory.fr\/blog\/wp-content\/uploads\/2025\/12\/pag-image-693c060b0bf25-scaled.png\" \/>\n\t<meta property=\"og:image:width\" content=\"1200\" \/>\n\t<meta property=\"og:image:height\" content=\"686\" \/>\n\t<meta property=\"og:image:type\" content=\"image\/png\" \/>\n<meta name=\"author\" content=\"Rapha\u00ebl D.\" \/>\n<meta name=\"twitter:card\" content=\"summary_large_image\" \/>\n<script type=\"application\/ld+json\" class=\"yoast-schema-graph\">{\"@context\":\"https:\/\/schema.org\",\"@graph\":[{\"@type\":\"NewsArticle\",\"@id\":\"https:\/\/starstory.fr\/blog\/cinema-et-television\/acteur-francais-de-50-ans-carriere-tendances-et-perspectives\/#article\",\"isPartOf\":{\"@id\":\"https:\/\/starstory.fr\/blog\/cinema-et-television\/acteur-francais-de-50-ans-carriere-tendances-et-perspectives\/\"},\"author\":{\"name\":\"Rapha\u00ebl D.\",\"@id\":\"https:\/\/starstory.fr\/blog\/#\/schema\/person\/3c864cdc320801e3db34b663e7e3f816\"},\"headline\":\"Acteur fran\u00e7ais de 50 ans : Carri\u00e8re, tendances et perspectives\",\"datePublished\":\"2026-02-16T08:14:00+00:00\",\"mainEntityOfPage\":{\"@id\":\"https:\/\/starstory.fr\/blog\/cinema-et-television\/acteur-francais-de-50-ans-carriere-tendances-et-perspectives\/\"},\"wordCount\":1338,\"commentCount\":0,\"publisher\":{\"@id\":\"https:\/\/starstory.fr\/blog\/#organization\"},\"image\":{\"@id\":\"https:\/\/starstory.fr\/blog\/cinema-et-television\/acteur-francais-de-50-ans-carriere-tendances-et-perspectives\/#primaryimage\"},\"thumbnailUrl\":\"https:\/\/starstory.fr\/blog\/wp-content\/uploads\/2025\/12\/pag-image-693c060b0bf25-scaled.png\",\"keywords\":[\"acteur franais\",\"carrire acteur\",\"perspectives 50 ans\"],\"articleSection\":[\"Cin\u00e9ma et T\u00e9l\u00e9vision\"],\"inLanguage\":\"fr-FR\",\"potentialAction\":[{\"@type\":\"CommentAction\",\"name\":\"Comment\",\"target\":[\"https:\/\/starstory.fr\/blog\/cinema-et-television\/acteur-francais-de-50-ans-carriere-tendances-et-perspectives\/#respond\"]}]},{\"@type\":\"WebPage\",\"@id\":\"https:\/\/starstory.fr\/blog\/cinema-et-television\/acteur-francais-de-50-ans-carriere-tendances-et-perspectives\/\",\"url\":\"https:\/\/starstory.fr\/blog\/cinema-et-television\/acteur-francais-de-50-ans-carriere-tendances-et-perspectives\/\",\"name\":\"Acteur fran\u00e7ais de 50 ans : Carri\u00e8re, tendances et perspectives\",\"isPartOf\":{\"@id\":\"https:\/\/starstory.fr\/blog\/#website\"},\"primaryImageOfPage\":{\"@id\":\"https:\/\/starstory.fr\/blog\/cinema-et-television\/acteur-francais-de-50-ans-carriere-tendances-et-perspectives\/#primaryimage\"},\"image\":{\"@id\":\"https:\/\/starstory.fr\/blog\/cinema-et-television\/acteur-francais-de-50-ans-carriere-tendances-et-perspectives\/#primaryimage\"},\"thumbnailUrl\":\"https:\/\/starstory.fr\/blog\/wp-content\/uploads\/2025\/12\/pag-image-693c060b0bf25-scaled.png\",\"datePublished\":\"2026-02-16T08:14:00+00:00\",\"description\":\"Nous vous proposons un panorama complet des acteurs fran\u00e7ais autour de 50 ans, g\u00e9n\u00e9ration charni\u00e8re qui relie le cin\u00e9ma traditionnel aux \u00e8res des s\u00e9ries\",\"inLanguage\":\"fr-FR\",\"potentialAction\":[{\"@type\":\"ReadAction\",\"target\":[\"https:\/\/starstory.fr\/blog\/cinema-et-television\/acteur-francais-de-50-ans-carriere-tendances-et-perspectives\/\"]}]},{\"@type\":\"ImageObject\",\"inLanguage\":\"fr-FR\",\"@id\":\"https:\/\/starstory.fr\/blog\/cinema-et-television\/acteur-francais-de-50-ans-carriere-tendances-et-perspectives\/#primaryimage\",\"url\":\"https:\/\/starstory.fr\/blog\/wp-content\/uploads\/2025\/12\/pag-image-693c060b0bf25-scaled.png\",\"contentUrl\":\"https:\/\/starstory.fr\/blog\/wp-content\/uploads\/2025\/12\/pag-image-693c060b0bf25-scaled.png\",\"width\":1200,\"height\":686,\"caption\":\"Image g\u00e9n\u00e9r\u00e9e par IA optimis\u00e9e pour Google Discover\"},{\"@type\":\"WebSite\",\"@id\":\"https:\/\/starstory.fr\/blog\/#website\",\"url\":\"https:\/\/starstory.fr\/blog\/\",\"name\":\"StarStory\",\"description\":\"StarStory, les \u00e9toiles racontent leur histoire\",\"publisher\":{\"@id\":\"https:\/\/starstory.fr\/blog\/#organization\"},\"alternateName\":\"StarStory, les \u00e9toiles racontent leur histoire\",\"potentialAction\":[{\"@type\":\"SearchAction\",\"target\":{\"@type\":\"EntryPoint\",\"urlTemplate\":\"https:\/\/starstory.fr\/blog\/?s={search_term_string}\"},\"query-input\":{\"@type\":\"PropertyValueSpecification\",\"valueRequired\":true,\"valueName\":\"search_term_string\"}}],\"inLanguage\":\"fr-FR\"},{\"@type\":\"Organization\",\"@id\":\"https:\/\/starstory.fr\/blog\/#organization\",\"name\":\"StarStory\",\"alternateName\":\"StarStory.fr\",\"url\":\"https:\/\/starstory.fr\/blog\/\",\"logo\":{\"@type\":\"ImageObject\",\"inLanguage\":\"fr-FR\",\"@id\":\"https:\/\/starstory.fr\/blog\/#\/schema\/logo\/image\/\",\"url\":\"https:\/\/starstory.fr\/blog\/wp-content\/uploads\/2024\/12\/38.png\",\"contentUrl\":\"https:\/\/starstory.fr\/blog\/wp-content\/uploads\/2024\/12\/38.png\",\"width\":500,\"height\":500,\"caption\":\"StarStory\"},\"image\":{\"@id\":\"https:\/\/starstory.fr\/blog\/#\/schema\/logo\/image\/\"}},{\"@type\":\"Person\",\"@id\":\"https:\/\/starstory.fr\/blog\/#\/schema\/person\/3c864cdc320801e3db34b663e7e3f816\",\"name\":\"Rapha\u00ebl D.\",\"image\":{\"@type\":\"ImageObject\",\"inLanguage\":\"fr-FR\",\"@id\":\"https:\/\/starstory.fr\/blog\/#\/schema\/person\/image\/\",\"url\":\"https:\/\/starstory.fr\/blog\/wp-content\/uploads\/2026\/06\/persona_raphael-d-96x96.jpg\",\"contentUrl\":\"https:\/\/starstory.fr\/blog\/wp-content\/uploads\/2026\/06\/persona_raphael-d-96x96.jpg\",\"caption\":\"Rapha\u00ebl D.\"},\"description\":\"La culture est mon terrain de jeu depuis une dizaine d'ann\u00e9es : arts visuels, s\u00e9ries, cr\u00e9ation et tout ce qui nourrit l'imaginaire. J'\u00e9cris aussi bien sur l'actualit\u00e9 des \u0153uvres que sur les coulisses de la cr\u00e9ation, avec l'envie de relier l'amateur curieux \u00e0 des univers parfois jug\u00e9s intimidants. J'aime analyser une s\u00e9rie ou une d\u00e9marche artistique sans p\u00e9dantisme, replacer une \u0153uvre dans son contexte et donner des cl\u00e9s de lecture accessibles. Avant de publier, je v\u00e9rifie mes r\u00e9f\u00e9rences, je recoupe les sources et je distingue clairement le fait de mon interpr\u00e9tation subjective. Je crois qu'une critique vaut surtout par les arguments qu'elle expose, pas par la sentence qu'elle rend. Mon angle : transmettre l'envie de d\u00e9couvrir, de regarder autrement et de se forger son propre go\u00fbt. La culture n'appartient pas qu'aux initi\u00e9s, et c'est tout l'enjeu de mon \u00e9criture.\",\"url\":\"https:\/\/starstory.fr\/blog\/auteur\/noname\/\",\"jobTitle\":\"R\u00e9dacteur en chef \u00b7 Culture & Cr\u00e9ation\",\"knowsAbout\":[\"Culture\",\"Cr\u00e9ation\"],\"email\":\"raphael.d@a-l-asso-de-l-art.fr\"}]}<\/script>\n<!-- \/ Yoast SEO Premium plugin. -->","yoast_head_json":{"title":"Acteur fran\u00e7ais de 50 ans : Carri\u00e8re, tendances et perspectives","description":"Nous vous proposons un panorama complet des acteurs fran\u00e7ais autour de 50 ans, g\u00e9n\u00e9ration charni\u00e8re qui relie le cin\u00e9ma traditionnel aux \u00e8res des s\u00e9ries","robots":{"index":"index","follow":"follow","max-snippet":"max-snippet:-1","max-image-preview":"max-image-preview:large","max-video-preview":"max-video-preview:-1"},"canonical":"https:\/\/starstory.fr\/blog\/cinema-et-television\/acteur-francais-de-50-ans-carriere-tendances-et-perspectives\/","og_locale":"fr_FR","og_type":"article","og_title":"Acteur fran\u00e7ais de 50 ans : Carri\u00e8re, tendances et perspectives","og_description":"Nous vous proposons un panorama complet des acteurs fran\u00e7ais autour de 50 ans, g\u00e9n\u00e9ration charni\u00e8re qui relie le cin\u00e9ma traditionnel aux \u00e8res des s\u00e9ries","og_url":"https:\/\/starstory.fr\/blog\/cinema-et-television\/acteur-francais-de-50-ans-carriere-tendances-et-perspectives\/","og_site_name":"starstory","og_image":[{"width":1200,"height":686,"url":"https:\/\/starstory.fr\/blog\/wp-content\/uploads\/2025\/12\/pag-image-693c060b0bf25-scaled.png","type":"image\/png"}],"author":"Rapha\u00ebl D.","twitter_card":"summary_large_image","schema":{"@context":"https:\/\/schema.org","@graph":[{"@type":"NewsArticle","@id":"https:\/\/starstory.fr\/blog\/cinema-et-television\/acteur-francais-de-50-ans-carriere-tendances-et-perspectives\/#article","isPartOf":{"@id":"https:\/\/starstory.fr\/blog\/cinema-et-television\/acteur-francais-de-50-ans-carriere-tendances-et-perspectives\/"},"author":{"name":"Rapha\u00ebl D.","@id":"https:\/\/starstory.fr\/blog\/#\/schema\/person\/3c864cdc320801e3db34b663e7e3f816"},"headline":"Acteur fran\u00e7ais de 50 ans : Carri\u00e8re, tendances et perspectives","datePublished":"2026-02-16T08:14:00+00:00","mainEntityOfPage":{"@id":"https:\/\/starstory.fr\/blog\/cinema-et-television\/acteur-francais-de-50-ans-carriere-tendances-et-perspectives\/"},"wordCount":1338,"commentCount":0,"publisher":{"@id":"https:\/\/starstory.fr\/blog\/#organization"},"image":{"@id":"https:\/\/starstory.fr\/blog\/cinema-et-television\/acteur-francais-de-50-ans-carriere-tendances-et-perspectives\/#primaryimage"},"thumbnailUrl":"https:\/\/starstory.fr\/blog\/wp-content\/uploads\/2025\/12\/pag-image-693c060b0bf25-scaled.png","keywords":["acteur franais","carrire acteur","perspectives 50 ans"],"articleSection":["Cin\u00e9ma et T\u00e9l\u00e9vision"],"inLanguage":"fr-FR","potentialAction":[{"@type":"CommentAction","name":"Comment","target":["https:\/\/starstory.fr\/blog\/cinema-et-television\/acteur-francais-de-50-ans-carriere-tendances-et-perspectives\/#respond"]}]},{"@type":"WebPage","@id":"https:\/\/starstory.fr\/blog\/cinema-et-television\/acteur-francais-de-50-ans-carriere-tendances-et-perspectives\/","url":"https:\/\/starstory.fr\/blog\/cinema-et-television\/acteur-francais-de-50-ans-carriere-tendances-et-perspectives\/","name":"Acteur fran\u00e7ais de 50 ans : Carri\u00e8re, tendances et perspectives","isPartOf":{"@id":"https:\/\/starstory.fr\/blog\/#website"},"primaryImageOfPage":{"@id":"https:\/\/starstory.fr\/blog\/cinema-et-television\/acteur-francais-de-50-ans-carriere-tendances-et-perspectives\/#primaryimage"},"image":{"@id":"https:\/\/starstory.fr\/blog\/cinema-et-television\/acteur-francais-de-50-ans-carriere-tendances-et-perspectives\/#primaryimage"},"thumbnailUrl":"https:\/\/starstory.fr\/blog\/wp-content\/uploads\/2025\/12\/pag-image-693c060b0bf25-scaled.png","datePublished":"2026-02-16T08:14:00+00:00","description":"Nous vous proposons un panorama complet des acteurs fran\u00e7ais autour de 50 ans, g\u00e9n\u00e9ration charni\u00e8re qui relie le cin\u00e9ma traditionnel aux \u00e8res des s\u00e9ries","inLanguage":"fr-FR","potentialAction":[{"@type":"ReadAction","target":["https:\/\/starstory.fr\/blog\/cinema-et-television\/acteur-francais-de-50-ans-carriere-tendances-et-perspectives\/"]}]},{"@type":"ImageObject","inLanguage":"fr-FR","@id":"https:\/\/starstory.fr\/blog\/cinema-et-television\/acteur-francais-de-50-ans-carriere-tendances-et-perspectives\/#primaryimage","url":"https:\/\/starstory.fr\/blog\/wp-content\/uploads\/2025\/12\/pag-image-693c060b0bf25-scaled.png","contentUrl":"https:\/\/starstory.fr\/blog\/wp-content\/uploads\/2025\/12\/pag-image-693c060b0bf25-scaled.png","width":1200,"height":686,"caption":"Image g\u00e9n\u00e9r\u00e9e par IA optimis\u00e9e pour Google Discover"},{"@type":"WebSite","@id":"https:\/\/starstory.fr\/blog\/#website","url":"https:\/\/starstory.fr\/blog\/","name":"StarStory","description":"StarStory, les \u00e9toiles racontent leur histoire","publisher":{"@id":"https:\/\/starstory.fr\/blog\/#organization"},"alternateName":"StarStory, les \u00e9toiles racontent leur histoire","potentialAction":[{"@type":"SearchAction","target":{"@type":"EntryPoint","urlTemplate":"https:\/\/starstory.fr\/blog\/?s={search_term_string}"},"query-input":{"@type":"PropertyValueSpecification","valueRequired":true,"valueName":"search_term_string"}}],"inLanguage":"fr-FR"},{"@type":"Organization","@id":"https:\/\/starstory.fr\/blog\/#organization","name":"StarStory","alternateName":"StarStory.fr","url":"https:\/\/starstory.fr\/blog\/","logo":{"@type":"ImageObject","inLanguage":"fr-FR","@id":"https:\/\/starstory.fr\/blog\/#\/schema\/logo\/image\/","url":"https:\/\/starstory.fr\/blog\/wp-content\/uploads\/2024\/12\/38.png","contentUrl":"https:\/\/starstory.fr\/blog\/wp-content\/uploads\/2024\/12\/38.png","width":500,"height":500,"caption":"StarStory"},"image":{"@id":"https:\/\/starstory.fr\/blog\/#\/schema\/logo\/image\/"}},{"@type":"Person","@id":"https:\/\/starstory.fr\/blog\/#\/schema\/person\/3c864cdc320801e3db34b663e7e3f816","name":"Rapha\u00ebl D.","image":{"@type":"ImageObject","inLanguage":"fr-FR","@id":"https:\/\/starstory.fr\/blog\/#\/schema\/person\/image\/","url":"https:\/\/starstory.fr\/blog\/wp-content\/uploads\/2026\/06\/persona_raphael-d-96x96.jpg","contentUrl":"https:\/\/starstory.fr\/blog\/wp-content\/uploads\/2026\/06\/persona_raphael-d-96x96.jpg","caption":"Rapha\u00ebl D."},"description":"La culture est mon terrain de jeu depuis une dizaine d'ann\u00e9es : arts visuels, s\u00e9ries, cr\u00e9ation et tout ce qui nourrit l'imaginaire. J'\u00e9cris aussi bien sur l'actualit\u00e9 des \u0153uvres que sur les coulisses de la cr\u00e9ation, avec l'envie de relier l'amateur curieux \u00e0 des univers parfois jug\u00e9s intimidants. J'aime analyser une s\u00e9rie ou une d\u00e9marche artistique sans p\u00e9dantisme, replacer une \u0153uvre dans son contexte et donner des cl\u00e9s de lecture accessibles. Avant de publier, je v\u00e9rifie mes r\u00e9f\u00e9rences, je recoupe les sources et je distingue clairement le fait de mon interpr\u00e9tation subjective. Je crois qu'une critique vaut surtout par les arguments qu'elle expose, pas par la sentence qu'elle rend. Mon angle : transmettre l'envie de d\u00e9couvrir, de regarder autrement et de se forger son propre go\u00fbt. La culture n'appartient pas qu'aux initi\u00e9s, et c'est tout l'enjeu de mon \u00e9criture.","url":"https:\/\/starstory.fr\/blog\/auteur\/noname\/","jobTitle":"R\u00e9dacteur en chef \u00b7 Culture & Cr\u00e9ation","knowsAbout":["Culture","Cr\u00e9ation"],"email":"raphael.d@a-l-asso-de-l-art.fr"}]}},"_links":{"self":[{"href":"https:\/\/starstory.fr\/blog\/wp-json\/wp\/v2\/posts\/7715","targetHints":{"allow":["GET"]}}],"collection":[{"href":"https:\/\/starstory.fr\/blog\/wp-json\/wp\/v2\/posts"}],"about":[{"href":"https:\/\/starstory.fr\/blog\/wp-json\/wp\/v2\/types\/post"}],"author":[{"embeddable":true,"href":"https:\/\/starstory.fr\/blog\/wp-json\/wp\/v2\/users\/34"}],"replies":[{"embeddable":true,"href":"https:\/\/starstory.fr\/blog\/wp-json\/wp\/v2\/comments?post=7715"}],"version-history":[{"count":1,"href":"https:\/\/starstory.fr\/blog\/wp-json\/wp\/v2\/posts\/7715\/revisions"}],"predecessor-version":[{"id":7761,"href":"https:\/\/starstory.fr\/blog\/wp-json\/wp\/v2\/posts\/7715\/revisions\/7761"}],"wp:featuredmedia":[{"embeddable":true,"href":"https:\/\/starstory.fr\/blog\/wp-json\/wp\/v2\/media\/7717"}],"wp:attachment":[{"href":"https:\/\/starstory.fr\/blog\/wp-json\/wp\/v2\/media?parent=7715"}],"wp:term":[{"taxonomy":"category","embeddable":true,"href":"https:\/\/starstory.fr\/blog\/wp-json\/wp\/v2\/categories?post=7715"},{"taxonomy":"post_tag","embeddable":true,"href":"https:\/\/starstory.fr\/blog\/wp-json\/wp\/v2\/tags?post=7715"}],"curies":[{"name":"wp","href":"https:\/\/api.w.org\/{rel}","templated":true}]}}