{"id":7697,"date":"2026-01-26T09:07:00","date_gmt":"2026-01-26T08:07:00","guid":{"rendered":"https:\/\/starstory.fr\/blog\/?p=7697"},"modified":"2026-01-26T09:07:00","modified_gmt":"2026-01-26T08:07:00","slug":"les-chanteurs-francais-des-annees-90-analyse-de-leur-retour-et-influence","status":"publish","type":"post","link":"https:\/\/starstory.fr\/blog\/musique-et-icones-musicales\/les-chanteurs-francais-des-annees-90-analyse-de-leur-retour-et-influence\/","title":{"rendered":"Les chanteurs fran\u00e7ais des ann\u00e9es 90 : analyse de leur retour et influence"},"content":{"rendered":"<h1>Chanteur fran\u00e7ais ann\u00e9es 90 &#8211; Guide Complet et Analyse Approfondie<\/h1>\n<h2>Les Fondamentaux de chanteur fran\u00e7ais ann\u00e9es 90<\/h2>\n<p>Les <strong>chanteurs fran\u00e7ais ann\u00e9es 90<\/strong> \u00e9mergent dans un contexte de mutation profonde de la sc\u00e8ne musicale, entre l&rsquo;explosion du <strong>CD<\/strong> comme support dominant et l&rsquo;arriv\u00e9e massive des productions am\u00e9ricaines. Nous observons une r\u00e9surgence de la vari\u00e9t\u00e9 fran\u00e7aise, avec des ventes records : l&rsquo;album <em>Savoir Aimer<\/em> de <strong>Florent Pagny<\/strong>, sorti en 1997, d\u00e9passe les <u>2 millions d&rsquo;exemplaires<\/u> en France, couronn\u00e9 par la <strong>Victoire de la Musique<\/strong> dans la cat\u00e9gorie artiste masculin. Cette p\u00e9riode voit aussi la naissance du <strong>rap fran\u00e7ais<\/strong>, port\u00e9 par <strong>MC Solaar<\/strong> dont l&rsquo;album <em>Qui s\u00e8me le vent r\u00e9colte le tempo<\/em> de 1991 conquiert l&rsquo;Europe avec plus de <u>500 000 ventes<\/u>.<\/p>\n<p>Nous listons ici treize ic\u00f4nes qui ont d\u00e9fini cette \u00e8re, influen\u00e7ant des g\u00e9n\u00e9rations par leur \u00e9nergie cr\u00e9ative et leurs textes profonds. Leur impact culturel perdure, comme en t\u00e9moigne le classement <strong>Top 100 des Chanteurs Fran\u00e7ais<\/strong> de <strong>SensCritique<\/strong> o\u00f9 <strong>Jean-Jacques Goldman<\/strong> tr\u00f4ne en premi\u00e8re place, suivi de <strong>Johnny Hallyday<\/strong> et <strong>Michel Sardou<\/strong>.<\/p>\n<ul>\n<li><strong>Jean-Jacques Goldman<\/strong>, auteur-compositeur parisien, prolonge son succ\u00e8s des ann\u00e9es 80 avec des tubes comme <em>Envole-moi<\/em> remix\u00e9 en live fin 90s.<\/li>\n<li><strong>Michel Sardou<\/strong>, n\u00e9 en 1947 \u00e0 <strong>Paris<\/strong>, sort plus de vingt albums, marquant les charts avec sa voix puissante.<\/li>\n<li><strong>Johnny Hallyday<\/strong>, ic\u00f4ne du rock fran\u00e7ais, remplit des stades comme le <strong>Stade de France<\/strong> en 1998.<\/li>\n<li><strong>Patrick Bruel<\/strong> explose avec <em>Alors regarde<\/em>, 42e au Top 50 en 1990.<\/li>\n<li><strong>Florent Pagny<\/strong>, n\u00e9 en 1961 dans le <strong>Jura<\/strong>, conquiert les classements belges et fran\u00e7ais.<\/li>\n<li><strong>Daniel L\u00e9vi<\/strong>, originaire de <strong>Constantine, Alg\u00e9rie<\/strong>, touche l&rsquo;international avec <em>L\u2019Envie d\u2019aimer<\/em> en 1991.<\/li>\n<li><strong>MC Solaar<\/strong>, rappeur n\u00e9 en 1969 \u00e0 <strong>Dakar, S\u00e9n\u00e9gal<\/strong>, pionnier avec <em>Prose Combat<\/em> en 1994.<\/li>\n<li><strong>Jean-Louis Aubert<\/strong>, leader de <strong>T\u00e9l\u00e9phone<\/strong>, solo r\u00e9ussi dans les 90s.<\/li>\n<li><strong>Alain Souchon<\/strong>, n\u00e9 en 1944 \u00e0 <strong>Casablanca, Maroc<\/strong>, po\u00e9tique avec <em>C\u2019est comme vous voulez<\/em> en 1985 prolong\u00e9 en 90s.<\/li>\n<li><strong>Francis Cabrel<\/strong>, sommet avec <em>Samedi soir sur la Terre<\/em> en 1994.<\/li>\n<li><strong>Renaud<\/strong>, Grand Prix de l\u2019Acad\u00e9mie Charles Cros pour <em>Le marchand de cailloux<\/em>.<\/li>\n<li><strong>Pascal Obispo<\/strong>, d\u00e9buts en 1990 avec <em>Le long du fleuve<\/em>.<\/li>\n<li><strong>Zazie<\/strong>, \u00e9mergente avec ses textes introspectifs.<\/li>\n<\/ul>\n<h2>Applications Pratiques et Cas d&rsquo;Usage<\/h2>\n<p>Nous examinons des cas concrets o\u00f9 ces <strong>chanteurs fran\u00e7ais les plus c\u00e9l\u00e8bres des ann\u00e9es 90<\/strong> ont transform\u00e9 la musique populaire. Prenez <strong>Florent Pagny<\/strong> : son album <em>Rester Vrai<\/em> de 1994 atteint la premi\u00e8re place des classements en France et en Belgique, suivi de <em>Savoir Aimer<\/em> en 1997 qui propulse sa carri\u00e8re vers des coachings dans <strong>The Voice France<\/strong> d\u00e8s 2012. De m\u00eame, <strong>MC Solaar<\/strong> ouvre la voie au rap avec <em>Qui s\u00e8me le vent r\u00e9colte le tempo<\/em> en 1991, collaborant avec <strong>Guru<\/strong> de <strong> Gang Starr<\/strong> et <strong>Youssou N\u2019Dour<\/strong>, exportant le genre en Europe.<\/p>\n<p><strong>Daniel L\u00e9vi<\/strong> illustre le crossover vari\u00e9t\u00e9-th\u00e9\u00e2tre avec <em>L\u2019Envie d\u2019aimer<\/em>, bande originale de <strong>La Reine des neiges<\/strong> en 1991, tandis que <strong>\u00c9tienne Daho<\/strong>, pionnier de la <strong>pop fran\u00e7aise<\/strong>, sort <em>Duel au soleil<\/em> en 1996 apr\u00e8s collaborations avec <strong>Chris Isaak<\/strong> am\u00e9ricain et <strong>Vanessa Paradis<\/strong>. <strong>Myl\u00e8ne Farmer<\/strong>, n\u00e9e en 1961, domine avec <em>D\u00e9senchant\u00e9e<\/em> de l&rsquo;album <em>L&rsquo;Autre<\/em> en 1991, prim\u00e9 aux <strong>Victoires de la Musique<\/strong>, et ses clips iconiques. Nous appr\u00e9cions particuli\u00e8rement comment <strong>C\u00e9line Dion<\/strong>, bien que qu\u00e9b\u00e9coise, int\u00e8gre la sc\u00e8ne francophone avec 5 <strong>Grammy Awards<\/strong> dans les 90s, influen\u00e7ant des artistes comme <strong>Lara Fabian<\/strong>.<\/p>\n<ul>\n<li><strong>Florent Pagny<\/strong> : <u><em>Savoir Aimer<\/em> certifi\u00e9 double platine en 1997<\/u>, Victoire de la Musique.<\/li>\n<li><strong>MC Solaar<\/strong> : <em>Prose Combat<\/em> (1994) d\u00e9passe <u>1 million de ventes<\/u>.<\/li>\n<li><strong>Myl\u00e8ne Farmer<\/strong> : <em>XXL<\/em> prim\u00e9 en 1996, NRJ Music Awards multiples.<\/li>\n<li><strong>Pascal Obispo<\/strong> : <em>Le long du fleuve<\/em> (1990), collaborations avec <strong>Jean-Jacques Goldman<\/strong>.<\/li>\n<li><strong>Marc Lavoine<\/strong> : Tubes comme <em>Elle a les yeux revolver<\/em> d\u00e8s 1985, prolong\u00e9s en 90s.<\/li>\n<\/ul>\n<h2>Optimisation et Meilleures Pratiques<\/h2>\n<p>Pour valoriser l&rsquo;h\u00e9ritage des <strong>chanteurs fran\u00e7ais ann\u00e9es 90<\/strong>, nous recommandons des strat\u00e9gies comme la curation de playlists sur <strong>Apple Music<\/strong> ou <strong>Spotify<\/strong>, int\u00e9grant des hits comme <em>J&rsquo;ai encore r\u00eav\u00e9 d&rsquo;elle<\/em> d&rsquo;<strong>Il \u00e9tait une fois<\/strong> remasteris\u00e9. \u00c9vitez de vous limiter aux tubes : explorez <strong>Francis Cabrel<\/strong>, po\u00e8te discret avec <u>4 millions de ventes pour Samedi soir sur la Terre<\/u>, ou <strong>Indochine<\/strong>, embl\u00e9matique du rock hexagonal. Dans le <strong>Top 100 SensCritique<\/strong>, <strong>Florent Pagny<\/strong> arrive 8e, confirmant son statut.<\/p>\n<p>En 2025, leur impact se mesure au coaching de <strong>Florent Pagny<\/strong> dans <strong>The Voice<\/strong> et l&rsquo;influence de <strong>MC Solaar<\/strong> sur le rap actuel, comme chez <strong>Orelsan<\/strong> ou <strong>Bigflo &amp; Oli<\/strong>. Nous conseillons des \u00e9tudes comparatives : pop rock de <strong>Pascal Obispo<\/strong> versus rap de <strong>MC Solaar<\/strong>, ou playlists m\u00ealant <strong>Niagara<\/strong> et <strong>Alain Bashung<\/strong>. Ces pratiques optimisent votre d\u00e9couverte, reliant pass\u00e9 et pr\u00e9sent.<\/p>\n<ul>\n<li>Cr\u00e9ez des playlists th\u00e9matiques : <em>D\u00e9senchant\u00e9e<\/em> de <strong>Myl\u00e8ne Farmer<\/strong> avec <em>Fais-moi une place<\/em> de <strong>Julien Clerc<\/strong>.<\/li>\n<li>Analysez classements 1990 : 15 semaines Top 10 pour influences comme <strong>Sin\u00e9ad O\u2019Connor<\/strong> impactant la vari\u00e9t\u00e9.<\/li>\n<li>Int\u00e9grez \u00e0 des strat\u00e9gies culturelles : concerts hommage \u00e0 <strong>Johnny Hallyday<\/strong> en 2025.<\/li>\n<li>Comparez ventes : <strong>Jean-Jacques Goldman<\/strong> n?1, loin devant la concurrence internationale.<\/li>\n<\/ul>\n<h2>Conclusion et Perspectives<\/h2>\n<p>Nous synth\u00e9tisons : les <strong>chanteurs fran\u00e7ais ann\u00e9es 90<\/strong> comme <strong>Jean-Jacques Goldman<\/strong>, <strong>Florent Pagny<\/strong> et <strong>MC Solaar<\/strong> ont forg\u00e9 une \u00e8re d&rsquo;innovations, du rap pionnier aux ballades introspectives, avec des ventes cumul\u00e9es d\u00e9passant les <u>50 millions d&rsquo;unit\u00e9s<\/u> en France seule. Leur r\u00e9silience face \u00e0 l&rsquo;anglo-saxonnerie a pr\u00e9serv\u00e9 une identit\u00e9 musicale forte.<\/p>\n<p>Vers 2025, un revival s&rsquo;amorce via streaming : playlists <strong>Apple Music Pop Fran\u00e7aise 90s<\/strong> cumulent des millions d&rsquo;\u00e9coutes, influen\u00e7ant la nouvelle g\u00e9n\u00e9ration comme <strong>Louis Bertignac<\/strong> ou <strong>Vanessa Paradis<\/strong>. Nous vous invitons \u00e0 explorer ces treize cultes, \u00e0 int\u00e9grer leurs \u0153uvres \u00e0 vos rituels pour une appr\u00e9ciation maximale, et \u00e0 suivre les hommages live pr\u00e9vus \u00e0 <strong>Paris La D\u00e9fense Arena<\/strong>.<\/p>\n","protected":false},"excerpt":{"rendered":"","protected":false},"author":34,"featured_media":7699,"comment_status":"open","ping_status":"open","sticky":false,"template":"","format":"standard","meta":{"_acf_changed":false,"manual_indexmenow":false,"indexmenow_id_project":0,"footnotes":""},"categories":[4522],"tags":[4800,4799,4801],"class_list":["post-7697","post","type-post","status-publish","format-standard","has-post-thumbnail","hentry","category-musique-et-icones-musicales","tag-annees-90","tag-chanteurs-francais","tag-influence-musicale","generate-columns","tablet-grid-50","mobile-grid-100","grid-parent","grid-25"],"acf":[],"yoast_head":"<!-- This site is optimized with the Yoast SEO Premium plugin v21.3 (Yoast SEO v26.5) - https:\/\/yoast.com\/wordpress\/plugins\/seo\/ -->\n<title>Les chanteurs fran\u00e7ais des ann\u00e9es 90<\/title>\n<meta name=\"description\" content=\"Les chanteurs fran\u00e7ais ann\u00e9es 90 \u00e9mergent dans un contexte de mutation profonde de la sc\u00e8ne musicale, entre l&#039;explosion du CD comme support dominant\" \/>\n<meta name=\"robots\" content=\"index, follow, max-snippet:-1, max-image-preview:large, max-video-preview:-1\" \/>\n<link rel=\"canonical\" href=\"https:\/\/starstory.fr\/blog\/musique-et-icones-musicales\/les-chanteurs-francais-des-annees-90-analyse-de-leur-retour-et-influence\/\" \/>\n<meta property=\"og:locale\" content=\"fr_FR\" \/>\n<meta property=\"og:type\" content=\"article\" \/>\n<meta property=\"og:title\" content=\"Les chanteurs fran\u00e7ais des ann\u00e9es 90\" \/>\n<meta property=\"og:description\" content=\"Les chanteurs fran\u00e7ais ann\u00e9es 90 \u00e9mergent dans un contexte de mutation profonde de la sc\u00e8ne musicale, entre l&#039;explosion du CD comme support dominant\" \/>\n<meta property=\"og:url\" content=\"https:\/\/starstory.fr\/blog\/musique-et-icones-musicales\/les-chanteurs-francais-des-annees-90-analyse-de-leur-retour-et-influence\/\" \/>\n<meta property=\"og:site_name\" content=\"starstory\" \/>\n<meta property=\"og:image\" content=\"https:\/\/starstory.fr\/blog\/wp-content\/uploads\/2025\/12\/pag-image-693c02355c305-scaled.png\" \/>\n\t<meta property=\"og:image:width\" content=\"1200\" \/>\n\t<meta property=\"og:image:height\" content=\"686\" \/>\n\t<meta property=\"og:image:type\" content=\"image\/png\" \/>\n<meta name=\"author\" content=\"Rapha\u00ebl D.\" \/>\n<meta name=\"twitter:card\" content=\"summary_large_image\" \/>\n<script type=\"application\/ld+json\" class=\"yoast-schema-graph\">{\"@context\":\"https:\/\/schema.org\",\"@graph\":[{\"@type\":\"NewsArticle\",\"@id\":\"https:\/\/starstory.fr\/blog\/musique-et-icones-musicales\/les-chanteurs-francais-des-annees-90-analyse-de-leur-retour-et-influence\/#article\",\"isPartOf\":{\"@id\":\"https:\/\/starstory.fr\/blog\/musique-et-icones-musicales\/les-chanteurs-francais-des-annees-90-analyse-de-leur-retour-et-influence\/\"},\"author\":{\"name\":\"Rapha\u00ebl D.\",\"@id\":\"https:\/\/starstory.fr\/blog\/#\/schema\/person\/3c864cdc320801e3db34b663e7e3f816\"},\"headline\":\"Les chanteurs fran\u00e7ais des ann\u00e9es 90 : analyse de leur retour et influence\",\"datePublished\":\"2026-01-26T08:07:00+00:00\",\"mainEntityOfPage\":{\"@id\":\"https:\/\/starstory.fr\/blog\/musique-et-icones-musicales\/les-chanteurs-francais-des-annees-90-analyse-de-leur-retour-et-influence\/\"},\"wordCount\":987,\"commentCount\":0,\"publisher\":{\"@id\":\"https:\/\/starstory.fr\/blog\/#organization\"},\"image\":{\"@id\":\"https:\/\/starstory.fr\/blog\/musique-et-icones-musicales\/les-chanteurs-francais-des-annees-90-analyse-de-leur-retour-et-influence\/#primaryimage\"},\"thumbnailUrl\":\"https:\/\/starstory.fr\/blog\/wp-content\/uploads\/2025\/12\/pag-image-693c02355c305-scaled.png\",\"keywords\":[\"annees 90\",\"chanteurs francais\",\"influence musicale\"],\"articleSection\":[\"Musique et Ic\u00f4nes Musicales\"],\"inLanguage\":\"fr-FR\",\"potentialAction\":[{\"@type\":\"CommentAction\",\"name\":\"Comment\",\"target\":[\"https:\/\/starstory.fr\/blog\/musique-et-icones-musicales\/les-chanteurs-francais-des-annees-90-analyse-de-leur-retour-et-influence\/#respond\"]}]},{\"@type\":\"WebPage\",\"@id\":\"https:\/\/starstory.fr\/blog\/musique-et-icones-musicales\/les-chanteurs-francais-des-annees-90-analyse-de-leur-retour-et-influence\/\",\"url\":\"https:\/\/starstory.fr\/blog\/musique-et-icones-musicales\/les-chanteurs-francais-des-annees-90-analyse-de-leur-retour-et-influence\/\",\"name\":\"Les chanteurs fran\u00e7ais des ann\u00e9es 90\",\"isPartOf\":{\"@id\":\"https:\/\/starstory.fr\/blog\/#website\"},\"primaryImageOfPage\":{\"@id\":\"https:\/\/starstory.fr\/blog\/musique-et-icones-musicales\/les-chanteurs-francais-des-annees-90-analyse-de-leur-retour-et-influence\/#primaryimage\"},\"image\":{\"@id\":\"https:\/\/starstory.fr\/blog\/musique-et-icones-musicales\/les-chanteurs-francais-des-annees-90-analyse-de-leur-retour-et-influence\/#primaryimage\"},\"thumbnailUrl\":\"https:\/\/starstory.fr\/blog\/wp-content\/uploads\/2025\/12\/pag-image-693c02355c305-scaled.png\",\"datePublished\":\"2026-01-26T08:07:00+00:00\",\"description\":\"Les chanteurs fran\u00e7ais ann\u00e9es 90 \u00e9mergent dans un contexte de mutation profonde de la sc\u00e8ne musicale, entre l'explosion du CD comme support dominant\",\"inLanguage\":\"fr-FR\",\"potentialAction\":[{\"@type\":\"ReadAction\",\"target\":[\"https:\/\/starstory.fr\/blog\/musique-et-icones-musicales\/les-chanteurs-francais-des-annees-90-analyse-de-leur-retour-et-influence\/\"]}]},{\"@type\":\"ImageObject\",\"inLanguage\":\"fr-FR\",\"@id\":\"https:\/\/starstory.fr\/blog\/musique-et-icones-musicales\/les-chanteurs-francais-des-annees-90-analyse-de-leur-retour-et-influence\/#primaryimage\",\"url\":\"https:\/\/starstory.fr\/blog\/wp-content\/uploads\/2025\/12\/pag-image-693c02355c305-scaled.png\",\"contentUrl\":\"https:\/\/starstory.fr\/blog\/wp-content\/uploads\/2025\/12\/pag-image-693c02355c305-scaled.png\",\"width\":1200,\"height\":686,\"caption\":\"Image g\u00e9n\u00e9r\u00e9e par IA optimis\u00e9e pour Google Discover\"},{\"@type\":\"WebSite\",\"@id\":\"https:\/\/starstory.fr\/blog\/#website\",\"url\":\"https:\/\/starstory.fr\/blog\/\",\"name\":\"StarStory\",\"description\":\"StarStory, les \u00e9toiles racontent leur histoire\",\"publisher\":{\"@id\":\"https:\/\/starstory.fr\/blog\/#organization\"},\"alternateName\":\"StarStory, les \u00e9toiles racontent leur histoire\",\"potentialAction\":[{\"@type\":\"SearchAction\",\"target\":{\"@type\":\"EntryPoint\",\"urlTemplate\":\"https:\/\/starstory.fr\/blog\/?s={search_term_string}\"},\"query-input\":{\"@type\":\"PropertyValueSpecification\",\"valueRequired\":true,\"valueName\":\"search_term_string\"}}],\"inLanguage\":\"fr-FR\"},{\"@type\":\"Organization\",\"@id\":\"https:\/\/starstory.fr\/blog\/#organization\",\"name\":\"StarStory\",\"alternateName\":\"StarStory.fr\",\"url\":\"https:\/\/starstory.fr\/blog\/\",\"logo\":{\"@type\":\"ImageObject\",\"inLanguage\":\"fr-FR\",\"@id\":\"https:\/\/starstory.fr\/blog\/#\/schema\/logo\/image\/\",\"url\":\"https:\/\/starstory.fr\/blog\/wp-content\/uploads\/2024\/12\/38.png\",\"contentUrl\":\"https:\/\/starstory.fr\/blog\/wp-content\/uploads\/2024\/12\/38.png\",\"width\":500,\"height\":500,\"caption\":\"StarStory\"},\"image\":{\"@id\":\"https:\/\/starstory.fr\/blog\/#\/schema\/logo\/image\/\"}},{\"@type\":\"Person\",\"@id\":\"https:\/\/starstory.fr\/blog\/#\/schema\/person\/3c864cdc320801e3db34b663e7e3f816\",\"name\":\"Rapha\u00ebl D.\",\"image\":{\"@type\":\"ImageObject\",\"inLanguage\":\"fr-FR\",\"@id\":\"https:\/\/starstory.fr\/blog\/#\/schema\/person\/image\/\",\"url\":\"https:\/\/starstory.fr\/blog\/wp-content\/uploads\/2026\/06\/persona_raphael-d-96x96.jpg\",\"contentUrl\":\"https:\/\/starstory.fr\/blog\/wp-content\/uploads\/2026\/06\/persona_raphael-d-96x96.jpg\",\"caption\":\"Rapha\u00ebl D.\"},\"description\":\"La culture est mon terrain de jeu depuis une dizaine d'ann\u00e9es : arts visuels, s\u00e9ries, cr\u00e9ation et tout ce qui nourrit l'imaginaire. J'\u00e9cris aussi bien sur l'actualit\u00e9 des \u0153uvres que sur les coulisses de la cr\u00e9ation, avec l'envie de relier l'amateur curieux \u00e0 des univers parfois jug\u00e9s intimidants. J'aime analyser une s\u00e9rie ou une d\u00e9marche artistique sans p\u00e9dantisme, replacer une \u0153uvre dans son contexte et donner des cl\u00e9s de lecture accessibles. Avant de publier, je v\u00e9rifie mes r\u00e9f\u00e9rences, je recoupe les sources et je distingue clairement le fait de mon interpr\u00e9tation subjective. Je crois qu'une critique vaut surtout par les arguments qu'elle expose, pas par la sentence qu'elle rend. Mon angle : transmettre l'envie de d\u00e9couvrir, de regarder autrement et de se forger son propre go\u00fbt. La culture n'appartient pas qu'aux initi\u00e9s, et c'est tout l'enjeu de mon \u00e9criture.\",\"url\":\"https:\/\/starstory.fr\/blog\/auteur\/noname\/\",\"jobTitle\":\"R\u00e9dacteur en chef \u00b7 Culture & Cr\u00e9ation\",\"knowsAbout\":[\"Culture\",\"Cr\u00e9ation\"],\"email\":\"raphael.d@a-l-asso-de-l-art.fr\"}]}<\/script>\n<!-- \/ Yoast SEO Premium plugin. -->","yoast_head_json":{"title":"Les chanteurs fran\u00e7ais des ann\u00e9es 90","description":"Les chanteurs fran\u00e7ais ann\u00e9es 90 \u00e9mergent dans un contexte de mutation profonde de la sc\u00e8ne musicale, entre l'explosion du CD comme support dominant","robots":{"index":"index","follow":"follow","max-snippet":"max-snippet:-1","max-image-preview":"max-image-preview:large","max-video-preview":"max-video-preview:-1"},"canonical":"https:\/\/starstory.fr\/blog\/musique-et-icones-musicales\/les-chanteurs-francais-des-annees-90-analyse-de-leur-retour-et-influence\/","og_locale":"fr_FR","og_type":"article","og_title":"Les chanteurs fran\u00e7ais des ann\u00e9es 90","og_description":"Les chanteurs fran\u00e7ais ann\u00e9es 90 \u00e9mergent dans un contexte de mutation profonde de la sc\u00e8ne musicale, entre l'explosion du CD comme support dominant","og_url":"https:\/\/starstory.fr\/blog\/musique-et-icones-musicales\/les-chanteurs-francais-des-annees-90-analyse-de-leur-retour-et-influence\/","og_site_name":"starstory","og_image":[{"width":1200,"height":686,"url":"https:\/\/starstory.fr\/blog\/wp-content\/uploads\/2025\/12\/pag-image-693c02355c305-scaled.png","type":"image\/png"}],"author":"Rapha\u00ebl D.","twitter_card":"summary_large_image","schema":{"@context":"https:\/\/schema.org","@graph":[{"@type":"NewsArticle","@id":"https:\/\/starstory.fr\/blog\/musique-et-icones-musicales\/les-chanteurs-francais-des-annees-90-analyse-de-leur-retour-et-influence\/#article","isPartOf":{"@id":"https:\/\/starstory.fr\/blog\/musique-et-icones-musicales\/les-chanteurs-francais-des-annees-90-analyse-de-leur-retour-et-influence\/"},"author":{"name":"Rapha\u00ebl D.","@id":"https:\/\/starstory.fr\/blog\/#\/schema\/person\/3c864cdc320801e3db34b663e7e3f816"},"headline":"Les chanteurs fran\u00e7ais des ann\u00e9es 90 : analyse de leur retour et influence","datePublished":"2026-01-26T08:07:00+00:00","mainEntityOfPage":{"@id":"https:\/\/starstory.fr\/blog\/musique-et-icones-musicales\/les-chanteurs-francais-des-annees-90-analyse-de-leur-retour-et-influence\/"},"wordCount":987,"commentCount":0,"publisher":{"@id":"https:\/\/starstory.fr\/blog\/#organization"},"image":{"@id":"https:\/\/starstory.fr\/blog\/musique-et-icones-musicales\/les-chanteurs-francais-des-annees-90-analyse-de-leur-retour-et-influence\/#primaryimage"},"thumbnailUrl":"https:\/\/starstory.fr\/blog\/wp-content\/uploads\/2025\/12\/pag-image-693c02355c305-scaled.png","keywords":["annees 90","chanteurs francais","influence musicale"],"articleSection":["Musique et Ic\u00f4nes Musicales"],"inLanguage":"fr-FR","potentialAction":[{"@type":"CommentAction","name":"Comment","target":["https:\/\/starstory.fr\/blog\/musique-et-icones-musicales\/les-chanteurs-francais-des-annees-90-analyse-de-leur-retour-et-influence\/#respond"]}]},{"@type":"WebPage","@id":"https:\/\/starstory.fr\/blog\/musique-et-icones-musicales\/les-chanteurs-francais-des-annees-90-analyse-de-leur-retour-et-influence\/","url":"https:\/\/starstory.fr\/blog\/musique-et-icones-musicales\/les-chanteurs-francais-des-annees-90-analyse-de-leur-retour-et-influence\/","name":"Les chanteurs fran\u00e7ais des ann\u00e9es 90","isPartOf":{"@id":"https:\/\/starstory.fr\/blog\/#website"},"primaryImageOfPage":{"@id":"https:\/\/starstory.fr\/blog\/musique-et-icones-musicales\/les-chanteurs-francais-des-annees-90-analyse-de-leur-retour-et-influence\/#primaryimage"},"image":{"@id":"https:\/\/starstory.fr\/blog\/musique-et-icones-musicales\/les-chanteurs-francais-des-annees-90-analyse-de-leur-retour-et-influence\/#primaryimage"},"thumbnailUrl":"https:\/\/starstory.fr\/blog\/wp-content\/uploads\/2025\/12\/pag-image-693c02355c305-scaled.png","datePublished":"2026-01-26T08:07:00+00:00","description":"Les chanteurs fran\u00e7ais ann\u00e9es 90 \u00e9mergent dans un contexte de mutation profonde de la sc\u00e8ne musicale, entre l'explosion du CD comme support dominant","inLanguage":"fr-FR","potentialAction":[{"@type":"ReadAction","target":["https:\/\/starstory.fr\/blog\/musique-et-icones-musicales\/les-chanteurs-francais-des-annees-90-analyse-de-leur-retour-et-influence\/"]}]},{"@type":"ImageObject","inLanguage":"fr-FR","@id":"https:\/\/starstory.fr\/blog\/musique-et-icones-musicales\/les-chanteurs-francais-des-annees-90-analyse-de-leur-retour-et-influence\/#primaryimage","url":"https:\/\/starstory.fr\/blog\/wp-content\/uploads\/2025\/12\/pag-image-693c02355c305-scaled.png","contentUrl":"https:\/\/starstory.fr\/blog\/wp-content\/uploads\/2025\/12\/pag-image-693c02355c305-scaled.png","width":1200,"height":686,"caption":"Image g\u00e9n\u00e9r\u00e9e par IA optimis\u00e9e pour Google Discover"},{"@type":"WebSite","@id":"https:\/\/starstory.fr\/blog\/#website","url":"https:\/\/starstory.fr\/blog\/","name":"StarStory","description":"StarStory, les \u00e9toiles racontent leur histoire","publisher":{"@id":"https:\/\/starstory.fr\/blog\/#organization"},"alternateName":"StarStory, les \u00e9toiles racontent leur histoire","potentialAction":[{"@type":"SearchAction","target":{"@type":"EntryPoint","urlTemplate":"https:\/\/starstory.fr\/blog\/?s={search_term_string}"},"query-input":{"@type":"PropertyValueSpecification","valueRequired":true,"valueName":"search_term_string"}}],"inLanguage":"fr-FR"},{"@type":"Organization","@id":"https:\/\/starstory.fr\/blog\/#organization","name":"StarStory","alternateName":"StarStory.fr","url":"https:\/\/starstory.fr\/blog\/","logo":{"@type":"ImageObject","inLanguage":"fr-FR","@id":"https:\/\/starstory.fr\/blog\/#\/schema\/logo\/image\/","url":"https:\/\/starstory.fr\/blog\/wp-content\/uploads\/2024\/12\/38.png","contentUrl":"https:\/\/starstory.fr\/blog\/wp-content\/uploads\/2024\/12\/38.png","width":500,"height":500,"caption":"StarStory"},"image":{"@id":"https:\/\/starstory.fr\/blog\/#\/schema\/logo\/image\/"}},{"@type":"Person","@id":"https:\/\/starstory.fr\/blog\/#\/schema\/person\/3c864cdc320801e3db34b663e7e3f816","name":"Rapha\u00ebl D.","image":{"@type":"ImageObject","inLanguage":"fr-FR","@id":"https:\/\/starstory.fr\/blog\/#\/schema\/person\/image\/","url":"https:\/\/starstory.fr\/blog\/wp-content\/uploads\/2026\/06\/persona_raphael-d-96x96.jpg","contentUrl":"https:\/\/starstory.fr\/blog\/wp-content\/uploads\/2026\/06\/persona_raphael-d-96x96.jpg","caption":"Rapha\u00ebl D."},"description":"La culture est mon terrain de jeu depuis une dizaine d'ann\u00e9es : arts visuels, s\u00e9ries, cr\u00e9ation et tout ce qui nourrit l'imaginaire. J'\u00e9cris aussi bien sur l'actualit\u00e9 des \u0153uvres que sur les coulisses de la cr\u00e9ation, avec l'envie de relier l'amateur curieux \u00e0 des univers parfois jug\u00e9s intimidants. J'aime analyser une s\u00e9rie ou une d\u00e9marche artistique sans p\u00e9dantisme, replacer une \u0153uvre dans son contexte et donner des cl\u00e9s de lecture accessibles. Avant de publier, je v\u00e9rifie mes r\u00e9f\u00e9rences, je recoupe les sources et je distingue clairement le fait de mon interpr\u00e9tation subjective. Je crois qu'une critique vaut surtout par les arguments qu'elle expose, pas par la sentence qu'elle rend. Mon angle : transmettre l'envie de d\u00e9couvrir, de regarder autrement et de se forger son propre go\u00fbt. La culture n'appartient pas qu'aux initi\u00e9s, et c'est tout l'enjeu de mon \u00e9criture.","url":"https:\/\/starstory.fr\/blog\/auteur\/noname\/","jobTitle":"R\u00e9dacteur en chef \u00b7 Culture & Cr\u00e9ation","knowsAbout":["Culture","Cr\u00e9ation"],"email":"raphael.d@a-l-asso-de-l-art.fr"}]}},"_links":{"self":[{"href":"https:\/\/starstory.fr\/blog\/wp-json\/wp\/v2\/posts\/7697","targetHints":{"allow":["GET"]}}],"collection":[{"href":"https:\/\/starstory.fr\/blog\/wp-json\/wp\/v2\/posts"}],"about":[{"href":"https:\/\/starstory.fr\/blog\/wp-json\/wp\/v2\/types\/post"}],"author":[{"embeddable":true,"href":"https:\/\/starstory.fr\/blog\/wp-json\/wp\/v2\/users\/34"}],"replies":[{"embeddable":true,"href":"https:\/\/starstory.fr\/blog\/wp-json\/wp\/v2\/comments?post=7697"}],"version-history":[{"count":1,"href":"https:\/\/starstory.fr\/blog\/wp-json\/wp\/v2\/posts\/7697\/revisions"}],"predecessor-version":[{"id":7755,"href":"https:\/\/starstory.fr\/blog\/wp-json\/wp\/v2\/posts\/7697\/revisions\/7755"}],"wp:featuredmedia":[{"embeddable":true,"href":"https:\/\/starstory.fr\/blog\/wp-json\/wp\/v2\/media\/7699"}],"wp:attachment":[{"href":"https:\/\/starstory.fr\/blog\/wp-json\/wp\/v2\/media?parent=7697"}],"wp:term":[{"taxonomy":"category","embeddable":true,"href":"https:\/\/starstory.fr\/blog\/wp-json\/wp\/v2\/categories?post=7697"},{"taxonomy":"post_tag","embeddable":true,"href":"https:\/\/starstory.fr\/blog\/wp-json\/wp\/v2\/tags?post=7697"}],"curies":[{"name":"wp","href":"https:\/\/api.w.org\/{rel}","templated":true}]}}