{"id":7688,"date":"2026-01-15T09:46:00","date_gmt":"2026-01-15T08:46:00","guid":{"rendered":"https:\/\/starstory.fr\/blog\/?p=7688"},"modified":"2026-06-19T17:28:59","modified_gmt":"2026-06-19T15:28:59","slug":"les-artistes-feminines-francaises-actives-depuis-2018-styles-et-tendances-cles","status":"publish","type":"post","link":"https:\/\/starstory.fr\/blog\/musique-et-icones-musicales\/les-artistes-feminines-francaises-actives-depuis-2018-styles-et-tendances-cles\/","title":{"rendered":"Chanteuses fran\u00e7aises actuelles : les artistes f\u00e9minines \u00e0 suivre en ce moment"},"content":{"rendered":"<h1>Chanteuses fran\u00e7aises actuelles : les artistes f\u00e9minines \u00e0 suivre en ce moment<\/h1>\n<aside style=\"background:#FBEAF2;border-left:5px solid #B11E6A;padding:22px 28px;margin:24px 0;font-family:-apple-system,BlinkMacSystemFont,'Segoe UI',Roboto,sans-serif;\">\n<div style=\"margin:0;font-size:19px;line-height:1.55;color:#2a2a2a;font-weight:500;letter-spacing:-0.005em;\">\n    La sc\u00e8ne f\u00e9minine fran\u00e7aise n&rsquo;a jamais \u00e9t\u00e9 aussi vivante : afro-pop, vari\u00e9t\u00e9, \u00e9lectro-chanson, folk intime ou pop engag\u00e9e se c\u00f4toient. Voici les chanteuses fran\u00e7aises actuelles \u00e0 conna\u00eetre, avec leur style et leur titre phare, pour savoir qui \u00e9couter en ce moment.\n  <\/div>\n<\/aside>\n<p>Vous cherchez \u00e0 savoir <strong>quelles chanteuses fran\u00e7aises \u00e9couter en ce moment<\/strong> ? La r\u00e9ponse courte : la sc\u00e8ne est domin\u00e9e par une poign\u00e9e d&rsquo;artistes f\u00e9minines qui trustent les <strong>Victoires de la musique<\/strong>, les tops streaming et les affiches de festivals. D&rsquo;<strong>Aya Nakamura<\/strong>, la francophone la plus \u00e9cout\u00e9e au monde, \u00e0 <strong>Zaho de Sagazan<\/strong>, r\u00e9v\u00e9lation critique, en passant par <strong>Ang\u00e8le<\/strong>, <strong>Clara Luciani<\/strong>, <strong>Louane<\/strong>, <strong>Santa<\/strong> ou <strong>Yseult<\/strong>, ces voix incarnent la pop fran\u00e7aise d&rsquo;aujourd&rsquo;hui. Ce guide les pr\u00e9sente une \u00e0 une, class\u00e9es par style, pour vous aider \u00e0 composer vos playlists et suivre l&rsquo;actualit\u00e9 musicale.<\/p>\n<h2>Les chanteuses fran\u00e7aises actuelles \u00e0 conna\u00eetre<\/h2>\n<p>Voici un panorama des artistes f\u00e9minines les plus marquantes de la sc\u00e8ne fran\u00e7aise du moment. Chaque portrait r\u00e9sume leur style et le titre qui les a install\u00e9es aupr\u00e8s du grand public.<\/p>\n<div style=\"display:grid;grid-template-columns:repeat(auto-fit,minmax(220px,1fr));gap:14px;margin:28px 0;font-family:-apple-system,BlinkMacSystemFont,'Segoe UI',Roboto,sans-serif;\">\n<article style=\"background:#fff;border:1px solid #e5e5e0;border-top:3px solid #B11E6A;border-radius:6px;padding:18px 18px 16px;\">\n<div style=\"width:36px;height:36px;background:#FBEAF2;border-radius:50%;display:inline-flex;align-items:center;justify-content:center;margin-bottom:12px;\">\n      <span style=\"font-size:18px;color:#B11E6A;font-weight:900;font-family:Georgia,serif;\">01<\/span>\n    <\/div>\n<h3 style=\"margin:0 0 6px 0;font-size:16px;font-weight:700;color:#1a1a1a;letter-spacing:-0.01em;\">Aya Nakamura<\/h3>\n<div style=\"margin:0;font-size:13.5px;line-height:1.55;color:#4a4a4a;\">Afro-pop et R&amp;B m\u00eal\u00e9s de verlan. La chanteuse francophone la plus \u00e9cout\u00e9e au monde, r\u00e9v\u00e9l\u00e9e par <em>Djadja<\/em> (2018), artiste f\u00e9minine aux Victoires 2024.<\/div>\n<\/article>\n<article style=\"background:#fff;border:1px solid #e5e5e0;border-top:3px solid #B11E6A;border-radius:6px;padding:18px 18px 16px;\">\n<div style=\"width:36px;height:36px;background:#FBEAF2;border-radius:50%;display:inline-flex;align-items:center;justify-content:center;margin-bottom:12px;\">\n      <span style=\"font-size:18px;color:#B11E6A;font-weight:900;font-family:Georgia,serif;\">02<\/span>\n    <\/div>\n<h3 style=\"margin:0 0 6px 0;font-size:16px;font-weight:700;color:#1a1a1a;letter-spacing:-0.01em;\">Ang\u00e8le<\/h3>\n<div style=\"margin:0;font-size:13.5px;line-height:1.55;color:#4a4a4a;\">Pop acidul\u00e9e et f\u00e9ministe. La Belge install\u00e9e sur la sc\u00e8ne fran\u00e7aise a marqu\u00e9 les esprits avec <em>Balance ton quoi<\/em>, hymne g\u00e9n\u00e9rationnel.<\/div>\n<\/article>\n<article style=\"background:#fff;border:1px solid #e5e5e0;border-top:3px solid #B11E6A;border-radius:6px;padding:18px 18px 16px;\">\n<div style=\"width:36px;height:36px;background:#FBEAF2;border-radius:50%;display:inline-flex;align-items:center;justify-content:center;margin-bottom:12px;\">\n      <span style=\"font-size:18px;color:#B11E6A;font-weight:900;font-family:Georgia,serif;\">03<\/span>\n    <\/div>\n<h3 style=\"margin:0 0 6px 0;font-size:16px;font-weight:700;color:#1a1a1a;letter-spacing:-0.01em;\">Clara Luciani<\/h3>\n<div style=\"margin:0;font-size:13.5px;line-height:1.55;color:#4a4a4a;\">Pop-rock puis disco-pop, voix grave et textes po\u00e9tiques. <em>La Grenade<\/em> l&rsquo;a r\u00e9v\u00e9l\u00e9e ; ses albums suivants confirment son statut de star.<\/div>\n<\/article>\n<article style=\"background:#fff;border:1px solid #e5e5e0;border-top:3px solid #B11E6A;border-radius:6px;padding:18px 18px 16px;\">\n<div style=\"width:36px;height:36px;background:#FBEAF2;border-radius:50%;display:inline-flex;align-items:center;justify-content:center;margin-bottom:12px;\">\n      <span style=\"font-size:18px;color:#B11E6A;font-weight:900;font-family:Georgia,serif;\">04<\/span>\n    <\/div>\n<h3 style=\"margin:0 0 6px 0;font-size:16px;font-weight:700;color:#1a1a1a;letter-spacing:-0.01em;\">Louane<\/h3>\n<div style=\"margin:0;font-size:13.5px;line-height:1.55;color:#4a4a4a;\">Vari\u00e9t\u00e9 pop sensible. R\u00e9v\u00e9l\u00e9e par <em>La Famille B\u00e9lier<\/em>, elle a repr\u00e9sent\u00e9 la France \u00e0 l&rsquo;Eurovision 2025 avec <em>Maman<\/em>.<\/div>\n<\/article>\n<article style=\"background:#fff;border:1px solid #e5e5e0;border-top:3px solid #B11E6A;border-radius:6px;padding:18px 18px 16px;\">\n<div style=\"width:36px;height:36px;background:#FBEAF2;border-radius:50%;display:inline-flex;align-items:center;justify-content:center;margin-bottom:12px;\">\n      <span style=\"font-size:18px;color:#B11E6A;font-weight:900;font-family:Georgia,serif;\">05<\/span>\n    <\/div>\n<h3 style=\"margin:0 0 6px 0;font-size:16px;font-weight:700;color:#1a1a1a;letter-spacing:-0.01em;\">Zaho de Sagazan<\/h3>\n<div style=\"margin:0;font-size:13.5px;line-height:1.55;color:#4a4a4a;\">\u00c9lectro-chanson introspective, voix grave. Son album <em>La Symphonie des \u00e9clairs<\/em> a rafl\u00e9 plusieurs Victoires de la musique 2024.<\/div>\n<\/article>\n<article style=\"background:#fff;border:1px solid #e5e5e0;border-top:3px solid #B11E6A;border-radius:6px;padding:18px 18px 16px;\">\n<div style=\"width:36px;height:36px;background:#FBEAF2;border-radius:50%;display:inline-flex;align-items:center;justify-content:center;margin-bottom:12px;\">\n      <span style=\"font-size:18px;color:#B11E6A;font-weight:900;font-family:Georgia,serif;\">06<\/span>\n    <\/div>\n<h3 style=\"margin:0 0 6px 0;font-size:16px;font-weight:700;color:#1a1a1a;letter-spacing:-0.01em;\">Santa<\/h3>\n<div style=\"margin:0;font-size:13.5px;line-height:1.55;color:#4a4a4a;\">Pop chanson, ancienne voix du groupe Hyphen Hyphen en solo. Sa ballade <em>Popcorn sal\u00e9<\/em>, certifi\u00e9e diamant, est l&rsquo;un des tubes de 2024.<\/div>\n<\/article>\n<article style=\"background:#fff;border:1px solid #e5e5e0;border-top:3px solid #B11E6A;border-radius:6px;padding:18px 18px 16px;\">\n<div style=\"width:36px;height:36px;background:#FBEAF2;border-radius:50%;display:inline-flex;align-items:center;justify-content:center;margin-bottom:12px;\">\n      <span style=\"font-size:18px;color:#B11E6A;font-weight:900;font-family:Georgia,serif;\">07<\/span>\n    <\/div>\n<h3 style=\"margin:0 0 6px 0;font-size:16px;font-weight:700;color:#1a1a1a;letter-spacing:-0.01em;\">Yseult<\/h3>\n<div style=\"margin:0;font-size:13.5px;line-height:1.55;color:#4a4a4a;\">Pop soul puissante et minimaliste. Avec l&rsquo;album <em>Mental<\/em> et le titre <em>Alibi<\/em>, elle est entr\u00e9e au Billboard 200 am\u00e9ricain.<\/div>\n<\/article>\n<article style=\"background:#fff;border:1px solid #e5e5e0;border-top:3px solid #B11E6A;border-radius:6px;padding:18px 18px 16px;\">\n<div style=\"width:36px;height:36px;background:#FBEAF2;border-radius:50%;display:inline-flex;align-items:center;justify-content:center;margin-bottom:12px;\">\n      <span style=\"font-size:18px;color:#B11E6A;font-weight:900;font-family:Georgia,serif;\">08<\/span>\n    <\/div>\n<h3 style=\"margin:0 0 6px 0;font-size:16px;font-weight:700;color:#1a1a1a;letter-spacing:-0.01em;\">Pomme<\/h3>\n<div style=\"margin:0;font-size:13.5px;line-height:1.55;color:#4a4a4a;\">Folk intime et chanson sensible, textes sur l&rsquo;int\u00e9riorit\u00e9 et la sant\u00e9 mentale. Son album <em>Consolation<\/em> a \u00e9t\u00e9 salu\u00e9 aux Victoires.<\/div>\n<\/article>\n<article style=\"background:#fff;border:1px solid #e5e5e0;border-top:3px solid #B11E6A;border-radius:6px;padding:18px 18px 16px;\">\n<div style=\"width:36px;height:36px;background:#FBEAF2;border-radius:50%;display:inline-flex;align-items:center;justify-content:center;margin-bottom:12px;\">\n      <span style=\"font-size:18px;color:#B11E6A;font-weight:900;font-family:Georgia,serif;\">09<\/span>\n    <\/div>\n<h3 style=\"margin:0 0 6px 0;font-size:16px;font-weight:700;color:#1a1a1a;letter-spacing:-0.01em;\">Juliette Armanet<\/h3>\n<div style=\"margin:0;font-size:13.5px;line-height:1.55;color:#4a4a4a;\">Pop-disco \u00e9l\u00e9gante, h\u00e9riti\u00e8re de la grande chanson fran\u00e7aise. <em>L&rsquo;Amour en solitaire<\/em> et l&rsquo;album <em>Br\u00fbler le feu<\/em> ont scell\u00e9 son succ\u00e8s.<\/div>\n<\/article>\n<article style=\"background:#fff;border:1px solid #e5e5e0;border-top:3px solid #B11E6A;border-radius:6px;padding:18px 18px 16px;\">\n<div style=\"width:36px;height:36px;background:#FBEAF2;border-radius:50%;display:inline-flex;align-items:center;justify-content:center;margin-bottom:12px;\">\n      <span style=\"font-size:18px;color:#B11E6A;font-weight:900;font-family:Georgia,serif;\">10<\/span>\n    <\/div>\n<h3 style=\"margin:0 0 6px 0;font-size:16px;font-weight:700;color:#1a1a1a;letter-spacing:-0.01em;\">Hoshi<\/h3>\n<div style=\"margin:0;font-size:13.5px;line-height:1.55;color:#4a4a4a;\">Pop-rock \u00e9nergique et textes engag\u00e9s sur l&rsquo;identit\u00e9. <em>Ta marini\u00e8re<\/em> reste son titre le plus embl\u00e9matique.<\/div>\n<\/article>\n<\/div>\n<h2>Panorama des chanteuses fran\u00e7aises actuelles : style et titre phare<\/h2>\n<p>Pour vous rep\u00e9rer d&rsquo;un coup d&rsquo;\u0153il, ce tableau r\u00e9capitule les artistes f\u00e9minines fran\u00e7aises majeures du moment, leur registre musical et la chanson par laquelle commencer.<\/p>\n<figure style=\"margin:32px 0;font-family:-apple-system,BlinkMacSystemFont,'Segoe UI',Roboto,sans-serif;\">\n<div style=\"overflow-x:auto;border:1px solid #e5e5e0;border-radius:8px;\">\n<table style=\"width:100%;border-collapse:collapse;font-size:14px;color:#2a2a2a;min-width:500px;\">\n<thead>\n<tr style=\"background:#1a1a1a;color:#fff;\">\n<th style=\"text-align:left;padding:14px 18px;font-weight:700;font-size:12px;text-transform:uppercase;letter-spacing:1.5px;\">Artiste<\/th>\n<th style=\"text-align:left;padding:14px 18px;font-weight:700;font-size:12px;text-transform:uppercase;letter-spacing:1.5px;\">Style<\/th>\n<th style=\"text-align:left;padding:14px 18px;font-weight:700;font-size:12px;text-transform:uppercase;letter-spacing:1.5px;\">Titre phare<\/th>\n<\/tr>\n<\/thead>\n<tbody>\n<tr style=\"background:#fff;border-bottom:1px solid #f0ede5;\">\n<td style=\"padding:14px 18px;font-weight:600;\">Aya Nakamura<\/td>\n<td style=\"padding:14px 18px;color:#4a4a4a;\">Afro-pop \/ R&amp;B<\/td>\n<td style=\"padding:14px 18px;color:#4a4a4a;\">Djadja<\/td>\n<\/tr>\n<tr style=\"background:#fafaf7;border-bottom:1px solid #f0ede5;\">\n<td style=\"padding:14px 18px;font-weight:600;\">Ang\u00e8le<\/td>\n<td style=\"padding:14px 18px;color:#4a4a4a;\">Pop engag\u00e9e<\/td>\n<td style=\"padding:14px 18px;color:#4a4a4a;\">Balance ton quoi<\/td>\n<\/tr>\n<tr style=\"background:#fff;border-bottom:1px solid #f0ede5;\">\n<td style=\"padding:14px 18px;font-weight:600;\">Clara Luciani<\/td>\n<td style=\"padding:14px 18px;color:#4a4a4a;\">Pop-rock \/ disco-pop<\/td>\n<td style=\"padding:14px 18px;color:#4a4a4a;\">La Grenade<\/td>\n<\/tr>\n<tr style=\"background:#fafaf7;border-bottom:1px solid #f0ede5;\">\n<td style=\"padding:14px 18px;font-weight:600;\">Louane<\/td>\n<td style=\"padding:14px 18px;color:#4a4a4a;\">Vari\u00e9t\u00e9 pop<\/td>\n<td style=\"padding:14px 18px;color:#4a4a4a;\">Maman<\/td>\n<\/tr>\n<tr style=\"background:#fff;border-bottom:1px solid #f0ede5;\">\n<td style=\"padding:14px 18px;font-weight:600;\">Zaho de Sagazan<\/td>\n<td style=\"padding:14px 18px;color:#4a4a4a;\">\u00c9lectro-chanson<\/td>\n<td style=\"padding:14px 18px;color:#4a4a4a;\">La Symphonie des \u00e9clairs<\/td>\n<\/tr>\n<tr style=\"background:#fafaf7;border-bottom:1px solid #f0ede5;\">\n<td style=\"padding:14px 18px;font-weight:600;\">Santa<\/td>\n<td style=\"padding:14px 18px;color:#4a4a4a;\">Pop chanson<\/td>\n<td style=\"padding:14px 18px;color:#4a4a4a;\">Popcorn sal\u00e9<\/td>\n<\/tr>\n<tr style=\"background:#fff;border-bottom:1px solid #f0ede5;\">\n<td style=\"padding:14px 18px;font-weight:600;\">Yseult<\/td>\n<td style=\"padding:14px 18px;color:#4a4a4a;\">Pop soul<\/td>\n<td style=\"padding:14px 18px;color:#4a4a4a;\">Alibi<\/td>\n<\/tr>\n<tr style=\"background:#fafaf7;border-bottom:1px solid #f0ede5;\">\n<td style=\"padding:14px 18px;font-weight:600;\">Pomme<\/td>\n<td style=\"padding:14px 18px;color:#4a4a4a;\">Folk \/ chanson<\/td>\n<td style=\"padding:14px 18px;color:#4a4a4a;\">Consolation<\/td>\n<\/tr>\n<tr style=\"background:#fff;border-bottom:1px solid #f0ede5;\">\n<td style=\"padding:14px 18px;font-weight:600;\">Juliette Armanet<\/td>\n<td style=\"padding:14px 18px;color:#4a4a4a;\">Pop-disco<\/td>\n<td style=\"padding:14px 18px;color:#4a4a4a;\">L&rsquo;Amour en solitaire<\/td>\n<\/tr>\n<tr style=\"background:#fafaf7;\">\n<td style=\"padding:14px 18px;font-weight:600;\">Hoshi<\/td>\n<td style=\"padding:14px 18px;color:#4a4a4a;\">Pop-rock<\/td>\n<td style=\"padding:14px 18px;color:#4a4a4a;\">Ta marini\u00e8re<\/td>\n<\/tr>\n<\/tbody>\n<\/table><\/div><figcaption style=\"font-size:11px;color:#7a7a7a;margin-top:8px;text-align:right;letter-spacing:0.3px;\">S\u00e9lection indicative des artistes f\u00e9minines fran\u00e7aises majeures du moment.<\/figcaption><\/figure>\n<h2>Les t\u00eates d&rsquo;affiche : afro-pop, vari\u00e9t\u00e9 et pop mainstream<\/h2>\n<p>Au sommet de la sc\u00e8ne fran\u00e7aise, quelques noms d\u00e9passent largement le cadre de l&rsquo;Hexagone. <strong>Aya Nakamura<\/strong> est devenue la chanteuse francophone la plus \u00e9cout\u00e9e au monde : son afro-pop teint\u00e9e de verlan et de franglais, lanc\u00e9e par <em>Djadja<\/em> en 2018, lui a valu le titre d&rsquo;artiste f\u00e9minine aux Victoires de la musique 2024. Elle incarne \u00e0 elle seule la modernit\u00e9 d&rsquo;une vari\u00e9t\u00e9 fran\u00e7aise d\u00e9complex\u00e9e et exportable.<\/p>\n<p>\u00c0 ses c\u00f4t\u00e9s, <strong>Ang\u00e8le<\/strong> a impos\u00e9 une pop acidul\u00e9e et f\u00e9ministe dont <em>Balance ton quoi<\/em> est devenu un v\u00e9ritable hymne g\u00e9n\u00e9rationnel. <strong>Clara Luciani<\/strong>, avec sa voix grave et ses textes cisel\u00e9s, est pass\u00e9e du pop-rock de <em>La Grenade<\/em> \u00e0 un disco-pop solaire qui remplit les salles. Et <strong>Louane<\/strong>, r\u00e9v\u00e9l\u00e9e au cin\u00e9ma par <em>La Famille B\u00e9lier<\/em>, a confirm\u00e9 son statut de star populaire en repr\u00e9sentant la France \u00e0 l&rsquo;Eurovision 2025 avec le titre <em>Maman<\/em>.<\/p>\n<aside style=\"background:#FBEAF2;border-left:4px solid #B11E6A;padding:14px 18px;margin:18px 0;border-radius:0 4px 4px 0;font-family:-apple-system,BlinkMacSystemFont,'Segoe UI',Roboto,sans-serif;\">\n  <strong style=\"display:inline-block;color:#B11E6A;font-size:12px;text-transform:uppercase;letter-spacing:1.5px;margin-right:8px;\">&#128161; Bon \u00e0 savoir<\/strong><br \/>\n  <span style=\"font-size:14.5px;line-height:1.55;color:#3a3a3a;\">Les Victoires de la musique sont un excellent barom\u00e8tre : suivre les nomm\u00e9es et laur\u00e9ates de l&rsquo;ann\u00e9e en cours est le moyen le plus simple de rep\u00e9rer les chanteuses qui comptent.<\/span><br \/>\n<\/aside>\n<h2>La nouvelle vague : \u00e9lectro-chanson, pop soul et r\u00e9v\u00e9lations<\/h2>\n<p>La sc\u00e8ne fran\u00e7aise se renouvelle vite, port\u00e9e par des voix qui m\u00ealent exigence artistique et succ\u00e8s public. <strong>Zaho de Sagazan<\/strong> en est l&rsquo;exemple le plus frappant : son \u00e9lectro-chanson grave et litt\u00e9raire, port\u00e9e par l&rsquo;album <em>La Symphonie des \u00e9clairs<\/em>, lui a valu plusieurs Victoires de la musique 2024 et une reconnaissance critique unanime.<\/p>\n<p><strong>Yseult<\/strong> impose une pop soul minimaliste et puissante : avec l&rsquo;album <em>Mental<\/em> et le titre <em>Alibi<\/em>, elle a franchi les fronti\u00e8res en entrant au Billboard 200 am\u00e9ricain. <strong>Santa<\/strong>, apr\u00e8s le groupe Hyphen Hyphen, a explos\u00e9 en solo avec la ballade <em>Popcorn sal\u00e9<\/em>, certifi\u00e9e diamant et devenue l&rsquo;un des tubes de 2024. Ces trois trajectoires montrent une sc\u00e8ne f\u00e9minine capable de conjuguer audace et large public.<\/p>\n<h2>Folk, chanson d&rsquo;auteure et pop \u00e9l\u00e9gante<\/h2>\n<p>\u00c0 c\u00f4t\u00e9 des t\u00eates d&rsquo;affiche, une g\u00e9n\u00e9ration d&rsquo;autrices-compositrices cultive une intimit\u00e9 plus discr\u00e8te mais tr\u00e8s influente. <strong>Pomme<\/strong> \u00e9crit une folk fragile sur l&rsquo;int\u00e9riorit\u00e9 et la sant\u00e9 mentale, salu\u00e9e aux Victoires de la musique. <strong>Juliette Armanet<\/strong> ressuscite la grande chanson fran\u00e7aise dans une pop-disco \u00e9l\u00e9gante, de <em>L&rsquo;Amour en solitaire<\/em> \u00e0 l&rsquo;album <em>Br\u00fbler le feu<\/em>. <strong>Hoshi<\/strong>, enfin, d\u00e9fend une pop-rock \u00e9nergique et des textes engag\u00e9s sur l&rsquo;identit\u00e9, avec <em>Ta marini\u00e8re<\/em> comme titre signature.<\/p>\n<aside style=\"background:#fafaf7;border:1px solid #e5e5e0;border-radius:8px;padding:24px 26px 26px;margin:28px 0;font-family:-apple-system,BlinkMacSystemFont,'Segoe UI',Roboto,sans-serif;\">\n<div style=\"margin:0 0 18px 0;font-size:11px;font-weight:700;text-transform:uppercase;letter-spacing:2.2px;color:#B11E6A;\">\u00c0 retenir<\/div>\n<div style=\"display:grid;grid-template-columns:repeat(auto-fit,minmax(240px,1fr));gap:10px;\">\n<div style=\"display:flex;gap:12px;background:#fff;border:1px solid #ebebe5;padding:12px 14px;border-radius:6px;align-items:flex-start;\">\n      <span style=\"flex:0 0 26px;width:26px;height:26px;background:#B11E6A;color:#fff;border-radius:50%;display:inline-flex;align-items:center;justify-content:center;font-size:12px;font-weight:700;font-family:-apple-system,sans-serif;\">1<\/span><br \/>\n      <span style=\"font-size:14px;line-height:1.5;color:#2a2a2a;\">Aya Nakamura est la chanteuse francophone la plus \u00e9cout\u00e9e au monde.<\/span>\n    <\/div>\n<div style=\"display:flex;gap:12px;background:#fff;border:1px solid #ebebe5;padding:12px 14px;border-radius:6px;align-items:flex-start;\">\n      <span style=\"flex:0 0 26px;width:26px;height:26px;background:#B11E6A;color:#fff;border-radius:50%;display:inline-flex;align-items:center;justify-content:center;font-size:12px;font-weight:700;font-family:-apple-system,sans-serif;\">2<\/span><br \/>\n      <span style=\"font-size:14px;line-height:1.5;color:#2a2a2a;\">Zaho de Sagazan incarne la r\u00e9v\u00e9lation critique de la sc\u00e8ne actuelle.<\/span>\n    <\/div>\n<div style=\"display:flex;gap:12px;background:#fff;border:1px solid #ebebe5;padding:12px 14px;border-radius:6px;align-items:flex-start;\">\n      <span style=\"flex:0 0 26px;width:26px;height:26px;background:#B11E6A;color:#fff;border-radius:50%;display:inline-flex;align-items:center;justify-content:center;font-size:12px;font-weight:700;font-family:-apple-system,sans-serif;\">3<\/span><br \/>\n      <span style=\"font-size:14px;line-height:1.5;color:#2a2a2a;\">Santa et Louane ont sign\u00e9 deux des plus gros tubes francophones r\u00e9cents.<\/span>\n    <\/div>\n<div style=\"display:flex;gap:12px;background:#fff;border:1px solid #ebebe5;padding:12px 14px;border-radius:6px;align-items:flex-start;\">\n      <span style=\"flex:0 0 26px;width:26px;height:26px;background:#B11E6A;color:#fff;border-radius:50%;display:inline-flex;align-items:center;justify-content:center;font-size:12px;font-weight:700;font-family:-apple-system,sans-serif;\">4<\/span><br \/>\n      <span style=\"font-size:14px;line-height:1.5;color:#2a2a2a;\">Yseult a port\u00e9 la pop soul fran\u00e7aise jusqu&rsquo;au Billboard 200.<\/span>\n    <\/div>\n<div style=\"display:flex;gap:12px;background:#fff;border:1px solid #ebebe5;padding:12px 14px;border-radius:6px;align-items:flex-start;\">\n      <span style=\"flex:0 0 26px;width:26px;height:26px;background:#B11E6A;color:#fff;border-radius:50%;display:inline-flex;align-items:center;justify-content:center;font-size:12px;font-weight:700;font-family:-apple-system,sans-serif;\">5<\/span><br \/>\n      <span style=\"font-size:14px;line-height:1.5;color:#2a2a2a;\">La diversit\u00e9 des styles, de l&rsquo;afro-pop \u00e0 la folk, fait la richesse de la sc\u00e8ne.<\/span>\n    <\/div>\n<\/p><\/div>\n<\/aside>\n<h2>Par quels titres commencer pour d\u00e9couvrir ces chanteuses ?<\/h2>\n<p>Si vous voulez constituer une playlist d&rsquo;introduction, quelques morceaux suffisent \u00e0 cerner chaque univers. Le tableau ci-dessus liste les titres phares ; pour aller plus loin, alternez les valeurs s\u00fbres mainstream et les voix plus ind\u00e9pendantes afin d&rsquo;\u00e9quilibrer votre \u00e9coute.<\/p>\n<aside style=\"background:#FBEAF2;border-left:4px solid #B11E6A;padding:14px 18px;margin:18px 0;border-radius:0 4px 4px 0;font-family:-apple-system,BlinkMacSystemFont,'Segoe UI',Roboto,sans-serif;\">\n  <strong style=\"display:inline-block;color:#B11E6A;font-size:12px;text-transform:uppercase;letter-spacing:1.5px;margin-right:8px;\">&#10022; Astuce<\/strong><br \/>\n  <span style=\"font-size:14.5px;line-height:1.55;color:#3a3a3a;\">Pour une soir\u00e9e 100 % chanteuses fran\u00e7aises, encha\u00eenez Djadja (Aya Nakamura), La Symphonie des \u00e9clairs (Zaho de Sagazan) et Popcorn sal\u00e9 (Santa) : vous couvrez l&rsquo;afro-pop, l&rsquo;\u00e9lectro-chanson et la ballade pop en trois titres.<\/span><br \/>\n<\/aside>\n<figure style=\"margin:38px auto;padding:28px 24px;text-align:center;border-top:1px solid #2a2a2a;border-bottom:1px solid #2a2a2a;max-width:640px;position:relative;font-family:Georgia,'Hoefler Text',serif;\">\n<div style=\"position:absolute;top:-20px;left:50%;transform:translateX(-50%);background:#ffffff;padding:0 14px;font-size:48px;line-height:1;color:#B11E6A;font-family:Georgia,serif;\">&laquo;<\/div>\n<blockquote style=\"margin:0;padding:0;font-size:24px;line-height:1.45;font-style:italic;color:#1a1a1a;letter-spacing:-0.005em;\"><p>\n    La chanson fran\u00e7aise au f\u00e9minin n&rsquo;a jamais eu autant de visages : c&rsquo;est pr\u00e9cis\u00e9ment cette pluralit\u00e9 qui la rend incontournable aujourd&rsquo;hui.<br \/>\n  <\/blockquote><figcaption style=\"margin-top:14px;font-size:12px;text-transform:uppercase;letter-spacing:2px;color:#6a6a6a;font-family:-apple-system,sans-serif;font-style:normal;\">\u2014 La r\u00e9daction<\/figcaption><\/figure>\n<h2>Questions fr\u00e9quentes sur les chanteuses fran\u00e7aises actuelles<\/h2>\n<section style=\"margin:32px 0;font-family:-apple-system,BlinkMacSystemFont,'Segoe UI',Roboto,sans-serif;\">\n<div style=\"border-top:1px solid #d4cfc4;\">\n<details style=\"border-bottom:1px solid #d4cfc4;padding:0;\">\n<summary style=\"cursor:pointer;padding:16px 0;font-size:17px;font-weight:700;color:#1a1a1a;list-style:none;display:flex;justify-content:space-between;align-items:center;gap:14px;\">\n        <span>Quelle est la chanteuse fran\u00e7aise la plus \u00e9cout\u00e9e ?<\/span><br \/>\n        <span style=\"font-size:22px;font-weight:300;color:#B11E6A;line-height:1;\">+<\/span><br \/>\n      <\/summary>\n<div style=\"padding:0 0 16px 0;font-size:15px;line-height:1.7;color:#4a4a4a;\">Aya Nakamura est largement consid\u00e9r\u00e9e comme la chanteuse francophone la plus \u00e9cout\u00e9e au monde, port\u00e9e par des tubes comme Djadja, Pookie ou Comportement et un rayonnement international rare pour une artiste chantant en fran\u00e7ais.<\/div>\n<\/details>\n<details style=\"border-bottom:1px solid #d4cfc4;padding:0;\">\n<summary style=\"cursor:pointer;padding:16px 0;font-size:17px;font-weight:700;color:#1a1a1a;list-style:none;display:flex;justify-content:space-between;align-items:center;gap:14px;\">\n        <span>Qui sont les chanteuses fran\u00e7aises actuelles \u00e0 conna\u00eetre ?<\/span><br \/>\n        <span style=\"font-size:22px;font-weight:300;color:#B11E6A;line-height:1;\">+<\/span><br \/>\n      <\/summary>\n<div style=\"padding:0 0 16px 0;font-size:15px;line-height:1.7;color:#4a4a4a;\">Parmi les incontournables figurent Aya Nakamura, Ang\u00e8le, Clara Luciani, Louane, Zaho de Sagazan, Santa, Yseult, Pomme, Juliette Armanet et Hoshi. Elles couvrent l&rsquo;afro-pop, la vari\u00e9t\u00e9, l&rsquo;\u00e9lectro-chanson, la pop soul et la folk.<\/div>\n<\/details>\n<details style=\"border-bottom:1px solid #d4cfc4;padding:0;\">\n<summary style=\"cursor:pointer;padding:16px 0;font-size:17px;font-weight:700;color:#1a1a1a;list-style:none;display:flex;justify-content:space-between;align-items:center;gap:14px;\">\n        <span>Quelle chanteuse fran\u00e7aise monte en ce moment ?<\/span><br \/>\n        <span style=\"font-size:22px;font-weight:300;color:#B11E6A;line-height:1;\">+<\/span><br \/>\n      <\/summary>\n<div style=\"padding:0 0 16px 0;font-size:15px;line-height:1.7;color:#4a4a4a;\">Zaho de Sagazan est la r\u00e9v\u00e9lation la plus marquante des derni\u00e8res saisons, avec plusieurs Victoires de la musique. Yseult, qui a perc\u00e9 jusqu&rsquo;au Billboard 200 am\u00e9ricain, et Santa, autrice du tube Popcorn sal\u00e9, confirment elles aussi une dynamique forte.<\/div>\n<\/details>\n<details style=\"border-bottom:1px solid #d4cfc4;padding:0;\">\n<summary style=\"cursor:pointer;padding:16px 0;font-size:17px;font-weight:700;color:#1a1a1a;list-style:none;display:flex;justify-content:space-between;align-items:center;gap:14px;\">\n        <span>Quels styles dominent la sc\u00e8ne f\u00e9minine fran\u00e7aise ?<\/span><br \/>\n        <span style=\"font-size:22px;font-weight:300;color:#B11E6A;line-height:1;\">+<\/span><br \/>\n      <\/summary>\n<div style=\"padding:0 0 16px 0;font-size:15px;line-height:1.7;color:#4a4a4a;\">La sc\u00e8ne est tr\u00e8s \u00e9clectique : afro-pop et R&amp;B (Aya Nakamura), vari\u00e9t\u00e9 et pop mainstream (Louane, Clara Luciani), \u00e9lectro-chanson (Zaho de Sagazan), pop soul (Yseult), pop engag\u00e9e (Ang\u00e8le) et folk d&rsquo;auteure (Pomme). Cette diversit\u00e9 est sa principale force.<\/div>\n<\/details>\n<details style=\"border-bottom:1px solid #d4cfc4;padding:0;\">\n<summary style=\"cursor:pointer;padding:16px 0;font-size:17px;font-weight:700;color:#1a1a1a;list-style:none;display:flex;justify-content:space-between;align-items:center;gap:14px;\">\n        <span>Comment suivre l&rsquo;actualit\u00e9 des chanteuses fran\u00e7aises ?<\/span><br \/>\n        <span style=\"font-size:22px;font-weight:300;color:#B11E6A;line-height:1;\">+<\/span><br \/>\n      <\/summary>\n<div style=\"padding:0 0 16px 0;font-size:15px;line-height:1.7;color:#4a4a4a;\">Le plus simple est de suivre les palmar\u00e8s des Victoires de la musique, les playlists pop fran\u00e7aise des plateformes de streaming, et les affiches de festivals comme les Francofolies ou le Printemps de Bourges, qui r\u00e9v\u00e8lent chaque ann\u00e9e de nouveaux talents.<\/div>\n<\/details><\/div>\n<\/section>\n<p>La sc\u00e8ne f\u00e9minine fran\u00e7aise actuelle se distingue par sa richesse : qu&rsquo;on cherche un tube afro-pop, une ballade bouleversante ou une chanson d&rsquo;auteure exigeante, il existe une voix pour chaque sensibilit\u00e9. Aya Nakamura, Ang\u00e8le, Clara Luciani, Louane, Zaho de Sagazan, Santa, Yseult, Pomme, Juliette Armanet et Hoshi forment aujourd&rsquo;hui le c\u0153ur d&rsquo;une g\u00e9n\u00e9ration qui rayonne bien au-del\u00e0 des fronti\u00e8res. Garder un \u0153il sur les Victoires de la musique et les nouvelles r\u00e9v\u00e9lations reste le meilleur moyen de ne rien manquer de cette effervescence.<\/p>\n<section style=\"background:#FBEAF2;border-radius:14px;padding:32px 30px;margin:38px 0;\">\n<h2 style=\"font-size:27px;line-height:1.25;color:#1a1a1a;margin:0 0 18px 0;\">Les nouvelles chanteuses fran\u00e7aises \u00e0 d\u00e9couvrir en ce moment<\/h2>\n<p style=\"font-size:16px;line-height:1.8;color:#333;margin:0 0 18px 0;\">Au-del\u00e0 des noms d\u00e9j\u00e0 install\u00e9s, la sc\u00e8ne f\u00e9minine fran\u00e7aise se renouvelle vite. Plusieurs r\u00e9v\u00e9lations r\u00e9centes captent l&rsquo;attention du public et des m\u00e9dias, port\u00e9es par les Victoires de la musique, les playlists de streaming et les grandes sc\u00e8nes de festivals. Voici un rep\u00e8re actualis\u00e9 pour savoir quelle chanteuse fran\u00e7aise \u00e9couter aujourd&rsquo;hui.<\/p>\n<p style=\"font-size:16px;line-height:1.8;color:#333;margin:0 0 18px 0;\"><strong>Zaho de Sagazan<\/strong> s&rsquo;est impos\u00e9e comme l&rsquo;une des r\u00e9v\u00e9lations les plus marquantes des derni\u00e8res saisons, avec son \u00e9lectro-chanson singuli\u00e8re et plusieurs Victoires de la musique. <strong>Santa<\/strong>, ex-membre de Hyphen Hyphen lanc\u00e9e en solo, et <strong>Yseult<\/strong>, dont la voix soul a d\u00e9pass\u00e9 les fronti\u00e8res, confirment cette dynamique. C\u00f4t\u00e9 chanson d&rsquo;auteure et folk, <strong>Pomme<\/strong> et <strong>Juliette Armanet<\/strong> continuent de s\u00e9duire un large public, tandis que <strong>Hoshi<\/strong> garde une base de fans tr\u00e8s fid\u00e8le.<\/p>\n<p style=\"font-size:16px;line-height:1.8;color:#333;margin:0 0 22px 0;\">D&rsquo;autres voix plus r\u00e9centes nourrissent ce renouvellement, comme <strong>November Ultra<\/strong>, autrice-compositrice \u00e0 la pop intimiste anglophone, ou <strong>Ad\u00e8le Castillon<\/strong>, pass\u00e9e de la notori\u00e9t\u00e9 en ligne \u00e0 une vraie carri\u00e8re musicale. Cette diversit\u00e9 de styles, de l&rsquo;afro-pop \u00e0 la folk en passant par l&rsquo;\u00e9lectro et la pop soul, fait de la sc\u00e8ne f\u00e9minine fran\u00e7aise l&rsquo;une des plus vivantes du moment.<\/p>\n<div style=\"background:#fff;border-radius:12px;padding:8px 22px;\">\n<details style=\"border-bottom:1px solid #d4cfc4;padding:0;\">\n<summary style=\"cursor:pointer;padding:16px 0;font-size:17px;font-weight:700;color:#1a1a1a;list-style:none;display:flex;justify-content:space-between;align-items:center;gap:14px;\">\n        <span>Quelles sont les nouvelles chanteuses fran&ccedil;aises ?<\/span><br \/>\n        <span style=\"font-size:22px;font-weight:300;color:#B11E6A;line-height:1;\">+<\/span><br \/>\n      <\/summary>\n<div style=\"padding:0 0 16px 0;font-size:15px;line-height:1.7;color:#4a4a4a;\">Parmi les r&eacute;v&eacute;lations r&eacute;centes figurent Zaho de Sagazan, Santa, Yseult, Pomme et Juliette Armanet, rejointes par des voix plus jeunes comme November Ultra ou Ad&egrave;le Castillon. Les Victoires de la musique et les festivals comme les Francofolies r&eacute;v&egrave;lent chaque ann&eacute;e de nouveaux talents.<\/div>\n<\/details>\n<details style=\"border-bottom:1px solid #d4cfc4;padding:0;\">\n<summary style=\"cursor:pointer;padding:16px 0;font-size:17px;font-weight:700;color:#1a1a1a;list-style:none;display:flex;justify-content:space-between;align-items:center;gap:14px;\">\n        <span>Qui est la chanteuse fran&ccedil;aise du moment ?<\/span><br \/>\n        <span style=\"font-size:22px;font-weight:300;color:#B11E6A;line-height:1;\">+<\/span><br \/>\n      <\/summary>\n<div style=\"padding:0 0 16px 0;font-size:15px;line-height:1.7;color:#4a4a4a;\">Plusieurs artistes se partagent ce statut selon les go&ucirc;ts. Aya Nakamura reste la chanteuse francophone la plus &eacute;cout&eacute;e au monde, tandis que Zaho de Sagazan est la r&eacute;v&eacute;lation la plus en vue c&ocirc;t&eacute; critique. Ang&egrave;le, Clara Luciani et Louane dominent quant &agrave; elles la pop grand public.<\/div>\n<\/details>\n<details style=\"padding:0;\">\n<summary style=\"cursor:pointer;padding:16px 0;font-size:17px;font-weight:700;color:#1a1a1a;list-style:none;display:flex;justify-content:space-between;align-items:center;gap:14px;\">\n        <span>O&ugrave; trouver une liste actualis&eacute;e des chanteuses fran&ccedil;aises ?<\/span><br \/>\n        <span style=\"font-size:22px;font-weight:300;color:#B11E6A;line-height:1;\">+<\/span><br \/>\n      <\/summary>\n<div style=\"padding:0 0 16px 0;font-size:15px;line-height:1.7;color:#4a4a4a;\">Le palmar&egrave;s annuel des Victoires de la musique, les playlists &laquo; pop fran&ccedil;aise &raquo; des plateformes de streaming et les affiches des grands festivals (Francofolies, Printemps de Bourges) offrent les listes les plus &agrave; jour des chanteuses fran&ccedil;aises actuelles et des artistes &eacute;mergentes.<\/div>\n<\/details><\/div>\n<\/section>\n<p style=\"font-size:13px;color:#6a6a6a;margin-top:32px;\">Sources : Wikip\u00e9dia et donn\u00e9es publiques. Article mis \u00e0 jour r\u00e9guli\u00e8rement.<\/p>\n","protected":false},"excerpt":{"rendered":"","protected":false},"author":34,"featured_media":7690,"comment_status":"open","ping_status":"open","sticky":false,"template":"","format":"standard","meta":{"_acf_changed":false,"manual_indexmenow":false,"indexmenow_id_project":0,"footnotes":""},"categories":[4522],"tags":[4791,4792,4793],"class_list":["post-7688","post","type-post","status-publish","format-standard","has-post-thumbnail","hentry","category-musique-et-icones-musicales","tag-artistes-franaises","tag-chanteuses-franaises","tag-musique-fminine","generate-columns","tablet-grid-50","mobile-grid-100","grid-parent","grid-25"],"acf":[],"yoast_head":"<!-- This site is optimized with the Yoast SEO Premium plugin v21.3 (Yoast SEO v26.5) - https:\/\/yoast.com\/wordpress\/plugins\/seo\/ -->\n<title>Chanteuses fran\u00e7aises actuelles<\/title>\n<meta name=\"description\" content=\"Vous cherchez \u00e0 savoir quelles chanteuses fran\u00e7aises \u00e9couter en ce moment ? La r\u00e9ponse courte : la sc\u00e8ne est domin\u00e9e par une poign\u00e9e d&#039;artistes f\u00e9minines\" \/>\n<meta name=\"robots\" content=\"index, follow, max-snippet:-1, max-image-preview:large, max-video-preview:-1\" \/>\n<link rel=\"canonical\" href=\"https:\/\/starstory.fr\/blog\/musique-et-icones-musicales\/les-artistes-feminines-francaises-actives-depuis-2018-styles-et-tendances-cles\/\" \/>\n<meta property=\"og:locale\" content=\"fr_FR\" \/>\n<meta property=\"og:type\" content=\"article\" \/>\n<meta property=\"og:title\" content=\"Chanteuses fran\u00e7aises actuelles\" \/>\n<meta property=\"og:description\" content=\"Vous cherchez \u00e0 savoir quelles chanteuses fran\u00e7aises \u00e9couter en ce moment ? La r\u00e9ponse courte : la sc\u00e8ne est domin\u00e9e par une poign\u00e9e d&#039;artistes f\u00e9minines\" \/>\n<meta property=\"og:url\" content=\"https:\/\/starstory.fr\/blog\/musique-et-icones-musicales\/les-artistes-feminines-francaises-actives-depuis-2018-styles-et-tendances-cles\/\" \/>\n<meta property=\"og:site_name\" content=\"starstory\" \/>\n<meta property=\"og:image\" content=\"https:\/\/starstory.fr\/blog\/wp-content\/uploads\/2025\/12\/pag-image-693c00a700f2c-scaled.png\" \/>\n\t<meta property=\"og:image:width\" content=\"1200\" \/>\n\t<meta property=\"og:image:height\" content=\"686\" \/>\n\t<meta property=\"og:image:type\" content=\"image\/png\" \/>\n<meta name=\"author\" content=\"Rapha\u00ebl D.\" \/>\n<meta name=\"twitter:card\" content=\"summary_large_image\" \/>\n<script type=\"application\/ld+json\" class=\"yoast-schema-graph\">{\"@context\":\"https:\/\/schema.org\",\"@graph\":[{\"@type\":\"NewsArticle\",\"@id\":\"https:\/\/starstory.fr\/blog\/musique-et-icones-musicales\/les-artistes-feminines-francaises-actives-depuis-2018-styles-et-tendances-cles\/#article\",\"isPartOf\":{\"@id\":\"https:\/\/starstory.fr\/blog\/musique-et-icones-musicales\/les-artistes-feminines-francaises-actives-depuis-2018-styles-et-tendances-cles\/\"},\"author\":{\"name\":\"Rapha\u00ebl D.\",\"@id\":\"https:\/\/starstory.fr\/blog\/#\/schema\/person\/3c864cdc320801e3db34b663e7e3f816\"},\"headline\":\"Chanteuses fran\u00e7aises actuelles : les artistes f\u00e9minines \u00e0 suivre en ce moment\",\"datePublished\":\"2026-01-15T08:46:00+00:00\",\"dateModified\":\"2026-06-19T15:28:59+00:00\",\"mainEntityOfPage\":{\"@id\":\"https:\/\/starstory.fr\/blog\/musique-et-icones-musicales\/les-artistes-feminines-francaises-actives-depuis-2018-styles-et-tendances-cles\/\"},\"wordCount\":2022,\"commentCount\":0,\"publisher\":{\"@id\":\"https:\/\/starstory.fr\/blog\/#organization\"},\"image\":{\"@id\":\"https:\/\/starstory.fr\/blog\/musique-et-icones-musicales\/les-artistes-feminines-francaises-actives-depuis-2018-styles-et-tendances-cles\/#primaryimage\"},\"thumbnailUrl\":\"https:\/\/starstory.fr\/blog\/wp-content\/uploads\/2025\/12\/pag-image-693c00a700f2c-scaled.png\",\"keywords\":[\"artistes franaises\",\"chanteuses franaises\",\"musique fminine\"],\"articleSection\":[\"Musique et Ic\u00f4nes Musicales\"],\"inLanguage\":\"fr-FR\",\"potentialAction\":[{\"@type\":\"CommentAction\",\"name\":\"Comment\",\"target\":[\"https:\/\/starstory.fr\/blog\/musique-et-icones-musicales\/les-artistes-feminines-francaises-actives-depuis-2018-styles-et-tendances-cles\/#respond\"]}]},{\"@type\":\"WebPage\",\"@id\":\"https:\/\/starstory.fr\/blog\/musique-et-icones-musicales\/les-artistes-feminines-francaises-actives-depuis-2018-styles-et-tendances-cles\/\",\"url\":\"https:\/\/starstory.fr\/blog\/musique-et-icones-musicales\/les-artistes-feminines-francaises-actives-depuis-2018-styles-et-tendances-cles\/\",\"name\":\"Chanteuses fran\u00e7aises actuelles\",\"isPartOf\":{\"@id\":\"https:\/\/starstory.fr\/blog\/#website\"},\"primaryImageOfPage\":{\"@id\":\"https:\/\/starstory.fr\/blog\/musique-et-icones-musicales\/les-artistes-feminines-francaises-actives-depuis-2018-styles-et-tendances-cles\/#primaryimage\"},\"image\":{\"@id\":\"https:\/\/starstory.fr\/blog\/musique-et-icones-musicales\/les-artistes-feminines-francaises-actives-depuis-2018-styles-et-tendances-cles\/#primaryimage\"},\"thumbnailUrl\":\"https:\/\/starstory.fr\/blog\/wp-content\/uploads\/2025\/12\/pag-image-693c00a700f2c-scaled.png\",\"datePublished\":\"2026-01-15T08:46:00+00:00\",\"dateModified\":\"2026-06-19T15:28:59+00:00\",\"description\":\"Vous cherchez \u00e0 savoir quelles chanteuses fran\u00e7aises \u00e9couter en ce moment ? La r\u00e9ponse courte : la sc\u00e8ne est domin\u00e9e par une poign\u00e9e d'artistes f\u00e9minines\",\"inLanguage\":\"fr-FR\",\"potentialAction\":[{\"@type\":\"ReadAction\",\"target\":[\"https:\/\/starstory.fr\/blog\/musique-et-icones-musicales\/les-artistes-feminines-francaises-actives-depuis-2018-styles-et-tendances-cles\/\"]}]},{\"@type\":\"ImageObject\",\"inLanguage\":\"fr-FR\",\"@id\":\"https:\/\/starstory.fr\/blog\/musique-et-icones-musicales\/les-artistes-feminines-francaises-actives-depuis-2018-styles-et-tendances-cles\/#primaryimage\",\"url\":\"https:\/\/starstory.fr\/blog\/wp-content\/uploads\/2025\/12\/pag-image-693c00a700f2c-scaled.png\",\"contentUrl\":\"https:\/\/starstory.fr\/blog\/wp-content\/uploads\/2025\/12\/pag-image-693c00a700f2c-scaled.png\",\"width\":1200,\"height\":686,\"caption\":\"Image g\u00e9n\u00e9r\u00e9e par IA optimis\u00e9e pour Google Discover\"},{\"@type\":\"WebSite\",\"@id\":\"https:\/\/starstory.fr\/blog\/#website\",\"url\":\"https:\/\/starstory.fr\/blog\/\",\"name\":\"StarStory\",\"description\":\"StarStory, les \u00e9toiles racontent leur histoire\",\"publisher\":{\"@id\":\"https:\/\/starstory.fr\/blog\/#organization\"},\"alternateName\":\"StarStory, les \u00e9toiles racontent leur histoire\",\"potentialAction\":[{\"@type\":\"SearchAction\",\"target\":{\"@type\":\"EntryPoint\",\"urlTemplate\":\"https:\/\/starstory.fr\/blog\/?s={search_term_string}\"},\"query-input\":{\"@type\":\"PropertyValueSpecification\",\"valueRequired\":true,\"valueName\":\"search_term_string\"}}],\"inLanguage\":\"fr-FR\"},{\"@type\":\"Organization\",\"@id\":\"https:\/\/starstory.fr\/blog\/#organization\",\"name\":\"StarStory\",\"alternateName\":\"StarStory.fr\",\"url\":\"https:\/\/starstory.fr\/blog\/\",\"logo\":{\"@type\":\"ImageObject\",\"inLanguage\":\"fr-FR\",\"@id\":\"https:\/\/starstory.fr\/blog\/#\/schema\/logo\/image\/\",\"url\":\"https:\/\/starstory.fr\/blog\/wp-content\/uploads\/2024\/12\/38.png\",\"contentUrl\":\"https:\/\/starstory.fr\/blog\/wp-content\/uploads\/2024\/12\/38.png\",\"width\":500,\"height\":500,\"caption\":\"StarStory\"},\"image\":{\"@id\":\"https:\/\/starstory.fr\/blog\/#\/schema\/logo\/image\/\"}},{\"@type\":\"Person\",\"@id\":\"https:\/\/starstory.fr\/blog\/#\/schema\/person\/3c864cdc320801e3db34b663e7e3f816\",\"name\":\"Rapha\u00ebl D.\",\"image\":{\"@type\":\"ImageObject\",\"inLanguage\":\"fr-FR\",\"@id\":\"https:\/\/starstory.fr\/blog\/#\/schema\/person\/image\/\",\"url\":\"https:\/\/starstory.fr\/blog\/wp-content\/uploads\/2026\/06\/persona_raphael-d-96x96.jpg\",\"contentUrl\":\"https:\/\/starstory.fr\/blog\/wp-content\/uploads\/2026\/06\/persona_raphael-d-96x96.jpg\",\"caption\":\"Rapha\u00ebl D.\"},\"description\":\"La culture est mon terrain de jeu depuis une dizaine d'ann\u00e9es : arts visuels, s\u00e9ries, cr\u00e9ation et tout ce qui nourrit l'imaginaire. J'\u00e9cris aussi bien sur l'actualit\u00e9 des \u0153uvres que sur les coulisses de la cr\u00e9ation, avec l'envie de relier l'amateur curieux \u00e0 des univers parfois jug\u00e9s intimidants. J'aime analyser une s\u00e9rie ou une d\u00e9marche artistique sans p\u00e9dantisme, replacer une \u0153uvre dans son contexte et donner des cl\u00e9s de lecture accessibles. Avant de publier, je v\u00e9rifie mes r\u00e9f\u00e9rences, je recoupe les sources et je distingue clairement le fait de mon interpr\u00e9tation subjective. Je crois qu'une critique vaut surtout par les arguments qu'elle expose, pas par la sentence qu'elle rend. Mon angle : transmettre l'envie de d\u00e9couvrir, de regarder autrement et de se forger son propre go\u00fbt. La culture n'appartient pas qu'aux initi\u00e9s, et c'est tout l'enjeu de mon \u00e9criture.\",\"url\":\"https:\/\/starstory.fr\/blog\/auteur\/noname\/\",\"jobTitle\":\"R\u00e9dacteur en chef \u00b7 Culture & Cr\u00e9ation\",\"knowsAbout\":[\"Culture\",\"Cr\u00e9ation\"],\"email\":\"raphael.d@a-l-asso-de-l-art.fr\"}]}<\/script>\n<!-- \/ Yoast SEO Premium plugin. -->","yoast_head_json":{"title":"Chanteuses fran\u00e7aises actuelles","description":"Vous cherchez \u00e0 savoir quelles chanteuses fran\u00e7aises \u00e9couter en ce moment ? La r\u00e9ponse courte : la sc\u00e8ne est domin\u00e9e par une poign\u00e9e d'artistes f\u00e9minines","robots":{"index":"index","follow":"follow","max-snippet":"max-snippet:-1","max-image-preview":"max-image-preview:large","max-video-preview":"max-video-preview:-1"},"canonical":"https:\/\/starstory.fr\/blog\/musique-et-icones-musicales\/les-artistes-feminines-francaises-actives-depuis-2018-styles-et-tendances-cles\/","og_locale":"fr_FR","og_type":"article","og_title":"Chanteuses fran\u00e7aises actuelles","og_description":"Vous cherchez \u00e0 savoir quelles chanteuses fran\u00e7aises \u00e9couter en ce moment ? La r\u00e9ponse courte : la sc\u00e8ne est domin\u00e9e par une poign\u00e9e d'artistes f\u00e9minines","og_url":"https:\/\/starstory.fr\/blog\/musique-et-icones-musicales\/les-artistes-feminines-francaises-actives-depuis-2018-styles-et-tendances-cles\/","og_site_name":"starstory","og_image":[{"width":1200,"height":686,"url":"https:\/\/starstory.fr\/blog\/wp-content\/uploads\/2025\/12\/pag-image-693c00a700f2c-scaled.png","type":"image\/png"}],"author":"Rapha\u00ebl D.","twitter_card":"summary_large_image","schema":{"@context":"https:\/\/schema.org","@graph":[{"@type":"NewsArticle","@id":"https:\/\/starstory.fr\/blog\/musique-et-icones-musicales\/les-artistes-feminines-francaises-actives-depuis-2018-styles-et-tendances-cles\/#article","isPartOf":{"@id":"https:\/\/starstory.fr\/blog\/musique-et-icones-musicales\/les-artistes-feminines-francaises-actives-depuis-2018-styles-et-tendances-cles\/"},"author":{"name":"Rapha\u00ebl D.","@id":"https:\/\/starstory.fr\/blog\/#\/schema\/person\/3c864cdc320801e3db34b663e7e3f816"},"headline":"Chanteuses fran\u00e7aises actuelles : les artistes f\u00e9minines \u00e0 suivre en ce moment","datePublished":"2026-01-15T08:46:00+00:00","dateModified":"2026-06-19T15:28:59+00:00","mainEntityOfPage":{"@id":"https:\/\/starstory.fr\/blog\/musique-et-icones-musicales\/les-artistes-feminines-francaises-actives-depuis-2018-styles-et-tendances-cles\/"},"wordCount":2022,"commentCount":0,"publisher":{"@id":"https:\/\/starstory.fr\/blog\/#organization"},"image":{"@id":"https:\/\/starstory.fr\/blog\/musique-et-icones-musicales\/les-artistes-feminines-francaises-actives-depuis-2018-styles-et-tendances-cles\/#primaryimage"},"thumbnailUrl":"https:\/\/starstory.fr\/blog\/wp-content\/uploads\/2025\/12\/pag-image-693c00a700f2c-scaled.png","keywords":["artistes franaises","chanteuses franaises","musique fminine"],"articleSection":["Musique et Ic\u00f4nes Musicales"],"inLanguage":"fr-FR","potentialAction":[{"@type":"CommentAction","name":"Comment","target":["https:\/\/starstory.fr\/blog\/musique-et-icones-musicales\/les-artistes-feminines-francaises-actives-depuis-2018-styles-et-tendances-cles\/#respond"]}]},{"@type":"WebPage","@id":"https:\/\/starstory.fr\/blog\/musique-et-icones-musicales\/les-artistes-feminines-francaises-actives-depuis-2018-styles-et-tendances-cles\/","url":"https:\/\/starstory.fr\/blog\/musique-et-icones-musicales\/les-artistes-feminines-francaises-actives-depuis-2018-styles-et-tendances-cles\/","name":"Chanteuses fran\u00e7aises actuelles","isPartOf":{"@id":"https:\/\/starstory.fr\/blog\/#website"},"primaryImageOfPage":{"@id":"https:\/\/starstory.fr\/blog\/musique-et-icones-musicales\/les-artistes-feminines-francaises-actives-depuis-2018-styles-et-tendances-cles\/#primaryimage"},"image":{"@id":"https:\/\/starstory.fr\/blog\/musique-et-icones-musicales\/les-artistes-feminines-francaises-actives-depuis-2018-styles-et-tendances-cles\/#primaryimage"},"thumbnailUrl":"https:\/\/starstory.fr\/blog\/wp-content\/uploads\/2025\/12\/pag-image-693c00a700f2c-scaled.png","datePublished":"2026-01-15T08:46:00+00:00","dateModified":"2026-06-19T15:28:59+00:00","description":"Vous cherchez \u00e0 savoir quelles chanteuses fran\u00e7aises \u00e9couter en ce moment ? La r\u00e9ponse courte : la sc\u00e8ne est domin\u00e9e par une poign\u00e9e d'artistes f\u00e9minines","inLanguage":"fr-FR","potentialAction":[{"@type":"ReadAction","target":["https:\/\/starstory.fr\/blog\/musique-et-icones-musicales\/les-artistes-feminines-francaises-actives-depuis-2018-styles-et-tendances-cles\/"]}]},{"@type":"ImageObject","inLanguage":"fr-FR","@id":"https:\/\/starstory.fr\/blog\/musique-et-icones-musicales\/les-artistes-feminines-francaises-actives-depuis-2018-styles-et-tendances-cles\/#primaryimage","url":"https:\/\/starstory.fr\/blog\/wp-content\/uploads\/2025\/12\/pag-image-693c00a700f2c-scaled.png","contentUrl":"https:\/\/starstory.fr\/blog\/wp-content\/uploads\/2025\/12\/pag-image-693c00a700f2c-scaled.png","width":1200,"height":686,"caption":"Image g\u00e9n\u00e9r\u00e9e par IA optimis\u00e9e pour Google Discover"},{"@type":"WebSite","@id":"https:\/\/starstory.fr\/blog\/#website","url":"https:\/\/starstory.fr\/blog\/","name":"StarStory","description":"StarStory, les \u00e9toiles racontent leur histoire","publisher":{"@id":"https:\/\/starstory.fr\/blog\/#organization"},"alternateName":"StarStory, les \u00e9toiles racontent leur histoire","potentialAction":[{"@type":"SearchAction","target":{"@type":"EntryPoint","urlTemplate":"https:\/\/starstory.fr\/blog\/?s={search_term_string}"},"query-input":{"@type":"PropertyValueSpecification","valueRequired":true,"valueName":"search_term_string"}}],"inLanguage":"fr-FR"},{"@type":"Organization","@id":"https:\/\/starstory.fr\/blog\/#organization","name":"StarStory","alternateName":"StarStory.fr","url":"https:\/\/starstory.fr\/blog\/","logo":{"@type":"ImageObject","inLanguage":"fr-FR","@id":"https:\/\/starstory.fr\/blog\/#\/schema\/logo\/image\/","url":"https:\/\/starstory.fr\/blog\/wp-content\/uploads\/2024\/12\/38.png","contentUrl":"https:\/\/starstory.fr\/blog\/wp-content\/uploads\/2024\/12\/38.png","width":500,"height":500,"caption":"StarStory"},"image":{"@id":"https:\/\/starstory.fr\/blog\/#\/schema\/logo\/image\/"}},{"@type":"Person","@id":"https:\/\/starstory.fr\/blog\/#\/schema\/person\/3c864cdc320801e3db34b663e7e3f816","name":"Rapha\u00ebl D.","image":{"@type":"ImageObject","inLanguage":"fr-FR","@id":"https:\/\/starstory.fr\/blog\/#\/schema\/person\/image\/","url":"https:\/\/starstory.fr\/blog\/wp-content\/uploads\/2026\/06\/persona_raphael-d-96x96.jpg","contentUrl":"https:\/\/starstory.fr\/blog\/wp-content\/uploads\/2026\/06\/persona_raphael-d-96x96.jpg","caption":"Rapha\u00ebl D."},"description":"La culture est mon terrain de jeu depuis une dizaine d'ann\u00e9es : arts visuels, s\u00e9ries, cr\u00e9ation et tout ce qui nourrit l'imaginaire. J'\u00e9cris aussi bien sur l'actualit\u00e9 des \u0153uvres que sur les coulisses de la cr\u00e9ation, avec l'envie de relier l'amateur curieux \u00e0 des univers parfois jug\u00e9s intimidants. J'aime analyser une s\u00e9rie ou une d\u00e9marche artistique sans p\u00e9dantisme, replacer une \u0153uvre dans son contexte et donner des cl\u00e9s de lecture accessibles. Avant de publier, je v\u00e9rifie mes r\u00e9f\u00e9rences, je recoupe les sources et je distingue clairement le fait de mon interpr\u00e9tation subjective. Je crois qu'une critique vaut surtout par les arguments qu'elle expose, pas par la sentence qu'elle rend. Mon angle : transmettre l'envie de d\u00e9couvrir, de regarder autrement et de se forger son propre go\u00fbt. La culture n'appartient pas qu'aux initi\u00e9s, et c'est tout l'enjeu de mon \u00e9criture.","url":"https:\/\/starstory.fr\/blog\/auteur\/noname\/","jobTitle":"R\u00e9dacteur en chef \u00b7 Culture & Cr\u00e9ation","knowsAbout":["Culture","Cr\u00e9ation"],"email":"raphael.d@a-l-asso-de-l-art.fr"}]}},"_links":{"self":[{"href":"https:\/\/starstory.fr\/blog\/wp-json\/wp\/v2\/posts\/7688","targetHints":{"allow":["GET"]}}],"collection":[{"href":"https:\/\/starstory.fr\/blog\/wp-json\/wp\/v2\/posts"}],"about":[{"href":"https:\/\/starstory.fr\/blog\/wp-json\/wp\/v2\/types\/post"}],"author":[{"embeddable":true,"href":"https:\/\/starstory.fr\/blog\/wp-json\/wp\/v2\/users\/34"}],"replies":[{"embeddable":true,"href":"https:\/\/starstory.fr\/blog\/wp-json\/wp\/v2\/comments?post=7688"}],"version-history":[{"count":3,"href":"https:\/\/starstory.fr\/blog\/wp-json\/wp\/v2\/posts\/7688\/revisions"}],"predecessor-version":[{"id":8112,"href":"https:\/\/starstory.fr\/blog\/wp-json\/wp\/v2\/posts\/7688\/revisions\/8112"}],"wp:featuredmedia":[{"embeddable":true,"href":"https:\/\/starstory.fr\/blog\/wp-json\/wp\/v2\/media\/7690"}],"wp:attachment":[{"href":"https:\/\/starstory.fr\/blog\/wp-json\/wp\/v2\/media?parent=7688"}],"wp:term":[{"taxonomy":"category","embeddable":true,"href":"https:\/\/starstory.fr\/blog\/wp-json\/wp\/v2\/categories?post=7688"},{"taxonomy":"post_tag","embeddable":true,"href":"https:\/\/starstory.fr\/blog\/wp-json\/wp\/v2\/tags?post=7688"}],"curies":[{"name":"wp","href":"https:\/\/api.w.org\/{rel}","templated":true}]}}