{"id":7682,"date":"2026-01-08T09:54:00","date_gmt":"2026-01-08T08:54:00","guid":{"rendered":"https:\/\/starstory.fr\/blog\/?p=7682"},"modified":"2026-01-08T09:54:00","modified_gmt":"2026-01-08T08:54:00","slug":"cesar-2025-nominations-enjeux-et-premieres-surprises-de-la-50e-edition","status":"publish","type":"post","link":"https:\/\/starstory.fr\/blog\/cinema-et-television\/cesar-2025-nominations-enjeux-et-premieres-surprises-de-la-50e-edition\/","title":{"rendered":"C\u00e9sar 2025 : Nominations, enjeux et premi\u00e8res surprises de la 50e \u00e9dition"},"content":{"rendered":"<h1>Plan d&rsquo;Article D\u00e9taill\u00e9 : C\u00e9sar 2025 Nominations &#8211; Guide Complet et Analyse Approfondie<\/h1>\n<h2>Les Fondamentaux de C\u00e9sar 2025 Nominations<\/h2>\n<p>La <strong>50e \u00e9dition des C\u00e9sar<\/strong> se tient le <strong>28 f\u00e9vrier 2025<\/strong> \u00e0 l\u2019<strong>Olympia<\/strong>, dans le <strong>9e arrondissement de Paris<\/strong>, sous la pr\u00e9sidence de <strong>Catherine Deneuve, actrice fran\u00e7aise embl\u00e9matique<\/strong>, avec une mise en sc\u00e8ne confi\u00e9e au r\u00e9alisateur <strong>C\u00e9dric Klapisch<\/strong>. Les nominations ont \u00e9t\u00e9 annonc\u00e9es le <strong>29 janvier 2025<\/strong> par l\u2019<strong>Acad\u00e9mie des C\u00e9sar<\/strong>, qui regroupe plusieurs milliers de professionnels du cin\u00e9ma fran\u00e7ais, de la production \u00e0 l\u2019interpr\u00e9tation. Cette date marque chaque ann\u00e9e un pic d\u2019audience pour les m\u00e9dias sp\u00e9cialis\u00e9s comme <strong>AlloCin\u00e9<\/strong>, <strong>T\u00e9l\u00e9rama<\/strong> ou <strong>Le Monde<\/strong>, et un moment strat\u00e9gique pour les distributeurs qui ajustent leurs plans de sortie et de promotion.<\/p>\n<p>Au c\u0153ur de ces <strong>C\u00e9sar 2025 nominations<\/strong>, trois chiffres structurent le r\u00e9cit de l\u2019\u00e9dition :<\/p>\n<ul>\n<li><strong>14 nominations<\/strong> pour <strong> Le Comte de Monte-Cristo ?<\/strong>, superproduction de cape et d\u2019\u00e9p\u00e9e produite par <strong>Path\u00e9 Films<\/strong> et <strong>Chapter 2<\/strong>, r\u00e9alis\u00e9e par <strong>Matthieu Delaporte<\/strong> et <strong>Alexandre de La Patelli\u00e8re<\/strong>, adapt\u00e9e du roman d\u2019<strong>Alexandre Dumas<\/strong> publi\u00e9 en <strong>1844<\/strong>.<\/li>\n<li><strong>13 nominations<\/strong> pour <strong> L\u2019Amour Ouf ?<\/strong> de <strong>Gilles Lellouche<\/strong>, fresque amoureuse et sociale port\u00e9e par <strong>Fran\u00e7ois Civil<\/strong> et <strong>Ad\u00e8le Exarchopoulos<\/strong>, coproduite notamment par <strong>Tr\u00e9sor Films<\/strong>.<\/li>\n<li><strong>12 nominations<\/strong> pour <strong> Emilia P\u00e9rez ?<\/strong> de <strong>Jacques Audiard<\/strong>, com\u00e9die musicale criminelle en espagnol produite par <strong>Why Not Productions<\/strong>, d\u00e9j\u00e0 sacr\u00e9e \u00e0 <strong>Cannes 2024<\/strong> et massivement pr\u00e9sente aux <strong>Oscars 2025<\/strong> avec <u>13 nominations<\/u>.<\/li>\n<\/ul>\n<p>Les grandes cat\u00e9gories des C\u00e9sar structurent le d\u00e9bat :<\/p>\n<ul>\n<li><strong>Meilleur Film<\/strong> : cat\u00e9gorie reine, r\u00e9compensant le producteur et, indirectement, l\u2019ensemble de la cha\u00eene de fabrication du film.<\/li>\n<li><strong>Meilleure R\u00e9alisation<\/strong> : valorise la vision artistique et la direction de plateau, souvent tr\u00e8s corr\u00e9l\u00e9e au Meilleur Film.<\/li>\n<li><strong>Meilleure Actrice<\/strong> et <strong>Meilleur Acteur<\/strong> : distinction frontale des performances d\u2019interpr\u00e9tation, avec un impact fort sur la carri\u00e8re des laur\u00e9ats.<\/li>\n<li><strong>Meilleure R\u00e9v\u00e9lation F\u00e9minine<\/strong> et <strong>Meilleure R\u00e9v\u00e9lation Masculine<\/strong> : barom\u00e8tre de la rel\u00e8ve, suivi de pr\u00e8s par les agents et les plateformes comme <strong>Netflix<\/strong> ou <strong>Prime Video<\/strong>.<\/li>\n<\/ul>\n<p><u>D\u00e9finition cl\u00e9<\/u> : <strong>les C\u00e9sar 2025 nominations correspondent au vote des membres de l\u2019Acad\u00e9mie en deux tours, le premier pour d\u00e9signer les nomm\u00e9s, le second pour \u00e9lire les laur\u00e9ats, sur la base de projections professionnelles et de visionnages en ligne s\u00e9curis\u00e9s.<\/strong><\/p>\n<p>En <strong>Meilleur Film<\/strong>, la s\u00e9lection 2025 est particuli\u00e8rement resserr\u00e9e et coh\u00e9rente :<\/p>\n<ul>\n<li><strong> Le Comte de Monte-Cristo ?<\/strong> \u2013 superproduction historique, port\u00e9e \u00e0 l\u2019\u00e9cran par <strong>Pierre Niney<\/strong>.<\/li>\n<li><strong> Emilia P\u00e9rez ?<\/strong> de <strong>Jacques Audiard<\/strong> \u2013 film musical et politique tourn\u00e9 en espagnol, avec <strong>Karla Sof\u00eda Gasc\u00f3n<\/strong> et <strong>Zo\u00e9 Salda\u00f1a<\/strong>.<\/li>\n<li><strong> L\u2019Histoire de Souleymane ?<\/strong> de <strong>Boris Lojkine<\/strong> \u2013 chronique migratoire situ\u00e9e en r\u00e9gion parisienne, centr\u00e9e sur le personnage d\u2019un livreur sans-papiers, interpr\u00e9t\u00e9 par <strong>Abou Sangar\u00e9<\/strong>.<\/li>\n<li><strong> Mis\u00e9ricorde ?<\/strong> d\u2019<strong>Alain Guiraudie<\/strong> \u2013 drame ancr\u00e9 dans une France rurale, produit par <strong>CG Cin\u00e9ma<\/strong>.<\/li>\n<li><strong> En fanfare ?<\/strong> (souvent cit\u00e9 comme <strong> La Fanfare du r\u00e9giment ?<\/strong> dans certains supports) d\u2019<strong>Emmanuel Courcol<\/strong> \u2013 chronique sociale et musicale.<\/li>\n<\/ul>\n<p>Nous observons une articulation tr\u00e8s nette entre les films \u00e0 gros budgets comme <strong> Le Comte de Monte-Cristo ?<\/strong>, dont le budget est estim\u00e9 \u00e0 pr\u00e8s de <u>40 millions d\u2019euros<\/u>, et des \u0153uvres \u00e0 \u00e9conomie plus mod\u00e9r\u00e9e comme <strong> L\u2019Histoire de Souleymane ?<\/strong>, soutenue par la <strong>R\u00e9gion \u00cele-de-France<\/strong>. Depuis l\u2019annonce du <strong>29 janvier 2025<\/strong>, les circuits d\u2019exploitation comme <strong>UGC<\/strong>, <strong>Path\u00e9 Gaumont<\/strong> ou <strong>CGR Cin\u00e9mas<\/strong> indiquent une hausse de fr\u00e9quentation pour les films les plus nomm\u00e9s, avec pour <strong> Le Comte de Monte-Cristo ?<\/strong> un surcro\u00eet estim\u00e9 \u00e0 <u>+20 % d\u2019entr\u00e9es<\/u> sur la semaine suivant les nominations, ce qui renforce encore son statut de deuxi\u00e8me plus gros succ\u00e8s fran\u00e7ais de l\u2019ann\u00e9e.<\/p>\n<p>Deux <strong>C\u00e9sar d\u2019Honneur<\/strong> marquent cette 50e \u00e9dition et renforcent la dimension internationale de la c\u00e9r\u00e9monie :<\/p>\n<ul>\n<li><strong>Julia Roberts<\/strong>, actrice am\u00e9ricaine oscaris\u00e9e, c\u00e9l\u00e9br\u00e9e pour une carri\u00e8re allant de <strong> Pretty Woman ?<\/strong> \u00e0 <strong> Erin Brockovich ?<\/strong>.<\/li>\n<li><strong>Costa-Gavras<\/strong>, r\u00e9alisateur franco-grec, figure centrale du cin\u00e9ma politique europ\u00e9en, auteur de <strong> Z ?<\/strong> et <strong> Missing ?<\/strong>.<\/li>\n<\/ul>\n<p>Nous pouvons les comparer \u00e0 d\u2019autres r\u00e9cipiendaires internationaux pass\u00e9s, comme <strong>Kristen Stewart<\/strong>, honor\u00e9e en <strong>2015<\/strong> apr\u00e8s son C\u00e9sar pour <strong> Sils Maria ?<\/strong>. <u>Cette continuit\u00e9 dans les hommages souligne la volont\u00e9 de l\u2019Acad\u00e9mie de positionner les C\u00e9sar comme un point de contact privil\u00e9gi\u00e9 entre le cin\u00e9ma fran\u00e7ais et Hollywood<\/u>, strat\u00e9gie renforc\u00e9e par la fen\u00eatre temporelle proche des <strong>Oscars<\/strong>.<\/p>\n<h2>Applications Pratiques et Cas d\u2019Usage<\/h2>\n<p>Pour comprendre en profondeur les <strong>C\u00e9sar 2025 nominations<\/strong>, nous pouvons nous appuyer sur quelques cas embl\u00e9matiques qui illustrent \u00e0 la fois les dynamiques artistiques et les strat\u00e9gies industrielles \u00e0 l\u2019\u0153uvre. Trois films se d\u00e9tachent comme des laboratoires parfaits : <strong> Emilia P\u00e9rez ?<\/strong>, <strong> L\u2019Histoire de Souleymane ?<\/strong> et <strong> Le Comte de Monte-Cristo ?<\/strong>.<\/p>\n<p><strong> Emilia P\u00e9rez ?<\/strong>, r\u00e9alis\u00e9 par <strong>Jacques Audiard<\/strong>, concentre <strong>12 nominations<\/strong>, dont <strong>Meilleur Film<\/strong>, <strong>Meilleure R\u00e9alisation<\/strong>, <strong>Meilleure Actrice<\/strong> (double nomination pour <strong>Karla Sof\u00eda Gasc\u00f3n<\/strong> et <strong>Zo\u00e9 Salda\u00f1a<\/strong>), <strong>Meilleure Adaptation<\/strong>, <strong>Meilleure Musique Originale<\/strong> pour le compositeur <strong>Cl\u00e9ment Ducol<\/strong> et l\u2019autrice-compositrice <strong>Camille<\/strong>. Le film, d\u00e9j\u00e0 r\u00e9compens\u00e9 \u00e0 <strong>Cannes 2024<\/strong> (prix du Jury) et aux <strong>Golden Globes 2025<\/strong> avec <u>4 troph\u00e9es<\/u>, a ensuite triomph\u00e9 aux C\u00e9sar en remportant <u>7 prix<\/u>, dont <strong>Meilleur Film<\/strong> et <strong>Meilleure R\u00e9alisation<\/strong>, avant de d\u00e9crocher <u>2 Oscars<\/u> quelques jours plus tard.<\/p>\n<ul>\n<li><u>Cas d\u2019usage analytique<\/u> : un film tourn\u00e9 en espagnol, produit par une structure fran\u00e7aise, port\u00e9 par une actrice transgenre, <strong>Karla Sof\u00eda Gasc\u00f3n<\/strong>, et une star hollywoodienne, <strong>Zo\u00e9 Salda\u00f1a<\/strong>, r\u00e9ussit \u00e0 s\u2019imposer \u00e0 la fois aux <strong>C\u00e9sar<\/strong> et aux <strong>Oscars<\/strong>. Nous voyons l\u00e0 un mod\u00e8le de <strong>coproduction internationale<\/strong> agile, capable de r\u00e9pondre aux attentes des march\u00e9s nord-am\u00e9ricain, latino-am\u00e9ricain et europ\u00e9en.<\/li>\n<li><u>Enjeu technique<\/u> : la nomination en <strong>Meilleure Musique Originale<\/strong> et <strong>Meilleurs Effets Visuels<\/strong> (pour le superviseur <strong>C\u00e9dric Fayolle<\/strong>) montre comment la France, via des studios VFX et des compositrices comme <strong>Camille<\/strong>, se positionne sur des segments traditionnellement domin\u00e9s par les grands studios am\u00e9ricains comme <strong>Disney<\/strong> ou <strong>Warner Bros. Pictures<\/strong>.<\/li>\n<\/ul>\n<p>Sur le plan th\u00e9matique, <strong> Emilia P\u00e9rez ?<\/strong> aborde la violence des cartels mexicains et les questions d\u2019identit\u00e9 de genre, ce qui en fait un objet de d\u00e9bat dans la presse internationale, de <strong>The New York Times<\/strong> \u00e0 <strong>El Pa\u00eds<\/strong>. Nous consid\u00e9rons que cette combinaison de sujet br\u00fblant, de forme musicale audacieuse et de reconnaissance festival\/march\u00e9 international en fait l\u2019un des <u>gagnants potentiels les plus solides des C\u00e9sar 2025<\/u>, ce que le palmar\u00e8s final est venu confirmer.<\/p>\n<p>Autre cas \u00e9clairant, <strong> L\u2019Histoire de Souleymane ?<\/strong> de <strong>Boris Lojkine<\/strong>, soutenu par la <strong>R\u00e9gion \u00cele-de-France<\/strong>, a obtenu plusieurs nominations majeures et, lors de la c\u00e9r\u00e9monie, a remport\u00e9 <u>4 C\u00e9sar<\/u> : <strong>Meilleur Sc\u00e9nario Original<\/strong>, <strong>Meilleur Montage<\/strong>, <strong>Meilleure R\u00e9v\u00e9lation Masculine<\/strong> pour <strong>Abou Sangar\u00e9<\/strong>, et un prix technique. Le film s\u2019int\u00e9resse au parcours d\u2019un jeune migrant en situation irr\u00e9guli\u00e8re, livreur \u00e0 v\u00e9lo \u00e0 <strong>Paris<\/strong>, tentant de r\u00e9gulariser sa situation.<\/p>\n<ul>\n<li><u>Point cl\u00e9<\/u> : la reconnaissance de <strong>Abou Sangar\u00e9<\/strong> en <strong>R\u00e9v\u00e9lation Masculine<\/strong> place ce jeune acteur au centre de l\u2019attention des directeurs de casting, sur un mod\u00e8le proche de ce qui est arriv\u00e9 \u00e0 <strong>Oph\u00e9lie Bau<\/strong> apr\u00e8s <strong> Mektoub, My Love ?<\/strong>.<\/li>\n<li><u>Lien avec les C\u00e9sar 2024<\/u> : la th\u00e9matique migratoire, d\u00e9j\u00e0 pr\u00e9sente dans des \u0153uvres documentaires et de fiction, se renforce. En 2024, plusieurs films interrogeaient d\u00e9j\u00e0 la question des fronti\u00e8res, mais la r\u00e9compense 2025 consacre un r\u00e9cit frontalement centr\u00e9 sur le quotidien pr\u00e9caire de la migration en milieu urbain.<\/li>\n<\/ul>\n<p>Cet axe th\u00e9matique fait \u00e9cho \u00e0 d\u2019autres figures comme <strong>Hafsia Herzi<\/strong>, laur\u00e9ate du <strong>C\u00e9sar de la Meilleure Actrice<\/strong> pour <strong> Borgo ?<\/strong>, film noir corse inspir\u00e9 d\u2019un fait divers, qui met en lumi\u00e8re des tensions sociales et territoriales dans l\u2019\u00eele de Beaut\u00e9. <u>L\u2019Acad\u00e9mie envoie ici un signal fort : les r\u00e9cits ancr\u00e9s dans des r\u00e9alit\u00e9s sociales complexes trouvent leur place aux c\u00f4t\u00e9s des fresques spectaculaires.<\/u><\/p>\n<p>Sur le versant plus spectaculaire, <strong> Le Comte de Monte-Cristo ?<\/strong> impose une autre logique de cas d\u2019usage. Avec ses <strong>14 nominations<\/strong>, notamment en <strong>Meilleurs D\u00e9cors<\/strong> (pour le chef d\u00e9corateur <strong>St\u00e9phane Taillasson<\/strong>), <strong>Meilleurs Costumes<\/strong> (pour <strong>Thierry Delettre<\/strong>), <strong>Meilleure Photographie<\/strong> (sign\u00e9e par <strong>C\u00e9lia Lafitedupont<\/strong>) et <strong>Meilleurs Effets Visuels<\/strong> (supervis\u00e9s par <strong>Olivier Cauwet<\/strong>), le film illustre l\u2019excellence des fili\u00e8res techniques fran\u00e7aises, des studios de postproduction parisiens aux ateliers de costumes historiques situ\u00e9s en <strong>\u00cele-de-France<\/strong> et en <strong>Nouvelle-Aquitaine<\/strong>.<\/p>\n<ul>\n<li>En <strong>Meilleur Acteur<\/strong>, la pr\u00e9sence de <strong>Pierre Niney<\/strong> confirme sa position d\u2019acteur central du cin\u00e9ma fran\u00e7ais des ann\u00e9es 2020, apr\u00e8s son C\u00e9sar pour <strong> Yves Saint Laurent ?<\/strong> en <strong>2015<\/strong>.<\/li>\n<li>En <strong>Meilleur Son<\/strong>, le travail sur les sc\u00e8nes de bataille et de navigation illustre la mont\u00e9e en gamme des \u00e9quipes fran\u00e7aises, capables de rivaliser avec des productions anglo-saxonnes.<\/li>\n<\/ul>\n<p>Le film a finalement remport\u00e9 <u>2 C\u00e9sar<\/u> (dont <strong>D\u00e9cors<\/strong> et <strong>Costumes<\/strong>), ce qui peut sembler modeste au regard de ses 14 nominations, mais confirme l\u2019id\u00e9e d\u2019un film  aimant ? en termes de visibilit\u00e9, utile pour le box-office, les ventes internationales via des distributeurs comme <strong>StudioCanal<\/strong> ou <strong>TF1 Studio<\/strong>, et la visibilit\u00e9 de l\u2019\u00e9cosyst\u00e8me technique fran\u00e7ais.<\/p>\n<p>Dans les cat\u00e9gories d\u2019interpr\u00e9tation, quelques noms structurent les conversations :<\/p>\n<ul>\n<li><strong>Meilleure Actrice<\/strong> : <strong>Hafsia Herzi<\/strong> pour <strong> Borgo ?<\/strong>, <strong>Ad\u00e8le Exarchopoulos<\/strong> pour <strong> L\u2019Amour Ouf ?<\/strong>, <strong>Karla Sof\u00eda Gasc\u00f3n<\/strong> et <strong>Zo\u00e9 Salda\u00f1a<\/strong> pour <strong> Emilia P\u00e9rez ?<\/strong>, <strong>H\u00e9l\u00e8ne Vincent<\/strong> pour <strong> Quand vient l\u2019automne ?<\/strong>.<\/li>\n<li><strong>Meilleur Acteur<\/strong> : <strong>Karim Leklou<\/strong> pour <strong> Le Roman de Jim ?<\/strong> (laur\u00e9at), <strong>Fran\u00e7ois Civil<\/strong> pour <strong> L\u2019Amour Ouf ?<\/strong>, <strong>Benjamin Lavernhe<\/strong> pour <strong> En fanfare ?<\/strong>, <strong>Pierre Niney<\/strong> pour <strong> Le Comte de Monte-Cristo ?<\/strong>, <strong>Tahar Rahim<\/strong> pour <strong> Monsieur Aznavour ?<\/strong>.<\/li>\n<\/ul>\n<p><u>Le C\u00e9sar du Meilleur Acteur dans un Second R\u00f4le<\/u> attribu\u00e9 \u00e0 <strong>Alain Chabat<\/strong> pour <strong> L\u2019Amour Ouf ?<\/strong> confirme l\u2019impact du film de <strong>Gilles Lellouche<\/strong> dans l\u2019imaginaire du public, m\u00eame s\u2019il ne convertit qu\u2019une seule de ses 13 nominations. Nous constatons ici le d\u00e9calage fr\u00e9quent entre la  puissance nominative ? d\u2019un film et sa capacit\u00e9 \u00e0 transformer ces nominations en troph\u00e9es.<\/p>\n<h2>Optimisation et Meilleures Pratiques<\/h2>\n<p>Suivre et analyser les <strong>C\u00e9sar 2025 nominations<\/strong> peut se faire de mani\u00e8re tr\u00e8s m\u00e9thodique, en utilisant des outils et des indicateurs pr\u00e9cis. Les professionnels, qu\u2019ils soient producteurs, distributeurs ou attach\u00e9s de presse, s\u2019appuient sur plusieurs ressources cl\u00e9s :<\/p>\n<ul>\n<li>Le site officiel de l\u2019<strong>Acad\u00e9mie des C\u00e9sar<\/strong>, qui publie le <u>PDF d\u00e9taill\u00e9 des nominations<\/u>, cat\u00e9gorie par cat\u00e9gorie, avec l\u2019ensemble des contributions techniques (son, montage, photo, effets visuels).<\/li>\n<li>Les fiches films des plateformes comme <strong>AlloCin\u00e9<\/strong> ou <strong>Unifrance<\/strong>, qui agr\u00e8gent les nominations aux <strong>C\u00e9sar<\/strong>, aux <strong>Oscars<\/strong>, \u00e0 <strong>Cannes<\/strong> ou \u00e0 la <strong>Mostra de Venise<\/strong>.<\/li>\n<li>Les outils de suivi de box-office comme <strong>Comscore Movies<\/strong> ou le <strong>CNC (Centre national du cin\u00e9ma et de l\u2019image anim\u00e9e)<\/strong>, qui permettent de corr\u00e9ler hausse des entr\u00e9es et calendrier des nominations.<\/li>\n<\/ul>\n<p>Historiquement, les films qui d\u00e9passent le seuil de <u>10 nominations<\/u> aux C\u00e9sar remportent tr\u00e8s souvent un prix majeur. Nous pouvons formuler une r\u00e8gle empirique : <strong>un film avec plus de 10 nominations gagne dans environ 70 % des cas le C\u00e9sar du Meilleur Film ou du Meilleur R\u00e9alisateur<\/strong>. En 2025, cette r\u00e8gle se v\u00e9rifie avec le triomphe de <strong> Emilia P\u00e9rez ?<\/strong>, qui convertit une part significative de ses nominations en <u>7 troph\u00e9es<\/u>, dont les deux plus convoit\u00e9s.<\/p>\n<p>La comparaison avec les <strong>Oscars<\/strong> devient ici un outil d\u2019analyse pertinent. <strong> Emilia P\u00e9rez ?<\/strong>, d\u00e9j\u00e0 doublement prim\u00e9 \u00e0 <strong>Cannes 2024<\/strong> et multi-nomm\u00e9 aux <strong>Golden Globes 2025<\/strong>, arrive aux C\u00e9sar avec un statut de favori  international ?. \u00c0 l\u2019inverse, des films comme <strong> Le Comte de Monte-Cristo ?<\/strong> ou <strong> L\u2019Amour Ouf ?<\/strong> sont tr\u00e8s centr\u00e9s sur le march\u00e9 fran\u00e7ais et europ\u00e9en, avec peu de pr\u00e9sence dans les grands rendez-vous hollywoodiens. <u>Cette asym\u00e9trie explique en partie la capacit\u00e9 d\u2019 Emilia P\u00e9rez ? \u00e0 r\u00e9unir \u00e0 la fois les votes des professionnels sensibles au rayonnement international et ceux attach\u00e9s \u00e0 la singularit\u00e9 artistique.<\/u><\/p>\n<p>Pour ne pas biaiser l\u2019analyse des <strong>C\u00e9sar 2025 nominations<\/strong>, nous devons int\u00e9grer les cat\u00e9gories dites  secondaires ?, qui sont en r\u00e9alit\u00e9 des barom\u00e8tres tr\u00e8s fiables :<\/p>\n<ul>\n<li><strong>Meilleur Court M\u00e9trage<\/strong> : pr\u00e9sence de films comme <strong> Beurk ! ?<\/strong> de <strong>Lo\u00efc Espuche<\/strong>, rep\u00e9r\u00e9 dans plusieurs festivals internationaux, qui t\u00e9moigne de la vigueur de la fili\u00e8re court en France.<\/li>\n<li><strong>Meilleur Film \u00c9tranger<\/strong> : nomination de <strong> Anora ?<\/strong> de <strong>Sean Baker<\/strong>, sacr\u00e9 \u00e0 <strong>Cannes 2024<\/strong>, qui affiche une forte coh\u00e9rence avec les choix r\u00e9cents des <strong>Oscars<\/strong> et du <strong>Festival de Toronto (TIFF)<\/strong>.<\/li>\n<li><strong>Meilleurs Effets Visuels<\/strong> : pr\u00e9sence de <strong> La B\u00eate ?<\/strong> (VFX supervis\u00e9s par <strong>C\u00e9dric Fayolle<\/strong> et <strong>Hugues Namur<\/strong>), <strong> Le Comte de Monte-Cristo ?<\/strong> (VFX par <strong>Olivier Cauwet<\/strong>) et <strong> Emilia P\u00e9rez ?<\/strong>, qui consacre les studios fran\u00e7ais de VFX, en comp\u00e9tition frontale avec les structures canadiennes ou britanniques.<\/li>\n<\/ul>\n<p>Les cat\u00e9gories de costumes et d\u00e9cors, domin\u00e9es en 2025 par <strong> Le Comte de Monte-Cristo ?<\/strong> (C\u00e9sar des <strong>Meilleurs Costumes<\/strong> pour <strong>Thierry Delettre<\/strong> et des <strong>Meilleurs D\u00e9cors<\/strong> pour <strong>St\u00e9phane Taillasson<\/strong>), soulignent l\u2019avantage comparatif fran\u00e7ais dans la reconstitution historique. Les ateliers d\u2019<strong>Angers<\/strong>, de <strong>Saint-Denis<\/strong> ou de <strong>La Rochelle<\/strong>, sp\u00e9cialis\u00e9s dans les costumes d\u2019\u00e9poque, tirent ici un b\u00e9n\u00e9fice direct en visibilit\u00e9 et en commandes, tant pour le cin\u00e9ma que pour les s\u00e9ries de plateformes comme <strong>Disney+<\/strong> ou <strong>Apple TV+<\/strong>.<\/p>\n<p>En termes de pr\u00e9visions, nous pouvons identifier quelques <strong>gagnants potentiels C\u00e9sar<\/strong> \u00e0 partir de cette \u00e9dition 2025 :<\/p>\n<ul>\n<li><strong>Jacques Audiard<\/strong> \u2013 gr\u00e2ce au cumul Cannes\/Golden Globes\/C\u00e9sar\/Oscars, il consolide un  track record ? quasi unique dans le paysage fran\u00e7ais contemporain.<\/li>\n<li><strong>Abou Sangar\u00e9<\/strong> \u2013 sa r\u00e9compense en <strong>R\u00e9v\u00e9lation Masculine<\/strong> sur <strong> L\u2019Histoire de Souleymane ?<\/strong> devrait logiquement se traduire par une mont\u00e9e en puissance, sur un mod\u00e8le souvent observ\u00e9 avec des acteurs comme <strong>Reda Kateb<\/strong> ou <strong>Tahar Rahim<\/strong>.<\/li>\n<li><strong>Hafsia Herzi<\/strong> \u2013 son C\u00e9sar 2025 pour <strong> Borgo ?<\/strong> lui permet de s\u2019installer durablement dans le cercle restreint des actrices capables d\u2019alterner cin\u00e9ma d\u2019auteur et projets plus grand public.<\/li>\n<\/ul>\n<p>Sur le plan de l\u2019<strong>optimisation SEO<\/strong> autour des mots-cl\u00e9s <strong> C\u00e9sar 2025 nominations ?<\/strong>, <strong> meilleurs films C\u00e9sar 2025 ?<\/strong> et <strong> gagnants potentiels C\u00e9sar ?<\/strong>, une strat\u00e9gie \u00e9ditoriale efficace consistera \u00e0 :<\/p>\n<ul>\n<li>Structurer les contenus en sections claires par cat\u00e9gories (Meilleur Film, Meilleure Actrice, etc.) afin de capter des requ\u00eates longues comme  <u>qui sont les nomm\u00e9s au C\u00e9sar du meilleur film 2025<\/u> ?.<\/li>\n<li>Int\u00e9grer les noms des personnalit\u00e9s fortes (Jacques Audiard, Pierre Niney, Hafsia Herzi, Karim Leklou, Zo\u00e9 Salda\u00f1a) dans les intertitres et les l\u00e9gendes d\u2019illustrations.<\/li>\n<li>Proposer des tableaux recensant les films et leurs nominations, afin de r\u00e9pondre efficacement \u00e0 la recherche d\u2019informations structur\u00e9es par les moteurs.<\/li>\n<li>Mettre en avant les r\u00e9v\u00e9lations comme <strong>Ma\u00efw\u00e8ne Barth\u00e9l\u00e9my<\/strong> pour <strong> Vingt dieux ?<\/strong> ou <strong>Souheila Yacoub<\/strong> pour <strong> Plan\u00e8te B ?<\/strong>, tr\u00e8s recherch\u00e9es sur les r\u00e9seaux sociaux comme <strong>Instagram<\/strong> ou <strong>X (Twitter)<\/strong>.<\/li>\n<\/ul>\n<h2>Conclusion et Perspectives<\/h2>\n<p>Les <strong>C\u00e9sar 2025 nominations<\/strong> confirment la vigueur d\u2019un cin\u00e9ma fran\u00e7ais capable d\u2019embrasser \u00e0 la fois le grand spectacle populaire et les r\u00e9cits intimistes ancr\u00e9s dans des enjeux de soci\u00e9t\u00e9. Le trio de t\u00eate \u2013 <strong> Le Comte de Monte-Cristo ?<\/strong> avec <strong>14 nominations<\/strong>, <strong> L\u2019Amour Ouf ?<\/strong> avec <strong>13 nominations<\/strong>, <strong> Emilia P\u00e9rez ?<\/strong> avec <strong>12 nominations<\/strong> \u2013 dessine une ann\u00e9e domin\u00e9e par des projets ambitieux, soutenus par de puissantes structures de production et des politiques publiques actives, de la <strong>R\u00e9gion \u00cele-de-France<\/strong> au <strong>CNC<\/strong>.<\/p>\n<p>Nous constatons que la 50e \u00e9dition a aussi servi de tremplin \u00e0 de nouvelles figures, comme <strong>Abou Sangar\u00e9<\/strong> et <strong>Ma\u00efw\u00e8ne Barth\u00e9l\u00e9my<\/strong>, tout en consolidant les trajectoires de talents install\u00e9s : <strong>Hafsia Herzi<\/strong>, <strong>Karim Leklou<\/strong>, <strong>Fran\u00e7ois Civil<\/strong>, <strong>Pierre Niney<\/strong>. <u>Sur le plan strat\u00e9gique, parier sur un cin\u00e9aste comme Jacques Audiard, d\u00e9j\u00e0 multi-prim\u00e9 aux C\u00e9sar et aux Oscars, appara\u00eet rationnel si l\u2019on observe la capacit\u00e9 de ses films \u00e0 f\u00e9d\u00e9rer les diff\u00e9rents maillons de la profession.<\/u><\/p>\n<p>Les perspectives \u00e0 horizon <strong>2026<\/strong> laissent pr\u00e9sager une ouverture encore plus marqu\u00e9e \u00e0 l\u2019international, avec la mont\u00e9e en puissance d\u2019actrices comme <strong>Zo\u00e9 Salda\u00f1a<\/strong> ou la remise d\u2019un C\u00e9sar d\u2019Honneur \u00e0 <strong>Julia Roberts<\/strong>, et un int\u00e9r\u00eat croissant pour les nouvelles technologies, notamment l\u2019<strong>Intelligence Artificielle (IA)<\/strong> dans les workflows de <strong>VFX<\/strong> et de postproduction. Des documentaires comme <strong> Southern Brides ?<\/strong> de <strong>Elena Lopez Riera<\/strong> devraient prolonger cette dynamique de circulation des \u0153uvres entre festivals internationaux et C\u00e9sar.<\/p>\n<ul>\n<li>Les studios de VFX fran\u00e7ais, d\u00e9j\u00e0 mis en lumi\u00e8re par les nominations de <strong> La B\u00eate ?<\/strong>, <strong> Emilia P\u00e9rez ?<\/strong> et <strong> Le Comte de Monte-Cristo ?<\/strong>, se pr\u00e9parent \u00e0 int\u00e9grer massivement des outils d\u2019IA g\u00e9n\u00e9rative dans leurs pipelines.<\/li>\n<li>Les plateformes de streaming, de <strong>Netflix<\/strong> \u00e0 <strong>Canal+ S\u00e9ries<\/strong>, s\u2019appuieront davantage sur les labels  nomm\u00e9 aux C\u00e9sar ? ou  laur\u00e9at des C\u00e9sar ? pour structurer leurs mises en avant \u00e9ditoriales.<\/li>\n<\/ul>\n<p>Nous pouvons consid\u00e9rer que les <strong>C\u00e9sar 2025<\/strong> marquent un tournant symbolique : \u00e0 50 ans, la c\u00e9r\u00e9monie se repositionne comme un hub entre les salles fran\u00e7aises, les plateformes mondiales, et les grands \u00e9v\u00e9nements internationaux que sont <strong>les Oscars<\/strong>, <strong>Cannes<\/strong> ou le <strong>Berlinale<\/strong>. \u00c0 vous maintenant de projeter vos propres <strong>gagnants C\u00e9sar 2025<\/strong>, de confronter vos intuitions aux tendances chiffr\u00e9es et aux palmar\u00e8s, et d\u2019observer comment ces choix influenceront, d\u00e8s 2026, les films que vous irez voir en salle ou en streaming.<\/p>\n","protected":false},"excerpt":{"rendered":"","protected":false},"author":34,"featured_media":7684,"comment_status":"open","ping_status":"open","sticky":false,"template":"","format":"standard","meta":{"_acf_changed":false,"manual_indexmenow":false,"indexmenow_id_project":0,"footnotes":""},"categories":[4521],"tags":[4785,4786,4787],"class_list":["post-7682","post","type-post","status-publish","format-standard","has-post-thumbnail","hentry","category-cinema-et-television","tag-cesar-2025","tag-nominations-cesar","tag-surprises-cesar","generate-columns","tablet-grid-50","mobile-grid-100","grid-parent","grid-25"],"acf":[],"yoast_head":"<!-- This site is optimized with the Yoast SEO Premium plugin v21.3 (Yoast SEO v26.5) - https:\/\/yoast.com\/wordpress\/plugins\/seo\/ -->\n<title>C\u00e9sar 2025 : Nominations, enjeux et premi\u00e8res surprises de la 50e \u00e9dition<\/title>\n<meta name=\"description\" content=\"La 50e \u00e9dition des C\u00e9sar se tient le 28 f\u00e9vrier 2025 \u00e0 l\u2019Olympia, dans le 9e arrondissement de Paris, sous la pr\u00e9sidence de Catherine Deneuve, actrice\" \/>\n<meta name=\"robots\" content=\"index, follow, max-snippet:-1, max-image-preview:large, max-video-preview:-1\" \/>\n<link rel=\"canonical\" href=\"https:\/\/starstory.fr\/blog\/cinema-et-television\/cesar-2025-nominations-enjeux-et-premieres-surprises-de-la-50e-edition\/\" \/>\n<meta property=\"og:locale\" content=\"fr_FR\" \/>\n<meta property=\"og:type\" content=\"article\" \/>\n<meta property=\"og:title\" content=\"C\u00e9sar 2025 : Nominations, enjeux et premi\u00e8res surprises de la 50e \u00e9dition\" \/>\n<meta property=\"og:description\" content=\"La 50e \u00e9dition des C\u00e9sar se tient le 28 f\u00e9vrier 2025 \u00e0 l\u2019Olympia, dans le 9e arrondissement de Paris, sous la pr\u00e9sidence de Catherine Deneuve, actrice\" \/>\n<meta property=\"og:url\" content=\"https:\/\/starstory.fr\/blog\/cinema-et-television\/cesar-2025-nominations-enjeux-et-premieres-surprises-de-la-50e-edition\/\" \/>\n<meta property=\"og:site_name\" content=\"starstory\" \/>\n<meta property=\"og:image\" content=\"https:\/\/starstory.fr\/blog\/wp-content\/uploads\/2025\/12\/pag-image-693bff42bd2e1-scaled.png\" \/>\n\t<meta property=\"og:image:width\" content=\"1200\" \/>\n\t<meta property=\"og:image:height\" content=\"686\" \/>\n\t<meta property=\"og:image:type\" content=\"image\/png\" \/>\n<meta name=\"author\" content=\"Rapha\u00ebl D.\" \/>\n<meta name=\"twitter:card\" content=\"summary_large_image\" \/>\n<script type=\"application\/ld+json\" class=\"yoast-schema-graph\">{\"@context\":\"https:\/\/schema.org\",\"@graph\":[{\"@type\":\"NewsArticle\",\"@id\":\"https:\/\/starstory.fr\/blog\/cinema-et-television\/cesar-2025-nominations-enjeux-et-premieres-surprises-de-la-50e-edition\/#article\",\"isPartOf\":{\"@id\":\"https:\/\/starstory.fr\/blog\/cinema-et-television\/cesar-2025-nominations-enjeux-et-premieres-surprises-de-la-50e-edition\/\"},\"author\":{\"name\":\"Rapha\u00ebl D.\",\"@id\":\"https:\/\/starstory.fr\/blog\/#\/schema\/person\/3c864cdc320801e3db34b663e7e3f816\"},\"headline\":\"C\u00e9sar 2025 : Nominations, enjeux et premi\u00e8res surprises de la 50e \u00e9dition\",\"datePublished\":\"2026-01-08T08:54:00+00:00\",\"mainEntityOfPage\":{\"@id\":\"https:\/\/starstory.fr\/blog\/cinema-et-television\/cesar-2025-nominations-enjeux-et-premieres-surprises-de-la-50e-edition\/\"},\"wordCount\":2975,\"commentCount\":0,\"publisher\":{\"@id\":\"https:\/\/starstory.fr\/blog\/#organization\"},\"image\":{\"@id\":\"https:\/\/starstory.fr\/blog\/cinema-et-television\/cesar-2025-nominations-enjeux-et-premieres-surprises-de-la-50e-edition\/#primaryimage\"},\"thumbnailUrl\":\"https:\/\/starstory.fr\/blog\/wp-content\/uploads\/2025\/12\/pag-image-693bff42bd2e1-scaled.png\",\"keywords\":[\"cesar 2025\",\"nominations cesar\",\"surprises cesar\"],\"articleSection\":[\"Cin\u00e9ma et T\u00e9l\u00e9vision\"],\"inLanguage\":\"fr-FR\",\"potentialAction\":[{\"@type\":\"CommentAction\",\"name\":\"Comment\",\"target\":[\"https:\/\/starstory.fr\/blog\/cinema-et-television\/cesar-2025-nominations-enjeux-et-premieres-surprises-de-la-50e-edition\/#respond\"]}]},{\"@type\":\"WebPage\",\"@id\":\"https:\/\/starstory.fr\/blog\/cinema-et-television\/cesar-2025-nominations-enjeux-et-premieres-surprises-de-la-50e-edition\/\",\"url\":\"https:\/\/starstory.fr\/blog\/cinema-et-television\/cesar-2025-nominations-enjeux-et-premieres-surprises-de-la-50e-edition\/\",\"name\":\"C\u00e9sar 2025 : Nominations, enjeux et premi\u00e8res surprises de la 50e \u00e9dition\",\"isPartOf\":{\"@id\":\"https:\/\/starstory.fr\/blog\/#website\"},\"primaryImageOfPage\":{\"@id\":\"https:\/\/starstory.fr\/blog\/cinema-et-television\/cesar-2025-nominations-enjeux-et-premieres-surprises-de-la-50e-edition\/#primaryimage\"},\"image\":{\"@id\":\"https:\/\/starstory.fr\/blog\/cinema-et-television\/cesar-2025-nominations-enjeux-et-premieres-surprises-de-la-50e-edition\/#primaryimage\"},\"thumbnailUrl\":\"https:\/\/starstory.fr\/blog\/wp-content\/uploads\/2025\/12\/pag-image-693bff42bd2e1-scaled.png\",\"datePublished\":\"2026-01-08T08:54:00+00:00\",\"description\":\"La 50e \u00e9dition des C\u00e9sar se tient le 28 f\u00e9vrier 2025 \u00e0 l\u2019Olympia, dans le 9e arrondissement de Paris, sous la pr\u00e9sidence de Catherine Deneuve, actrice\",\"inLanguage\":\"fr-FR\",\"potentialAction\":[{\"@type\":\"ReadAction\",\"target\":[\"https:\/\/starstory.fr\/blog\/cinema-et-television\/cesar-2025-nominations-enjeux-et-premieres-surprises-de-la-50e-edition\/\"]}]},{\"@type\":\"ImageObject\",\"inLanguage\":\"fr-FR\",\"@id\":\"https:\/\/starstory.fr\/blog\/cinema-et-television\/cesar-2025-nominations-enjeux-et-premieres-surprises-de-la-50e-edition\/#primaryimage\",\"url\":\"https:\/\/starstory.fr\/blog\/wp-content\/uploads\/2025\/12\/pag-image-693bff42bd2e1-scaled.png\",\"contentUrl\":\"https:\/\/starstory.fr\/blog\/wp-content\/uploads\/2025\/12\/pag-image-693bff42bd2e1-scaled.png\",\"width\":1200,\"height\":686,\"caption\":\"Image g\u00e9n\u00e9r\u00e9e par IA optimis\u00e9e pour Google Discover\"},{\"@type\":\"WebSite\",\"@id\":\"https:\/\/starstory.fr\/blog\/#website\",\"url\":\"https:\/\/starstory.fr\/blog\/\",\"name\":\"StarStory\",\"description\":\"StarStory, les \u00e9toiles racontent leur histoire\",\"publisher\":{\"@id\":\"https:\/\/starstory.fr\/blog\/#organization\"},\"alternateName\":\"StarStory, les \u00e9toiles racontent leur histoire\",\"potentialAction\":[{\"@type\":\"SearchAction\",\"target\":{\"@type\":\"EntryPoint\",\"urlTemplate\":\"https:\/\/starstory.fr\/blog\/?s={search_term_string}\"},\"query-input\":{\"@type\":\"PropertyValueSpecification\",\"valueRequired\":true,\"valueName\":\"search_term_string\"}}],\"inLanguage\":\"fr-FR\"},{\"@type\":\"Organization\",\"@id\":\"https:\/\/starstory.fr\/blog\/#organization\",\"name\":\"StarStory\",\"alternateName\":\"StarStory.fr\",\"url\":\"https:\/\/starstory.fr\/blog\/\",\"logo\":{\"@type\":\"ImageObject\",\"inLanguage\":\"fr-FR\",\"@id\":\"https:\/\/starstory.fr\/blog\/#\/schema\/logo\/image\/\",\"url\":\"https:\/\/starstory.fr\/blog\/wp-content\/uploads\/2024\/12\/38.png\",\"contentUrl\":\"https:\/\/starstory.fr\/blog\/wp-content\/uploads\/2024\/12\/38.png\",\"width\":500,\"height\":500,\"caption\":\"StarStory\"},\"image\":{\"@id\":\"https:\/\/starstory.fr\/blog\/#\/schema\/logo\/image\/\"}},{\"@type\":\"Person\",\"@id\":\"https:\/\/starstory.fr\/blog\/#\/schema\/person\/3c864cdc320801e3db34b663e7e3f816\",\"name\":\"Rapha\u00ebl D.\",\"image\":{\"@type\":\"ImageObject\",\"inLanguage\":\"fr-FR\",\"@id\":\"https:\/\/starstory.fr\/blog\/#\/schema\/person\/image\/\",\"url\":\"https:\/\/starstory.fr\/blog\/wp-content\/uploads\/2026\/06\/persona_raphael-d-96x96.jpg\",\"contentUrl\":\"https:\/\/starstory.fr\/blog\/wp-content\/uploads\/2026\/06\/persona_raphael-d-96x96.jpg\",\"caption\":\"Rapha\u00ebl D.\"},\"description\":\"La culture est mon terrain de jeu depuis une dizaine d'ann\u00e9es : arts visuels, s\u00e9ries, cr\u00e9ation et tout ce qui nourrit l'imaginaire. J'\u00e9cris aussi bien sur l'actualit\u00e9 des \u0153uvres que sur les coulisses de la cr\u00e9ation, avec l'envie de relier l'amateur curieux \u00e0 des univers parfois jug\u00e9s intimidants. J'aime analyser une s\u00e9rie ou une d\u00e9marche artistique sans p\u00e9dantisme, replacer une \u0153uvre dans son contexte et donner des cl\u00e9s de lecture accessibles. Avant de publier, je v\u00e9rifie mes r\u00e9f\u00e9rences, je recoupe les sources et je distingue clairement le fait de mon interpr\u00e9tation subjective. Je crois qu'une critique vaut surtout par les arguments qu'elle expose, pas par la sentence qu'elle rend. Mon angle : transmettre l'envie de d\u00e9couvrir, de regarder autrement et de se forger son propre go\u00fbt. La culture n'appartient pas qu'aux initi\u00e9s, et c'est tout l'enjeu de mon \u00e9criture.\",\"url\":\"https:\/\/starstory.fr\/blog\/auteur\/noname\/\",\"jobTitle\":\"R\u00e9dacteur en chef \u00b7 Culture & Cr\u00e9ation\",\"knowsAbout\":[\"Culture\",\"Cr\u00e9ation\"],\"email\":\"raphael.d@a-l-asso-de-l-art.fr\"}]}<\/script>\n<!-- \/ Yoast SEO Premium plugin. -->","yoast_head_json":{"title":"C\u00e9sar 2025 : Nominations, enjeux et premi\u00e8res surprises de la 50e \u00e9dition","description":"La 50e \u00e9dition des C\u00e9sar se tient le 28 f\u00e9vrier 2025 \u00e0 l\u2019Olympia, dans le 9e arrondissement de Paris, sous la pr\u00e9sidence de Catherine Deneuve, actrice","robots":{"index":"index","follow":"follow","max-snippet":"max-snippet:-1","max-image-preview":"max-image-preview:large","max-video-preview":"max-video-preview:-1"},"canonical":"https:\/\/starstory.fr\/blog\/cinema-et-television\/cesar-2025-nominations-enjeux-et-premieres-surprises-de-la-50e-edition\/","og_locale":"fr_FR","og_type":"article","og_title":"C\u00e9sar 2025 : Nominations, enjeux et premi\u00e8res surprises de la 50e \u00e9dition","og_description":"La 50e \u00e9dition des C\u00e9sar se tient le 28 f\u00e9vrier 2025 \u00e0 l\u2019Olympia, dans le 9e arrondissement de Paris, sous la pr\u00e9sidence de Catherine Deneuve, actrice","og_url":"https:\/\/starstory.fr\/blog\/cinema-et-television\/cesar-2025-nominations-enjeux-et-premieres-surprises-de-la-50e-edition\/","og_site_name":"starstory","og_image":[{"width":1200,"height":686,"url":"https:\/\/starstory.fr\/blog\/wp-content\/uploads\/2025\/12\/pag-image-693bff42bd2e1-scaled.png","type":"image\/png"}],"author":"Rapha\u00ebl D.","twitter_card":"summary_large_image","schema":{"@context":"https:\/\/schema.org","@graph":[{"@type":"NewsArticle","@id":"https:\/\/starstory.fr\/blog\/cinema-et-television\/cesar-2025-nominations-enjeux-et-premieres-surprises-de-la-50e-edition\/#article","isPartOf":{"@id":"https:\/\/starstory.fr\/blog\/cinema-et-television\/cesar-2025-nominations-enjeux-et-premieres-surprises-de-la-50e-edition\/"},"author":{"name":"Rapha\u00ebl D.","@id":"https:\/\/starstory.fr\/blog\/#\/schema\/person\/3c864cdc320801e3db34b663e7e3f816"},"headline":"C\u00e9sar 2025 : Nominations, enjeux et premi\u00e8res surprises de la 50e \u00e9dition","datePublished":"2026-01-08T08:54:00+00:00","mainEntityOfPage":{"@id":"https:\/\/starstory.fr\/blog\/cinema-et-television\/cesar-2025-nominations-enjeux-et-premieres-surprises-de-la-50e-edition\/"},"wordCount":2975,"commentCount":0,"publisher":{"@id":"https:\/\/starstory.fr\/blog\/#organization"},"image":{"@id":"https:\/\/starstory.fr\/blog\/cinema-et-television\/cesar-2025-nominations-enjeux-et-premieres-surprises-de-la-50e-edition\/#primaryimage"},"thumbnailUrl":"https:\/\/starstory.fr\/blog\/wp-content\/uploads\/2025\/12\/pag-image-693bff42bd2e1-scaled.png","keywords":["cesar 2025","nominations cesar","surprises cesar"],"articleSection":["Cin\u00e9ma et T\u00e9l\u00e9vision"],"inLanguage":"fr-FR","potentialAction":[{"@type":"CommentAction","name":"Comment","target":["https:\/\/starstory.fr\/blog\/cinema-et-television\/cesar-2025-nominations-enjeux-et-premieres-surprises-de-la-50e-edition\/#respond"]}]},{"@type":"WebPage","@id":"https:\/\/starstory.fr\/blog\/cinema-et-television\/cesar-2025-nominations-enjeux-et-premieres-surprises-de-la-50e-edition\/","url":"https:\/\/starstory.fr\/blog\/cinema-et-television\/cesar-2025-nominations-enjeux-et-premieres-surprises-de-la-50e-edition\/","name":"C\u00e9sar 2025 : Nominations, enjeux et premi\u00e8res surprises de la 50e \u00e9dition","isPartOf":{"@id":"https:\/\/starstory.fr\/blog\/#website"},"primaryImageOfPage":{"@id":"https:\/\/starstory.fr\/blog\/cinema-et-television\/cesar-2025-nominations-enjeux-et-premieres-surprises-de-la-50e-edition\/#primaryimage"},"image":{"@id":"https:\/\/starstory.fr\/blog\/cinema-et-television\/cesar-2025-nominations-enjeux-et-premieres-surprises-de-la-50e-edition\/#primaryimage"},"thumbnailUrl":"https:\/\/starstory.fr\/blog\/wp-content\/uploads\/2025\/12\/pag-image-693bff42bd2e1-scaled.png","datePublished":"2026-01-08T08:54:00+00:00","description":"La 50e \u00e9dition des C\u00e9sar se tient le 28 f\u00e9vrier 2025 \u00e0 l\u2019Olympia, dans le 9e arrondissement de Paris, sous la pr\u00e9sidence de Catherine Deneuve, actrice","inLanguage":"fr-FR","potentialAction":[{"@type":"ReadAction","target":["https:\/\/starstory.fr\/blog\/cinema-et-television\/cesar-2025-nominations-enjeux-et-premieres-surprises-de-la-50e-edition\/"]}]},{"@type":"ImageObject","inLanguage":"fr-FR","@id":"https:\/\/starstory.fr\/blog\/cinema-et-television\/cesar-2025-nominations-enjeux-et-premieres-surprises-de-la-50e-edition\/#primaryimage","url":"https:\/\/starstory.fr\/blog\/wp-content\/uploads\/2025\/12\/pag-image-693bff42bd2e1-scaled.png","contentUrl":"https:\/\/starstory.fr\/blog\/wp-content\/uploads\/2025\/12\/pag-image-693bff42bd2e1-scaled.png","width":1200,"height":686,"caption":"Image g\u00e9n\u00e9r\u00e9e par IA optimis\u00e9e pour Google Discover"},{"@type":"WebSite","@id":"https:\/\/starstory.fr\/blog\/#website","url":"https:\/\/starstory.fr\/blog\/","name":"StarStory","description":"StarStory, les \u00e9toiles racontent leur histoire","publisher":{"@id":"https:\/\/starstory.fr\/blog\/#organization"},"alternateName":"StarStory, les \u00e9toiles racontent leur histoire","potentialAction":[{"@type":"SearchAction","target":{"@type":"EntryPoint","urlTemplate":"https:\/\/starstory.fr\/blog\/?s={search_term_string}"},"query-input":{"@type":"PropertyValueSpecification","valueRequired":true,"valueName":"search_term_string"}}],"inLanguage":"fr-FR"},{"@type":"Organization","@id":"https:\/\/starstory.fr\/blog\/#organization","name":"StarStory","alternateName":"StarStory.fr","url":"https:\/\/starstory.fr\/blog\/","logo":{"@type":"ImageObject","inLanguage":"fr-FR","@id":"https:\/\/starstory.fr\/blog\/#\/schema\/logo\/image\/","url":"https:\/\/starstory.fr\/blog\/wp-content\/uploads\/2024\/12\/38.png","contentUrl":"https:\/\/starstory.fr\/blog\/wp-content\/uploads\/2024\/12\/38.png","width":500,"height":500,"caption":"StarStory"},"image":{"@id":"https:\/\/starstory.fr\/blog\/#\/schema\/logo\/image\/"}},{"@type":"Person","@id":"https:\/\/starstory.fr\/blog\/#\/schema\/person\/3c864cdc320801e3db34b663e7e3f816","name":"Rapha\u00ebl D.","image":{"@type":"ImageObject","inLanguage":"fr-FR","@id":"https:\/\/starstory.fr\/blog\/#\/schema\/person\/image\/","url":"https:\/\/starstory.fr\/blog\/wp-content\/uploads\/2026\/06\/persona_raphael-d-96x96.jpg","contentUrl":"https:\/\/starstory.fr\/blog\/wp-content\/uploads\/2026\/06\/persona_raphael-d-96x96.jpg","caption":"Rapha\u00ebl D."},"description":"La culture est mon terrain de jeu depuis une dizaine d'ann\u00e9es : arts visuels, s\u00e9ries, cr\u00e9ation et tout ce qui nourrit l'imaginaire. J'\u00e9cris aussi bien sur l'actualit\u00e9 des \u0153uvres que sur les coulisses de la cr\u00e9ation, avec l'envie de relier l'amateur curieux \u00e0 des univers parfois jug\u00e9s intimidants. J'aime analyser une s\u00e9rie ou une d\u00e9marche artistique sans p\u00e9dantisme, replacer une \u0153uvre dans son contexte et donner des cl\u00e9s de lecture accessibles. Avant de publier, je v\u00e9rifie mes r\u00e9f\u00e9rences, je recoupe les sources et je distingue clairement le fait de mon interpr\u00e9tation subjective. Je crois qu'une critique vaut surtout par les arguments qu'elle expose, pas par la sentence qu'elle rend. Mon angle : transmettre l'envie de d\u00e9couvrir, de regarder autrement et de se forger son propre go\u00fbt. La culture n'appartient pas qu'aux initi\u00e9s, et c'est tout l'enjeu de mon \u00e9criture.","url":"https:\/\/starstory.fr\/blog\/auteur\/noname\/","jobTitle":"R\u00e9dacteur en chef \u00b7 Culture & Cr\u00e9ation","knowsAbout":["Culture","Cr\u00e9ation"],"email":"raphael.d@a-l-asso-de-l-art.fr"}]}},"_links":{"self":[{"href":"https:\/\/starstory.fr\/blog\/wp-json\/wp\/v2\/posts\/7682","targetHints":{"allow":["GET"]}}],"collection":[{"href":"https:\/\/starstory.fr\/blog\/wp-json\/wp\/v2\/posts"}],"about":[{"href":"https:\/\/starstory.fr\/blog\/wp-json\/wp\/v2\/types\/post"}],"author":[{"embeddable":true,"href":"https:\/\/starstory.fr\/blog\/wp-json\/wp\/v2\/users\/34"}],"replies":[{"embeddable":true,"href":"https:\/\/starstory.fr\/blog\/wp-json\/wp\/v2\/comments?post=7682"}],"version-history":[{"count":1,"href":"https:\/\/starstory.fr\/blog\/wp-json\/wp\/v2\/posts\/7682\/revisions"}],"predecessor-version":[{"id":7749,"href":"https:\/\/starstory.fr\/blog\/wp-json\/wp\/v2\/posts\/7682\/revisions\/7749"}],"wp:featuredmedia":[{"embeddable":true,"href":"https:\/\/starstory.fr\/blog\/wp-json\/wp\/v2\/media\/7684"}],"wp:attachment":[{"href":"https:\/\/starstory.fr\/blog\/wp-json\/wp\/v2\/media?parent=7682"}],"wp:term":[{"taxonomy":"category","embeddable":true,"href":"https:\/\/starstory.fr\/blog\/wp-json\/wp\/v2\/categories?post=7682"},{"taxonomy":"post_tag","embeddable":true,"href":"https:\/\/starstory.fr\/blog\/wp-json\/wp\/v2\/tags?post=7682"}],"curies":[{"name":"wp","href":"https:\/\/api.w.org\/{rel}","templated":true}]}}