{"id":7679,"date":"2026-01-05T09:36:00","date_gmt":"2026-01-05T08:36:00","guid":{"rendered":"https:\/\/starstory.fr\/blog\/?p=7679"},"modified":"2026-01-05T09:36:00","modified_gmt":"2026-01-05T08:36:00","slug":"les-footballeurs-francais-champions-du-monde-analyse-des-generations-legendaires","status":"publish","type":"post","link":"https:\/\/starstory.fr\/blog\/sport-et-legendes-sportives\/les-footballeurs-francais-champions-du-monde-analyse-des-generations-legendaires\/","title":{"rendered":"Les footballeurs fran\u00e7ais champions du monde : analyse des g\u00e9n\u00e9rations l\u00e9gendaires"},"content":{"rendered":"<h1>Footballeur fran\u00e7ais champion du monde &#8211; Guide Complet et Analyse Approfondie<\/h1>\n<h2>Introduction<\/h2>\n<p>Les <strong>footballeurs fran\u00e7ais champions du monde<\/strong> incarnent l&rsquo;excellence du football hexagonal, avec deux victoires historiques en <strong>Coupe du Monde 1998<\/strong> face au <strong>Br\u00e9sil<\/strong> (3-0) et en <strong>Coupe du Monde 2018<\/strong> contre la <strong>Croatie<\/strong> (4-2). Nous examinons ces g\u00e9n\u00e9rations mythiques, port\u00e9es par des leaders comme <strong>Didier Deschamps<\/strong>, seul capitaine en 1998 devenu <strong>s\u00e9lectionneur champion<\/strong> en 2018. Imaginez-vous parmi les <u>1,5 million de supporters<\/u> sur les <strong>Champs-\u00c9lys\u00e9es \u00e0 Paris<\/strong> le 12 juillet 1998, ou devant les <u>20,3 millions de t\u00e9l\u00e9spectateurs fran\u00e7ais<\/u> pour la finale 2018 diffus\u00e9e sur <strong>TF1<\/strong>.<\/p>\n<p>Ces triomphes transcendent le sport, unifiant la nation autour de figures comme <strong>Zin\u00e9dine Zidane<\/strong> en 1998 et <strong>Kylian Mbapp\u00e9<\/strong> en 2018. Nous explorons les fondamentaux historiques, les parcours individuels, les strat\u00e9gies victorieuses et les perspectives jusqu&rsquo;\u00e0 la <strong>Coupe du Monde 2026<\/strong> aux <strong>\u00c9tats-Unis, Canada et Mexique<\/strong>. Notre analyse met en lumi\u00e8re l&rsquo;impact soci\u00e9tal durable, des c\u00e9l\u00e9brations massives de 1998 \u00e0 l&rsquo;essor commercial post-2018, g\u00e9n\u00e9rant <u>plus de 500 millions d&rsquo;euros<\/u> en retomb\u00e9es \u00e9conomiques pour la <strong>F\u00e9d\u00e9ration Fran\u00e7aise de Football (FFF)<\/strong>.<\/p>\n<h2>Les Fondamentaux de footballeur fran\u00e7ais champion du monde<\/h2>\n<p>Un <strong>footballeur fran\u00e7ais champion du monde<\/strong> d\u00e9signe tout membre de l&rsquo;effectif des <strong>Bleus<\/strong> vainqueur d&rsquo;une <strong>Coupe du Monde FIFA<\/strong>, statut officiel accord\u00e9 par la <strong>FFF<\/strong> et conserv\u00e9 jusqu&rsquo;\u00e0 la prochaine \u00e9dition. <u>Seuls 45 joueurs<\/u> portent ce titre : <u>22 de la g\u00e9n\u00e9ration 1998<\/u> sous <strong>Aim\u00e9 Jacquet<\/strong> et <u>23 de 2018<\/u> dirig\u00e9s par <strong>Didier Deschamps<\/strong>. En 1998, \u00e0 <strong>Saint-Denis en France<\/strong>, <strong>Zin\u00e9dine Zidane<\/strong> signe un <strong>doubl\u00e9 de la t\u00eate<\/strong> en finale, tandis qu&rsquo;<strong>Emmanuel Petit<\/strong> scelle le 3-0. Vingt ans plus tard, \u00e0 <strong>Moscou en Russie<\/strong>, <strong>Benjamin Pavard<\/strong> marque le <strong>but du tournoi<\/strong> d&rsquo;une reprise volley\u00e9e magistrale.<\/p>\n<p>Nous comparons les deux g\u00e9n\u00e9rations via leurs profils d\u00e9mographiques pr\u00e9cis :<\/p>\n<ul>\n<li><strong>1998<\/strong> : \u00c2ge moyen <u>28,5 ans<\/u>, clubs dominants <strong>Juventus<\/strong> (Turin, Italie) et <strong>Arsenal FC<\/strong> (Londres, Angleterre), avec 7 buteurs incluant <strong>Lilian Thuram<\/strong> (doubl\u00e9 en demi-finale contre Croatie).<\/li>\n<li><strong>2018<\/strong> : \u00c2ge moyen <u>26,2 ans<\/u>, provenance <strong>Paris Saint-Germain FC (PSG)<\/strong> et <strong>Atl\u00e9tico Madrid<\/strong> (Espagne), <strong>Kylian Mbapp\u00e9<\/strong> \u00e9lu <strong>meilleur jeune joueur<\/strong> \u00e0 19 ans.<\/li>\n<li>Points communs : Capitaines embl\u00e9matiques (<strong>Didier Deschamps 1998<\/strong>, <strong>Hugo Lloris 2018<\/strong>), gardiens solides (<strong>Fabien Barthez<\/strong>, <strong>Hugo Lloris<\/strong>).<\/li>\n<\/ul>\n<p>Cette \u00e9lite b\u00e9n\u00e9ficie d&rsquo;un h\u00e9ritage prestigieux, comme le confirme la <strong>FIFA<\/strong> : la France rejoint le club restreint des doubles champions, avec un palmar\u00e8s enrichi par l&rsquo;<strong>Euro 2000<\/strong> et la <strong>Coupe des Conf\u00e9d\u00e9rations 2003<\/strong>.<\/p>\n<h2>Applications Pratiques et Cas d&rsquo;Usage<\/h2>\n<p>Les trajectoires des <strong>footballeurs fran\u00e7ais champions du monde<\/strong> illustrent des carri\u00e8res boost\u00e9es par le titre. Prenez <strong>Zin\u00e9dine Zidane<\/strong>, h\u00e9ros de la finale 1998 avec ses deux buts sur corners de <strong>Didier Deschamps<\/strong> : sous <strong>Aim\u00e9 Jacquet<\/strong>, il devient ic\u00f4ne mondiale, remportant ensuite trois <strong>Ligues des Champions<\/strong> avec le <strong>Real Madrid<\/strong> (2002). <strong>Kylian Mbapp\u00e9<\/strong>, star de 2018, signe le premier <strong>doubl\u00e9 fran\u00e7ais<\/strong> en phase \u00e0 \u00e9limination directe depuis Zidane (contre l&rsquo;<strong>Argentine<\/strong> en 2018), devenant \u00e0 19 ans le <u>4e plus jeune champion<\/u> derri\u00e8re <strong>Pel\u00e9<\/strong>.<\/p>\n<p>Autres cas concrets post-titre :<\/p>\n<ul>\n<li><strong>Antoine Griezmann<\/strong> (Atl\u00e9tico Madrid) : Passeur d\u00e9cisif en finale 2018 pour <strong>Ivan Peri\u0161i\u0107<\/strong> contre son camp, il prolonge au <strong>FC Barcelone<\/strong> avant retour triomphal, cumulant <u>44 buts<\/u> en 128 s\u00e9lections.<\/li>\n<li><strong>Paul Pogba<\/strong> (Manchester United FC) : Double buteur en finale 2018, il conquiert la <strong>Serie A 2019<\/strong> avec la <strong>Juventus<\/strong>, malgr\u00e9 blessures r\u00e9currentes.<\/li>\n<li><strong>N&rsquo;Golo Kant\u00e9<\/strong> (Chelsea FC) : Discret mais dominant, <u>270 interceptions<\/u> en Premier League post-2018, vainqueur <strong>Ligue des Champions 2021<\/strong>.<\/li>\n<\/ul>\n<p><strong>Hugo Lloris<\/strong>, capitaine 2018, t\u00e9moigne dans <em>L&rsquo;\u00c9quipe<\/em> en 2023 : <em>\u00ab\u00a0Ce titre nous a unis pour toujours\u00a0\u00bb<\/em>. Nous voyons l&rsquo;adaptation vari\u00e9e : <strong>Rapha?l Varane<\/strong> excelle au <strong>Real Madrid<\/strong> (4 Ligues des Champions), tandis que certains comme <strong>Olivier Giroud<\/strong> brillent en <strong>AC Milan<\/strong> (Serie A 2022). Notre avis : ce statut acc\u00e9l\u00e8re les transferts, avec <u>hausse moyenne de 30%<\/u> en valeur marchande selon <strong>Transfermarkt<\/strong>.<\/p>\n<h2>Optimisation et Meilleures Pratiques<\/h2>\n<p>Le succ\u00e8s des <strong>footballeurs fran\u00e7ais champions du monde<\/strong> repose sur une <strong>mentalit\u00e9 collective<\/strong> forg\u00e9e par <strong>Didier Deschamps<\/strong>, avec un noyau dur <strong>Lloris-Varane-Griezmann-Kant\u00e9<\/strong> en 2018. La pr\u00e9paration physique atteint des sommets : en 2018, les Bleus parcourent <u>120 km<\/u> en moyenne par match, sans prolongations en phase finale, gr\u00e2ce \u00e0 un staff incluant <strong>Bruno Bini<\/strong> pour la r\u00e9cup\u00e9ration. Tactiquement, les <strong>contre-attaques fulgurantes<\/strong> dominent, comme le 4-3-3 contre l&rsquo;<strong>Argentine<\/strong> en 2022.<\/p>\n<p>Meilleures pratiques observ\u00e9es :<\/p>\n<ul>\n<li>Gestion g\u00e9n\u00e9rationnelle : De <strong>Michel Platini<\/strong> (3e en 1986) \u00e0 <strong>Kylian Mbapp\u00e9<\/strong> (n\u00e9 1998, champion la m\u00eame ann\u00e9e), focus sur la formation au <strong>Clairefontaine<\/strong> (INF Clairefontaine, Essonne).<\/li>\n<li>\u00c9viter les pi\u00e8ges : Expulsion de <strong>Marcel Desailly<\/strong> en finale 1998 (\u00e0 10 contre 11), \u00e9checs 2002 au <strong>Mondial japonais-cor\u00e9en<\/strong> et finale 2022 perdue 3-3 (4-2 TAB) contre l&rsquo;Argentine.<\/li>\n<li>Comparaison rivaux : France premi\u00e8re nation \u00e0 gagner <strong>Coupe du Monde, Euro et Conf\u00e9d\u00e9rations<\/strong>, surpassant <strong>Br\u00e9sil<\/strong> (5 titres) par polyvalence.<\/li>\n<\/ul>\n<p>Conseils pour jeunes talents : Suivez la trajectoire de <strong>Eduardo Camavinga<\/strong> (n\u00e9 2002, Rennes puis Real Madrid), priorisez endurance et discipline. Notre perspective : Deschamps excelle en \u00e9vitant l&rsquo;arrogance post-1998, avec <u>75% de victoires<\/u> en s\u00e9lection depuis 2012.<\/p>\n<h2>Conclusion et Perspectives<\/h2>\n<p>Les 45 <strong>footballeurs fran\u00e7ais champions du monde<\/strong> forgent un legs in\u00e9gal\u00e9, des doubl\u00e9s de <strong>Zin\u00e9dine Zidane<\/strong> en 1998 aux \u00e9clats de <strong>Kylian Mbapp\u00e9<\/strong> en 2018. <strong>Didier Deschamps<\/strong>, l\u00e9gende vivante, incarne la transition joueur-s\u00e9lectionneur, tandis que la nouvelle g\u00e9n\u00e9ration (<strong>Aur\u00e9lien Tchouam\u00e9ni<\/strong>, <strong>William Saliba<\/strong>) pr\u00e9pare la <strong>Coupe du Monde 2026<\/strong> \u00e9largie \u00e0 48 \u00e9quipes. Nous parions sur un troisi\u00e8me titre, port\u00e9 par <u>15 joueurs sous 23 ans<\/u> en 2025.<\/p>\n<p>Pour vous inspirer, plongez dans ces carri\u00e8res : suivez <strong>Mbapp\u00e9<\/strong> vers un probable <strong>Ballon d&rsquo;Or 2024<\/strong> au <strong>Real Madrid<\/strong>, ou l&rsquo;\u00e9volution de <strong>Antoine Griezmann<\/strong>. Projections chiffr\u00e9es : avec <u>potentiels 20 nouveaux champions d&rsquo;ici 2030<\/u>, les Bleus visent la domination, confirmant notre conviction en un football fran\u00e7ais r\u00e9silient et innovant.<\/p>\n","protected":false},"excerpt":{"rendered":"","protected":false},"author":34,"featured_media":7681,"comment_status":"open","ping_status":"open","sticky":false,"template":"","format":"standard","meta":{"_acf_changed":false,"manual_indexmenow":false,"indexmenow_id_project":0,"footnotes":""},"categories":[4523],"tags":[4783,4784,4782],"class_list":["post-7679","post","type-post","status-publish","format-standard","has-post-thumbnail","hentry","category-sport-et-legendes-sportives","tag-champions-du-monde","tag-equipe-de-france","tag-footballeurs-francais","generate-columns","tablet-grid-50","mobile-grid-100","grid-parent","grid-25"],"acf":[],"yoast_head":"<!-- This site is optimized with the Yoast SEO Premium plugin v21.3 (Yoast SEO v26.5) - https:\/\/yoast.com\/wordpress\/plugins\/seo\/ -->\n<title>Les footballeurs fran\u00e7ais champions du monde<\/title>\n<meta name=\"description\" content=\"Les footballeurs fran\u00e7ais champions du monde incarnent l&#039;excellence du football hexagonal, avec deux victoires historiques en Coupe du Monde 1998 face\" \/>\n<meta name=\"robots\" content=\"index, follow, max-snippet:-1, max-image-preview:large, max-video-preview:-1\" \/>\n<link rel=\"canonical\" href=\"https:\/\/starstory.fr\/blog\/sport-et-legendes-sportives\/les-footballeurs-francais-champions-du-monde-analyse-des-generations-legendaires\/\" \/>\n<meta property=\"og:locale\" content=\"fr_FR\" \/>\n<meta property=\"og:type\" content=\"article\" \/>\n<meta property=\"og:title\" content=\"Les footballeurs fran\u00e7ais champions du monde\" \/>\n<meta property=\"og:description\" content=\"Les footballeurs fran\u00e7ais champions du monde incarnent l&#039;excellence du football hexagonal, avec deux victoires historiques en Coupe du Monde 1998 face\" \/>\n<meta property=\"og:url\" content=\"https:\/\/starstory.fr\/blog\/sport-et-legendes-sportives\/les-footballeurs-francais-champions-du-monde-analyse-des-generations-legendaires\/\" \/>\n<meta property=\"og:site_name\" content=\"starstory\" \/>\n<meta property=\"og:image\" content=\"https:\/\/starstory.fr\/blog\/wp-content\/uploads\/2025\/12\/pag-image-693bfea937a13-scaled.png\" \/>\n\t<meta property=\"og:image:width\" content=\"1200\" \/>\n\t<meta property=\"og:image:height\" content=\"686\" \/>\n\t<meta property=\"og:image:type\" content=\"image\/png\" \/>\n<meta name=\"author\" content=\"Rapha\u00ebl D.\" \/>\n<meta name=\"twitter:card\" content=\"summary_large_image\" \/>\n<script type=\"application\/ld+json\" class=\"yoast-schema-graph\">{\"@context\":\"https:\/\/schema.org\",\"@graph\":[{\"@type\":\"NewsArticle\",\"@id\":\"https:\/\/starstory.fr\/blog\/sport-et-legendes-sportives\/les-footballeurs-francais-champions-du-monde-analyse-des-generations-legendaires\/#article\",\"isPartOf\":{\"@id\":\"https:\/\/starstory.fr\/blog\/sport-et-legendes-sportives\/les-footballeurs-francais-champions-du-monde-analyse-des-generations-legendaires\/\"},\"author\":{\"name\":\"Rapha\u00ebl D.\",\"@id\":\"https:\/\/starstory.fr\/blog\/#\/schema\/person\/3c864cdc320801e3db34b663e7e3f816\"},\"headline\":\"Les footballeurs fran\u00e7ais champions du monde : analyse des g\u00e9n\u00e9rations l\u00e9gendaires\",\"datePublished\":\"2026-01-05T08:36:00+00:00\",\"mainEntityOfPage\":{\"@id\":\"https:\/\/starstory.fr\/blog\/sport-et-legendes-sportives\/les-footballeurs-francais-champions-du-monde-analyse-des-generations-legendaires\/\"},\"wordCount\":958,\"commentCount\":0,\"publisher\":{\"@id\":\"https:\/\/starstory.fr\/blog\/#organization\"},\"image\":{\"@id\":\"https:\/\/starstory.fr\/blog\/sport-et-legendes-sportives\/les-footballeurs-francais-champions-du-monde-analyse-des-generations-legendaires\/#primaryimage\"},\"thumbnailUrl\":\"https:\/\/starstory.fr\/blog\/wp-content\/uploads\/2025\/12\/pag-image-693bfea937a13-scaled.png\",\"keywords\":[\"champions du monde\",\"equipe de france\",\"footballeurs francais\"],\"articleSection\":[\"Sport et L\u00e9gendes Sportives\"],\"inLanguage\":\"fr-FR\",\"potentialAction\":[{\"@type\":\"CommentAction\",\"name\":\"Comment\",\"target\":[\"https:\/\/starstory.fr\/blog\/sport-et-legendes-sportives\/les-footballeurs-francais-champions-du-monde-analyse-des-generations-legendaires\/#respond\"]}]},{\"@type\":\"WebPage\",\"@id\":\"https:\/\/starstory.fr\/blog\/sport-et-legendes-sportives\/les-footballeurs-francais-champions-du-monde-analyse-des-generations-legendaires\/\",\"url\":\"https:\/\/starstory.fr\/blog\/sport-et-legendes-sportives\/les-footballeurs-francais-champions-du-monde-analyse-des-generations-legendaires\/\",\"name\":\"Les footballeurs fran\u00e7ais champions du monde\",\"isPartOf\":{\"@id\":\"https:\/\/starstory.fr\/blog\/#website\"},\"primaryImageOfPage\":{\"@id\":\"https:\/\/starstory.fr\/blog\/sport-et-legendes-sportives\/les-footballeurs-francais-champions-du-monde-analyse-des-generations-legendaires\/#primaryimage\"},\"image\":{\"@id\":\"https:\/\/starstory.fr\/blog\/sport-et-legendes-sportives\/les-footballeurs-francais-champions-du-monde-analyse-des-generations-legendaires\/#primaryimage\"},\"thumbnailUrl\":\"https:\/\/starstory.fr\/blog\/wp-content\/uploads\/2025\/12\/pag-image-693bfea937a13-scaled.png\",\"datePublished\":\"2026-01-05T08:36:00+00:00\",\"description\":\"Les footballeurs fran\u00e7ais champions du monde incarnent l'excellence du football hexagonal, avec deux victoires historiques en Coupe du Monde 1998 face\",\"inLanguage\":\"fr-FR\",\"potentialAction\":[{\"@type\":\"ReadAction\",\"target\":[\"https:\/\/starstory.fr\/blog\/sport-et-legendes-sportives\/les-footballeurs-francais-champions-du-monde-analyse-des-generations-legendaires\/\"]}]},{\"@type\":\"ImageObject\",\"inLanguage\":\"fr-FR\",\"@id\":\"https:\/\/starstory.fr\/blog\/sport-et-legendes-sportives\/les-footballeurs-francais-champions-du-monde-analyse-des-generations-legendaires\/#primaryimage\",\"url\":\"https:\/\/starstory.fr\/blog\/wp-content\/uploads\/2025\/12\/pag-image-693bfea937a13-scaled.png\",\"contentUrl\":\"https:\/\/starstory.fr\/blog\/wp-content\/uploads\/2025\/12\/pag-image-693bfea937a13-scaled.png\",\"width\":1200,\"height\":686,\"caption\":\"Image g\u00e9n\u00e9r\u00e9e par IA optimis\u00e9e pour Google Discover\"},{\"@type\":\"WebSite\",\"@id\":\"https:\/\/starstory.fr\/blog\/#website\",\"url\":\"https:\/\/starstory.fr\/blog\/\",\"name\":\"StarStory\",\"description\":\"StarStory, les \u00e9toiles racontent leur histoire\",\"publisher\":{\"@id\":\"https:\/\/starstory.fr\/blog\/#organization\"},\"alternateName\":\"StarStory, les \u00e9toiles racontent leur histoire\",\"potentialAction\":[{\"@type\":\"SearchAction\",\"target\":{\"@type\":\"EntryPoint\",\"urlTemplate\":\"https:\/\/starstory.fr\/blog\/?s={search_term_string}\"},\"query-input\":{\"@type\":\"PropertyValueSpecification\",\"valueRequired\":true,\"valueName\":\"search_term_string\"}}],\"inLanguage\":\"fr-FR\"},{\"@type\":\"Organization\",\"@id\":\"https:\/\/starstory.fr\/blog\/#organization\",\"name\":\"StarStory\",\"alternateName\":\"StarStory.fr\",\"url\":\"https:\/\/starstory.fr\/blog\/\",\"logo\":{\"@type\":\"ImageObject\",\"inLanguage\":\"fr-FR\",\"@id\":\"https:\/\/starstory.fr\/blog\/#\/schema\/logo\/image\/\",\"url\":\"https:\/\/starstory.fr\/blog\/wp-content\/uploads\/2024\/12\/38.png\",\"contentUrl\":\"https:\/\/starstory.fr\/blog\/wp-content\/uploads\/2024\/12\/38.png\",\"width\":500,\"height\":500,\"caption\":\"StarStory\"},\"image\":{\"@id\":\"https:\/\/starstory.fr\/blog\/#\/schema\/logo\/image\/\"}},{\"@type\":\"Person\",\"@id\":\"https:\/\/starstory.fr\/blog\/#\/schema\/person\/3c864cdc320801e3db34b663e7e3f816\",\"name\":\"Rapha\u00ebl D.\",\"image\":{\"@type\":\"ImageObject\",\"inLanguage\":\"fr-FR\",\"@id\":\"https:\/\/starstory.fr\/blog\/#\/schema\/person\/image\/\",\"url\":\"https:\/\/starstory.fr\/blog\/wp-content\/uploads\/2026\/06\/persona_raphael-d-96x96.jpg\",\"contentUrl\":\"https:\/\/starstory.fr\/blog\/wp-content\/uploads\/2026\/06\/persona_raphael-d-96x96.jpg\",\"caption\":\"Rapha\u00ebl D.\"},\"description\":\"La culture est mon terrain de jeu depuis une dizaine d'ann\u00e9es : arts visuels, s\u00e9ries, cr\u00e9ation et tout ce qui nourrit l'imaginaire. J'\u00e9cris aussi bien sur l'actualit\u00e9 des \u0153uvres que sur les coulisses de la cr\u00e9ation, avec l'envie de relier l'amateur curieux \u00e0 des univers parfois jug\u00e9s intimidants. J'aime analyser une s\u00e9rie ou une d\u00e9marche artistique sans p\u00e9dantisme, replacer une \u0153uvre dans son contexte et donner des cl\u00e9s de lecture accessibles. Avant de publier, je v\u00e9rifie mes r\u00e9f\u00e9rences, je recoupe les sources et je distingue clairement le fait de mon interpr\u00e9tation subjective. Je crois qu'une critique vaut surtout par les arguments qu'elle expose, pas par la sentence qu'elle rend. Mon angle : transmettre l'envie de d\u00e9couvrir, de regarder autrement et de se forger son propre go\u00fbt. La culture n'appartient pas qu'aux initi\u00e9s, et c'est tout l'enjeu de mon \u00e9criture.\",\"url\":\"https:\/\/starstory.fr\/blog\/auteur\/noname\/\",\"jobTitle\":\"R\u00e9dacteur en chef \u00b7 Culture & Cr\u00e9ation\",\"knowsAbout\":[\"Culture\",\"Cr\u00e9ation\"],\"email\":\"raphael.d@a-l-asso-de-l-art.fr\"}]}<\/script>\n<!-- \/ Yoast SEO Premium plugin. -->","yoast_head_json":{"title":"Les footballeurs fran\u00e7ais champions du monde","description":"Les footballeurs fran\u00e7ais champions du monde incarnent l'excellence du football hexagonal, avec deux victoires historiques en Coupe du Monde 1998 face","robots":{"index":"index","follow":"follow","max-snippet":"max-snippet:-1","max-image-preview":"max-image-preview:large","max-video-preview":"max-video-preview:-1"},"canonical":"https:\/\/starstory.fr\/blog\/sport-et-legendes-sportives\/les-footballeurs-francais-champions-du-monde-analyse-des-generations-legendaires\/","og_locale":"fr_FR","og_type":"article","og_title":"Les footballeurs fran\u00e7ais champions du monde","og_description":"Les footballeurs fran\u00e7ais champions du monde incarnent l'excellence du football hexagonal, avec deux victoires historiques en Coupe du Monde 1998 face","og_url":"https:\/\/starstory.fr\/blog\/sport-et-legendes-sportives\/les-footballeurs-francais-champions-du-monde-analyse-des-generations-legendaires\/","og_site_name":"starstory","og_image":[{"width":1200,"height":686,"url":"https:\/\/starstory.fr\/blog\/wp-content\/uploads\/2025\/12\/pag-image-693bfea937a13-scaled.png","type":"image\/png"}],"author":"Rapha\u00ebl D.","twitter_card":"summary_large_image","schema":{"@context":"https:\/\/schema.org","@graph":[{"@type":"NewsArticle","@id":"https:\/\/starstory.fr\/blog\/sport-et-legendes-sportives\/les-footballeurs-francais-champions-du-monde-analyse-des-generations-legendaires\/#article","isPartOf":{"@id":"https:\/\/starstory.fr\/blog\/sport-et-legendes-sportives\/les-footballeurs-francais-champions-du-monde-analyse-des-generations-legendaires\/"},"author":{"name":"Rapha\u00ebl D.","@id":"https:\/\/starstory.fr\/blog\/#\/schema\/person\/3c864cdc320801e3db34b663e7e3f816"},"headline":"Les footballeurs fran\u00e7ais champions du monde : analyse des g\u00e9n\u00e9rations l\u00e9gendaires","datePublished":"2026-01-05T08:36:00+00:00","mainEntityOfPage":{"@id":"https:\/\/starstory.fr\/blog\/sport-et-legendes-sportives\/les-footballeurs-francais-champions-du-monde-analyse-des-generations-legendaires\/"},"wordCount":958,"commentCount":0,"publisher":{"@id":"https:\/\/starstory.fr\/blog\/#organization"},"image":{"@id":"https:\/\/starstory.fr\/blog\/sport-et-legendes-sportives\/les-footballeurs-francais-champions-du-monde-analyse-des-generations-legendaires\/#primaryimage"},"thumbnailUrl":"https:\/\/starstory.fr\/blog\/wp-content\/uploads\/2025\/12\/pag-image-693bfea937a13-scaled.png","keywords":["champions du monde","equipe de france","footballeurs francais"],"articleSection":["Sport et L\u00e9gendes Sportives"],"inLanguage":"fr-FR","potentialAction":[{"@type":"CommentAction","name":"Comment","target":["https:\/\/starstory.fr\/blog\/sport-et-legendes-sportives\/les-footballeurs-francais-champions-du-monde-analyse-des-generations-legendaires\/#respond"]}]},{"@type":"WebPage","@id":"https:\/\/starstory.fr\/blog\/sport-et-legendes-sportives\/les-footballeurs-francais-champions-du-monde-analyse-des-generations-legendaires\/","url":"https:\/\/starstory.fr\/blog\/sport-et-legendes-sportives\/les-footballeurs-francais-champions-du-monde-analyse-des-generations-legendaires\/","name":"Les footballeurs fran\u00e7ais champions du monde","isPartOf":{"@id":"https:\/\/starstory.fr\/blog\/#website"},"primaryImageOfPage":{"@id":"https:\/\/starstory.fr\/blog\/sport-et-legendes-sportives\/les-footballeurs-francais-champions-du-monde-analyse-des-generations-legendaires\/#primaryimage"},"image":{"@id":"https:\/\/starstory.fr\/blog\/sport-et-legendes-sportives\/les-footballeurs-francais-champions-du-monde-analyse-des-generations-legendaires\/#primaryimage"},"thumbnailUrl":"https:\/\/starstory.fr\/blog\/wp-content\/uploads\/2025\/12\/pag-image-693bfea937a13-scaled.png","datePublished":"2026-01-05T08:36:00+00:00","description":"Les footballeurs fran\u00e7ais champions du monde incarnent l'excellence du football hexagonal, avec deux victoires historiques en Coupe du Monde 1998 face","inLanguage":"fr-FR","potentialAction":[{"@type":"ReadAction","target":["https:\/\/starstory.fr\/blog\/sport-et-legendes-sportives\/les-footballeurs-francais-champions-du-monde-analyse-des-generations-legendaires\/"]}]},{"@type":"ImageObject","inLanguage":"fr-FR","@id":"https:\/\/starstory.fr\/blog\/sport-et-legendes-sportives\/les-footballeurs-francais-champions-du-monde-analyse-des-generations-legendaires\/#primaryimage","url":"https:\/\/starstory.fr\/blog\/wp-content\/uploads\/2025\/12\/pag-image-693bfea937a13-scaled.png","contentUrl":"https:\/\/starstory.fr\/blog\/wp-content\/uploads\/2025\/12\/pag-image-693bfea937a13-scaled.png","width":1200,"height":686,"caption":"Image g\u00e9n\u00e9r\u00e9e par IA optimis\u00e9e pour Google Discover"},{"@type":"WebSite","@id":"https:\/\/starstory.fr\/blog\/#website","url":"https:\/\/starstory.fr\/blog\/","name":"StarStory","description":"StarStory, les \u00e9toiles racontent leur histoire","publisher":{"@id":"https:\/\/starstory.fr\/blog\/#organization"},"alternateName":"StarStory, les \u00e9toiles racontent leur histoire","potentialAction":[{"@type":"SearchAction","target":{"@type":"EntryPoint","urlTemplate":"https:\/\/starstory.fr\/blog\/?s={search_term_string}"},"query-input":{"@type":"PropertyValueSpecification","valueRequired":true,"valueName":"search_term_string"}}],"inLanguage":"fr-FR"},{"@type":"Organization","@id":"https:\/\/starstory.fr\/blog\/#organization","name":"StarStory","alternateName":"StarStory.fr","url":"https:\/\/starstory.fr\/blog\/","logo":{"@type":"ImageObject","inLanguage":"fr-FR","@id":"https:\/\/starstory.fr\/blog\/#\/schema\/logo\/image\/","url":"https:\/\/starstory.fr\/blog\/wp-content\/uploads\/2024\/12\/38.png","contentUrl":"https:\/\/starstory.fr\/blog\/wp-content\/uploads\/2024\/12\/38.png","width":500,"height":500,"caption":"StarStory"},"image":{"@id":"https:\/\/starstory.fr\/blog\/#\/schema\/logo\/image\/"}},{"@type":"Person","@id":"https:\/\/starstory.fr\/blog\/#\/schema\/person\/3c864cdc320801e3db34b663e7e3f816","name":"Rapha\u00ebl D.","image":{"@type":"ImageObject","inLanguage":"fr-FR","@id":"https:\/\/starstory.fr\/blog\/#\/schema\/person\/image\/","url":"https:\/\/starstory.fr\/blog\/wp-content\/uploads\/2026\/06\/persona_raphael-d-96x96.jpg","contentUrl":"https:\/\/starstory.fr\/blog\/wp-content\/uploads\/2026\/06\/persona_raphael-d-96x96.jpg","caption":"Rapha\u00ebl D."},"description":"La culture est mon terrain de jeu depuis une dizaine d'ann\u00e9es : arts visuels, s\u00e9ries, cr\u00e9ation et tout ce qui nourrit l'imaginaire. J'\u00e9cris aussi bien sur l'actualit\u00e9 des \u0153uvres que sur les coulisses de la cr\u00e9ation, avec l'envie de relier l'amateur curieux \u00e0 des univers parfois jug\u00e9s intimidants. J'aime analyser une s\u00e9rie ou une d\u00e9marche artistique sans p\u00e9dantisme, replacer une \u0153uvre dans son contexte et donner des cl\u00e9s de lecture accessibles. Avant de publier, je v\u00e9rifie mes r\u00e9f\u00e9rences, je recoupe les sources et je distingue clairement le fait de mon interpr\u00e9tation subjective. Je crois qu'une critique vaut surtout par les arguments qu'elle expose, pas par la sentence qu'elle rend. Mon angle : transmettre l'envie de d\u00e9couvrir, de regarder autrement et de se forger son propre go\u00fbt. La culture n'appartient pas qu'aux initi\u00e9s, et c'est tout l'enjeu de mon \u00e9criture.","url":"https:\/\/starstory.fr\/blog\/auteur\/noname\/","jobTitle":"R\u00e9dacteur en chef \u00b7 Culture & Cr\u00e9ation","knowsAbout":["Culture","Cr\u00e9ation"],"email":"raphael.d@a-l-asso-de-l-art.fr"}]}},"_links":{"self":[{"href":"https:\/\/starstory.fr\/blog\/wp-json\/wp\/v2\/posts\/7679","targetHints":{"allow":["GET"]}}],"collection":[{"href":"https:\/\/starstory.fr\/blog\/wp-json\/wp\/v2\/posts"}],"about":[{"href":"https:\/\/starstory.fr\/blog\/wp-json\/wp\/v2\/types\/post"}],"author":[{"embeddable":true,"href":"https:\/\/starstory.fr\/blog\/wp-json\/wp\/v2\/users\/34"}],"replies":[{"embeddable":true,"href":"https:\/\/starstory.fr\/blog\/wp-json\/wp\/v2\/comments?post=7679"}],"version-history":[{"count":1,"href":"https:\/\/starstory.fr\/blog\/wp-json\/wp\/v2\/posts\/7679\/revisions"}],"predecessor-version":[{"id":7748,"href":"https:\/\/starstory.fr\/blog\/wp-json\/wp\/v2\/posts\/7679\/revisions\/7748"}],"wp:featuredmedia":[{"embeddable":true,"href":"https:\/\/starstory.fr\/blog\/wp-json\/wp\/v2\/media\/7681"}],"wp:attachment":[{"href":"https:\/\/starstory.fr\/blog\/wp-json\/wp\/v2\/media?parent=7679"}],"wp:term":[{"taxonomy":"category","embeddable":true,"href":"https:\/\/starstory.fr\/blog\/wp-json\/wp\/v2\/categories?post=7679"},{"taxonomy":"post_tag","embeddable":true,"href":"https:\/\/starstory.fr\/blog\/wp-json\/wp\/v2\/tags?post=7679"}],"curies":[{"name":"wp","href":"https:\/\/api.w.org\/{rel}","templated":true}]}}