{"id":7667,"date":"2026-08-31T21:01:03","date_gmt":"2026-08-31T19:01:03","guid":{"rendered":"https:\/\/starstory.fr\/blog\/?p=7667"},"modified":"2026-08-31T21:01:32","modified_gmt":"2026-08-31T19:01:32","slug":"actrice-francaise-decedee-analyse-de-leur-impact-sur-le-cinema-francais","status":"publish","type":"post","link":"https:\/\/starstory.fr\/blog\/cinema-et-television\/actrice-francaise-decedee-analyse-de-leur-impact-sur-le-cinema-francais\/","title":{"rendered":"Actrices fran\u00e7aises d\u00e9c\u00e9d\u00e9es en 2025 : hommage \u00e0 leur h\u00e9ritage au cin\u00e9ma"},"content":{"rendered":"<link rel=\"stylesheet\" href=\"https:\/\/fonts.googleapis.com\/css2?family=Fraunces:opsz,wght@9..144,600..900&#038;family=Inter:wght@400;500;600&#038;family=JetBrains+Mono:wght@500&#038;display=swap\">\n<style>\n.ss-portrait-wrap{font-family:'Inter',-apple-system,BlinkMacSystemFont,sans-serif;color:#2b2320;line-height:1.65;font-size:17px}\n.ss-portrait-wrap h1,.ss-portrait-wrap h2,.ss-portrait-wrap h3{font-family:'Fraunces',Georgia,serif;font-weight:700;color:#241b18;letter-spacing:-0.01em}\n.ss-portrait-wrap h1{font-size:clamp(28px,4vw,40px);font-weight:800;line-height:1.2;margin-bottom:14px}\n.ss-portrait-wrap h2{font-size:clamp(22px,3vw,30px);margin-top:42px;margin-bottom:14px;border-bottom:2px solid #f0dfd2;padding-bottom:8px}\n.ss-portrait-wrap h3{font-size:19px;margin-bottom:6px}\n.ss-portrait-wrap .ss-kicker{font-family:'JetBrains Mono',monospace;font-size:11px;font-weight:500;letter-spacing:.08em;text-transform:uppercase;color:#8B2635}\n.ss-portrait-wrap .ss-lead{font-size:19px;line-height:1.7;color:#3a2f2b}\n.ss-portrait-wrap .ss-essentiel{background:#fdf5ef;border:1px solid #f0dfd2;border-top:3px solid #8B2635;border-radius:12px;padding:20px 22px;margin:26px 0}\n.ss-portrait-wrap .ss-essentiel .ss-kicker{display:block;margin-bottom:10px}\n.ss-portrait-wrap .ss-essentiel ul{margin:0;padding-left:20px}\n.ss-portrait-wrap .ss-essentiel li{margin-bottom:8px}\n.ss-portrait-wrap .ss-grid{display:grid;grid-template-columns:repeat(auto-fit,minmax(260px,1fr));gap:18px;margin:22px 0}\n.ss-portrait-wrap .ss-card{background:#fff;border:1px solid #ece3dc;border-top:3px solid #8B2635;border-radius:12px;padding:18px 20px;box-shadow:0 1px 2px rgba(36,27,24,.04),0 10px 24px -16px rgba(36,27,24,.18);transition:transform .18s ease,box-shadow .18s ease}\n.ss-portrait-wrap .ss-card:hover{transform:translateY(-3px);box-shadow:0 4px 10px rgba(36,27,24,.08),0 18px 30px -16px rgba(36,27,24,.24)}\n.ss-portrait-wrap .ss-card .ss-dates{font-family:'JetBrains Mono',monospace;font-size:12.5px;color:#8B2635;font-weight:500;margin-bottom:8px;display:block}\n.ss-portrait-wrap .ss-card p{margin:0;font-size:15.5px;color:#3a2f2b}\n.ss-portrait-wrap .ss-timeline{list-style:none;margin:20px 0;padding:0;border-left:2px solid #f0dfd2}\n.ss-portrait-wrap .ss-timeline li{position:relative;padding:0 0 18px 22px}\n.ss-portrait-wrap .ss-timeline li::before{content:\"\";position:absolute;left:-6px;top:4px;width:10px;height:10px;border-radius:50%;background:#8B2635}\n.ss-portrait-wrap .ss-timeline .ss-tdate{font-family:'JetBrains Mono',monospace;font-size:12.5px;color:#8B2635;font-weight:500;display:block;margin-bottom:2px}\n.ss-portrait-wrap .ss-note{background:#f4efe9;border-radius:10px;padding:16px 18px;margin:22px 0;font-size:15.5px;color:#4a3f3a}\n.ss-portrait-wrap .ss-note strong{color:#241b18}\n.ss-portrait-wrap details{border:1px solid #ece3dc;border-radius:10px;padding:14px 18px;margin-bottom:10px;background:#fff}\n.ss-portrait-wrap summary{font-family:'Fraunces',serif;font-weight:700;font-size:16.5px;cursor:pointer;color:#241b18}\n.ss-portrait-wrap summary::marker{color:#8B2635}\n.ss-portrait-wrap details p{margin:10px 0 0;font-size:15.5px;color:#3a2f2b}\n<\/style>\n<div class=\"ss-portrait-wrap\">\n<h1>Actrices fran\u00e7aises d\u00e9c\u00e9d\u00e9es en 2025 : hommage \u00e0 leur h\u00e9ritage au cin\u00e9ma<\/h1>\n<p class=\"ss-lead\">Sept figures du cin\u00e9ma, de la t\u00e9l\u00e9vision et du doublage fran\u00e7ais se sont \u00e9teintes en 2025. Cet article rassemble, pour chacune, les dates v\u00e9rifi\u00e9es et l&rsquo;\u0153uvre pour laquelle le public les retient \u2014 sans d\u00e9tail sur les circonstances de leur d\u00e9c\u00e8s, qui rel\u00e8vent de la sph\u00e8re priv\u00e9e.<\/p>\n<div class=\"ss-essentiel\">\n  <span class=\"ss-kicker\">L&rsquo;essentiel<\/span><\/p>\n<ul>\n<li><strong>7 actrices et interpr\u00e8tes fran\u00e7aises<\/strong> disparues entre janvier et juillet 2025, du grand \u00e9cran au doublage.<\/li>\n<li>La disparition la plus comment\u00e9e de l&rsquo;ann\u00e9e est celle de <strong>Claudia Cardinale<\/strong>, le 23 septembre 2025, \u00e0 Nemours (Seine-et-Marne).<\/li>\n<li>Cet article ne mentionne ni cause de d\u00e9c\u00e8s, ni \u00e9l\u00e9ments de vie priv\u00e9e ou de sant\u00e9 : seules les dates et les \u0153uvres sont retenues.<\/li>\n<\/ul>\n<\/div>\n<h2>Les actrices disparues en 2025<\/h2>\n<p>Par ordre chronologique de disparition, voici les rep\u00e8res v\u00e9rifi\u00e9s pour chacune.<\/p>\n<div class=\"ss-grid\">\n<div class=\"ss-card\">\n<h3>Catherine Laborde<\/h3>\n<p>    <span class=\"ss-dates\">28 janvier 2025 \u00b7 73 ans<\/span><\/p>\n<p>Pr\u00e9sentatrice m\u00e9t\u00e9o embl\u00e9matique du 20 heures de TF1 pendant plus de vingt ans, elle a aussi tenu quelques r\u00f4les \u00e0 la t\u00e9l\u00e9vision.<\/p>\n<\/p><\/div>\n<div class=\"ss-card\">\n<h3>Genevi\u00e8ve Page<\/h3>\n<p>    <span class=\"ss-dates\">14 f\u00e9vrier 2025 \u00b7 97 ans<\/span><\/p>\n<p>Form\u00e9e au Conservatoire national sup\u00e9rieur d&rsquo;art dramatique, elle a marqu\u00e9 le cin\u00e9ma d&rsquo;apr\u00e8s-guerre, notamment dans <em>Le Cid<\/em> (Anthony Mann, 1961) et <em>Belle de jour<\/em> (Luis Bu\u00f1uel, 1967).<\/p>\n<\/p><\/div>\n<div class=\"ss-card\">\n<h3>\u00c9velyn S\u00e9l\u00e9na<\/h3>\n<p>    <span class=\"ss-dates\">25 mars 2025 \u00b7 85 ans<\/span><\/p>\n<p>Com\u00e9dienne et voix fran\u00e7aise de r\u00e9f\u00e9rence, elle a doubl\u00e9 notamment Glenn Close, Helen Mirren et Carrie Fisher (Princesse Leia) dans les premiers films Star Wars.<\/p>\n<\/p><\/div>\n<div class=\"ss-card\">\n<h3>Nicole Croisille<\/h3>\n<p>    <span class=\"ss-dates\">4 juin 2025 \u00b7 88 ans<\/span><\/p>\n<p>Interpr\u00e8te et actrice pluridisciplinaire, pass\u00e9e par la Com\u00e9die-Fran\u00e7aise, associ\u00e9e durablement \u00e0 Claude Lelouch et au film <em>Un homme et une femme<\/em> (1966).<\/p>\n<\/p><\/div>\n<div class=\"ss-card\">\n<h3>Florence Delay<\/h3>\n<p>    <span class=\"ss-dates\">1er juillet 2025 \u00b7 84 ans<\/span><\/p>\n<p>Actrice et \u00e9crivaine, acad\u00e9micienne, elle a men\u00e9 en parall\u00e8le une carri\u00e8re au th\u00e9\u00e2tre et \u00e0 l&rsquo;\u00e9cran sur plus de cinquante ans.<\/p>\n<\/p><\/div>\n<div class=\"ss-card\">\n<h3>Claudia Cardinale<\/h3>\n<p>    <span class=\"ss-dates\">23 septembre 2025 \u00b7 87 ans<\/span><\/p>\n<p>R\u00e9v\u00e9l\u00e9e par Federico Fellini, franco-italienne, elle reste associ\u00e9e au <em>Gu\u00e9pard<\/em> (Luchino Visconti, 1963) et \u00e0 <em>Il \u00e9tait une fois dans l&rsquo;Ouest<\/em> (Sergio Leone, 1968).<\/p>\n<\/p><\/div>\n<div class=\"ss-card\">\n<h3>Emilie Dequenne<\/h3>\n<p>    <span class=\"ss-dates\">16 mars 2025 \u00b7 43 ans<\/span><\/p>\n<p>R\u00e9v\u00e9l\u00e9e tr\u00e8s jeune, elle a marqu\u00e9 la g\u00e9n\u00e9ration suivante de com\u00e9diennes fran\u00e7aises.<\/p>\n<\/p><\/div>\n<\/div>\n<h2>Chronologie de l&rsquo;ann\u00e9e 2025<\/h2>\n<ul class=\"ss-timeline\">\n<li><span class=\"ss-tdate\">28 janvier<\/span>Catherine Laborde<\/li>\n<li><span class=\"ss-tdate\">14 f\u00e9vrier<\/span>Genevi\u00e8ve Page<\/li>\n<li><span class=\"ss-tdate\">16 mars<\/span>Emilie Dequenne<\/li>\n<li><span class=\"ss-tdate\">25 mars<\/span>\u00c9velyn S\u00e9l\u00e9na<\/li>\n<li><span class=\"ss-tdate\">4 juin<\/span>Nicole Croisille<\/li>\n<li><span class=\"ss-tdate\">1er juillet<\/span>Florence Delay<\/li>\n<li><span class=\"ss-tdate\">23 septembre<\/span>Claudia Cardinale<\/li>\n<\/ul>\n<h2>Comment ces disparitions sont-elles annonc\u00e9es ?<\/h2>\n<p>L&rsquo;annonce d&rsquo;un d\u00e9c\u00e8s dans le cin\u00e9ma suit un chemin classique : confirmation reprise par l&rsquo;AFP, puis relais par la presse et les cha\u00eenes qui ont diffus\u00e9 leurs \u0153uvres \u2014 France T\u00e9l\u00e9visions, Canal+ Cin\u00e9ma ou Arte pour les r\u00e9trospectives, la Cin\u00e9math\u00e8que fran\u00e7aise et la c\u00e9r\u00e9monie des C\u00e9sar pour les hommages \u00ab in memoriam \u00bb. Les bases documentaires comme Wikip\u00e9dia recoupent ensuite les dates et filmographies dans la dur\u00e9e.<\/p>\n<h2>Une nuance \u00e0 conna\u00eetre<\/h2>\n<p>Claudia Cardinale est souvent pr\u00e9sent\u00e9e comme actrice \u00ab fran\u00e7aise \u00bb alors qu&rsquo;elle est n\u00e9e \u00e0 La Goulette, en Tunisie, sous protectorat fran\u00e7ais, et a construit l&rsquo;essentiel de sa carri\u00e8re entre le cin\u00e9ma italien et le cin\u00e9ma fran\u00e7ais : elle est plus justement qualifi\u00e9e de franco-italienne. C&rsquo;est ce type de nuance qui doit primer sur les raccourcis, y compris dans les recherches en ligne sur le sujet.<\/p>\n<div class=\"ss-note\">\n  <strong>\u00c0 retenir<\/strong> \u2014 Sept parcours, sept dates v\u00e9rifi\u00e9es : de la pr\u00e9sentatrice devenue actrice occasionnelle (Catherine Laborde) \u00e0 la star franco-italienne du cin\u00e9ma d&rsquo;auteur (Claudia Cardinale), en passant par la voix fran\u00e7aise de plusieurs ic\u00f4nes hollywoodiennes (\u00c9velyn S\u00e9l\u00e9na). Le point commun : une \u0153uvre qui continue de circuler bien apr\u00e8s leur disparition, via les rediffusions et les r\u00e9trospectives.\n<\/div>\n<h2>Questions fr\u00e9quentes<\/h2>\n<details>\n<summary>Combien d&rsquo;actrices fran\u00e7aises sont d\u00e9c\u00e9d\u00e9es en 2025 ?<\/summary>\n<p>Cet article recense sept disparitions notables en 2025 dans le cin\u00e9ma, la t\u00e9l\u00e9vision et le doublage fran\u00e7ais : Catherine Laborde, Genevi\u00e8ve Page, Emilie Dequenne, \u00c9velyn S\u00e9l\u00e9na, Nicole Croisille, Florence Delay et Claudia Cardinale. Cette liste n&rsquo;a pas vocation \u00e0 \u00eatre exhaustive.<\/p>\n<\/details>\n<details>\n<summary>Pourquoi tant de recherches autour de \u00ab actrice fran\u00e7aise d\u00e9c\u00e9d\u00e9e \u00bb ?<\/summary>\n<p>C&rsquo;est une formulation de recherche courante quand une disparition est annonc\u00e9e dans la presse : les internautes cherchent \u00e0 confirmer l&rsquo;information et \u00e0 en savoir plus sur la carri\u00e8re de la personne. Le terme regroupe des parcours tr\u00e8s diff\u00e9rents, d&rsquo;o\u00f9 l&rsquo;int\u00e9r\u00eat de les distinguer plut\u00f4t que de les traiter comme un bloc uniforme.<\/p>\n<\/details>\n<details>\n<summary>O\u00f9 trouver des hommages fiables sur ces actrices ?<\/summary>\n<p>Les n\u00e9crologies de l&rsquo;AFP, les fiches biographiques de Wikip\u00e9dia et les r\u00e9trospectives des cha\u00eenes qui ont diffus\u00e9 leurs \u0153uvres (France T\u00e9l\u00e9visions, Arte, Canal+ Cin\u00e9ma) restent les sources les plus v\u00e9rifiables pour les dates et les filmographies.<\/p>\n<\/details>\n<p>(Re)d\u00e9couvrir leurs films reste la meilleure fa\u00e7on de leur rendre hommage : c&rsquo;est par leur \u0153uvre, plus que par les circonstances de leur d\u00e9part, qu&rsquo;elles continuent d&rsquo;exister dans la m\u00e9moire du cin\u00e9ma fran\u00e7ais.<\/p>\n<\/div>\n","protected":false},"excerpt":{"rendered":"","protected":false},"author":34,"featured_media":7669,"comment_status":"open","ping_status":"open","sticky":false,"template":"","format":"standard","meta":{"_acf_changed":false,"manual_indexmenow":false,"indexmenow_id_project":0,"footnotes":""},"categories":[4521],"tags":[4771,4773,4774],"class_list":["post-7667","post","type-post","status-publish","format-standard","has-post-thumbnail","hentry","category-cinema-et-television","tag-actrice-francaise","tag-cinema-francais","tag-impact-culturel","generate-columns","tablet-grid-50","mobile-grid-100","grid-parent","grid-25"],"acf":[],"yoast_head":"<!-- This site is optimized with the Yoast SEO Premium plugin v21.3 (Yoast SEO v26.5) - https:\/\/yoast.com\/wordpress\/plugins\/seo\/ -->\n<title>Actrices fran\u00e7aises d\u00e9c\u00e9d\u00e9es en 2025 : hommage \u00e0 leur h\u00e9ritage au cin\u00e9ma<\/title>\n<meta name=\"description\" content=\"Sept actrices et interpr\u00e8tes fran\u00e7aises disparues en 2025 : dates v\u00e9rifi\u00e9es, filmographie et hommages, sans d\u00e9tail sur les circonstances de leur d\u00e9c\u00e8s.\" \/>\n<meta name=\"robots\" content=\"index, follow, max-snippet:-1, max-image-preview:large, max-video-preview:-1\" \/>\n<link rel=\"canonical\" href=\"https:\/\/starstory.fr\/blog\/cinema-et-television\/actrice-francaise-decedee-analyse-de-leur-impact-sur-le-cinema-francais\/\" \/>\n<meta property=\"og:locale\" content=\"fr_FR\" \/>\n<meta property=\"og:type\" content=\"article\" \/>\n<meta property=\"og:title\" content=\"Actrices fran\u00e7aises d\u00e9c\u00e9d\u00e9es en 2025 : hommage \u00e0 leur h\u00e9ritage au cin\u00e9ma\" \/>\n<meta property=\"og:description\" content=\"Sept actrices et interpr\u00e8tes fran\u00e7aises disparues en 2025 : dates v\u00e9rifi\u00e9es, filmographie et hommages, sans d\u00e9tail sur les circonstances de leur d\u00e9c\u00e8s.\" \/>\n<meta property=\"og:url\" content=\"https:\/\/starstory.fr\/blog\/cinema-et-television\/actrice-francaise-decedee-analyse-de-leur-impact-sur-le-cinema-francais\/\" \/>\n<meta property=\"og:site_name\" content=\"starstory\" \/>\n<meta property=\"og:image\" content=\"https:\/\/starstory.fr\/blog\/wp-content\/uploads\/2025\/12\/pag-image-693bfc6f32675-scaled.png\" \/>\n\t<meta property=\"og:image:width\" content=\"1200\" \/>\n\t<meta property=\"og:image:height\" content=\"686\" \/>\n\t<meta property=\"og:image:type\" content=\"image\/png\" \/>\n<meta name=\"author\" content=\"Rapha\u00ebl D.\" \/>\n<meta name=\"twitter:card\" content=\"summary_large_image\" \/>\n<script type=\"application\/ld+json\" class=\"yoast-schema-graph\">{\"@context\":\"https:\/\/schema.org\",\"@graph\":[{\"@type\":\"NewsArticle\",\"@id\":\"https:\/\/starstory.fr\/blog\/cinema-et-television\/actrice-francaise-decedee-analyse-de-leur-impact-sur-le-cinema-francais\/#article\",\"isPartOf\":{\"@id\":\"https:\/\/starstory.fr\/blog\/cinema-et-television\/actrice-francaise-decedee-analyse-de-leur-impact-sur-le-cinema-francais\/\"},\"author\":{\"name\":\"Rapha\u00ebl D.\",\"@id\":\"https:\/\/starstory.fr\/blog\/#\/schema\/person\/3c864cdc320801e3db34b663e7e3f816\"},\"headline\":\"Actrices fran\u00e7aises d\u00e9c\u00e9d\u00e9es en 2025 : hommage \u00e0 leur h\u00e9ritage au cin\u00e9ma\",\"datePublished\":\"2026-08-31T19:01:03+00:00\",\"dateModified\":\"2026-08-31T19:01:32+00:00\",\"mainEntityOfPage\":{\"@id\":\"https:\/\/starstory.fr\/blog\/cinema-et-television\/actrice-francaise-decedee-analyse-de-leur-impact-sur-le-cinema-francais\/\"},\"wordCount\":874,\"commentCount\":0,\"publisher\":{\"@id\":\"https:\/\/starstory.fr\/blog\/#organization\"},\"image\":{\"@id\":\"https:\/\/starstory.fr\/blog\/cinema-et-television\/actrice-francaise-decedee-analyse-de-leur-impact-sur-le-cinema-francais\/#primaryimage\"},\"thumbnailUrl\":\"https:\/\/starstory.fr\/blog\/wp-content\/uploads\/2025\/12\/pag-image-693bfc6f32675-scaled.png\",\"keywords\":[\"actrice francaise\",\"cinema francais\",\"impact culturel\"],\"articleSection\":[\"Cin\u00e9ma et T\u00e9l\u00e9vision\"],\"inLanguage\":\"fr-FR\",\"potentialAction\":[{\"@type\":\"CommentAction\",\"name\":\"Comment\",\"target\":[\"https:\/\/starstory.fr\/blog\/cinema-et-television\/actrice-francaise-decedee-analyse-de-leur-impact-sur-le-cinema-francais\/#respond\"]}]},{\"@type\":\"WebPage\",\"@id\":\"https:\/\/starstory.fr\/blog\/cinema-et-television\/actrice-francaise-decedee-analyse-de-leur-impact-sur-le-cinema-francais\/\",\"url\":\"https:\/\/starstory.fr\/blog\/cinema-et-television\/actrice-francaise-decedee-analyse-de-leur-impact-sur-le-cinema-francais\/\",\"name\":\"Actrices fran\u00e7aises d\u00e9c\u00e9d\u00e9es en 2025 : hommage \u00e0 leur h\u00e9ritage au cin\u00e9ma\",\"isPartOf\":{\"@id\":\"https:\/\/starstory.fr\/blog\/#website\"},\"primaryImageOfPage\":{\"@id\":\"https:\/\/starstory.fr\/blog\/cinema-et-television\/actrice-francaise-decedee-analyse-de-leur-impact-sur-le-cinema-francais\/#primaryimage\"},\"image\":{\"@id\":\"https:\/\/starstory.fr\/blog\/cinema-et-television\/actrice-francaise-decedee-analyse-de-leur-impact-sur-le-cinema-francais\/#primaryimage\"},\"thumbnailUrl\":\"https:\/\/starstory.fr\/blog\/wp-content\/uploads\/2025\/12\/pag-image-693bfc6f32675-scaled.png\",\"datePublished\":\"2026-08-31T19:01:03+00:00\",\"dateModified\":\"2026-08-31T19:01:32+00:00\",\"description\":\"Sept actrices et interpr\u00e8tes fran\u00e7aises disparues en 2025 : dates v\u00e9rifi\u00e9es, filmographie et hommages, sans d\u00e9tail sur les circonstances de leur d\u00e9c\u00e8s.\",\"inLanguage\":\"fr-FR\",\"potentialAction\":[{\"@type\":\"ReadAction\",\"target\":[\"https:\/\/starstory.fr\/blog\/cinema-et-television\/actrice-francaise-decedee-analyse-de-leur-impact-sur-le-cinema-francais\/\"]}]},{\"@type\":\"ImageObject\",\"inLanguage\":\"fr-FR\",\"@id\":\"https:\/\/starstory.fr\/blog\/cinema-et-television\/actrice-francaise-decedee-analyse-de-leur-impact-sur-le-cinema-francais\/#primaryimage\",\"url\":\"https:\/\/starstory.fr\/blog\/wp-content\/uploads\/2025\/12\/pag-image-693bfc6f32675-scaled.png\",\"contentUrl\":\"https:\/\/starstory.fr\/blog\/wp-content\/uploads\/2025\/12\/pag-image-693bfc6f32675-scaled.png\",\"width\":1200,\"height\":686,\"caption\":\"Image g\u00e9n\u00e9r\u00e9e par IA optimis\u00e9e pour Google Discover\"},{\"@type\":\"WebSite\",\"@id\":\"https:\/\/starstory.fr\/blog\/#website\",\"url\":\"https:\/\/starstory.fr\/blog\/\",\"name\":\"StarStory\",\"description\":\"StarStory, les \u00e9toiles racontent leur histoire\",\"publisher\":{\"@id\":\"https:\/\/starstory.fr\/blog\/#organization\"},\"alternateName\":\"StarStory, les \u00e9toiles racontent leur histoire\",\"potentialAction\":[{\"@type\":\"SearchAction\",\"target\":{\"@type\":\"EntryPoint\",\"urlTemplate\":\"https:\/\/starstory.fr\/blog\/?s={search_term_string}\"},\"query-input\":{\"@type\":\"PropertyValueSpecification\",\"valueRequired\":true,\"valueName\":\"search_term_string\"}}],\"inLanguage\":\"fr-FR\"},{\"@type\":\"Organization\",\"@id\":\"https:\/\/starstory.fr\/blog\/#organization\",\"name\":\"StarStory\",\"alternateName\":\"StarStory.fr\",\"url\":\"https:\/\/starstory.fr\/blog\/\",\"logo\":{\"@type\":\"ImageObject\",\"inLanguage\":\"fr-FR\",\"@id\":\"https:\/\/starstory.fr\/blog\/#\/schema\/logo\/image\/\",\"url\":\"https:\/\/starstory.fr\/blog\/wp-content\/uploads\/2024\/12\/38.png\",\"contentUrl\":\"https:\/\/starstory.fr\/blog\/wp-content\/uploads\/2024\/12\/38.png\",\"width\":500,\"height\":500,\"caption\":\"StarStory\"},\"image\":{\"@id\":\"https:\/\/starstory.fr\/blog\/#\/schema\/logo\/image\/\"}},{\"@type\":\"Person\",\"@id\":\"https:\/\/starstory.fr\/blog\/#\/schema\/person\/3c864cdc320801e3db34b663e7e3f816\",\"name\":\"Rapha\u00ebl D.\",\"image\":{\"@type\":\"ImageObject\",\"inLanguage\":\"fr-FR\",\"@id\":\"https:\/\/starstory.fr\/blog\/#\/schema\/person\/image\/\",\"url\":\"https:\/\/starstory.fr\/blog\/wp-content\/uploads\/2026\/06\/persona_raphael-d-96x96.jpg\",\"contentUrl\":\"https:\/\/starstory.fr\/blog\/wp-content\/uploads\/2026\/06\/persona_raphael-d-96x96.jpg\",\"caption\":\"Rapha\u00ebl D.\"},\"description\":\"La culture est mon terrain de jeu depuis une dizaine d'ann\u00e9es : arts visuels, s\u00e9ries, cr\u00e9ation et tout ce qui nourrit l'imaginaire. J'\u00e9cris aussi bien sur l'actualit\u00e9 des \u0153uvres que sur les coulisses de la cr\u00e9ation, avec l'envie de relier l'amateur curieux \u00e0 des univers parfois jug\u00e9s intimidants. J'aime analyser une s\u00e9rie ou une d\u00e9marche artistique sans p\u00e9dantisme, replacer une \u0153uvre dans son contexte et donner des cl\u00e9s de lecture accessibles. Avant de publier, je v\u00e9rifie mes r\u00e9f\u00e9rences, je recoupe les sources et je distingue clairement le fait de mon interpr\u00e9tation subjective. Je crois qu'une critique vaut surtout par les arguments qu'elle expose, pas par la sentence qu'elle rend. Mon angle : transmettre l'envie de d\u00e9couvrir, de regarder autrement et de se forger son propre go\u00fbt. La culture n'appartient pas qu'aux initi\u00e9s, et c'est tout l'enjeu de mon \u00e9criture.\",\"url\":\"https:\/\/starstory.fr\/blog\/auteur\/noname\/\",\"jobTitle\":\"R\u00e9dacteur en chef \u00b7 Culture & Cr\u00e9ation\",\"knowsAbout\":[\"Culture\",\"Cr\u00e9ation\"],\"email\":\"raphael.d@a-l-asso-de-l-art.fr\"}]}<\/script>\n<!-- \/ Yoast SEO Premium plugin. -->","yoast_head_json":{"title":"Actrices fran\u00e7aises d\u00e9c\u00e9d\u00e9es en 2025 : hommage \u00e0 leur h\u00e9ritage au cin\u00e9ma","description":"Sept actrices et interpr\u00e8tes fran\u00e7aises disparues en 2025 : dates v\u00e9rifi\u00e9es, filmographie et hommages, sans d\u00e9tail sur les circonstances de leur d\u00e9c\u00e8s.","robots":{"index":"index","follow":"follow","max-snippet":"max-snippet:-1","max-image-preview":"max-image-preview:large","max-video-preview":"max-video-preview:-1"},"canonical":"https:\/\/starstory.fr\/blog\/cinema-et-television\/actrice-francaise-decedee-analyse-de-leur-impact-sur-le-cinema-francais\/","og_locale":"fr_FR","og_type":"article","og_title":"Actrices fran\u00e7aises d\u00e9c\u00e9d\u00e9es en 2025 : hommage \u00e0 leur h\u00e9ritage au cin\u00e9ma","og_description":"Sept actrices et interpr\u00e8tes fran\u00e7aises disparues en 2025 : dates v\u00e9rifi\u00e9es, filmographie et hommages, sans d\u00e9tail sur les circonstances de leur d\u00e9c\u00e8s.","og_url":"https:\/\/starstory.fr\/blog\/cinema-et-television\/actrice-francaise-decedee-analyse-de-leur-impact-sur-le-cinema-francais\/","og_site_name":"starstory","og_image":[{"width":1200,"height":686,"url":"https:\/\/starstory.fr\/blog\/wp-content\/uploads\/2025\/12\/pag-image-693bfc6f32675-scaled.png","type":"image\/png"}],"author":"Rapha\u00ebl D.","twitter_card":"summary_large_image","schema":{"@context":"https:\/\/schema.org","@graph":[{"@type":"NewsArticle","@id":"https:\/\/starstory.fr\/blog\/cinema-et-television\/actrice-francaise-decedee-analyse-de-leur-impact-sur-le-cinema-francais\/#article","isPartOf":{"@id":"https:\/\/starstory.fr\/blog\/cinema-et-television\/actrice-francaise-decedee-analyse-de-leur-impact-sur-le-cinema-francais\/"},"author":{"name":"Rapha\u00ebl D.","@id":"https:\/\/starstory.fr\/blog\/#\/schema\/person\/3c864cdc320801e3db34b663e7e3f816"},"headline":"Actrices fran\u00e7aises d\u00e9c\u00e9d\u00e9es en 2025 : hommage \u00e0 leur h\u00e9ritage au cin\u00e9ma","datePublished":"2026-08-31T19:01:03+00:00","dateModified":"2026-08-31T19:01:32+00:00","mainEntityOfPage":{"@id":"https:\/\/starstory.fr\/blog\/cinema-et-television\/actrice-francaise-decedee-analyse-de-leur-impact-sur-le-cinema-francais\/"},"wordCount":874,"commentCount":0,"publisher":{"@id":"https:\/\/starstory.fr\/blog\/#organization"},"image":{"@id":"https:\/\/starstory.fr\/blog\/cinema-et-television\/actrice-francaise-decedee-analyse-de-leur-impact-sur-le-cinema-francais\/#primaryimage"},"thumbnailUrl":"https:\/\/starstory.fr\/blog\/wp-content\/uploads\/2025\/12\/pag-image-693bfc6f32675-scaled.png","keywords":["actrice francaise","cinema francais","impact culturel"],"articleSection":["Cin\u00e9ma et T\u00e9l\u00e9vision"],"inLanguage":"fr-FR","potentialAction":[{"@type":"CommentAction","name":"Comment","target":["https:\/\/starstory.fr\/blog\/cinema-et-television\/actrice-francaise-decedee-analyse-de-leur-impact-sur-le-cinema-francais\/#respond"]}]},{"@type":"WebPage","@id":"https:\/\/starstory.fr\/blog\/cinema-et-television\/actrice-francaise-decedee-analyse-de-leur-impact-sur-le-cinema-francais\/","url":"https:\/\/starstory.fr\/blog\/cinema-et-television\/actrice-francaise-decedee-analyse-de-leur-impact-sur-le-cinema-francais\/","name":"Actrices fran\u00e7aises d\u00e9c\u00e9d\u00e9es en 2025 : hommage \u00e0 leur h\u00e9ritage au cin\u00e9ma","isPartOf":{"@id":"https:\/\/starstory.fr\/blog\/#website"},"primaryImageOfPage":{"@id":"https:\/\/starstory.fr\/blog\/cinema-et-television\/actrice-francaise-decedee-analyse-de-leur-impact-sur-le-cinema-francais\/#primaryimage"},"image":{"@id":"https:\/\/starstory.fr\/blog\/cinema-et-television\/actrice-francaise-decedee-analyse-de-leur-impact-sur-le-cinema-francais\/#primaryimage"},"thumbnailUrl":"https:\/\/starstory.fr\/blog\/wp-content\/uploads\/2025\/12\/pag-image-693bfc6f32675-scaled.png","datePublished":"2026-08-31T19:01:03+00:00","dateModified":"2026-08-31T19:01:32+00:00","description":"Sept actrices et interpr\u00e8tes fran\u00e7aises disparues en 2025 : dates v\u00e9rifi\u00e9es, filmographie et hommages, sans d\u00e9tail sur les circonstances de leur d\u00e9c\u00e8s.","inLanguage":"fr-FR","potentialAction":[{"@type":"ReadAction","target":["https:\/\/starstory.fr\/blog\/cinema-et-television\/actrice-francaise-decedee-analyse-de-leur-impact-sur-le-cinema-francais\/"]}]},{"@type":"ImageObject","inLanguage":"fr-FR","@id":"https:\/\/starstory.fr\/blog\/cinema-et-television\/actrice-francaise-decedee-analyse-de-leur-impact-sur-le-cinema-francais\/#primaryimage","url":"https:\/\/starstory.fr\/blog\/wp-content\/uploads\/2025\/12\/pag-image-693bfc6f32675-scaled.png","contentUrl":"https:\/\/starstory.fr\/blog\/wp-content\/uploads\/2025\/12\/pag-image-693bfc6f32675-scaled.png","width":1200,"height":686,"caption":"Image g\u00e9n\u00e9r\u00e9e par IA optimis\u00e9e pour Google Discover"},{"@type":"WebSite","@id":"https:\/\/starstory.fr\/blog\/#website","url":"https:\/\/starstory.fr\/blog\/","name":"StarStory","description":"StarStory, les \u00e9toiles racontent leur histoire","publisher":{"@id":"https:\/\/starstory.fr\/blog\/#organization"},"alternateName":"StarStory, les \u00e9toiles racontent leur histoire","potentialAction":[{"@type":"SearchAction","target":{"@type":"EntryPoint","urlTemplate":"https:\/\/starstory.fr\/blog\/?s={search_term_string}"},"query-input":{"@type":"PropertyValueSpecification","valueRequired":true,"valueName":"search_term_string"}}],"inLanguage":"fr-FR"},{"@type":"Organization","@id":"https:\/\/starstory.fr\/blog\/#organization","name":"StarStory","alternateName":"StarStory.fr","url":"https:\/\/starstory.fr\/blog\/","logo":{"@type":"ImageObject","inLanguage":"fr-FR","@id":"https:\/\/starstory.fr\/blog\/#\/schema\/logo\/image\/","url":"https:\/\/starstory.fr\/blog\/wp-content\/uploads\/2024\/12\/38.png","contentUrl":"https:\/\/starstory.fr\/blog\/wp-content\/uploads\/2024\/12\/38.png","width":500,"height":500,"caption":"StarStory"},"image":{"@id":"https:\/\/starstory.fr\/blog\/#\/schema\/logo\/image\/"}},{"@type":"Person","@id":"https:\/\/starstory.fr\/blog\/#\/schema\/person\/3c864cdc320801e3db34b663e7e3f816","name":"Rapha\u00ebl D.","image":{"@type":"ImageObject","inLanguage":"fr-FR","@id":"https:\/\/starstory.fr\/blog\/#\/schema\/person\/image\/","url":"https:\/\/starstory.fr\/blog\/wp-content\/uploads\/2026\/06\/persona_raphael-d-96x96.jpg","contentUrl":"https:\/\/starstory.fr\/blog\/wp-content\/uploads\/2026\/06\/persona_raphael-d-96x96.jpg","caption":"Rapha\u00ebl D."},"description":"La culture est mon terrain de jeu depuis une dizaine d'ann\u00e9es : arts visuels, s\u00e9ries, cr\u00e9ation et tout ce qui nourrit l'imaginaire. J'\u00e9cris aussi bien sur l'actualit\u00e9 des \u0153uvres que sur les coulisses de la cr\u00e9ation, avec l'envie de relier l'amateur curieux \u00e0 des univers parfois jug\u00e9s intimidants. J'aime analyser une s\u00e9rie ou une d\u00e9marche artistique sans p\u00e9dantisme, replacer une \u0153uvre dans son contexte et donner des cl\u00e9s de lecture accessibles. Avant de publier, je v\u00e9rifie mes r\u00e9f\u00e9rences, je recoupe les sources et je distingue clairement le fait de mon interpr\u00e9tation subjective. Je crois qu'une critique vaut surtout par les arguments qu'elle expose, pas par la sentence qu'elle rend. Mon angle : transmettre l'envie de d\u00e9couvrir, de regarder autrement et de se forger son propre go\u00fbt. La culture n'appartient pas qu'aux initi\u00e9s, et c'est tout l'enjeu de mon \u00e9criture.","url":"https:\/\/starstory.fr\/blog\/auteur\/noname\/","jobTitle":"R\u00e9dacteur en chef \u00b7 Culture & Cr\u00e9ation","knowsAbout":["Culture","Cr\u00e9ation"],"email":"raphael.d@a-l-asso-de-l-art.fr"}]}},"_links":{"self":[{"href":"https:\/\/starstory.fr\/blog\/wp-json\/wp\/v2\/posts\/7667","targetHints":{"allow":["GET"]}}],"collection":[{"href":"https:\/\/starstory.fr\/blog\/wp-json\/wp\/v2\/posts"}],"about":[{"href":"https:\/\/starstory.fr\/blog\/wp-json\/wp\/v2\/types\/post"}],"author":[{"embeddable":true,"href":"https:\/\/starstory.fr\/blog\/wp-json\/wp\/v2\/users\/34"}],"replies":[{"embeddable":true,"href":"https:\/\/starstory.fr\/blog\/wp-json\/wp\/v2\/comments?post=7667"}],"version-history":[{"count":3,"href":"https:\/\/starstory.fr\/blog\/wp-json\/wp\/v2\/posts\/7667\/revisions"}],"predecessor-version":[{"id":8412,"href":"https:\/\/starstory.fr\/blog\/wp-json\/wp\/v2\/posts\/7667\/revisions\/8412"}],"wp:featuredmedia":[{"embeddable":true,"href":"https:\/\/starstory.fr\/blog\/wp-json\/wp\/v2\/media\/7669"}],"wp:attachment":[{"href":"https:\/\/starstory.fr\/blog\/wp-json\/wp\/v2\/media?parent=7667"}],"wp:term":[{"taxonomy":"category","embeddable":true,"href":"https:\/\/starstory.fr\/blog\/wp-json\/wp\/v2\/categories?post=7667"},{"taxonomy":"post_tag","embeddable":true,"href":"https:\/\/starstory.fr\/blog\/wp-json\/wp\/v2\/tags?post=7667"}],"curies":[{"name":"wp","href":"https:\/\/api.w.org\/{rel}","templated":true}]}}