{"id":7664,"date":"2025-12-18T09:11:00","date_gmt":"2025-12-18T08:11:00","guid":{"rendered":"https:\/\/starstory.fr\/blog\/?p=7664"},"modified":"2025-12-18T09:11:00","modified_gmt":"2025-12-18T08:11:00","slug":"actrice-francaise-blonde","status":"publish","type":"post","link":"https:\/\/starstory.fr\/blog\/celebrites-et-influence-en-france\/actrice-francaise-blonde\/","title":{"rendered":"actrice fran\u00e7aise blonde"},"content":{"rendered":"<h1>Actrice fran\u00e7aise blonde : guide complet et analyse approfondie<\/h1>\n<h2>Introduction : pourquoi les actrices fran\u00e7aises blondes fascinent autant ?<\/h2>\n<p>\nL\u2019attrait pour l\u2019<strong>actrice fran\u00e7aise blonde<\/strong> tient \u00e0 une combinaison de facteurs esth\u00e9tiques, historiques et m\u00e9diatiques. D\u2019un point de vue strictement descriptif, nous parlons d\u2019<u>actrices de nationalit\u00e9 fran\u00e7aise ou francophones int\u00e9gr\u00e9es \u00e0 l\u2019\u00e9cosyst\u00e8me du cin\u00e9ma fran\u00e7ais<\/u>, s\u2019exprimant majoritairement en langue fran\u00e7aise, dont la chevelure blonde \u2013 qu\u2019elle soit naturelle, transform\u00e9e par coloration ou entretenue comme une  signature ? \u2013 participe \u00e0 la construction d\u2019un personnage public. Cette blondeur peut \u00eatre <strong>platine<\/strong>, <strong>cendr\u00e9e<\/strong>, <strong>miel<\/strong> ou <strong>v\u00e9nitienne<\/strong>, l\u2019enjeu \u00e9tant moins la nuance exacte que la constance de ce signe dans la perception du public.\n<\/p>\n<p>\nCette figure fascine, car elle concentre plusieurs imaginaires h\u00e9rit\u00e9s du cin\u00e9ma classique et r\u00e9interpr\u00e9t\u00e9s par les g\u00e9n\u00e9rations r\u00e9centes. En France, les r\u00f4les port\u00e9s par <strong>Mireille Darc<\/strong> dans  <strong>Le Grand Blond avec une chaussure noire<\/strong> ? (sorti en <u>1972<\/u>) ou  <strong>L\u2019Homme press\u00e9<\/strong> ? ont associ\u00e9 tr\u00e8s t\u00f4t le blond \u00e0 une forme de modernit\u00e9 ironique, distante et ultra-cod\u00e9e, \u00e0 une \u00e9poque o\u00f9 <strong>Hollywood<\/strong> glorifiait d\u00e9j\u00e0 les blondes \u00e0 travers les figures de <strong>Marilyn Monroe<\/strong> ou <strong>Grace Kelly<\/strong>. Aujourd\u2019hui, la pr\u00e9sence de <strong>Virginie Efira<\/strong>, actrice belge naturalis\u00e9e fran\u00e7aise, dans des films exigeants sortis depuis <u>2016<\/u>, ou de <strong>Louane<\/strong>, pass\u00e9e de la chanson au cin\u00e9ma avec  <strong>La Famille B\u00e9lier<\/strong> ? en <u>2014<\/u>, montre que le blond reste un vecteur de visibilit\u00e9, tout en s\u2019affranchissant progressivement des clich\u00e9s de  blonde ing\u00e9nue ?.\n<\/p>\n<ul>\n<li><strong>Nationalit\u00e9 et langue<\/strong> : actrices issues du paysage francophone, travaillant dans le cin\u00e9ma et la t\u00e9l\u00e9vision fran\u00e7ais.<\/li>\n<li><strong>Notori\u00e9t\u00e9<\/strong> : visibilit\u00e9 dans la presse, sur les r\u00e9seaux, pr\u00e9sence dans des films \u00e0 fort box-office ou \u00e0 forte valeur critique.<\/li>\n<li><strong>Blond naturel ou construit<\/strong> : couleur d\u2019origine ou <u>choix esth\u00e9tique et marketing<\/u> entretenu sur la dur\u00e9e.<\/li>\n<\/ul>\n<h2>Les fondamentaux de l\u2019 actrice fran\u00e7aise blonde ?<\/h2>\n<p>\nPour comprendre la port\u00e9e de la notion d\u2019<strong>actrice fran\u00e7aise blonde<\/strong>, nous devons poser quelques jalons. Historiquement, la blondeur dans le cin\u00e9ma fran\u00e7ais a d\u2019abord \u00e9t\u00e9 per\u00e7ue comme un <strong>atout de diff\u00e9renciation<\/strong> dans un paysage o\u00f9 de nombreuses vedettes \u2013 de <strong>Catherine Deneuve<\/strong> \u00e0 <strong>Brigitte Bardot<\/strong> \u2013 avaient d\u00e9j\u00e0 fix\u00e9 des r\u00e9f\u00e9rences mondiales. L\u2019expression  <strong>actrice blonde c\u00e9l\u00e8bre<\/strong> ? renvoie aujourd\u2019hui \u00e0 un ensemble de profils vari\u00e9s, allant de la <strong>star fran\u00e7aise blonde<\/strong> de com\u00e9die populaire \u00e0 la figure plus c\u00e9r\u00e9brale du cin\u00e9ma d\u2019auteur. Nous distinguons plusieurs param\u00e8tres structurants : le <u>type de blondeur<\/u>, le <u>canal principal de carri\u00e8re<\/u> et le <u>positionnement d\u2019image<\/u>.\n<\/p>\n<p>\nUne premi\u00e8re tension oppose la <strong>blonde naturelle<\/strong> \u00e0 la <strong>blonde signature marketing<\/strong>. Dans le premier cas, la chevelure claire fait partie de l\u2019identit\u00e9 de d\u00e9part, comme pour <strong>M\u00e9lanie Laurent<\/strong>, dont le blond clair puis cendr\u00e9 est identifi\u00e9 depuis le succ\u00e8s d\u2019 <strong>Inglourious Basterds<\/strong> ? en <u>2009<\/u>. Dans le second, le blond devient un outil de repositionnement, voire un levier de relance, comme nous l\u2019observons chez certaines com\u00e9diennes de t\u00e9l\u00e9vision ou mannequins-actrices. Nous diff\u00e9rencions aussi l\u2019<strong>actrice de cin\u00e9ma<\/strong> \u2013 pr\u00e9sente \u00e0 <strong>Cannes<\/strong>, \u00e0 la <strong>Mostra de Venise<\/strong> ou aux <strong>C\u00e9sar<\/strong> \u2013 de l\u2019<strong>actrice de t\u00e9l\u00e9vision<\/strong>, tr\u00e8s expos\u00e9e via des s\u00e9ries sur <strong>TF1<\/strong>, <strong>France 2<\/strong> ou les plateformes. Enfin, la figure <strong>glamour<\/strong> coexiste avec la <strong>blonde comique<\/strong> ou la <strong>com\u00e9dienne populaire<\/strong>, ce qui complexifie nettement l\u2019arch\u00e9type initial.\n<\/p>\n<ul>\n<li><strong>Actrice fran\u00e7aise blonde<\/strong> : combinaison de carri\u00e8re audiovisuelle, visibilit\u00e9 et blond comme trait identitaire.<\/li>\n<li><strong>Actrice blonde c\u00e9l\u00e8bre<\/strong> : profil o\u00f9 la couleur participe directement \u00e0 la notori\u00e9t\u00e9 et \u00e0 la reconnaissance.<\/li>\n<li><strong>Star fran\u00e7aise blonde<\/strong> : figure consolid\u00e9e par le box-office, les prix et les campagnes publicitaires.<\/li>\n<\/ul>\n<h2>Histoire et \u00e9volution de la figure de l\u2019actrice blonde en France<\/h2>\n<p>\nPour mesurer l\u2019\u00e9volution de cette figure, nous pouvons partir de la trajectoire de <strong>Mireille Darc<\/strong>, actrice phare du cin\u00e9ma fran\u00e7ais des ann\u00e9es 1960 et 1970. Son r\u00f4le dans  <strong>Le Grand Blond avec une chaussure noire<\/strong> ?, film de <strong>Yves Robert<\/strong> sorti en <u>1972<\/u>, a fig\u00e9 une image tr\u00e8s pr\u00e9cise : une silhouette longiligne, une coupe au bol blonde millim\u00e9tr\u00e9e, un humour pince-sans-rire. Sa blondeur, inspir\u00e9e de <strong>Marilyn Monroe<\/strong> qu\u2019elle admirait, est devenue une <u>v\u00e9ritable signature visuelle<\/u> et a ouvert, selon la presse de l\u2019\u00e9poque, les portes du  <strong>septi\u00e8me art<\/strong> ?. Elle a d\u00e9montr\u00e9 que la couleur pouvait fonctionner comme un marqueur de personnage \u00e0 part enti\u00e8re, renforc\u00e9 par la photographie des studios <strong>Gaumont<\/strong> ou <strong>Path\u00e9<\/strong>.\n<\/p>\n<p>\n\u00c0 partir des ann\u00e9es 2000, la figure de l\u2019<strong>actrice blonde en France<\/strong> s\u2019\u00e9largit et s\u2019enrichit. <strong>M\u00e9lanie Laurent<\/strong>, actrice et r\u00e9alisatrice n\u00e9e en <u>1983 \u00e0 Paris<\/u>, incarne un blond plus nuanc\u00e9, associ\u00e9 \u00e0 un cin\u00e9ma d\u2019auteur comme  <strong>Le Concert<\/strong> ? ou  <strong>La Chambre des officiers<\/strong> ?, mais aussi \u00e0 de grandes productions internationales. <strong>Louane Emera<\/strong>, r\u00e9v\u00e9l\u00e9e par  <strong>The Voice<\/strong> ? en <u>2013<\/u>, puis par  <strong>La Famille B\u00e9lier<\/strong> ?, impose une image de blonde accessible, g\u00e9n\u00e9rationnelle, tr\u00e8s pr\u00e9sente sur <strong>Instagram<\/strong> et <strong>TikTok<\/strong>. <strong>Virginie Efira<\/strong>, n\u00e9e en <u>1977 \u00e0 Schaerbeek, Belgique<\/u> et naturalis\u00e9e fran\u00e7aise, construit, depuis  <strong>Victoria<\/strong> ? (2016) ou  <strong>Revoir Paris<\/strong> ? (2022), un arch\u00e9type de blonde mature, complexe, engag\u00e9e, en phase avec les d\u00e9bats contemporains sur la repr\u00e9sentation des femmes \u00e0 l\u2019\u00e9cran.\n<\/p>\n<ul>\n<li><u>Ann\u00e9es 1970<\/u> : cristallisation de la blonde glamour avec Mireille Darc et sa coupe iconique.<\/li>\n<li><u>Ann\u00e9es 2000\u20132010<\/u> : diversification des genres et des tons, du cin\u00e9ma d\u2019auteur aux blockbusters.<\/li>\n<li><u>Ann\u00e9es 2020<\/u> : mont\u00e9e des actrices blondes engag\u00e9es, mettant en avant la pluralit\u00e9 des f\u00e9minit\u00e9s.<\/li>\n<\/ul>\n<h2>Arch\u00e9types et st\u00e9r\u00e9otypes : la blonde fran\u00e7aise au cin\u00e9ma<\/h2>\n<p>\nL\u2019<strong>actrice fran\u00e7aise blonde<\/strong> active un ensemble d\u2019arch\u00e9types, que les sc\u00e9naristes et r\u00e9alisateurs mobilisent, questionnent ou d\u00e9tournent. Le plus ancien reste celui de la <strong>muse romantique<\/strong>, id\u00e9al amoureux du h\u00e9ros masculin, souvent associ\u00e9e \u00e0 une certaine douceur. Nous retrouvons ce sch\u00e9ma, parfois actualis\u00e9, dans des com\u00e9dies romantiques fran\u00e7aises des ann\u00e9es 2000. \u00c0 c\u00f4t\u00e9, la <strong>blonde myst\u00e9rieuse<\/strong> \u2013 parfois li\u00e9e au film noir ou au thriller \u2013 s\u2019inscrit dans la lign\u00e9e de personnages ambigus, moralement ou psychologiquement, o\u00f9 la couleur claire vient paradoxalement contraster avec une zone d\u2019ombre narrative. La <strong>femme fatale blonde<\/strong> h\u00e9rite, elle, des codes hollywoodiens, mais appara\u00eet encore dans le cin\u00e9ma fran\u00e7ais, notamment dans quelques films policiers ou drames psychologiques r\u00e9cents.\n<\/p>\n<p>\nNous observons \u00e9galement la mont\u00e9e de la <strong>com\u00e9dienne populaire blonde<\/strong>, tr\u00e8s visible \u00e0 la t\u00e9l\u00e9vision et dans les com\u00e9dies \u00e0 large public, ainsi que la figure de la <strong>blonde comique<\/strong>, capable de jouer sur l\u2019auto-d\u00e9rision et la d\u00e9construction des clich\u00e9s. Sur le plan sociologique, la blondeur renvoie souvent \u00e0 un <u>statut social per\u00e7u<\/u> : dans les magazines f\u00e9minins, la coloration blond polaire ou blond californien reste fortement associ\u00e9e aux classes urbaines ais\u00e9es, aux influenceuses et aux \u00e9g\u00e9ries de maisons de couture comme <strong>Dior<\/strong>, <strong>Chanel<\/strong> ou <strong>Saint Laurent<\/strong>. Nous pensons que les actrices blondes fran\u00e7aises ont contribu\u00e9 \u00e0 complexifier cette image, en acceptant des r\u00f4les de femmes pr\u00e9caires, en rupture, ou engag\u00e9es, qui d\u00e9jouent frontalement l\u2019arch\u00e9type de la  blonde superficielle ?.\n<\/p>\n<ul>\n<li><strong>Muse romantique<\/strong> : figure id\u00e9alis\u00e9e, souvent associ\u00e9e aux com\u00e9dies sentimentales.<\/li>\n<li><strong>Blonde myst\u00e9rieuse ou fatale<\/strong> : construction h\u00e9rit\u00e9e du film noir, r\u00e9interpr\u00e9t\u00e9e dans le contexte fran\u00e7ais.<\/li>\n<li><strong>Blonde comique<\/strong> : d\u00e9calage volontaire avec le clich\u00e9, forte dimension d\u2019auto-parodie.<\/li>\n<\/ul>\n<h2>Blonde naturelle, blonde par choix : enjeux d\u2019image et de carri\u00e8re<\/h2>\n<p>\nLa distinction entre <strong>blonde naturelle<\/strong> et <strong>blonde par strat\u00e9gie<\/strong> a des cons\u00e9quences directes sur l\u2019<u>image publique<\/u> et sur les trajectoires de carri\u00e8re. <strong>M\u00e9lanie Laurent<\/strong>, dont la blondeur claire, puis cendr\u00e9e, s\u2019est impos\u00e9e comme un signe constant, illustre la mani\u00e8re dont une couleur peut devenir un rep\u00e8re dans le temps : sur les affiches de films, dans les interviews pour des titres comme <strong>Vanity Fair France<\/strong> ou <strong>Premi\u00e8re<\/strong>, la coh\u00e9rence capillaire renforce la reconnaissance. \u00c0 l\u2019inverse, certaines personnalit\u00e9s construisent un  moment blond ? pour marquer un tournant : <strong>Laetitia Casta<\/strong>, mannequin et actrice fran\u00e7aise n\u00e9e en <u>1978 en Corse<\/u>, a ainsi fait sensation en adoptant un blond lumineux lors d\u2019un d\u00e9fil\u00e9 <strong>Max Mara<\/strong> en <u>2025<\/u>, \u00e0 Milan, mettant en sc\u00e8ne un repositionnement plus mature et international.\n<\/p>\n<p>\nNous voyons aussi des transformations cibl\u00e9es pour des projets pr\u00e9cis. <strong>Marion Cotillard<\/strong>, actrice oscaris\u00e9e pour  <strong>La M\u00f4me<\/strong> ? en <u>2008<\/u>, a exp\u00e9riment\u00e9 une chevelure blonde pour certaines campagnes ou r\u00f4les sp\u00e9cifiques, surprenant un public habitu\u00e9 \u00e0 son image de brune. Sur les r\u00e9seaux sociaux, ces changements entra\u00eenent des <u>pics de recherches<\/u> sur <strong>Google<\/strong> et des hausses d\u2019engagement sur <strong>Instagram<\/strong> ou <strong>X (ex-Twitter)<\/strong>, parfois estim\u00e9es \u00e0 plusieurs dizaines de pourcents selon les p\u00e9riodes de promotion. Nous pensons que ce jeu capillaire n\u2019est pas anodin : il constitue un outil de narration personnelle et de diff\u00e9renciation sur un march\u00e9 tr\u00e8s concurrentiel, tout en comportant un risque d\u2019enfermement si le public r\u00e9duit l\u2019actrice \u00e0 cette seule caract\u00e9ristique.\n<\/p>\n<ul>\n<li><strong>Blond signature<\/strong> : continuit\u00e9 visuelle forte, souvent associ\u00e9e \u00e0 un positionnement d\u2019auteur ou de star internationale.<\/li>\n<li><strong>Blond \u00e9v\u00e9nementiel<\/strong> : changement cibl\u00e9 pour un d\u00e9fil\u00e9, un film, une campagne de marque.<\/li>\n<li><u>Impact sur la carri\u00e8re<\/u> : nouveaux r\u00f4les, repositionnement m\u00e9diatique, extension vers l\u2019international.<\/li>\n<\/ul>\n<h2>Panorama de grandes actrices fran\u00e7aises blondes iconiques<\/h2>\n<p>\nCertaines <strong>actrices fran\u00e7aises blondes c\u00e9l\u00e8bres<\/strong> jouent un r\u00f4le structurant dans la fa\u00e7on dont le public per\u00e7oit le blond. <strong>M\u00e9lanie Laurent<\/strong>, actrice, r\u00e9alisatrice et chanteuse, active depuis la fin des ann\u00e9es 1990, a su conjuguer un parcours de cin\u00e9ma d\u2019auteur \u2013 avec des r\u00e9alisateurs comme <strong>Radu Mihaileanu<\/strong> \u2013 et des projets internationaux tels que  <strong>Now You See Me<\/strong> ? (2013). Sa blondeur, de plus en plus cendr\u00e9e vers <u>2019<\/u>, est devenue un signe distinctif, souvent mise en avant dans les shootings mode pour des titres comme <strong>ELLE<\/strong> ou <strong>Vogue Paris<\/strong>. Nous consid\u00e9rons qu\u2019elle incarne une forme de blondeur  intellectuelle ?, combinant regard politique (engagement \u00e9cologique, cin\u00e9ma d\u2019auteur) et esth\u00e9tique assum\u00e9e.\n<\/p>\n<p>\n<strong>Louane<\/strong>, de son vrai nom <strong>Anne Peichert<\/strong>, incarne quant \u00e0 elle une image de blonde moderne, accessible, ancr\u00e9e dans la culture pop. R\u00e9v\u00e9l\u00e9e par la t\u00e9l\u00e9vision, puis par le cin\u00e9ma avec un C\u00e9sar du meilleur espoir f\u00e9minin en <u>2015<\/u>, elle peut \u00eatre per\u00e7ue comme une passerelle entre le monde de la musique mainstream et le cin\u00e9ma d\u2019\u00e9motion. Son blond, parfois glac\u00e9 comme lors d\u2019un d\u00e9fil\u00e9 <strong>Dior<\/strong> en <u>2019<\/u>, attire autant les m\u00e9dias mode que la presse cin\u00e9ma. <strong>Virginie Efira<\/strong>, pass\u00e9e de l\u2019animation t\u00e9l\u00e9vis\u00e9e en Belgique aux premiers r\u00f4les du cin\u00e9ma fran\u00e7ais, propose, elle, un mod\u00e8le de blonde mature, respect\u00e9e, s\u00e9lectionn\u00e9e en comp\u00e9tition dans de grands festivals, et port\u00e9e par une filmographie exigeante. Enfin, <strong>Mireille Darc<\/strong> demeure une r\u00e9f\u00e9rence patrimoniale, r\u00e9guli\u00e8rement cit\u00e9e dans les r\u00e9trospectives de cha\u00eenes comme <strong>France 3<\/strong> ou <strong>Arte<\/strong>.\n<\/p>\n<ul>\n<li><strong>M\u00e9lanie Laurent<\/strong> : blondeur devenue signature, pont entre cin\u00e9ma d\u2019auteur et productions internationales.<\/li>\n<li><strong>Louane<\/strong> : transition chanteuse\/actrice, image de blonde jeune et connect\u00e9e.<\/li>\n<li><strong>Virginie Efira<\/strong> : complexit\u00e9, maturit\u00e9, engagements f\u00e9ministes et soci\u00e9taux depuis les ann\u00e9es 2020.<\/li>\n<li><strong>Mireille Darc<\/strong> : ic\u00f4ne classique, coupe au bol blonde indissociable du cin\u00e9ma fran\u00e7ais des ann\u00e9es 1970.<\/li>\n<\/ul>\n<h2>Actrice fran\u00e7aise blonde et image de marque personnelle<\/h2>\n<p>\nPour une actrice, le fait d\u2019\u00eatre identifi\u00e9e comme  <strong>actrice fran\u00e7aise blonde<\/strong> ? constitue un axe structurant de <strong>personal branding<\/strong>. Une chevelure reconnaissable permet d\u2019assurer une <u>coh\u00e9rence visuelle<\/u> entre les affiches de films, les couvertures de magazines et la pr\u00e9sence sur les r\u00e9seaux. La coupe au bol blonde de <strong>Mireille Darc<\/strong> est embl\u00e9matique : elle appara\u00eet imm\u00e9diatement identifiable sur les affiches de <strong>Gaumont<\/strong>, dans les photogrammes, et devient un logo implicite. Nous observons un ph\u00e9nom\u00e8ne comparable chez certaines actrices contemporaines, dont la couleur et la coupe sont pens\u00e9es avec les \u00e9quipes d\u2019<strong>attach\u00e9s de presse<\/strong>, de <strong>hair stylists<\/strong> et de <strong>studios photo<\/strong>.\n<\/p>\n<p>\nSur le plan analytique, nous pouvons d\u00e9composer l\u2019image de marque capillaire d\u2019une actrice blonde en plusieurs dimensions : la <u>tonalit\u00e9 de blond<\/u> (platine tr\u00e8s distinctif, cendr\u00e9 plus discret, miel chaleureux), les <strong>codes vestimentaires<\/strong> associ\u00e9s (minimalisme chic, boh\u00e8me, tailoring masculin-f\u00e9minin), et le <strong>discours public<\/strong> qui l\u2019accompagne (glamour assum\u00e9, naturel revendiqu\u00e9, positionnement engag\u00e9). Certaines actrices choisissent un blond platine tr\u00e8s marqu\u00e9 pour adosser leur image \u00e0 une esth\u00e9tique \u00e9ditoriale proche des magazines de mode, tandis que d\u2019autres pr\u00e9f\u00e8rent un blond plus doux, align\u00e9 avec des personnages r\u00e9alistes et des sc\u00e9narios ancr\u00e9s dans le quotidien. \u00c0 nos yeux, la coh\u00e9rence entre ces \u00e9l\u00e9ments conditionne la force du <strong>branding personnel<\/strong>.\n<\/p>\n<ul>\n<li><strong>Tonalit\u00e9 du blond<\/strong> : platine, cendr\u00e9, beige, californien, miel, chacun portant une connotation pr\u00e9cise.<\/li>\n<li><strong>Signature capillaire<\/strong> : coupe, longueur, coiffage r\u00e9current, associ\u00e9s \u00e0 des shootings et campagnes.<\/li>\n<li><u>Alignement image \/ filmographie<\/u> : ad\u00e9quation entre couleur, types de r\u00f4les et discours m\u00e9diatique.<\/li>\n<\/ul>\n<h2>Applications pratiques et cas d\u2019usage : le blond comme outil de narration<\/h2>\n<p>\nAu-del\u00e0 de l\u2019esth\u00e9tique, le blond joue un r\u00f4le concret dans la <strong>mise en sc\u00e8ne<\/strong> et la <strong>direction artistique<\/strong>. Pour un personnage d\u2019<strong>actrice fran\u00e7aise blonde<\/strong>, la couleur de cheveux peut signifier l\u2019innocence apparente, le pouvoir social ou la bascule psychologique. Des r\u00e9alisateurs exploitent cette ressource de mani\u00e8re subtile, en faisant \u00e9voluer la nuance ou la coupe au fil du r\u00e9cit. Une h\u00e9ro\u00efne pr\u00e9sent\u00e9e comme na\u00efve avec un blond tr\u00e8s clair peut, au contact d\u2019\u00e9v\u00e9nements dramatiques, assombrir sa couleur ou adopter un blond plus froid, marquant \u00e0 l\u2019image une <u>mue int\u00e9rieure<\/u>. Les chefs op\u00e9rateurs et chefs maquilleurs-capillaires, cr\u00e9dit\u00e9s au g\u00e9n\u00e9rique, travaillent ces d\u00e9tails comme des \u00e9l\u00e9ments de langage visuel.\n<\/p>\n<p>\nNous pouvons rep\u00e9rer ce proc\u00e9d\u00e9 dans plusieurs films fran\u00e7ais et coproductions europ\u00e9ennes depuis les ann\u00e9es 2010, o\u00f9 le passage au blond ou l\u2019abandon du blond accompagne une trajectoire d\u2019\u00e9mancipation, de crise ou de r\u00e9invention. Les s\u00e9ries fran\u00e7aises diffus\u00e9es sur <strong>Netflix<\/strong>, <strong>Canal+<\/strong> ou <strong>Disney+<\/strong> adoptent de plus en plus cette approche, conscientes de l\u2019impact de la couleur sur la m\u00e9morisation des personnages, surtout dans un contexte de binge-watching. Nous consid\u00e9rons que le blond est devenu un v\u00e9ritable <strong>outil de narration visuelle<\/strong>, au m\u00eame titre que le costume ou la musique originale, avec des choix valid\u00e9s tr\u00e8s en amont lors des lectures de sc\u00e9nario et des essais cam\u00e9ra.\n<\/p>\n<ul>\n<li><strong>Caract\u00e9risation imm\u00e9diate<\/strong> : la couleur aide le spectateur \u00e0 situer le personnage d\u00e8s la premi\u00e8re sc\u00e8ne.<\/li>\n<li><strong>\u00c9volution narrative<\/strong> : modifications capillaires associ\u00e9es aux tournants de l\u2019intrigue.<\/li>\n<li><u>Synergie direction artistique \/ jeu d\u2019acteur<\/u> : le visage, la coiffure et la lumi\u00e8re racontent ensemble l\u2019arc du personnage.<\/li>\n<\/ul>\n<h2>Cas pratiques : transformations capillaires marquantes chez les actrices fran\u00e7aises<\/h2>\n<p>\nCertaines transformations capillaires r\u00e9centes chez les actrices fran\u00e7aises ont \u00e9t\u00e9 largement comment\u00e9es par les m\u00e9dias, montrant la puissance symbolique du passage au blond. En <u>2025<\/u>, la top-mod\u00e8le et actrice <strong>Laetitia Casta<\/strong>, longtemps associ\u00e9e \u00e0 une chevelure brune, est apparue avec des m\u00e8ches blondes lors d\u2019un d\u00e9fil\u00e9 <strong>Max Mara<\/strong> \u00e0 Milan. Les sites de beaut\u00e9 et de mode, comme ceux du groupe <strong>Prisma Media<\/strong>, ont relev\u00e9 une hausse significative des recherches li\u00e9es au  blond Casta ? dans les heures ayant suivi le show, avec des pics de trafic pouvant d\u00e9passer plusieurs dizaines de milliers de visites sur certaines pages conseils. Nous estimons que ce type de  moment ? capillaire est souvent anticip\u00e9 avec les \u00e9quipes marketing des maisons de couture.\n<\/p>\n<p>\nAutre cas r\u00e9v\u00e9lateur, <strong>Marion Cotillard<\/strong>, actrice tr\u00e8s identifi\u00e9e comme brune, a adopt\u00e9 un blond plus clair \u00e0 plusieurs reprises pour des r\u00f4les ou des campagnes publicitaires, suscitant une forte couverture presse. Lorsqu\u2019une actrice d\u2019envergure internationale comme elle modifie sa couleur de mani\u00e8re visible, les plateformes sociales enregistrent un bond des mentions et commentaires ; certaines \u00e9tudes de social listening publi\u00e9es en <u>2022<\/u> sur le secteur du luxe font \u00e9tat de hausses d\u2019engagement pouvant atteindre <u>+30 %<\/u> sur une courte p\u00e9riode, lorsque la transformation est relay\u00e9e par des comptes \u00e0 forte audience. Nous pensons que ces cas d\u2019\u00e9cole confirment que le blond n\u2019est pas un simple d\u00e9tail, mais un levier d\u2019attention et de conversation, exploit\u00e9 par les attach\u00e9s de presse et les marques partenaires.\n<\/p>\n<ul>\n<li><strong>Laetitia Casta x Max Mara 2025<\/strong> : repositionnement visuel, forte couverture m\u00e9diatique internationale.<\/li>\n<li><strong>Marion Cotillard<\/strong> : blond ponctuel pour r\u00f4le ou campagne, impact mesurable sur les r\u00e9seaux sociaux.<\/li>\n<li><u>Effets mesur\u00e9s<\/u> : hausse des requ\u00eates Google, pics de trafic sur la presse en ligne, augmentation de l\u2019engagement social.<\/li>\n<\/ul>\n<h2>Influence culturelle et m\u00e9diatique des actrices fran\u00e7aises blondes<\/h2>\n<p>\nLes <strong>actrices fran\u00e7aises blondes<\/strong> ont une influence directe sur les tendances coiffure, mode et maquillage. Les m\u00e9dias f\u00e9minins comme <strong>ELLE<\/strong>, <strong>Gala<\/strong>, <strong>Femme Actuelle<\/strong> ou <strong>Vogue France<\/strong> consacrent r\u00e9guli\u00e8rement des s\u00e9lections aux  plus beaux blonds ? des tapis rouges, en particulier lors du <strong>Festival de Cannes<\/strong>. En <u>2025<\/u>, des articles sp\u00e9cifiques ont d\u00e9taill\u00e9 les nuances de blond \u2013 californien, beige, v\u00e9nitien, platine \u2013 observ\u00e9es sur la Croisette, mettant en avant des personnalit\u00e9s comme <strong>Arielle Dombasle<\/strong>, actrice et chanteuse franco-am\u00e9ricaine, dont le blond tr\u00e8s clair est devenue une marque de fabrique. Ces contenus g\u00e9n\u00e8rent un trafic important, nourri par les recherches li\u00e9es aux mots  coupe blonde Cannes 2025 ? ou  blond beige actrice fran\u00e7aise ?.\n<\/p>\n<p>\nPour les marques de cosm\u00e9tique et de coiffure \u2013 de <strong>L\u2019Or\u00e9al Paris<\/strong> \u00e0 <strong>Schwarzkopf<\/strong> ou <strong>Wella Professionals<\/strong> \u2013, ces actrices sont des vecteurs commerciaux puissants. Les collaborations, contrats d\u2019\u00e9g\u00e9ries et campagnes diffus\u00e9es en affichage urbain ou sur <strong>YouTube<\/strong> reposent souvent sur la mise en avant du blond comme gage de prestige, de jeunesse ou de singularit\u00e9. Nous observons que les actrices blondes influencent non seulement la couleur, mais aussi les coupes (carr\u00e9 flou, d\u00e9grad\u00e9 long, frange rideau) et les styles de maquillage (teint lumineux, sourcils structur\u00e9s, l\u00e8vres nude). Nous estimons que cette influence culturelle se renforce avec la mont\u00e9e du contenu  backstage ? publi\u00e9 par les actrices et leurs hair stylists sur Instagram, offrant aux fans un acc\u00e8s direct \u00e0 leurs transformations en temps r\u00e9el.\n<\/p>\n<ul>\n<li><strong>M\u00e9dias f\u00e9minins<\/strong> : relais central des tendances blondes issues des tapis rouges fran\u00e7ais.<\/li>\n<li><strong>Marques de beaut\u00e9<\/strong> : utilisation du blond comme argument marketing dans les campagnes capillaires.<\/li>\n<li><u>Effet d\u2019entra\u00eenement<\/u> : le public s\u2019inspire directement des tons et coupes vus sur ses actrices pr\u00e9f\u00e9r\u00e9es.<\/li>\n<\/ul>\n<h2>Visibilit\u00e9 en ligne : requ\u00eates, tendances et SEO autour des actrices fran\u00e7aises blondes<\/h2>\n<p>\nSur le plan du <strong>r\u00e9f\u00e9rencement naturel (SEO)<\/strong>, la th\u00e9matique de l\u2019<strong>actrice fran\u00e7aise blonde<\/strong> g\u00e9n\u00e8re un ensemble de requ\u00eates r\u00e9currentes sur <strong>Google Search<\/strong>. Les internautes formulent des recherches telles que  <strong>actrice fran\u00e7aise blonde c\u00e9l\u00e8bre<\/strong> ?,  <strong>jeune actrice fran\u00e7aise blonde<\/strong> ?,  <strong>actrice fran\u00e7aise blonde ann\u00e9es 70<\/strong> ?,  <strong>actrice fran\u00e7aise blonde s\u00e9rie TV<\/strong> ? ou  <strong>star fran\u00e7aise blonde cin\u00e9ma<\/strong> ?. Ces requ\u00eates correspondent \u00e0 des intentions vari\u00e9es : information biographique (nom d\u2019une actrice vue \u00e0 la t\u00e9l\u00e9vision), inspiration beaut\u00e9 (nuance de blond, coupe), ou simple curiosit\u00e9 divertissante. Les outils d\u2019analyse comme <strong>SEMrush<\/strong> ou <strong>Ahrefs<\/strong> montrent r\u00e9guli\u00e8rement que ces combinaisons de mots-cl\u00e9s disposent d\u2019un volume de recherche mensuel non n\u00e9gligeable en France.\n<\/p>\n<p>\nPour capter ce trafic, un contenu \u00e9ditorial doit travailler un <strong>champ s\u00e9mantique<\/strong> riche, en int\u00e9grant naturellement ces expressions dans les titres, intertitres et paragraphes, tout en maintenant un niveau de qualit\u00e9 r\u00e9dactionnelle \u00e9lev\u00e9. Nous savons que les algorithmes de <strong>Google<\/strong> valorisent de plus en plus la <u>pertinence th\u00e9matique<\/u> et l\u2019<strong>autorit\u00e9 du contenu<\/strong>. Un article comme ce guide, qui croise angles historiques, sociologiques, marketing et beaut\u00e9, r\u00e9pond bien \u00e0 cette logique de profondeur. Notre avis est que l\u2019optimisation SEO ne doit jamais se faire au d\u00e9triment de la nuance et de la pr\u00e9cision, surtout sur un sujet aussi charg\u00e9 symboliquement que la repr\u00e9sentation des femmes au cin\u00e9ma.\n<\/p>\n<ul>\n<li><strong>Requ\u00eates cl\u00e9s<\/strong> :  actrice fran\u00e7aise blonde c\u00e9l\u00e8bre ?,  actrice blonde s\u00e9rie fran\u00e7aise ?,  actrice fran\u00e7aise blonde ann\u00e9es 70 ?.<\/li>\n<li><strong>Intentions de recherche<\/strong> : identification d\u2019une actrice, inspiration coiffure, culture cin\u00e9ma.<\/li>\n<li><u>Outils de suivi<\/u> : Google Search Console, SEMrush, Ahrefs pour mesurer trafic et positionnement.<\/li>\n<\/ul>\n<h2>Optimisation et meilleures pratiques : comment traiter le sujet sans tomber dans le clich\u00e9<\/h2>\n<p>\nAborder les actrices fran\u00e7aises blondes de mani\u00e8re <strong>riche, nuanc\u00e9e et SEO-friendly<\/strong> exige une m\u00e9thodologie \u00e9ditoriale pr\u00e9cise. Nous recommandons de ne jamais r\u00e9duire les personnalit\u00e9s \u00e0 leur physique, mais de syst\u00e9matiquement les replacer dans leur filmographie, leurs engagements et leurs choix artistiques. Pr\u00e9senter <strong>Virginie Efira<\/strong> uniquement comme  blonde glamour ? sans \u00e9voquer ses r\u00f4les dans des films engag\u00e9s sur le trauma, ou ses prises de position sur la diversit\u00e9, reviendrait \u00e0 produire un contenu superficiel, rapidement p\u00e9nalis\u00e9 par les lecteurs et, \u00e0 terme, par les moteurs de recherche. L\u2019int\u00e9gration des mots-cl\u00e9s doit se faire de mani\u00e8re organique, en fluidit\u00e9, pour ne pas donner l\u2019impression de  bourrage ? s\u00e9mantique.\n<\/p>\n<p>\nNous pensons que la meilleure approche consiste \u00e0 multiplier les <u>angles \u00e9ditoriaux<\/u> : un volet historique sur les arch\u00e9types, une analyse sociologique du rapport au blond et au statut social, un d\u00e9cryptage beaut\u00e9 d\u00e9taill\u00e9 (nuances, techniques de coloration, entretien), un focus sur le personal branding et les strat\u00e9gies de carri\u00e8re. Cette pluralit\u00e9 permet de se d\u00e9marquer des simples listes d\u2019 actrices blondes c\u00e9l\u00e8bres ?, tr\u00e8s pr\u00e9sentes sur le web, souvent peu contextualis\u00e9es. Les bonnes pratiques SEO \u2013 structuration des balises <strong>&lt;h1&gt;<\/strong>, <strong>&lt;h2&gt;<\/strong>, m\u00e9ta-description descriptive, maillage interne pertinent \u2013 doivent rester au service d\u2019une \u00e9criture experte, document\u00e9e, qui respecte la complexit\u00e9 de ses sujets.\n<\/p>\n<ul>\n<li><strong>Contextualisation syst\u00e9matique<\/strong> : carri\u00e8re, engagements, choix artistiques avant la description physique.<\/li>\n<li><strong>Int\u00e9gration naturelle des mots-cl\u00e9s<\/strong> : dans les titres et le corps du texte, sans r\u00e9p\u00e9titions artificielles.<\/li>\n<li><u>Diversit\u00e9 des angles<\/u> : cin\u00e9ma, sociologie, beaut\u00e9, image de marque, pour enrichir l\u2019autorit\u00e9 th\u00e9matique.<\/li>\n<\/ul>\n<h2>Exploiter les donn\u00e9es, exemples concrets et entit\u00e9s nomm\u00e9es<\/h2>\n<p>\nUn traitement s\u00e9rieux du sujet gagne en cr\u00e9dibilit\u00e9 lorsqu\u2019il s\u2019appuie sur des <strong>statistiques<\/strong>, des <strong>entit\u00e9s nomm\u00e9es<\/strong> claires et des cas concrets. Nous pouvons, par exemple, recenser le nombre de films embl\u00e9matiques port\u00e9s par des actrices blondes dans le top du box-office fran\u00e7ais : les donn\u00e9es du <strong>Centre national du cin\u00e9ma et de l\u2019image anim\u00e9e (CNC)<\/strong> montrent r\u00e9guli\u00e8rement que des productions port\u00e9es par des actrices comme <strong>Virginie Efira<\/strong> ou <strong>Louane<\/strong> d\u00e9passent le seuil de <u>1 million d\u2019entr\u00e9es<\/u> en salles sur certaines ann\u00e9es. Sur les r\u00e9seaux sociaux, des personnalit\u00e9s comme Louane ou <strong>Lily-Rose Depp<\/strong> \u2013 actrice franco-am\u00e9ricaine, souvent blonde, tr\u00e8s pr\u00e9sente au <strong>Festival de Cannes<\/strong> \u2013 cumulent plusieurs millions d\u2019abonn\u00e9s, avec des taux d\u2019engagement pouvant atteindre <u>3 \u00e0 5 %<\/u> sur certaines plateformes, selon des analyses d\u2019outils de social analytics.\n<\/p>\n<p>\nLa liste des entit\u00e9s \u00e0 mobiliser pour un contenu complet inclut, au minimum, <strong>M\u00e9lanie Laurent<\/strong>, <strong>Louane<\/strong>, <strong>Virginie Efira<\/strong>, <strong>Mireille Darc<\/strong>, <strong>Laetitia Casta<\/strong>, mais aussi d\u2019autres actrices francophones blondes comme <strong>C\u00e9cile de France<\/strong> (actrice belge, tr\u00e8s pr\u00e9sente dans le cin\u00e9ma fran\u00e7ais), <strong>Lily-Rose Depp<\/strong>, ou des personnalit\u00e9s cit\u00e9es dans des classements sp\u00e9cialis\u00e9s d\u2019actrices francophones. Nous pouvons lier ces noms \u00e0 des p\u00e9riodes et \u0153uvres pr\u00e9cises :  <strong>La Famille B\u00e9lier<\/strong> ? (2014),  <strong>Inglourious Basterds<\/strong> ? (2009),  <strong>Victoria<\/strong> ? (2016),  <strong>Le Grand Blond avec une chaussure noire<\/strong> ? (1972). Nous sommes convaincus que cette granularit\u00e9 factuelle renforce la l\u00e9gitimit\u00e9 du propos, tout en offrant aux lecteurs des rep\u00e8res concrets pour poursuivre leurs propres recherches.\n<\/p>\n<ul>\n<li><strong>Donn\u00e9es chiffr\u00e9es<\/strong> : entr\u00e9es en salles, abonn\u00e9s sur les r\u00e9seaux, taux d\u2019engagement.<\/li>\n<li><strong>Entit\u00e9s cl\u00e9s<\/strong> : M\u00e9lanie Laurent, Louane, Virginie Efira, Mireille Darc, Laetitia Casta, C\u00e9cile de France, Lily-Rose Depp.<\/li>\n<li><u>\u0152uvres rep\u00e8res<\/u> : films embl\u00e9matiques et dates de sortie pour ancrer l\u2019analyse dans la r\u00e9alit\u00e9 du secteur.<\/li>\n<\/ul>\n<h2>Construction d\u2019un angle \u00e9ditorial unique face \u00e0 la concurrence<\/h2>\n<p>\nLe paysage num\u00e9rique compte d\u00e9j\u00e0 de nombreuses listes d\u2019 <strong>actrices blondes c\u00e9l\u00e8bres<\/strong> ?, souvent limit\u00e9es \u00e0 des galeries photo. Un guide approfondi se distingue en combinant <strong>analyse historique<\/strong>, <strong>lecture sociologique<\/strong> et <strong>d\u00e9cryptage marketing<\/strong>, en int\u00e9grant la dimension SEO et l\u2019impact culturel des actrices sur les tendances beaut\u00e9 et les r\u00e9cits audiovisuels. Nous pouvons, par exemple, explorer le th\u00e8me du <u>blond comme outil de repositionnement d\u2019image<\/u> : comment une actrice d\u00e9j\u00e0 connue peut se r\u00e9inventer en passant au blond, \u00e0 l\u2019image de Laetitia Casta en 2025, ou comment une jeune com\u00e9dienne capitalise sur une blondeur singuli\u00e8re pour \u00e9merger dans un march\u00e9 tr\u00e8s satur\u00e9.\n<\/p>\n<p>\nD\u2019autres micro-angles sont porteurs : l\u2019\u00e9tude de la <strong>fin progressive du clich\u00e9 de la blonde na\u00efve<\/strong> dans le cin\u00e9ma fran\u00e7ais, la fa\u00e7on dont une <strong>actrice fran\u00e7aise blonde<\/strong> inspire explicitement les tendances beaut\u00e9 reprises par les salons de coiffure de <strong>Paris<\/strong>, <strong>Lyon<\/strong> ou <strong>Marseille<\/strong>, ou encore l\u2019analyse des transformations capillaires r\u00e9centes (2024\u20132025) chez des actrices pr\u00e9sentes dans les comp\u00e9titions de festivals. \u00c0 notre sens, l\u2019originalit\u00e9 vient de la capacit\u00e9 \u00e0 relier ces ph\u00e9nom\u00e8nes \u00e0 des dynamiques plus larges : \u00e9volution du regard sur le genre, mont\u00e9e des actrices engag\u00e9es, mutation du star-system fran\u00e7ais \u00e0 l\u2019\u00e8re des plateformes de streaming.\n<\/p>\n<ul>\n<li><strong>Angle historique + sociologique<\/strong> : replacer la blondeur dans l\u2019\u00e9volution des r\u00f4les f\u00e9minins.<\/li>\n<li><strong>Angle marketing<\/strong> : blond et repositionnement d\u2019image, collaborations avec les marques.<\/li>\n<li><u>Angle contemporain<\/u> : transformations capillaires r\u00e9centes, nouvelles g\u00e9n\u00e9rations d\u2019actrices.<\/li>\n<\/ul>\n<h2>Conseils pratiques pour les professionnelles : com\u00e9diennes, agents, attach\u00e9es de presse<\/h2>\n<p>\nPour les com\u00e9diennes, agents et attach\u00e9es de presse, la question du blond doit \u00eatre abord\u00e9e comme un param\u00e8tre strat\u00e9gique, et non comme une simple coquetterie. Nous conseillons de r\u00e9fl\u00e9chir au <u>timing<\/u> d\u2019une transformation blonde : avant un tournage majeur, une tourn\u00e9e de promotion, la signature d\u2019une campagne avec une marque de beaut\u00e9, ou en amont d\u2019une pr\u00e9sence \u00e0 un festival international. Une coordination fine avec le d\u00e9partement <strong>stylisme<\/strong>, le <strong>maquillage<\/strong> et la <strong>communication digitale<\/strong> est n\u00e9cessaire pour que la nouvelle image se d\u00e9cline de mani\u00e8re coh\u00e9rente sur les affiches, les portraits presse, les stories Instagram et les interviews t\u00e9l\u00e9vis\u00e9es.\n<\/p>\n<p>\nLes risques existent : se voir assigner syst\u00e9matiquement des r\u00f4les de  blonde s\u00e9ductrice ?, avoir du mal \u00e0 retourner \u00e0 une autre couleur si le public s\u2019attache fortement \u00e0 cette image, ou souffrir de comparaisons constantes avec d\u2019autres blondes iconiques. Nous recommandons aux professionnelles de garder la ma\u00eetrise du r\u00e9cit, en expliquant, lors d\u2019interviews pour des m\u00e9dias comme <strong>T\u00e9l\u00e9rama<\/strong> ou <strong>Le Monde<\/strong>, le sens de la transformation (nouvelle \u00e9tape de carri\u00e8re, d\u00e9sir d\u2019exp\u00e9rimentation, coh\u00e9rence avec un r\u00f4le engag\u00e9), tout en veillant \u00e0 ce que la filmographie reste suffisamment vari\u00e9e pour ne pas enfermer la personne dans une case. \u00c0 nos yeux, la cl\u00e9 consiste \u00e0 utiliser le blond comme un atout conscient et ma\u00eetris\u00e9, plut\u00f4t qu\u2019\u00e0 le subir.\n<\/p>\n<ul>\n<li><strong>Planification<\/strong> : d\u00e9cider du moment opportun pour une transformation blonde.<\/li>\n<li><strong>Storytelling<\/strong> : articuler un r\u00e9cit clair autour du changement de couleur.<\/li>\n<li><u>Gestion des risques<\/u> : \u00e9viter l\u2019hyper-sp\u00e9cialisation de r\u00f4les, pr\u00e9server la libert\u00e9 de revenir \u00e0 d\u2019autres images.<\/li>\n<\/ul>\n<h2>Conclusion et perspectives : vers une nouvelle \u00e8re des actrices fran\u00e7aises blondes<\/h2>\n<p>\nL\u2019<strong>actrice fran\u00e7aise blonde<\/strong> demeure une figure structurante du paysage audiovisuel, mais elle a profond\u00e9ment \u00e9volu\u00e9. D\u2019attribut purement esth\u00e9tique, le blond est devenu un <strong>outil de r\u00e9cit<\/strong>, un <strong>levier de branding<\/strong> et un indicateur des transformations soci\u00e9tales. Les trajectoires de <strong>Mireille Darc<\/strong>, <strong>M\u00e9lanie Laurent<\/strong>, <strong>Louane<\/strong>, <strong>Virginie Efira<\/strong> ou <strong>Laetitia Casta<\/strong> illustrent, chacune \u00e0 leur mani\u00e8re, la pluralit\u00e9 des mani\u00e8res d\u2019habiter cette couleur, du cin\u00e9ma d\u2019auteur aux blockbusters, des tapis rouges de Cannes aux campagnes de grandes maisons de mode. Nous pensons que la force de ces figures r\u00e9side aujourd\u2019hui dans leur capacit\u00e9 \u00e0 articuler blondeur et complexit\u00e9, apparence et profondeur.\n<\/p>\n<p>\nLes ann\u00e9es \u00e0 venir devraient accentuer la diversification des profils : actrices blondes issues de la diversit\u00e9 ethnique, \u00e9largissement des tranches d\u2019\u00e2ge repr\u00e9sent\u00e9es, morphologies plus vari\u00e9es, mont\u00e9e des actrices engag\u00e9es qui utilisent leur notori\u00e9t\u00e9 pour porter des causes \u2013 qu\u2019il s\u2019agisse de lutte contre les violences faites aux femmes, de d\u00e9fense de l\u2019environnement ou de repr\u00e9sentation des minorit\u00e9s. Les plateformes et les r\u00e9seaux sociaux acc\u00e9l\u00e8rent ces \u00e9volutions, en offrant \u00e0 chaque actrice la possibilit\u00e9 de contr\u00f4ler davantage son image et son r\u00e9cit. Pour suivre cette nouvelle \u00e8re, nous sugg\u00e9rons de rester attentifs aux nouveaux talents r\u00e9v\u00e9l\u00e9s dans les festivals (Cannes, <strong>Festival d\u2019Angoul\u00eame<\/strong>, <strong>Festival de Deauville<\/strong>), aux grandes transformations capillaires tr\u00e8s m\u00e9diatis\u00e9es, et aux films qui utilisent, avec finesse, le blond comme indicateur d\u2019\u00e9mancipation et de complexit\u00e9, plut\u00f4t que comme simple signe d\u00e9coratif.\n<\/p>\n<ul>\n<li><strong>Poids historique et culturel<\/strong> : une figure toujours centrale, mais en constante red\u00e9finition.<\/li>\n<li><strong>Diversification des profils<\/strong> : \u00e2ge, origine, trajectoires d\u2019engagement.<\/li>\n<li><u>Veille \u00e0 long terme<\/u> : nouveaux r\u00f4les, tendances cheveux, \u00e9mergence de jeunes actrices blondes dans les ann\u00e9es 2020.<\/li>\n<\/ul>\n","protected":false},"excerpt":{"rendered":"","protected":false},"author":34,"featured_media":7666,"comment_status":"open","ping_status":"open","sticky":false,"template":"","format":"standard","meta":{"_acf_changed":false,"manual_indexmenow":false,"indexmenow_id_project":0,"footnotes":""},"categories":[4524],"tags":[4771,4772,4773],"class_list":["post-7664","post","type-post","status-publish","format-standard","has-post-thumbnail","hentry","category-celebrites-et-influence-en-france","tag-actrice-francaise","tag-blonde-celebre","tag-cinema-francais","generate-columns","tablet-grid-50","mobile-grid-100","grid-parent","grid-25"],"acf":[],"yoast_head":"<!-- This site is optimized with the Yoast SEO Premium plugin v21.3 (Yoast SEO v26.5) - https:\/\/yoast.com\/wordpress\/plugins\/seo\/ -->\n<title>actrice fran\u00e7aise blonde<\/title>\n<meta name=\"description\" content=\"L\u2019attrait pour l\u2019actrice fran\u00e7aise blonde tient \u00e0 une combinaison de facteurs esth\u00e9tiques, historiques et m\u00e9diatiques\" \/>\n<meta name=\"robots\" content=\"index, follow, max-snippet:-1, max-image-preview:large, max-video-preview:-1\" \/>\n<link rel=\"canonical\" href=\"https:\/\/starstory.fr\/blog\/celebrites-et-influence-en-france\/actrice-francaise-blonde\/\" \/>\n<meta property=\"og:locale\" content=\"fr_FR\" \/>\n<meta property=\"og:type\" content=\"article\" \/>\n<meta property=\"og:title\" content=\"actrice fran\u00e7aise blonde\" \/>\n<meta property=\"og:description\" content=\"L\u2019attrait pour l\u2019actrice fran\u00e7aise blonde tient \u00e0 une combinaison de facteurs esth\u00e9tiques, historiques et m\u00e9diatiques\" \/>\n<meta property=\"og:url\" content=\"https:\/\/starstory.fr\/blog\/celebrites-et-influence-en-france\/actrice-francaise-blonde\/\" \/>\n<meta property=\"og:site_name\" content=\"starstory\" \/>\n<meta property=\"og:image\" content=\"https:\/\/starstory.fr\/blog\/wp-content\/uploads\/2025\/12\/pag-image-693bfbef02ccd-scaled.png\" \/>\n\t<meta property=\"og:image:width\" content=\"1200\" \/>\n\t<meta property=\"og:image:height\" content=\"686\" \/>\n\t<meta property=\"og:image:type\" content=\"image\/png\" \/>\n<meta name=\"author\" content=\"Rapha\u00ebl D.\" \/>\n<meta name=\"twitter:card\" content=\"summary_large_image\" \/>\n<script type=\"application\/ld+json\" class=\"yoast-schema-graph\">{\"@context\":\"https:\/\/schema.org\",\"@graph\":[{\"@type\":\"NewsArticle\",\"@id\":\"https:\/\/starstory.fr\/blog\/celebrites-et-influence-en-france\/actrice-francaise-blonde\/#article\",\"isPartOf\":{\"@id\":\"https:\/\/starstory.fr\/blog\/celebrites-et-influence-en-france\/actrice-francaise-blonde\/\"},\"author\":{\"name\":\"Rapha\u00ebl D.\",\"@id\":\"https:\/\/starstory.fr\/blog\/#\/schema\/person\/3c864cdc320801e3db34b663e7e3f816\"},\"headline\":\"actrice fran\u00e7aise blonde\",\"datePublished\":\"2025-12-18T08:11:00+00:00\",\"mainEntityOfPage\":{\"@id\":\"https:\/\/starstory.fr\/blog\/celebrites-et-influence-en-france\/actrice-francaise-blonde\/\"},\"wordCount\":5021,\"commentCount\":0,\"publisher\":{\"@id\":\"https:\/\/starstory.fr\/blog\/#organization\"},\"image\":{\"@id\":\"https:\/\/starstory.fr\/blog\/celebrites-et-influence-en-france\/actrice-francaise-blonde\/#primaryimage\"},\"thumbnailUrl\":\"https:\/\/starstory.fr\/blog\/wp-content\/uploads\/2025\/12\/pag-image-693bfbef02ccd-scaled.png\",\"keywords\":[\"actrice francaise\",\"blonde celebre\",\"cinema francais\"],\"articleSection\":[\"C\u00e9l\u00e9brit\u00e9s et Influence en France\"],\"inLanguage\":\"fr-FR\",\"potentialAction\":[{\"@type\":\"CommentAction\",\"name\":\"Comment\",\"target\":[\"https:\/\/starstory.fr\/blog\/celebrites-et-influence-en-france\/actrice-francaise-blonde\/#respond\"]}]},{\"@type\":\"WebPage\",\"@id\":\"https:\/\/starstory.fr\/blog\/celebrites-et-influence-en-france\/actrice-francaise-blonde\/\",\"url\":\"https:\/\/starstory.fr\/blog\/celebrites-et-influence-en-france\/actrice-francaise-blonde\/\",\"name\":\"actrice fran\u00e7aise blonde\",\"isPartOf\":{\"@id\":\"https:\/\/starstory.fr\/blog\/#website\"},\"primaryImageOfPage\":{\"@id\":\"https:\/\/starstory.fr\/blog\/celebrites-et-influence-en-france\/actrice-francaise-blonde\/#primaryimage\"},\"image\":{\"@id\":\"https:\/\/starstory.fr\/blog\/celebrites-et-influence-en-france\/actrice-francaise-blonde\/#primaryimage\"},\"thumbnailUrl\":\"https:\/\/starstory.fr\/blog\/wp-content\/uploads\/2025\/12\/pag-image-693bfbef02ccd-scaled.png\",\"datePublished\":\"2025-12-18T08:11:00+00:00\",\"description\":\"L\u2019attrait pour l\u2019actrice fran\u00e7aise blonde tient \u00e0 une combinaison de facteurs esth\u00e9tiques, historiques et m\u00e9diatiques\",\"inLanguage\":\"fr-FR\",\"potentialAction\":[{\"@type\":\"ReadAction\",\"target\":[\"https:\/\/starstory.fr\/blog\/celebrites-et-influence-en-france\/actrice-francaise-blonde\/\"]}]},{\"@type\":\"ImageObject\",\"inLanguage\":\"fr-FR\",\"@id\":\"https:\/\/starstory.fr\/blog\/celebrites-et-influence-en-france\/actrice-francaise-blonde\/#primaryimage\",\"url\":\"https:\/\/starstory.fr\/blog\/wp-content\/uploads\/2025\/12\/pag-image-693bfbef02ccd-scaled.png\",\"contentUrl\":\"https:\/\/starstory.fr\/blog\/wp-content\/uploads\/2025\/12\/pag-image-693bfbef02ccd-scaled.png\",\"width\":1200,\"height\":686,\"caption\":\"Image g\u00e9n\u00e9r\u00e9e par IA optimis\u00e9e pour Google Discover\"},{\"@type\":\"WebSite\",\"@id\":\"https:\/\/starstory.fr\/blog\/#website\",\"url\":\"https:\/\/starstory.fr\/blog\/\",\"name\":\"StarStory\",\"description\":\"StarStory, les \u00e9toiles racontent leur histoire\",\"publisher\":{\"@id\":\"https:\/\/starstory.fr\/blog\/#organization\"},\"alternateName\":\"StarStory, les \u00e9toiles racontent leur histoire\",\"potentialAction\":[{\"@type\":\"SearchAction\",\"target\":{\"@type\":\"EntryPoint\",\"urlTemplate\":\"https:\/\/starstory.fr\/blog\/?s={search_term_string}\"},\"query-input\":{\"@type\":\"PropertyValueSpecification\",\"valueRequired\":true,\"valueName\":\"search_term_string\"}}],\"inLanguage\":\"fr-FR\"},{\"@type\":\"Organization\",\"@id\":\"https:\/\/starstory.fr\/blog\/#organization\",\"name\":\"StarStory\",\"alternateName\":\"StarStory.fr\",\"url\":\"https:\/\/starstory.fr\/blog\/\",\"logo\":{\"@type\":\"ImageObject\",\"inLanguage\":\"fr-FR\",\"@id\":\"https:\/\/starstory.fr\/blog\/#\/schema\/logo\/image\/\",\"url\":\"https:\/\/starstory.fr\/blog\/wp-content\/uploads\/2024\/12\/38.png\",\"contentUrl\":\"https:\/\/starstory.fr\/blog\/wp-content\/uploads\/2024\/12\/38.png\",\"width\":500,\"height\":500,\"caption\":\"StarStory\"},\"image\":{\"@id\":\"https:\/\/starstory.fr\/blog\/#\/schema\/logo\/image\/\"}},{\"@type\":\"Person\",\"@id\":\"https:\/\/starstory.fr\/blog\/#\/schema\/person\/3c864cdc320801e3db34b663e7e3f816\",\"name\":\"Rapha\u00ebl D.\",\"image\":{\"@type\":\"ImageObject\",\"inLanguage\":\"fr-FR\",\"@id\":\"https:\/\/starstory.fr\/blog\/#\/schema\/person\/image\/\",\"url\":\"https:\/\/starstory.fr\/blog\/wp-content\/uploads\/2026\/06\/persona_raphael-d-96x96.jpg\",\"contentUrl\":\"https:\/\/starstory.fr\/blog\/wp-content\/uploads\/2026\/06\/persona_raphael-d-96x96.jpg\",\"caption\":\"Rapha\u00ebl D.\"},\"description\":\"La culture est mon terrain de jeu depuis une dizaine d'ann\u00e9es : arts visuels, s\u00e9ries, cr\u00e9ation et tout ce qui nourrit l'imaginaire. J'\u00e9cris aussi bien sur l'actualit\u00e9 des \u0153uvres que sur les coulisses de la cr\u00e9ation, avec l'envie de relier l'amateur curieux \u00e0 des univers parfois jug\u00e9s intimidants. J'aime analyser une s\u00e9rie ou une d\u00e9marche artistique sans p\u00e9dantisme, replacer une \u0153uvre dans son contexte et donner des cl\u00e9s de lecture accessibles. Avant de publier, je v\u00e9rifie mes r\u00e9f\u00e9rences, je recoupe les sources et je distingue clairement le fait de mon interpr\u00e9tation subjective. Je crois qu'une critique vaut surtout par les arguments qu'elle expose, pas par la sentence qu'elle rend. Mon angle : transmettre l'envie de d\u00e9couvrir, de regarder autrement et de se forger son propre go\u00fbt. La culture n'appartient pas qu'aux initi\u00e9s, et c'est tout l'enjeu de mon \u00e9criture.\",\"url\":\"https:\/\/starstory.fr\/blog\/auteur\/noname\/\",\"jobTitle\":\"R\u00e9dacteur en chef \u00b7 Culture & Cr\u00e9ation\",\"knowsAbout\":[\"Culture\",\"Cr\u00e9ation\"],\"email\":\"raphael.d@a-l-asso-de-l-art.fr\"}]}<\/script>\n<!-- \/ Yoast SEO Premium plugin. -->","yoast_head_json":{"title":"actrice fran\u00e7aise blonde","description":"L\u2019attrait pour l\u2019actrice fran\u00e7aise blonde tient \u00e0 une combinaison de facteurs esth\u00e9tiques, historiques et m\u00e9diatiques","robots":{"index":"index","follow":"follow","max-snippet":"max-snippet:-1","max-image-preview":"max-image-preview:large","max-video-preview":"max-video-preview:-1"},"canonical":"https:\/\/starstory.fr\/blog\/celebrites-et-influence-en-france\/actrice-francaise-blonde\/","og_locale":"fr_FR","og_type":"article","og_title":"actrice fran\u00e7aise blonde","og_description":"L\u2019attrait pour l\u2019actrice fran\u00e7aise blonde tient \u00e0 une combinaison de facteurs esth\u00e9tiques, historiques et m\u00e9diatiques","og_url":"https:\/\/starstory.fr\/blog\/celebrites-et-influence-en-france\/actrice-francaise-blonde\/","og_site_name":"starstory","og_image":[{"width":1200,"height":686,"url":"https:\/\/starstory.fr\/blog\/wp-content\/uploads\/2025\/12\/pag-image-693bfbef02ccd-scaled.png","type":"image\/png"}],"author":"Rapha\u00ebl D.","twitter_card":"summary_large_image","schema":{"@context":"https:\/\/schema.org","@graph":[{"@type":"NewsArticle","@id":"https:\/\/starstory.fr\/blog\/celebrites-et-influence-en-france\/actrice-francaise-blonde\/#article","isPartOf":{"@id":"https:\/\/starstory.fr\/blog\/celebrites-et-influence-en-france\/actrice-francaise-blonde\/"},"author":{"name":"Rapha\u00ebl D.","@id":"https:\/\/starstory.fr\/blog\/#\/schema\/person\/3c864cdc320801e3db34b663e7e3f816"},"headline":"actrice fran\u00e7aise blonde","datePublished":"2025-12-18T08:11:00+00:00","mainEntityOfPage":{"@id":"https:\/\/starstory.fr\/blog\/celebrites-et-influence-en-france\/actrice-francaise-blonde\/"},"wordCount":5021,"commentCount":0,"publisher":{"@id":"https:\/\/starstory.fr\/blog\/#organization"},"image":{"@id":"https:\/\/starstory.fr\/blog\/celebrites-et-influence-en-france\/actrice-francaise-blonde\/#primaryimage"},"thumbnailUrl":"https:\/\/starstory.fr\/blog\/wp-content\/uploads\/2025\/12\/pag-image-693bfbef02ccd-scaled.png","keywords":["actrice francaise","blonde celebre","cinema francais"],"articleSection":["C\u00e9l\u00e9brit\u00e9s et Influence en France"],"inLanguage":"fr-FR","potentialAction":[{"@type":"CommentAction","name":"Comment","target":["https:\/\/starstory.fr\/blog\/celebrites-et-influence-en-france\/actrice-francaise-blonde\/#respond"]}]},{"@type":"WebPage","@id":"https:\/\/starstory.fr\/blog\/celebrites-et-influence-en-france\/actrice-francaise-blonde\/","url":"https:\/\/starstory.fr\/blog\/celebrites-et-influence-en-france\/actrice-francaise-blonde\/","name":"actrice fran\u00e7aise blonde","isPartOf":{"@id":"https:\/\/starstory.fr\/blog\/#website"},"primaryImageOfPage":{"@id":"https:\/\/starstory.fr\/blog\/celebrites-et-influence-en-france\/actrice-francaise-blonde\/#primaryimage"},"image":{"@id":"https:\/\/starstory.fr\/blog\/celebrites-et-influence-en-france\/actrice-francaise-blonde\/#primaryimage"},"thumbnailUrl":"https:\/\/starstory.fr\/blog\/wp-content\/uploads\/2025\/12\/pag-image-693bfbef02ccd-scaled.png","datePublished":"2025-12-18T08:11:00+00:00","description":"L\u2019attrait pour l\u2019actrice fran\u00e7aise blonde tient \u00e0 une combinaison de facteurs esth\u00e9tiques, historiques et m\u00e9diatiques","inLanguage":"fr-FR","potentialAction":[{"@type":"ReadAction","target":["https:\/\/starstory.fr\/blog\/celebrites-et-influence-en-france\/actrice-francaise-blonde\/"]}]},{"@type":"ImageObject","inLanguage":"fr-FR","@id":"https:\/\/starstory.fr\/blog\/celebrites-et-influence-en-france\/actrice-francaise-blonde\/#primaryimage","url":"https:\/\/starstory.fr\/blog\/wp-content\/uploads\/2025\/12\/pag-image-693bfbef02ccd-scaled.png","contentUrl":"https:\/\/starstory.fr\/blog\/wp-content\/uploads\/2025\/12\/pag-image-693bfbef02ccd-scaled.png","width":1200,"height":686,"caption":"Image g\u00e9n\u00e9r\u00e9e par IA optimis\u00e9e pour Google Discover"},{"@type":"WebSite","@id":"https:\/\/starstory.fr\/blog\/#website","url":"https:\/\/starstory.fr\/blog\/","name":"StarStory","description":"StarStory, les \u00e9toiles racontent leur histoire","publisher":{"@id":"https:\/\/starstory.fr\/blog\/#organization"},"alternateName":"StarStory, les \u00e9toiles racontent leur histoire","potentialAction":[{"@type":"SearchAction","target":{"@type":"EntryPoint","urlTemplate":"https:\/\/starstory.fr\/blog\/?s={search_term_string}"},"query-input":{"@type":"PropertyValueSpecification","valueRequired":true,"valueName":"search_term_string"}}],"inLanguage":"fr-FR"},{"@type":"Organization","@id":"https:\/\/starstory.fr\/blog\/#organization","name":"StarStory","alternateName":"StarStory.fr","url":"https:\/\/starstory.fr\/blog\/","logo":{"@type":"ImageObject","inLanguage":"fr-FR","@id":"https:\/\/starstory.fr\/blog\/#\/schema\/logo\/image\/","url":"https:\/\/starstory.fr\/blog\/wp-content\/uploads\/2024\/12\/38.png","contentUrl":"https:\/\/starstory.fr\/blog\/wp-content\/uploads\/2024\/12\/38.png","width":500,"height":500,"caption":"StarStory"},"image":{"@id":"https:\/\/starstory.fr\/blog\/#\/schema\/logo\/image\/"}},{"@type":"Person","@id":"https:\/\/starstory.fr\/blog\/#\/schema\/person\/3c864cdc320801e3db34b663e7e3f816","name":"Rapha\u00ebl D.","image":{"@type":"ImageObject","inLanguage":"fr-FR","@id":"https:\/\/starstory.fr\/blog\/#\/schema\/person\/image\/","url":"https:\/\/starstory.fr\/blog\/wp-content\/uploads\/2026\/06\/persona_raphael-d-96x96.jpg","contentUrl":"https:\/\/starstory.fr\/blog\/wp-content\/uploads\/2026\/06\/persona_raphael-d-96x96.jpg","caption":"Rapha\u00ebl D."},"description":"La culture est mon terrain de jeu depuis une dizaine d'ann\u00e9es : arts visuels, s\u00e9ries, cr\u00e9ation et tout ce qui nourrit l'imaginaire. J'\u00e9cris aussi bien sur l'actualit\u00e9 des \u0153uvres que sur les coulisses de la cr\u00e9ation, avec l'envie de relier l'amateur curieux \u00e0 des univers parfois jug\u00e9s intimidants. J'aime analyser une s\u00e9rie ou une d\u00e9marche artistique sans p\u00e9dantisme, replacer une \u0153uvre dans son contexte et donner des cl\u00e9s de lecture accessibles. Avant de publier, je v\u00e9rifie mes r\u00e9f\u00e9rences, je recoupe les sources et je distingue clairement le fait de mon interpr\u00e9tation subjective. Je crois qu'une critique vaut surtout par les arguments qu'elle expose, pas par la sentence qu'elle rend. Mon angle : transmettre l'envie de d\u00e9couvrir, de regarder autrement et de se forger son propre go\u00fbt. La culture n'appartient pas qu'aux initi\u00e9s, et c'est tout l'enjeu de mon \u00e9criture.","url":"https:\/\/starstory.fr\/blog\/auteur\/noname\/","jobTitle":"R\u00e9dacteur en chef \u00b7 Culture & Cr\u00e9ation","knowsAbout":["Culture","Cr\u00e9ation"],"email":"raphael.d@a-l-asso-de-l-art.fr"}]}},"_links":{"self":[{"href":"https:\/\/starstory.fr\/blog\/wp-json\/wp\/v2\/posts\/7664","targetHints":{"allow":["GET"]}}],"collection":[{"href":"https:\/\/starstory.fr\/blog\/wp-json\/wp\/v2\/posts"}],"about":[{"href":"https:\/\/starstory.fr\/blog\/wp-json\/wp\/v2\/types\/post"}],"author":[{"embeddable":true,"href":"https:\/\/starstory.fr\/blog\/wp-json\/wp\/v2\/users\/34"}],"replies":[{"embeddable":true,"href":"https:\/\/starstory.fr\/blog\/wp-json\/wp\/v2\/comments?post=7664"}],"version-history":[{"count":1,"href":"https:\/\/starstory.fr\/blog\/wp-json\/wp\/v2\/posts\/7664\/revisions"}],"predecessor-version":[{"id":7743,"href":"https:\/\/starstory.fr\/blog\/wp-json\/wp\/v2\/posts\/7664\/revisions\/7743"}],"wp:featuredmedia":[{"embeddable":true,"href":"https:\/\/starstory.fr\/blog\/wp-json\/wp\/v2\/media\/7666"}],"wp:attachment":[{"href":"https:\/\/starstory.fr\/blog\/wp-json\/wp\/v2\/media?parent=7664"}],"wp:term":[{"taxonomy":"category","embeddable":true,"href":"https:\/\/starstory.fr\/blog\/wp-json\/wp\/v2\/categories?post=7664"},{"taxonomy":"post_tag","embeddable":true,"href":"https:\/\/starstory.fr\/blog\/wp-json\/wp\/v2\/tags?post=7664"}],"curies":[{"name":"wp","href":"https:\/\/api.w.org\/{rel}","templated":true}]}}