{"id":7558,"date":"2025-06-14T22:59:24","date_gmt":"2025-06-14T20:59:24","guid":{"rendered":"https:\/\/starstory.fr\/blog\/a-la-une\/selection-exclusive-des-podcasts-salon-de-star-et-talk-shows-incontournables\/"},"modified":"2025-06-14T22:59:24","modified_gmt":"2025-06-14T20:59:24","slug":"selection-exclusive-des-podcasts-salon-de-star-et-talk-shows-incontournables","status":"publish","type":"post","link":"https:\/\/starstory.fr\/blog\/a-la-une\/selection-exclusive-des-podcasts-salon-de-star-et-talk-shows-incontournables\/","title":{"rendered":"S\u00e9lection exclusive des podcasts \u201csalon de star\u201d et talk-shows incontournables"},"content":{"rendered":"<h1>S\u00e9lection exclusive des podcasts \u201csalon de star\u201d et talk-shows incontournables<\/h1>\n<h2>Les tendances 2025 : \u00e9volution et popularit\u00e9 des talk-shows audio<\/h2>\n<p>La <strong>croissance exponentielle<\/strong> des <strong>podcasts d\u2019interviews<\/strong> et talk-shows se confirme encore cette ann\u00e9e, port\u00e9e par l\u2019engouement des plateformes de streaming comme Spotify, Deezer ou Apple Podcasts. Le format \u201csalon de star\u201d s&rsquo;impose particuli\u00e8rement aupr\u00e8s d\u2019une audience en qu\u00eate de <u>r\u00e9cits longs, incarn\u00e9s et sinc\u00e8res<\/u>. On observe notamment que les <strong>formats longs<\/strong> d\u00e9passant 45 minutes rencontrent un vif succ\u00e8s aupr\u00e8s du public, \u00e0 l\u2019image de \u201cTransfert\u201d qui fid\u00e9lise plus de 1,3 million d\u2019auditeurs chaque mois ou \u201cL\u2019Heure du Monde\u201d, devenu une r\u00e9f\u00e9rence des conversations de fond.<\/p>\n<ul>\n<li><strong>Le renouvellement g\u00e9n\u00e9rationnel<\/strong> des animateurs contribue \u00e0 la fra\u00eecheur de ces programmes, o\u00f9 des voix issues de la radio, du web ou de la sc\u00e8ne artistique renouvellent le ton et les th\u00e9matiques.<\/li>\n<li>La <strong>valorisation algorithmique<\/strong> sur les plateformes permet \u00e0 des podcasts comme \u201cP\u00e9pites\u201d ou \u201cOn s\u2019tient au jus\u201d d\u2019atteindre des publics vari\u00e9s, bien au-del\u00e0 des cercles traditionnels de fans.<\/li>\n<li>Le <strong>d\u00e9veloppement d\u2019univers sonores immersifs<\/strong> et la captation d\u2019\u00e9motions brutes font \u00e9voluer la notion d\u2019entretien classique vers une nouvelle forme de \u201cstorytelling personnel\u201d[1][4].<\/li>\n<\/ul>\n<p>Cette dynamique, que l\u2019on constate autant dans les classements d\u2019audience que dans la diversit\u00e9 des programmes lanc\u00e9s chaque mois, fa\u00e7onne d\u00e9sormais la culture m\u00e9diatique de toute une g\u00e9n\u00e9ration.<\/p>\n<h2>Crit\u00e8res cl\u00e9s pour distinguer un podcast d\u2019interviews de personnalit\u00e9s r\u00e9ussi<\/h2>\n<p>Identifier ce qui fait d\u2019une \u00e9mission un <strong>podcast \u201csalon de star\u201d<\/strong> remarquable exige de s\u2019int\u00e9resser \u00e0 des crit\u00e8res d\u2019excellence concrets. L\u2019<strong>authenticit\u00e9<\/strong>, premi\u00e8re qualit\u00e9 recherch\u00e9e, s\u2019incarne dans la capacit\u00e9 de l\u2019animateur \u00e0 laisser tomber les masques des invit\u00e9s et \u00e0 r\u00e9v\u00e9ler un pan inconnu de leur personnalit\u00e9. Cette proximit\u00e9 passe par un ton libre, direct, un refus des artifices promotionnels et une ouverture \u00e0 l\u2019\u00e9motion.<\/p>\n<p>Voici les points d\u00e9cisifs qui marquent les meilleures r\u00e9alisations\u00a0:<\/p>\n<ul>\n<li><strong>La vari\u00e9t\u00e9 des profils d\u2019invit\u00e9s<\/strong>\u00a0: \u201cCanap\u00e9 Six Places\u201d invite aussi bien des auteurs que des artistes \u00e9mergents, tandis que \u201cOn s\u2019tient au jus\u201d explore la diversit\u00e9 du web et du militantisme.<\/li>\n<li><strong>L\u2019originalit\u00e9 th\u00e9matique<\/strong>\u00a0: des podcasts comme \u201cP\u00e9pites\u201d ou \u201cTRANSMISSIONS\u201d proposent des sujets rares, allant des trajectoires atypiques \u00e0 la d\u00e9couverte de cr\u00e9ateurs peu m\u00e9diatis\u00e9s[5].<\/li>\n<li><strong>L\u2019innovation sonore<\/strong>\u00a0: le travail sur l\u2019ambiance audio, la mise en sc\u00e8ne et le montage cr\u00e9ent une immersion qui s\u00e9duit et fid\u00e9lise le public exigeant.<\/li>\n<\/ul>\n<p>Ce sont ces \u00e9l\u00e9ments qui fondent le succ\u00e8s et assurent un v\u00e9ritable <u>bouche-\u00e0-oreille durable<\/u>, transformant une simple interview en \u00e9v\u00e9nement culturel.<\/p>\n<h2>L\u2019influence des animateurs et leur capacit\u00e9 \u00e0 cr\u00e9er la confiance<\/h2>\n<p>La <strong>personnalit\u00e9 de l\u2019animateur<\/strong> demeure l\u2019\u00e9l\u00e9ment structurant de toute \u00e9mission d\u2019interviews r\u00e9ussie. Qu\u2019il s\u2019agisse d\u2019un journaliste reconnu, d\u2019une figure du web ou d\u2019un cr\u00e9ateur ind\u00e9pendant, son charisme et sa pr\u00e9paration conditionnent l\u2019authenticit\u00e9 des \u00e9changes. Les animateurs comme <strong>Charlotte Pudlowski (P\u00e9pites)<\/strong> ou <strong>Camille &amp; Justine (On s\u2019tient au jus)<\/strong> savent instaurer, en peu de temps, une relation privil\u00e9gi\u00e9e qui encourage les invit\u00e9s \u00e0 livrer des confidences in\u00e9dites.<\/p>\n<ul>\n<li>La <strong>capacit\u00e9 d\u2019\u00e9coute active<\/strong> et la <strong>ma\u00eetrise des silences<\/strong> permettent de mettre \u00e0 l\u2019aise, d\u2019approfondir les sujets sensibles et de r\u00e9v\u00e9ler la personnalit\u00e9 r\u00e9elle de l\u2019invit\u00e9.<\/li>\n<li>L\u2019<strong>art de la relance<\/strong> et du rebond contribue \u00e0 \u00e9viter le formatage et \u00e0 surprendre l\u2019auditeur par la spontan\u00e9it\u00e9 de la conversation.<\/li>\n<li>Une <strong>pr\u00e9paration minutieuse des entretiens<\/strong> transpara\u00eet dans la qualit\u00e9 des questions pos\u00e9es et dans la pertinence du dialogue.<\/li>\n<\/ul>\n<p>Ce r\u00f4le d\u2019interm\u00e9diaire, ni juge ni complice, cr\u00e9e une alchimie rare\u00a0: <u>les grandes \u00e9missions audio sont souvent \u00e0 l\u2019image de leur h\u00f4te<\/u>, capable de f\u00e9d\u00e9rer une communaut\u00e9 et de provoquer l\u2019adh\u00e9sion sur le long terme.<\/p>\n<h2>Poids de la th\u00e9matique : de la mode \u00e0 la soci\u00e9t\u00e9, panorama des salons de stars<\/h2>\n<p>Les <strong>th\u00e9matiques<\/strong> abord\u00e9es par les podcasts \u201csalon de star\u201d dessinent un panorama riche, r\u00e9v\u00e9lateur des passions et des questionnements de la soci\u00e9t\u00e9 actuelle. En 2025, on identifie plusieurs axes forts :<\/p>\n<ul>\n<li><strong>La culture pop et l\u2019intimit\u00e9 des stars\u00a0:<\/strong> \u201cP\u00e9pites\u201d met en lumi\u00e8re le parcours et les doutes d\u2019artistes peu connus, tandis que \u201cLa derni\u00e8re\u201d explore les coulisses des derni\u00e8res tendances musicales et culturelles[4].<\/li>\n<li><strong>Les enjeux sociaux et g\u00e9n\u00e9rationnels\u00a0:<\/strong> \u201cOn s\u2019tient au jus\u201d s\u2019appuie sur le v\u00e9cu de ses invit\u00e9s pour aborder des sujets aussi vastes que le f\u00e9minisme, la parentalit\u00e9 ou la repr\u00e9sentation des minorit\u00e9s.<\/li>\n<li><strong>Les univers sp\u00e9cialis\u00e9s\u00a0:<\/strong> \u201cDouble-clic sur la Mode\u201d plonge dans le quotidien des acteurs de la mode, r\u00e9v\u00e9lant ce que les m\u00e9dias traditionnels passent sous silence, tandis que \u201cFG | INTERVIEWS DJs\u201d d\u00e9voile l\u2019envers du d\u00e9cor des musiques \u00e9lectroniques.<\/li>\n<\/ul>\n<p>Les \u00e9missions qui parviennent \u00e0 conjuguer <strong>divertissement, r\u00e9flexion et engagement<\/strong> connaissent un \u00e9cho particulier, renouvelant l\u2019int\u00e9r\u00eat du public saison apr\u00e8s saison. Cette pluralit\u00e9 th\u00e9matique participe \u00e0 l\u2019essor de nouveaux styles et \u00e0 l\u2019\u00e9mergence d\u2019une parole plus libre, plus inclusive[1][4].<\/p>\n<h2>Interactif et immersif : l\u2019impact des formats hybrides et des invit\u00e9s surprises<\/h2>\n<p>Une part grandissante des podcasts \u201csalon de star\u201d mise sur des <strong>formats hybrides<\/strong>, floutant la fronti\u00e8re entre talk-show, reportage et jeu audio. Cette hybridation s\u00e9duit en introduisant de la surprise et de l\u2019interactivit\u00e9, obligeant l\u2019auditeur \u00e0 rester actif dans l\u2019\u00e9coute.<\/p>\n<ul>\n<li><strong>Int\u00e9gration de s\u00e9quences improvis\u00e9es\u00a0:<\/strong> \u201cCanap\u00e9 Six Places\u201d ins\u00e8re des jeux, des questions d\u00e9cal\u00e9es, ou des d\u00e9fis lanc\u00e9s aux invit\u00e9s, cr\u00e9ant une dynamique unique.<\/li>\n<li><strong>Arriv\u00e9e d\u2019invit\u00e9s inattendus\u00a0:<\/strong> sur \u201cOn s\u2019tient au jus\u201d, artistes, influenceurs et activistes se retrouvent m\u00eal\u00e9s pour des \u00e9changes crois\u00e9s qui d\u00e9jouent les attentes du public.<\/li>\n<li><strong>Immersion multisensorielle\u00a0:<\/strong> des podcasts int\u00e8grent d\u00e9sormais plus de sound design, voire des exp\u00e9riences audio enrichies immersives pour stimuler l\u2019imaginaire de l\u2019auditeur.<\/li>\n<\/ul>\n<p>Ce type d\u2019innovation favorise un <u>engagement \u00e9lev\u00e9<\/u>\u00a0: la communaut\u00e9 participe via les r\u00e9seaux sociaux, propose des questions ou partage des extraits, ce qui alimente la long\u00e9vit\u00e9 et le succ\u00e8s des \u00e9missions[4].<\/p>\n<h2>L\u2019apport des podcasts \u201csalon de star\u201d \u00e0 l\u2019\u00e9cosyst\u00e8me m\u00e9diatique fran\u00e7ais<\/h2>\n<p>L\u2019essor des podcasts \u201csalon de star\u201d bouleverse la hi\u00e9rarchie traditionnelle des m\u00e9dias et contribue \u00e0 une <strong>d\u00e9mocratisation de la parole<\/strong> in\u00e9dite. Les cr\u00e9ateurs ind\u00e9pendants, nouveaux venus et personnalit\u00e9s issues de la diversit\u00e9 dessinent un paysage bien plus ouvert que celui de la t\u00e9l\u00e9vision ou de la radio classique.<\/p>\n<ul>\n<li><strong>D\u00e9couverte de nouveaux talents\u00a0:<\/strong> des invit\u00e9s m\u00e9connus acc\u00e8dent \u00e0 une audience large sans filtre, ouvrant la voie \u00e0 d\u2019autres itin\u00e9raires artistiques et professionnels.<\/li>\n<li><strong>\u00c9mergence de r\u00e9cits alternatifs\u00a0:<\/strong> les talk-shows audio offrent un espace o\u00f9 s\u2019expriment la singularit\u00e9, l\u2019engagement ou la vuln\u00e9rabilit\u00e9 des intervenants, proposant aux auditeurs des perspectives absentes du discours m\u00e9diatique dominant.<\/li>\n<li><strong>Influence sur l\u2019opinion et les tendances\u00a0:<\/strong> la viralit\u00e9 des d\u00e9bats ou des formules chocs, la capacit\u00e9 \u00e0 cr\u00e9er le buzz sur les r\u00e9seaux, ou \u00e0 relayer des d\u00e9bats de soci\u00e9t\u00e9 majeurs, positionnent ces podcasts en prescripteurs d\u2019id\u00e9es et catalyseurs de conversations publiques.<\/li>\n<\/ul>\n<p>Loin d\u2019\u00eatre de simples substituts \u00e0 la t\u00e9l\u00e9vision, les \u201csalons de star\u201d audio inventent de nouvelles formes de narration, plus libres, plus intimes, et participent activement \u00e0 la transformation de notre rapport \u00e0 la c\u00e9l\u00e9brit\u00e9 et \u00e0 la culture contemporaine.<\/p>\n","protected":false},"excerpt":{"rendered":"","protected":false},"author":34,"featured_media":7643,"comment_status":"open","ping_status":"open","sticky":false,"template":"","format":"standard","meta":{"_acf_changed":false,"manual_indexmenow":false,"indexmenow_id_project":0,"footnotes":""},"categories":[1],"tags":[4611,4648,4576],"class_list":["post-7558","post","type-post","status-publish","format-standard","has-post-thumbnail","hentry","category-a-la-une","tag-clbrits","tag-podcast","tag-talkshow","generate-columns","tablet-grid-50","mobile-grid-100","grid-parent","grid-25"],"acf":[],"yoast_head":"<!-- This site is optimized with the Yoast SEO Premium plugin v21.3 (Yoast SEO v26.5) - https:\/\/yoast.com\/wordpress\/plugins\/seo\/ -->\n<title>S\u00e9lection exclusive des podcasts \u201csalon de star\u201d et talk-shows incontournables<\/title>\n<meta name=\"description\" content=\"La croissance exponentielle des podcasts d\u2019interviews et talk-shows se confirme encore cette ann\u00e9e, port\u00e9e par l\u2019engouement des plateformes de streaming\" \/>\n<meta name=\"robots\" content=\"index, follow, max-snippet:-1, max-image-preview:large, max-video-preview:-1\" \/>\n<link rel=\"canonical\" href=\"https:\/\/starstory.fr\/blog\/a-la-une\/selection-exclusive-des-podcasts-salon-de-star-et-talk-shows-incontournables\/\" \/>\n<meta property=\"og:locale\" content=\"fr_FR\" \/>\n<meta property=\"og:type\" content=\"article\" \/>\n<meta property=\"og:title\" content=\"S\u00e9lection exclusive des podcasts \u201csalon de star\u201d et talk-shows incontournables\" \/>\n<meta property=\"og:description\" content=\"La croissance exponentielle des podcasts d\u2019interviews et talk-shows se confirme encore cette ann\u00e9e, port\u00e9e par l\u2019engouement des plateformes de streaming\" \/>\n<meta property=\"og:url\" content=\"https:\/\/starstory.fr\/blog\/a-la-une\/selection-exclusive-des-podcasts-salon-de-star-et-talk-shows-incontournables\/\" \/>\n<meta property=\"og:site_name\" content=\"starstory\" \/>\n<meta property=\"og:image\" content=\"https:\/\/starstory.fr\/blog\/wp-content\/uploads\/2025\/07\/sdxl-372c9106403574d26931506e757dbcdd-scaled.png\" \/>\n\t<meta property=\"og:image:width\" content=\"1200\" \/>\n\t<meta property=\"og:image:height\" content=\"500\" \/>\n\t<meta property=\"og:image:type\" content=\"image\/png\" \/>\n<meta name=\"author\" content=\"Rapha\u00ebl D.\" \/>\n<meta name=\"twitter:card\" content=\"summary_large_image\" \/>\n<script type=\"application\/ld+json\" class=\"yoast-schema-graph\">{\"@context\":\"https:\/\/schema.org\",\"@graph\":[{\"@type\":\"NewsArticle\",\"@id\":\"https:\/\/starstory.fr\/blog\/a-la-une\/selection-exclusive-des-podcasts-salon-de-star-et-talk-shows-incontournables\/#article\",\"isPartOf\":{\"@id\":\"https:\/\/starstory.fr\/blog\/a-la-une\/selection-exclusive-des-podcasts-salon-de-star-et-talk-shows-incontournables\/\"},\"author\":{\"name\":\"Rapha\u00ebl D.\",\"@id\":\"https:\/\/starstory.fr\/blog\/#\/schema\/person\/3c864cdc320801e3db34b663e7e3f816\"},\"headline\":\"S\u00e9lection exclusive des podcasts \u201csalon de star\u201d et talk-shows incontournables\",\"datePublished\":\"2025-06-14T20:59:24+00:00\",\"mainEntityOfPage\":{\"@id\":\"https:\/\/starstory.fr\/blog\/a-la-une\/selection-exclusive-des-podcasts-salon-de-star-et-talk-shows-incontournables\/\"},\"wordCount\":1325,\"commentCount\":0,\"publisher\":{\"@id\":\"https:\/\/starstory.fr\/blog\/#organization\"},\"image\":{\"@id\":\"https:\/\/starstory.fr\/blog\/a-la-une\/selection-exclusive-des-podcasts-salon-de-star-et-talk-shows-incontournables\/#primaryimage\"},\"thumbnailUrl\":\"https:\/\/starstory.fr\/blog\/wp-content\/uploads\/2025\/07\/sdxl-372c9106403574d26931506e757dbcdd-scaled.png\",\"keywords\":[\"clbrits\",\"podcast\",\"talkshow\"],\"articleSection\":[\"\u00c0 la une\"],\"inLanguage\":\"fr-FR\",\"potentialAction\":[{\"@type\":\"CommentAction\",\"name\":\"Comment\",\"target\":[\"https:\/\/starstory.fr\/blog\/a-la-une\/selection-exclusive-des-podcasts-salon-de-star-et-talk-shows-incontournables\/#respond\"]}]},{\"@type\":\"WebPage\",\"@id\":\"https:\/\/starstory.fr\/blog\/a-la-une\/selection-exclusive-des-podcasts-salon-de-star-et-talk-shows-incontournables\/\",\"url\":\"https:\/\/starstory.fr\/blog\/a-la-une\/selection-exclusive-des-podcasts-salon-de-star-et-talk-shows-incontournables\/\",\"name\":\"S\u00e9lection exclusive des podcasts \u201csalon de star\u201d et talk-shows incontournables\",\"isPartOf\":{\"@id\":\"https:\/\/starstory.fr\/blog\/#website\"},\"primaryImageOfPage\":{\"@id\":\"https:\/\/starstory.fr\/blog\/a-la-une\/selection-exclusive-des-podcasts-salon-de-star-et-talk-shows-incontournables\/#primaryimage\"},\"image\":{\"@id\":\"https:\/\/starstory.fr\/blog\/a-la-une\/selection-exclusive-des-podcasts-salon-de-star-et-talk-shows-incontournables\/#primaryimage\"},\"thumbnailUrl\":\"https:\/\/starstory.fr\/blog\/wp-content\/uploads\/2025\/07\/sdxl-372c9106403574d26931506e757dbcdd-scaled.png\",\"datePublished\":\"2025-06-14T20:59:24+00:00\",\"description\":\"La croissance exponentielle des podcasts d\u2019interviews et talk-shows se confirme encore cette ann\u00e9e, port\u00e9e par l\u2019engouement des plateformes de streaming\",\"inLanguage\":\"fr-FR\",\"potentialAction\":[{\"@type\":\"ReadAction\",\"target\":[\"https:\/\/starstory.fr\/blog\/a-la-une\/selection-exclusive-des-podcasts-salon-de-star-et-talk-shows-incontournables\/\"]}]},{\"@type\":\"ImageObject\",\"inLanguage\":\"fr-FR\",\"@id\":\"https:\/\/starstory.fr\/blog\/a-la-une\/selection-exclusive-des-podcasts-salon-de-star-et-talk-shows-incontournables\/#primaryimage\",\"url\":\"https:\/\/starstory.fr\/blog\/wp-content\/uploads\/2025\/07\/sdxl-372c9106403574d26931506e757dbcdd-scaled.png\",\"contentUrl\":\"https:\/\/starstory.fr\/blog\/wp-content\/uploads\/2025\/07\/sdxl-372c9106403574d26931506e757dbcdd-scaled.png\",\"width\":1200,\"height\":500},{\"@type\":\"WebSite\",\"@id\":\"https:\/\/starstory.fr\/blog\/#website\",\"url\":\"https:\/\/starstory.fr\/blog\/\",\"name\":\"StarStory\",\"description\":\"StarStory, les \u00e9toiles racontent leur histoire\",\"publisher\":{\"@id\":\"https:\/\/starstory.fr\/blog\/#organization\"},\"alternateName\":\"StarStory, les \u00e9toiles racontent leur histoire\",\"potentialAction\":[{\"@type\":\"SearchAction\",\"target\":{\"@type\":\"EntryPoint\",\"urlTemplate\":\"https:\/\/starstory.fr\/blog\/?s={search_term_string}\"},\"query-input\":{\"@type\":\"PropertyValueSpecification\",\"valueRequired\":true,\"valueName\":\"search_term_string\"}}],\"inLanguage\":\"fr-FR\"},{\"@type\":\"Organization\",\"@id\":\"https:\/\/starstory.fr\/blog\/#organization\",\"name\":\"StarStory\",\"alternateName\":\"StarStory.fr\",\"url\":\"https:\/\/starstory.fr\/blog\/\",\"logo\":{\"@type\":\"ImageObject\",\"inLanguage\":\"fr-FR\",\"@id\":\"https:\/\/starstory.fr\/blog\/#\/schema\/logo\/image\/\",\"url\":\"https:\/\/starstory.fr\/blog\/wp-content\/uploads\/2024\/12\/38.png\",\"contentUrl\":\"https:\/\/starstory.fr\/blog\/wp-content\/uploads\/2024\/12\/38.png\",\"width\":500,\"height\":500,\"caption\":\"StarStory\"},\"image\":{\"@id\":\"https:\/\/starstory.fr\/blog\/#\/schema\/logo\/image\/\"}},{\"@type\":\"Person\",\"@id\":\"https:\/\/starstory.fr\/blog\/#\/schema\/person\/3c864cdc320801e3db34b663e7e3f816\",\"name\":\"Rapha\u00ebl D.\",\"image\":{\"@type\":\"ImageObject\",\"inLanguage\":\"fr-FR\",\"@id\":\"https:\/\/starstory.fr\/blog\/#\/schema\/person\/image\/\",\"url\":\"https:\/\/starstory.fr\/blog\/wp-content\/uploads\/2026\/06\/persona_raphael-d-96x96.jpg\",\"contentUrl\":\"https:\/\/starstory.fr\/blog\/wp-content\/uploads\/2026\/06\/persona_raphael-d-96x96.jpg\",\"caption\":\"Rapha\u00ebl D.\"},\"description\":\"La culture est mon terrain de jeu depuis une dizaine d'ann\u00e9es : arts visuels, s\u00e9ries, cr\u00e9ation et tout ce qui nourrit l'imaginaire. J'\u00e9cris aussi bien sur l'actualit\u00e9 des \u0153uvres que sur les coulisses de la cr\u00e9ation, avec l'envie de relier l'amateur curieux \u00e0 des univers parfois jug\u00e9s intimidants. J'aime analyser une s\u00e9rie ou une d\u00e9marche artistique sans p\u00e9dantisme, replacer une \u0153uvre dans son contexte et donner des cl\u00e9s de lecture accessibles. Avant de publier, je v\u00e9rifie mes r\u00e9f\u00e9rences, je recoupe les sources et je distingue clairement le fait de mon interpr\u00e9tation subjective. Je crois qu'une critique vaut surtout par les arguments qu'elle expose, pas par la sentence qu'elle rend. Mon angle : transmettre l'envie de d\u00e9couvrir, de regarder autrement et de se forger son propre go\u00fbt. La culture n'appartient pas qu'aux initi\u00e9s, et c'est tout l'enjeu de mon \u00e9criture.\",\"url\":\"https:\/\/starstory.fr\/blog\/auteur\/noname\/\",\"jobTitle\":\"R\u00e9dacteur en chef \u00b7 Culture & Cr\u00e9ation\",\"knowsAbout\":[\"Culture\",\"Cr\u00e9ation\"],\"email\":\"raphael.d@a-l-asso-de-l-art.fr\"}]}<\/script>\n<!-- \/ Yoast SEO Premium plugin. -->","yoast_head_json":{"title":"S\u00e9lection exclusive des podcasts \u201csalon de star\u201d et talk-shows incontournables","description":"La croissance exponentielle des podcasts d\u2019interviews et talk-shows se confirme encore cette ann\u00e9e, port\u00e9e par l\u2019engouement des plateformes de streaming","robots":{"index":"index","follow":"follow","max-snippet":"max-snippet:-1","max-image-preview":"max-image-preview:large","max-video-preview":"max-video-preview:-1"},"canonical":"https:\/\/starstory.fr\/blog\/a-la-une\/selection-exclusive-des-podcasts-salon-de-star-et-talk-shows-incontournables\/","og_locale":"fr_FR","og_type":"article","og_title":"S\u00e9lection exclusive des podcasts \u201csalon de star\u201d et talk-shows incontournables","og_description":"La croissance exponentielle des podcasts d\u2019interviews et talk-shows se confirme encore cette ann\u00e9e, port\u00e9e par l\u2019engouement des plateformes de streaming","og_url":"https:\/\/starstory.fr\/blog\/a-la-une\/selection-exclusive-des-podcasts-salon-de-star-et-talk-shows-incontournables\/","og_site_name":"starstory","og_image":[{"width":1200,"height":500,"url":"https:\/\/starstory.fr\/blog\/wp-content\/uploads\/2025\/07\/sdxl-372c9106403574d26931506e757dbcdd-scaled.png","type":"image\/png"}],"author":"Rapha\u00ebl D.","twitter_card":"summary_large_image","schema":{"@context":"https:\/\/schema.org","@graph":[{"@type":"NewsArticle","@id":"https:\/\/starstory.fr\/blog\/a-la-une\/selection-exclusive-des-podcasts-salon-de-star-et-talk-shows-incontournables\/#article","isPartOf":{"@id":"https:\/\/starstory.fr\/blog\/a-la-une\/selection-exclusive-des-podcasts-salon-de-star-et-talk-shows-incontournables\/"},"author":{"name":"Rapha\u00ebl D.","@id":"https:\/\/starstory.fr\/blog\/#\/schema\/person\/3c864cdc320801e3db34b663e7e3f816"},"headline":"S\u00e9lection exclusive des podcasts \u201csalon de star\u201d et talk-shows incontournables","datePublished":"2025-06-14T20:59:24+00:00","mainEntityOfPage":{"@id":"https:\/\/starstory.fr\/blog\/a-la-une\/selection-exclusive-des-podcasts-salon-de-star-et-talk-shows-incontournables\/"},"wordCount":1325,"commentCount":0,"publisher":{"@id":"https:\/\/starstory.fr\/blog\/#organization"},"image":{"@id":"https:\/\/starstory.fr\/blog\/a-la-une\/selection-exclusive-des-podcasts-salon-de-star-et-talk-shows-incontournables\/#primaryimage"},"thumbnailUrl":"https:\/\/starstory.fr\/blog\/wp-content\/uploads\/2025\/07\/sdxl-372c9106403574d26931506e757dbcdd-scaled.png","keywords":["clbrits","podcast","talkshow"],"articleSection":["\u00c0 la une"],"inLanguage":"fr-FR","potentialAction":[{"@type":"CommentAction","name":"Comment","target":["https:\/\/starstory.fr\/blog\/a-la-une\/selection-exclusive-des-podcasts-salon-de-star-et-talk-shows-incontournables\/#respond"]}]},{"@type":"WebPage","@id":"https:\/\/starstory.fr\/blog\/a-la-une\/selection-exclusive-des-podcasts-salon-de-star-et-talk-shows-incontournables\/","url":"https:\/\/starstory.fr\/blog\/a-la-une\/selection-exclusive-des-podcasts-salon-de-star-et-talk-shows-incontournables\/","name":"S\u00e9lection exclusive des podcasts \u201csalon de star\u201d et talk-shows incontournables","isPartOf":{"@id":"https:\/\/starstory.fr\/blog\/#website"},"primaryImageOfPage":{"@id":"https:\/\/starstory.fr\/blog\/a-la-une\/selection-exclusive-des-podcasts-salon-de-star-et-talk-shows-incontournables\/#primaryimage"},"image":{"@id":"https:\/\/starstory.fr\/blog\/a-la-une\/selection-exclusive-des-podcasts-salon-de-star-et-talk-shows-incontournables\/#primaryimage"},"thumbnailUrl":"https:\/\/starstory.fr\/blog\/wp-content\/uploads\/2025\/07\/sdxl-372c9106403574d26931506e757dbcdd-scaled.png","datePublished":"2025-06-14T20:59:24+00:00","description":"La croissance exponentielle des podcasts d\u2019interviews et talk-shows se confirme encore cette ann\u00e9e, port\u00e9e par l\u2019engouement des plateformes de streaming","inLanguage":"fr-FR","potentialAction":[{"@type":"ReadAction","target":["https:\/\/starstory.fr\/blog\/a-la-une\/selection-exclusive-des-podcasts-salon-de-star-et-talk-shows-incontournables\/"]}]},{"@type":"ImageObject","inLanguage":"fr-FR","@id":"https:\/\/starstory.fr\/blog\/a-la-une\/selection-exclusive-des-podcasts-salon-de-star-et-talk-shows-incontournables\/#primaryimage","url":"https:\/\/starstory.fr\/blog\/wp-content\/uploads\/2025\/07\/sdxl-372c9106403574d26931506e757dbcdd-scaled.png","contentUrl":"https:\/\/starstory.fr\/blog\/wp-content\/uploads\/2025\/07\/sdxl-372c9106403574d26931506e757dbcdd-scaled.png","width":1200,"height":500},{"@type":"WebSite","@id":"https:\/\/starstory.fr\/blog\/#website","url":"https:\/\/starstory.fr\/blog\/","name":"StarStory","description":"StarStory, les \u00e9toiles racontent leur histoire","publisher":{"@id":"https:\/\/starstory.fr\/blog\/#organization"},"alternateName":"StarStory, les \u00e9toiles racontent leur histoire","potentialAction":[{"@type":"SearchAction","target":{"@type":"EntryPoint","urlTemplate":"https:\/\/starstory.fr\/blog\/?s={search_term_string}"},"query-input":{"@type":"PropertyValueSpecification","valueRequired":true,"valueName":"search_term_string"}}],"inLanguage":"fr-FR"},{"@type":"Organization","@id":"https:\/\/starstory.fr\/blog\/#organization","name":"StarStory","alternateName":"StarStory.fr","url":"https:\/\/starstory.fr\/blog\/","logo":{"@type":"ImageObject","inLanguage":"fr-FR","@id":"https:\/\/starstory.fr\/blog\/#\/schema\/logo\/image\/","url":"https:\/\/starstory.fr\/blog\/wp-content\/uploads\/2024\/12\/38.png","contentUrl":"https:\/\/starstory.fr\/blog\/wp-content\/uploads\/2024\/12\/38.png","width":500,"height":500,"caption":"StarStory"},"image":{"@id":"https:\/\/starstory.fr\/blog\/#\/schema\/logo\/image\/"}},{"@type":"Person","@id":"https:\/\/starstory.fr\/blog\/#\/schema\/person\/3c864cdc320801e3db34b663e7e3f816","name":"Rapha\u00ebl D.","image":{"@type":"ImageObject","inLanguage":"fr-FR","@id":"https:\/\/starstory.fr\/blog\/#\/schema\/person\/image\/","url":"https:\/\/starstory.fr\/blog\/wp-content\/uploads\/2026\/06\/persona_raphael-d-96x96.jpg","contentUrl":"https:\/\/starstory.fr\/blog\/wp-content\/uploads\/2026\/06\/persona_raphael-d-96x96.jpg","caption":"Rapha\u00ebl D."},"description":"La culture est mon terrain de jeu depuis une dizaine d'ann\u00e9es : arts visuels, s\u00e9ries, cr\u00e9ation et tout ce qui nourrit l'imaginaire. J'\u00e9cris aussi bien sur l'actualit\u00e9 des \u0153uvres que sur les coulisses de la cr\u00e9ation, avec l'envie de relier l'amateur curieux \u00e0 des univers parfois jug\u00e9s intimidants. J'aime analyser une s\u00e9rie ou une d\u00e9marche artistique sans p\u00e9dantisme, replacer une \u0153uvre dans son contexte et donner des cl\u00e9s de lecture accessibles. Avant de publier, je v\u00e9rifie mes r\u00e9f\u00e9rences, je recoupe les sources et je distingue clairement le fait de mon interpr\u00e9tation subjective. Je crois qu'une critique vaut surtout par les arguments qu'elle expose, pas par la sentence qu'elle rend. Mon angle : transmettre l'envie de d\u00e9couvrir, de regarder autrement et de se forger son propre go\u00fbt. La culture n'appartient pas qu'aux initi\u00e9s, et c'est tout l'enjeu de mon \u00e9criture.","url":"https:\/\/starstory.fr\/blog\/auteur\/noname\/","jobTitle":"R\u00e9dacteur en chef \u00b7 Culture & Cr\u00e9ation","knowsAbout":["Culture","Cr\u00e9ation"],"email":"raphael.d@a-l-asso-de-l-art.fr"}]}},"_links":{"self":[{"href":"https:\/\/starstory.fr\/blog\/wp-json\/wp\/v2\/posts\/7558","targetHints":{"allow":["GET"]}}],"collection":[{"href":"https:\/\/starstory.fr\/blog\/wp-json\/wp\/v2\/posts"}],"about":[{"href":"https:\/\/starstory.fr\/blog\/wp-json\/wp\/v2\/types\/post"}],"author":[{"embeddable":true,"href":"https:\/\/starstory.fr\/blog\/wp-json\/wp\/v2\/users\/34"}],"replies":[{"embeddable":true,"href":"https:\/\/starstory.fr\/blog\/wp-json\/wp\/v2\/comments?post=7558"}],"version-history":[{"count":0,"href":"https:\/\/starstory.fr\/blog\/wp-json\/wp\/v2\/posts\/7558\/revisions"}],"wp:featuredmedia":[{"embeddable":true,"href":"https:\/\/starstory.fr\/blog\/wp-json\/wp\/v2\/media\/7643"}],"wp:attachment":[{"href":"https:\/\/starstory.fr\/blog\/wp-json\/wp\/v2\/media?parent=7558"}],"wp:term":[{"taxonomy":"category","embeddable":true,"href":"https:\/\/starstory.fr\/blog\/wp-json\/wp\/v2\/categories?post=7558"},{"taxonomy":"post_tag","embeddable":true,"href":"https:\/\/starstory.fr\/blog\/wp-json\/wp\/v2\/tags?post=7558"}],"curies":[{"name":"wp","href":"https:\/\/api.w.org\/{rel}","templated":true}]}}