{"id":7543,"date":"2026-08-31T19:37:04","date_gmt":"2026-08-31T17:37:04","guid":{"rendered":"https:\/\/starstory.fr\/blog\/a-la-une\/decryptez-ou-reperer-les-looks-beaute-et-coiffure-incontournables-des-celebrites\/"},"modified":"2026-08-31T19:37:30","modified_gmt":"2026-08-31T17:37:30","slug":"decryptez-ou-reperer-les-looks-beaute-et-coiffure-incontournables-des-celebrites","status":"publish","type":"post","link":"https:\/\/starstory.fr\/blog\/a-la-une\/decryptez-ou-reperer-les-looks-beaute-et-coiffure-incontournables-des-celebrites\/","title":{"rendered":"Comment les tendances beaut\u00e9 et coiffure circulent, des podiums aux r\u00e9seaux sociaux"},"content":{"rendered":"<link rel=\"stylesheet\" href=\"https:\/\/fonts.googleapis.com\/css2?family=Space+Grotesk:wght@600;700&#038;family=Inter:wght@400;500;600&#038;family=JetBrains+Mono:wght@500&#038;display=swap\">\n<style>\n.ss-info-wrap{font-family:'Inter',-apple-system,BlinkMacSystemFont,sans-serif;color:#231c22;line-height:1.65;font-size:17px;max-width:100%}\n.ss-info-wrap h1,.ss-info-wrap h2,.ss-info-wrap h3{font-family:'Space Grotesk','Inter',sans-serif;font-weight:700;letter-spacing:-0.01em;color:#1c1420}\n.ss-info-wrap h2{font-size:clamp(22px,3vw,30px);margin:48px 0 18px;padding-top:6px;border-top:1px solid #ece3e8}\n.ss-info-wrap h2:first-of-type{border-top:none}\n.ss-info-wrap p{margin:0 0 18px}\n.ss-info-brief{background:#fbeef2;border-left:5px solid #b23a63;border-radius:10px;padding:24px 26px;margin:20px 0 36px}\n.ss-info-brief-kicker{font-family:'JetBrains Mono',monospace;font-size:12px;font-weight:500;letter-spacing:.08em;text-transform:uppercase;color:#b23a63;margin-bottom:10px}\n.ss-info-brief-lead{font-size:18px;font-weight:600;color:#1c1420;margin-bottom:14px}\n.ss-info-brief ul{margin:0;padding-left:20px}\n.ss-info-brief li{margin-bottom:7px}\n.ss-info-grid{display:grid;grid-template-columns:repeat(auto-fit,minmax(230px,1fr));gap:20px;margin:24px 0 8px}\n.ss-info-card{background:#fff;border:1px solid #ece3e8;border-top:3px solid #b23a63;border-radius:12px;padding:20px 22px;transition:.25s ease;box-shadow:0 1px 2px rgba(16,24,40,.05)}\n.ss-info-card:hover{transform:translateY(-3px);box-shadow:0 12px 28px -16px rgba(16,24,40,.25)}\n.ss-info-card-title{font-family:'Space Grotesk',sans-serif;font-weight:700;font-size:16px;color:#1c1420;margin-bottom:8px}\n.ss-info-card-txt{font-size:15px;color:#4a3c44}\n.ss-info-attention{background:#fff7ed;border:1px solid #f2d9b8;border-radius:10px;padding:20px 22px;margin:28px 0}\n.ss-info-attention-kicker{font-weight:700;color:#a15b12;margin-bottom:8px;display:flex;align-items:center;gap:8px}\n.ss-info-attention-kicker span[aria-hidden]{font-size:16px}\n.ss-info-attention div.ss-info-txt{color:#5a4a3a;font-size:15px}\n.ss-info-retain{background:#1c1420;color:#f3e9ee;border-radius:12px;padding:26px 28px;margin:40px 0}\n.ss-info-retain-title{font-family:'Space Grotesk',sans-serif;font-weight:700;font-size:18px;color:#fff;margin-bottom:14px}\n.ss-info-retain ul{margin:0;padding-left:20px;color:#f3e9ee}\n.ss-info-retain li{margin-bottom:8px;color:#f3e9ee}\n.ss-info-retain li strong{color:#ffd1e2}\n.ss-info-faq{margin:36px 0}\n.ss-info-faq details{border:1px solid #ece3e8;border-radius:10px;padding:14px 18px;margin-bottom:12px;background:#fff}\n.ss-info-faq summary{font-family:'Space Grotesk',sans-serif;font-weight:600;font-size:15.5px;color:#1c1420;cursor:pointer;list-style:none;display:flex;justify-content:space-between;align-items:center;gap:12px}\n.ss-info-faq summary::-webkit-details-marker{display:none}\n.ss-info-faq summary::after{content:\"+\";color:#b23a63;font-size:20px;font-weight:700}\n.ss-info-faq details[open] summary::after{content:\"\u2013\"}\n.ss-info-faq-a{font-size:15px;color:#4a3c44;margin-top:10px}\n@media(max-width:640px){.ss-info-grid{grid-template-columns:1fr}}\n<\/style>\n<div class=\"ss-info-wrap\">\n<h1>Comment les tendances beaut\u00e9 et coiffure circulent, des podiums aux r\u00e9seaux sociaux<\/h1>\n<p>Un carr\u00e9 court aper\u00e7u sur un tapis rouge, puis relay\u00e9 par des comptes sp\u00e9cialis\u00e9s, puis d\u00e9clin\u00e9 en tutoriels : ce trajet n&rsquo;a rien d&rsquo;un hasard. Voici comment une tendance beaut\u00e9 se forme, se diffuse et se transforme avant d&rsquo;arriver dans un salon ou une salle de bain \u2014 et pourquoi une photo de soir\u00e9e ne dit jamais tout du geste quotidien.<\/p>\n<div class=\"ss-info-brief\">\n<div class=\"ss-info-brief-kicker\">En bref<\/div>\n<div class=\"ss-info-brief-lead\">Une tendance beaut\u00e9 circule en trois temps : elle appara\u00eet sur une sc\u00e8ne tr\u00e8s expos\u00e9e (c\u00e9r\u00e9monie, d\u00e9fil\u00e9), elle est relay\u00e9e et document\u00e9e par des comptes et des m\u00e9dias sp\u00e9cialis\u00e9s, puis elle est reprise et adapt\u00e9e par le grand public via les r\u00e9seaux et les salons de coiffure.<\/div>\n<ul>\n<li>Le point de d\u00e9part est presque toujours un <strong>\u00e9v\u00e9nement \u00e0 forte exposition m\u00e9diatique<\/strong>, pas une mode n\u00e9e spontan\u00e9ment dans la rue.<\/li>\n<li>Entre l&rsquo;image capt\u00e9e et le geste que vous verrez appliqu\u00e9 en salon, il y a un <strong>travail technique de coulisses<\/strong> rarement montr\u00e9 en entier.<\/li>\n<li>La presse sp\u00e9cialis\u00e9e et les plateformes sociales jouent un <strong>r\u00f4le de filtre et d&rsquo;acc\u00e9l\u00e9rateur<\/strong>, pas de source premi\u00e8re.<\/li>\n<li>Une image de tapis rouge est un <strong>rendu ponctuel et retouch\u00e9<\/strong>, pas un objectif quotidien r\u00e9aliste.<\/li>\n<\/ul>\n<\/div>\n<h2>Des sc\u00e8nes tr\u00e8s expos\u00e9es comme point de d\u00e9part<\/h2>\n<p>Les grandes c\u00e9r\u00e9monies, les festivals de cin\u00e9ma et les d\u00e9fil\u00e9s de mode concentrent en quelques jours l&rsquo;essentiel de ce qui va nourrir les tendances beaut\u00e9 et coiffure des mois suivants. Ce n&rsquo;est pas un effet du hasard : ces \u00e9v\u00e9nements r\u00e9unissent des \u00e9quipes de cr\u00e9ation (coiffure, maquillage, stylisme) qui travaillent en amont sur une direction artistique coh\u00e9rente pour chaque apparition, avec des choix pens\u00e9s pour marquer les esprits et \u00eatre photographi\u00e9s sous tous les angles.<\/p>\n<p>C&rsquo;est cette concentration d&rsquo;expertise et de visibilit\u00e9, sur un temps tr\u00e8s court, qui fait de ces sc\u00e8nes un terrain d&rsquo;observation privil\u00e9gi\u00e9 \u2014 bien plus que n&rsquo;importe quelle boutique ou vitrine. Une forme qui revient sur plusieurs apparitions la m\u00eame saison (une coupe courte, une couleur, une texture) est un signal plus fiable qu&rsquo;une occurrence isol\u00e9e.<\/p>\n<h2>Le travail de coulisses derri\u00e8re une apparition publique<\/h2>\n<p>Ce que le public voit \u2014 une coiffure ou un maquillage sur une photo de soir\u00e9e \u2014 r\u00e9sulte d&rsquo;un travail d&rsquo;\u00e9quipe qui reste largement invisible : essais r\u00e9alis\u00e9s plusieurs jours \u00e0 l&rsquo;avance, ajustements en fonction de la lumi\u00e8re et du lieu, retouches de derni\u00e8re minute. Les professionnels du secteur (coiffeurs, coloristes, maquilleurs) documentent parfois une partie de ce processus sur leurs comptes professionnels, ce qui permet d&rsquo;entrevoir la technique sans pour autant en conna\u00eetre tous les param\u00e8tres exacts \u2014 dosages, produits utilis\u00e9s ou temps de pose ne sont presque jamais d\u00e9taill\u00e9s publiquement, et pour cause : ce sont des gestes qui s&rsquo;ex\u00e9cutent en cabine, avec un diagnostic du cheveu ou de la peau, pas \u00e0 partir d&rsquo;une publication en ligne.<\/p>\n<div class=\"ss-info-grid\">\n<div class=\"ss-info-card\">\n<div class=\"ss-info-card-title\">Les essais<\/div>\n<div class=\"ss-info-card-txt\">Une apparition publique est pr\u00e9c\u00e9d\u00e9e de plusieurs r\u00e9p\u00e9titions, souvent invisibles pour le public.<\/div>\n<\/p><\/div>\n<div class=\"ss-info-card\">\n<div class=\"ss-info-card-title\">Le diagnostic<\/div>\n<div class=\"ss-info-card-txt\">Une technique vue sur une photo suppose un diagnostic individuel pr\u00e9alable, jamais un mode d&#8217;emploi g\u00e9n\u00e9rique.<\/div>\n<\/p><\/div>\n<div class=\"ss-info-card\">\n<div class=\"ss-info-card-title\">La retouche<\/div>\n<div class=\"ss-info-card-txt\">Lumi\u00e8re de studio, retouche photo et angle choisi transforment le rendu final montr\u00e9 au public.<\/div>\n<\/p><\/div>\n<\/div>\n<h2>Le r\u00f4le de filtre de la presse et des plateformes sp\u00e9cialis\u00e9es<\/h2>\n<p>Les magazines beaut\u00e9 et mode ne se contentent pas de relayer une image : ils la contextualisent, la comparent aux saisons pr\u00e9c\u00e9dentes et s\u00e9lectionnent ce qui m\u00e9rite d&rsquo;\u00eatre mis en avant. Ce travail \u00e9ditorial agit comme un filtre \u2014 toutes les apparitions ne deviennent pas des tendances, seules celles qui reviennent et qui trouvent un \u00e9cho aupr\u00e8s du public franchissent cette \u00e9tape.<\/p>\n<p>Les plateformes sociales jouent ensuite un r\u00f4le d&rsquo;acc\u00e9l\u00e9rateur plut\u00f4t que de source : une forme rep\u00e9r\u00e9e sur une sc\u00e8ne publique est reprise, comment\u00e9e, d\u00e9clin\u00e9e en tutoriels par une multitude de comptes, ce qui d\u00e9multiplie sa visibilit\u00e9 en quelques jours. C&rsquo;est cette accumulation de relais, plus qu&rsquo;une seule publication, qui transforme une observation en tendance reconnaissable.<\/p>\n<div class=\"ss-info-attention\">\n<div class=\"ss-info-attention-kicker\"><span aria-hidden=\"true\">\u26a0<\/span> Une photo n&rsquo;est pas un mode d&#8217;emploi<\/div>\n<div class=\"ss-info-txt\">Une transformation capillaire visible sur une image professionnelle (coloration, d\u00e9coloration, lissage) implique des produits chimiques et un savoir-faire technique \u00e9valu\u00e9s au cas par cas par un professionnel. Ce n&rsquo;est ni reproductible sans diagnostic, ni sans risque en autonomie \u2014 c&rsquo;est pr\u00e9cis\u00e9ment pour cela que ce type de geste se fait en salon.<\/div>\n<\/div>\n<h2>Pourquoi une image de presse ne refl\u00e8te pas un rendu au quotidien<\/h2>\n<p>Une coiffure ou un maquillage capt\u00e9 lors d&rsquo;un \u00e9v\u00e9nement est pens\u00e9 pour un contexte pr\u00e9cis : une seule soir\u00e9e, un \u00e9clairage ma\u00eetris\u00e9, souvent une \u00e9quipe d\u00e9di\u00e9e pour l&rsquo;entretien en temps r\u00e9el. Le rendu photographi\u00e9 \u2014 parfois encore retouch\u00e9 apr\u00e8s coup \u2014 ne correspond ni \u00e0 la tenue dans la dur\u00e9e, ni aux conditions d&rsquo;un usage courant (climat, activit\u00e9, type de cheveu ou de peau tr\u00e8s variable d&rsquo;une personne \u00e0 l&rsquo;autre).<\/p>\n<p>Prendre une image de ce type comme r\u00e9f\u00e9rence a du sens pour rep\u00e9rer une direction esth\u00e9tique \u2014 une forme, une teinte, une texture \u2014 mais pas comme promesse de r\u00e9sultat identique une fois reproduite. C&rsquo;est la diff\u00e9rence entre s&rsquo;inspirer d&rsquo;une tendance et croire \u00e0 une transformation garantie.<\/p>\n<h2>Suivre une tendance sans la subir<\/h2>\n<p>Pour rep\u00e9rer une tendance beaut\u00e9 sans se laisser d\u00e9border par le flux permanent d&rsquo;images, quelques rep\u00e8res simples suffisent : privil\u00e9gier les formes qui reviennent sur plusieurs \u00e9v\u00e9nements plut\u00f4t qu&rsquo;une occurrence isol\u00e9e, distinguer ce qui rel\u00e8ve d&rsquo;un choix artistique ponctuel (event, tournage) de ce qui est r\u00e9ellement adopt\u00e9 au quotidien, et se rappeler qu&rsquo;un professionnel reste la meilleure source pour \u00e9valuer si une technique est adapt\u00e9e \u00e0 sa propre nature de cheveu ou de peau.<\/p>\n<p>La veille elle-m\u00eame \u2014 presse sp\u00e9cialis\u00e9e, plateformes de recherche visuelle, r\u00e9seaux sociaux \u2014 sert \u00e0 rep\u00e9rer des directions, pas \u00e0 obtenir un protocole applicable seul \u00e0 la maison.<\/p>\n<div class=\"ss-info-retain\">\n<div class=\"ss-info-retain-title\">\u00c0 retenir<\/div>\n<ul>\n<li><strong>Le point de d\u00e9part<\/strong> d&rsquo;une tendance beaut\u00e9 est presque toujours un \u00e9v\u00e9nement \u00e0 forte exposition, pas une mode spontan\u00e9e.<\/li>\n<li><strong>La r\u00e9p\u00e9tition<\/strong> sur plusieurs apparitions est un signal plus fiable qu&rsquo;une occurrence isol\u00e9e.<\/li>\n<li><strong>La presse et les r\u00e9seaux<\/strong> filtrent et acc\u00e9l\u00e8rent la diffusion, ils ne sont pas la source du geste technique.<\/li>\n<li><strong>Une image de soir\u00e9e<\/strong> ne refl\u00e8te pas un rendu quotidien : lumi\u00e8re, retouche et contexte changent tout.<\/li>\n<li><strong>Un geste technique<\/strong> (coloration, lissage, d\u00e9coloration) s&rsquo;\u00e9value avec un professionnel, jamais \u00e0 partir d&rsquo;une photo seule.<\/li>\n<\/ul>\n<\/div>\n<div class=\"ss-info-faq\">\n<details>\n<summary>Pourquoi certaines tendances beaut\u00e9 partent-elles toujours des m\u00eames types d&rsquo;\u00e9v\u00e9nements ?<\/summary>\n<div class=\"ss-info-faq-a\">Parce que ces \u00e9v\u00e9nements concentrent en peu de temps une forte exposition m\u00e9diatique et des \u00e9quipes de cr\u00e9ation qui travaillent une direction artistique coh\u00e9rente \u2014 deux conditions rarement r\u00e9unies ailleurs, ce qui en fait un point de d\u00e9part naturel pour l&rsquo;observation des tendances.<\/div>\n<\/details>\n<details>\n<summary>Une coiffure vue en photo est-elle reproductible \u00e0 l&rsquo;identique ?<\/summary>\n<div class=\"ss-info-faq-a\">Pas forc\u00e9ment \u00e0 l&rsquo;identique : le rendu d\u00e9pend de la nature du cheveu, de la lumi\u00e8re et souvent d&rsquo;une retouche. On peut s&rsquo;inspirer de la forme g\u00e9n\u00e9rale, mais un r\u00e9sultat comparable suppose un diagnostic et un ajustement par un professionnel.<\/div>\n<\/details>\n<details>\n<summary>Comment distinguer une vraie tendance d&rsquo;un simple effet de mode ponctuel ?<\/summary>\n<div class=\"ss-info-faq-a\">Une vraie tendance revient sur plusieurs \u00e9v\u00e9nements ou plusieurs saisons et se retrouve reprise par des sources ind\u00e9pendantes les unes des autres. Une occurrence isol\u00e9e, m\u00eame tr\u00e8s relay\u00e9e, reste souvent un choix artistique ponctuel sans suite.<\/div>\n<\/details>\n<details>\n<summary>Les r\u00e9seaux sociaux cr\u00e9ent-ils les tendances beaut\u00e9 ou se contentent-ils de les relayer ?<\/summary>\n<div class=\"ss-info-faq-a\">Le plus souvent, ils acc\u00e9l\u00e8rent une tendance d\u00e9j\u00e0 apparue ailleurs (\u00e9v\u00e9nement, d\u00e9fil\u00e9) en la rendant visible \u00e0 un public beaucoup plus large et en la d\u00e9clinant en tutoriels \u2014 leur r\u00f4le est celui d&rsquo;un amplificateur, pas d&rsquo;une source premi\u00e8re.<\/div>\n<\/details>\n<\/div>\n<\/div>\n","protected":false},"excerpt":{"rendered":"","protected":false},"author":34,"featured_media":7595,"comment_status":"open","ping_status":"open","sticky":false,"template":"","format":"standard","meta":{"_acf_changed":false,"manual_indexmenow":false,"indexmenow_id_project":0,"footnotes":""},"categories":[1],"tags":[4697],"class_list":["post-7543","post","type-post","status-publish","format-standard","has-post-thumbnail","hentry","category-a-la-une","tag-tendances-coiffure","generate-columns","tablet-grid-50","mobile-grid-100","grid-parent","grid-25"],"acf":[],"yoast_head":"<!-- This site is optimized with the Yoast SEO Premium plugin v21.3 (Yoast SEO v26.5) - https:\/\/yoast.com\/wordpress\/plugins\/seo\/ -->\n<title>Comment les tendances beaut\u00e9 et coiffure circulent, des podiums aux r\u00e9seaux sociaux<\/title>\n<meta name=\"description\" content=\"Comment une tendance beaut\u00e9 nait sur les grandes sc\u00e8nes expos\u00e9es, circule via la presse et les r\u00e9seaux, et pourquoi une image de soir\u00e9e ne refl\u00e8te jamais un usage quotidien.\" \/>\n<meta name=\"robots\" content=\"index, follow, max-snippet:-1, max-image-preview:large, max-video-preview:-1\" \/>\n<link rel=\"canonical\" href=\"https:\/\/starstory.fr\/blog\/a-la-une\/decryptez-ou-reperer-les-looks-beaute-et-coiffure-incontournables-des-celebrites\/\" \/>\n<meta property=\"og:locale\" content=\"fr_FR\" \/>\n<meta property=\"og:type\" content=\"article\" \/>\n<meta property=\"og:title\" content=\"Comment les tendances beaut\u00e9 et coiffure circulent, des podiums aux r\u00e9seaux sociaux\" \/>\n<meta property=\"og:description\" content=\"Comment une tendance beaut\u00e9 nait sur les grandes sc\u00e8nes expos\u00e9es, circule via la presse et les r\u00e9seaux, et pourquoi une image de soir\u00e9e ne refl\u00e8te jamais un usage quotidien.\" \/>\n<meta property=\"og:url\" content=\"https:\/\/starstory.fr\/blog\/a-la-une\/decryptez-ou-reperer-les-looks-beaute-et-coiffure-incontournables-des-celebrites\/\" \/>\n<meta property=\"og:site_name\" content=\"starstory\" \/>\n<meta property=\"og:image\" content=\"https:\/\/starstory.fr\/blog\/wp-content\/uploads\/2025\/07\/sdxl-12e28a64c9415c7ab4b5599ac57ccadc-scaled.png\" \/>\n\t<meta property=\"og:image:width\" content=\"1200\" \/>\n\t<meta property=\"og:image:height\" content=\"500\" \/>\n\t<meta property=\"og:image:type\" content=\"image\/png\" \/>\n<meta name=\"author\" content=\"Rapha\u00ebl D.\" \/>\n<meta name=\"twitter:card\" content=\"summary_large_image\" \/>\n<script type=\"application\/ld+json\" class=\"yoast-schema-graph\">{\"@context\":\"https:\/\/schema.org\",\"@graph\":[{\"@type\":\"NewsArticle\",\"@id\":\"https:\/\/starstory.fr\/blog\/a-la-une\/decryptez-ou-reperer-les-looks-beaute-et-coiffure-incontournables-des-celebrites\/#article\",\"isPartOf\":{\"@id\":\"https:\/\/starstory.fr\/blog\/a-la-une\/decryptez-ou-reperer-les-looks-beaute-et-coiffure-incontournables-des-celebrites\/\"},\"author\":{\"name\":\"Rapha\u00ebl D.\",\"@id\":\"https:\/\/starstory.fr\/blog\/#\/schema\/person\/3c864cdc320801e3db34b663e7e3f816\"},\"headline\":\"Comment les tendances beaut\u00e9 et coiffure circulent, des podiums aux r\u00e9seaux sociaux\",\"datePublished\":\"2026-08-31T17:37:04+00:00\",\"dateModified\":\"2026-08-31T17:37:30+00:00\",\"mainEntityOfPage\":{\"@id\":\"https:\/\/starstory.fr\/blog\/a-la-une\/decryptez-ou-reperer-les-looks-beaute-et-coiffure-incontournables-des-celebrites\/\"},\"wordCount\":1424,\"commentCount\":0,\"publisher\":{\"@id\":\"https:\/\/starstory.fr\/blog\/#organization\"},\"image\":{\"@id\":\"https:\/\/starstory.fr\/blog\/a-la-une\/decryptez-ou-reperer-les-looks-beaute-et-coiffure-incontournables-des-celebrites\/#primaryimage\"},\"thumbnailUrl\":\"https:\/\/starstory.fr\/blog\/wp-content\/uploads\/2025\/07\/sdxl-12e28a64c9415c7ab4b5599ac57ccadc-scaled.png\",\"keywords\":[\"tendances coiffure\"],\"articleSection\":[\"\u00c0 la une\"],\"inLanguage\":\"fr-FR\",\"potentialAction\":[{\"@type\":\"CommentAction\",\"name\":\"Comment\",\"target\":[\"https:\/\/starstory.fr\/blog\/a-la-une\/decryptez-ou-reperer-les-looks-beaute-et-coiffure-incontournables-des-celebrites\/#respond\"]}]},{\"@type\":\"WebPage\",\"@id\":\"https:\/\/starstory.fr\/blog\/a-la-une\/decryptez-ou-reperer-les-looks-beaute-et-coiffure-incontournables-des-celebrites\/\",\"url\":\"https:\/\/starstory.fr\/blog\/a-la-une\/decryptez-ou-reperer-les-looks-beaute-et-coiffure-incontournables-des-celebrites\/\",\"name\":\"Comment les tendances beaut\u00e9 et coiffure circulent, des podiums aux r\u00e9seaux sociaux\",\"isPartOf\":{\"@id\":\"https:\/\/starstory.fr\/blog\/#website\"},\"primaryImageOfPage\":{\"@id\":\"https:\/\/starstory.fr\/blog\/a-la-une\/decryptez-ou-reperer-les-looks-beaute-et-coiffure-incontournables-des-celebrites\/#primaryimage\"},\"image\":{\"@id\":\"https:\/\/starstory.fr\/blog\/a-la-une\/decryptez-ou-reperer-les-looks-beaute-et-coiffure-incontournables-des-celebrites\/#primaryimage\"},\"thumbnailUrl\":\"https:\/\/starstory.fr\/blog\/wp-content\/uploads\/2025\/07\/sdxl-12e28a64c9415c7ab4b5599ac57ccadc-scaled.png\",\"datePublished\":\"2026-08-31T17:37:04+00:00\",\"dateModified\":\"2026-08-31T17:37:30+00:00\",\"description\":\"Comment une tendance beaut\u00e9 nait sur les grandes sc\u00e8nes expos\u00e9es, circule via la presse et les r\u00e9seaux, et pourquoi une image de soir\u00e9e ne refl\u00e8te jamais un usage quotidien.\",\"inLanguage\":\"fr-FR\",\"potentialAction\":[{\"@type\":\"ReadAction\",\"target\":[\"https:\/\/starstory.fr\/blog\/a-la-une\/decryptez-ou-reperer-les-looks-beaute-et-coiffure-incontournables-des-celebrites\/\"]}]},{\"@type\":\"ImageObject\",\"inLanguage\":\"fr-FR\",\"@id\":\"https:\/\/starstory.fr\/blog\/a-la-une\/decryptez-ou-reperer-les-looks-beaute-et-coiffure-incontournables-des-celebrites\/#primaryimage\",\"url\":\"https:\/\/starstory.fr\/blog\/wp-content\/uploads\/2025\/07\/sdxl-12e28a64c9415c7ab4b5599ac57ccadc-scaled.png\",\"contentUrl\":\"https:\/\/starstory.fr\/blog\/wp-content\/uploads\/2025\/07\/sdxl-12e28a64c9415c7ab4b5599ac57ccadc-scaled.png\",\"width\":1200,\"height\":500},{\"@type\":\"WebSite\",\"@id\":\"https:\/\/starstory.fr\/blog\/#website\",\"url\":\"https:\/\/starstory.fr\/blog\/\",\"name\":\"StarStory\",\"description\":\"StarStory, les \u00e9toiles racontent leur histoire\",\"publisher\":{\"@id\":\"https:\/\/starstory.fr\/blog\/#organization\"},\"alternateName\":\"StarStory, les \u00e9toiles racontent leur histoire\",\"potentialAction\":[{\"@type\":\"SearchAction\",\"target\":{\"@type\":\"EntryPoint\",\"urlTemplate\":\"https:\/\/starstory.fr\/blog\/?s={search_term_string}\"},\"query-input\":{\"@type\":\"PropertyValueSpecification\",\"valueRequired\":true,\"valueName\":\"search_term_string\"}}],\"inLanguage\":\"fr-FR\"},{\"@type\":\"Organization\",\"@id\":\"https:\/\/starstory.fr\/blog\/#organization\",\"name\":\"StarStory\",\"alternateName\":\"StarStory.fr\",\"url\":\"https:\/\/starstory.fr\/blog\/\",\"logo\":{\"@type\":\"ImageObject\",\"inLanguage\":\"fr-FR\",\"@id\":\"https:\/\/starstory.fr\/blog\/#\/schema\/logo\/image\/\",\"url\":\"https:\/\/starstory.fr\/blog\/wp-content\/uploads\/2024\/12\/38.png\",\"contentUrl\":\"https:\/\/starstory.fr\/blog\/wp-content\/uploads\/2024\/12\/38.png\",\"width\":500,\"height\":500,\"caption\":\"StarStory\"},\"image\":{\"@id\":\"https:\/\/starstory.fr\/blog\/#\/schema\/logo\/image\/\"}},{\"@type\":\"Person\",\"@id\":\"https:\/\/starstory.fr\/blog\/#\/schema\/person\/3c864cdc320801e3db34b663e7e3f816\",\"name\":\"Rapha\u00ebl D.\",\"image\":{\"@type\":\"ImageObject\",\"inLanguage\":\"fr-FR\",\"@id\":\"https:\/\/starstory.fr\/blog\/#\/schema\/person\/image\/\",\"url\":\"https:\/\/starstory.fr\/blog\/wp-content\/uploads\/2026\/06\/persona_raphael-d-96x96.jpg\",\"contentUrl\":\"https:\/\/starstory.fr\/blog\/wp-content\/uploads\/2026\/06\/persona_raphael-d-96x96.jpg\",\"caption\":\"Rapha\u00ebl D.\"},\"description\":\"La culture est mon terrain de jeu depuis une dizaine d'ann\u00e9es : arts visuels, s\u00e9ries, cr\u00e9ation et tout ce qui nourrit l'imaginaire. J'\u00e9cris aussi bien sur l'actualit\u00e9 des \u0153uvres que sur les coulisses de la cr\u00e9ation, avec l'envie de relier l'amateur curieux \u00e0 des univers parfois jug\u00e9s intimidants. J'aime analyser une s\u00e9rie ou une d\u00e9marche artistique sans p\u00e9dantisme, replacer une \u0153uvre dans son contexte et donner des cl\u00e9s de lecture accessibles. Avant de publier, je v\u00e9rifie mes r\u00e9f\u00e9rences, je recoupe les sources et je distingue clairement le fait de mon interpr\u00e9tation subjective. Je crois qu'une critique vaut surtout par les arguments qu'elle expose, pas par la sentence qu'elle rend. Mon angle : transmettre l'envie de d\u00e9couvrir, de regarder autrement et de se forger son propre go\u00fbt. La culture n'appartient pas qu'aux initi\u00e9s, et c'est tout l'enjeu de mon \u00e9criture.\",\"url\":\"https:\/\/starstory.fr\/blog\/auteur\/noname\/\",\"jobTitle\":\"R\u00e9dacteur en chef \u00b7 Culture & Cr\u00e9ation\",\"knowsAbout\":[\"Culture\",\"Cr\u00e9ation\"],\"email\":\"raphael.d@a-l-asso-de-l-art.fr\"}]}<\/script>\n<!-- \/ Yoast SEO Premium plugin. -->","yoast_head_json":{"title":"Comment les tendances beaut\u00e9 et coiffure circulent, des podiums aux r\u00e9seaux sociaux","description":"Comment une tendance beaut\u00e9 nait sur les grandes sc\u00e8nes expos\u00e9es, circule via la presse et les r\u00e9seaux, et pourquoi une image de soir\u00e9e ne refl\u00e8te jamais un usage quotidien.","robots":{"index":"index","follow":"follow","max-snippet":"max-snippet:-1","max-image-preview":"max-image-preview:large","max-video-preview":"max-video-preview:-1"},"canonical":"https:\/\/starstory.fr\/blog\/a-la-une\/decryptez-ou-reperer-les-looks-beaute-et-coiffure-incontournables-des-celebrites\/","og_locale":"fr_FR","og_type":"article","og_title":"Comment les tendances beaut\u00e9 et coiffure circulent, des podiums aux r\u00e9seaux sociaux","og_description":"Comment une tendance beaut\u00e9 nait sur les grandes sc\u00e8nes expos\u00e9es, circule via la presse et les r\u00e9seaux, et pourquoi une image de soir\u00e9e ne refl\u00e8te jamais un usage quotidien.","og_url":"https:\/\/starstory.fr\/blog\/a-la-une\/decryptez-ou-reperer-les-looks-beaute-et-coiffure-incontournables-des-celebrites\/","og_site_name":"starstory","og_image":[{"width":1200,"height":500,"url":"https:\/\/starstory.fr\/blog\/wp-content\/uploads\/2025\/07\/sdxl-12e28a64c9415c7ab4b5599ac57ccadc-scaled.png","type":"image\/png"}],"author":"Rapha\u00ebl D.","twitter_card":"summary_large_image","schema":{"@context":"https:\/\/schema.org","@graph":[{"@type":"NewsArticle","@id":"https:\/\/starstory.fr\/blog\/a-la-une\/decryptez-ou-reperer-les-looks-beaute-et-coiffure-incontournables-des-celebrites\/#article","isPartOf":{"@id":"https:\/\/starstory.fr\/blog\/a-la-une\/decryptez-ou-reperer-les-looks-beaute-et-coiffure-incontournables-des-celebrites\/"},"author":{"name":"Rapha\u00ebl D.","@id":"https:\/\/starstory.fr\/blog\/#\/schema\/person\/3c864cdc320801e3db34b663e7e3f816"},"headline":"Comment les tendances beaut\u00e9 et coiffure circulent, des podiums aux r\u00e9seaux sociaux","datePublished":"2026-08-31T17:37:04+00:00","dateModified":"2026-08-31T17:37:30+00:00","mainEntityOfPage":{"@id":"https:\/\/starstory.fr\/blog\/a-la-une\/decryptez-ou-reperer-les-looks-beaute-et-coiffure-incontournables-des-celebrites\/"},"wordCount":1424,"commentCount":0,"publisher":{"@id":"https:\/\/starstory.fr\/blog\/#organization"},"image":{"@id":"https:\/\/starstory.fr\/blog\/a-la-une\/decryptez-ou-reperer-les-looks-beaute-et-coiffure-incontournables-des-celebrites\/#primaryimage"},"thumbnailUrl":"https:\/\/starstory.fr\/blog\/wp-content\/uploads\/2025\/07\/sdxl-12e28a64c9415c7ab4b5599ac57ccadc-scaled.png","keywords":["tendances coiffure"],"articleSection":["\u00c0 la une"],"inLanguage":"fr-FR","potentialAction":[{"@type":"CommentAction","name":"Comment","target":["https:\/\/starstory.fr\/blog\/a-la-une\/decryptez-ou-reperer-les-looks-beaute-et-coiffure-incontournables-des-celebrites\/#respond"]}]},{"@type":"WebPage","@id":"https:\/\/starstory.fr\/blog\/a-la-une\/decryptez-ou-reperer-les-looks-beaute-et-coiffure-incontournables-des-celebrites\/","url":"https:\/\/starstory.fr\/blog\/a-la-une\/decryptez-ou-reperer-les-looks-beaute-et-coiffure-incontournables-des-celebrites\/","name":"Comment les tendances beaut\u00e9 et coiffure circulent, des podiums aux r\u00e9seaux sociaux","isPartOf":{"@id":"https:\/\/starstory.fr\/blog\/#website"},"primaryImageOfPage":{"@id":"https:\/\/starstory.fr\/blog\/a-la-une\/decryptez-ou-reperer-les-looks-beaute-et-coiffure-incontournables-des-celebrites\/#primaryimage"},"image":{"@id":"https:\/\/starstory.fr\/blog\/a-la-une\/decryptez-ou-reperer-les-looks-beaute-et-coiffure-incontournables-des-celebrites\/#primaryimage"},"thumbnailUrl":"https:\/\/starstory.fr\/blog\/wp-content\/uploads\/2025\/07\/sdxl-12e28a64c9415c7ab4b5599ac57ccadc-scaled.png","datePublished":"2026-08-31T17:37:04+00:00","dateModified":"2026-08-31T17:37:30+00:00","description":"Comment une tendance beaut\u00e9 nait sur les grandes sc\u00e8nes expos\u00e9es, circule via la presse et les r\u00e9seaux, et pourquoi une image de soir\u00e9e ne refl\u00e8te jamais un usage quotidien.","inLanguage":"fr-FR","potentialAction":[{"@type":"ReadAction","target":["https:\/\/starstory.fr\/blog\/a-la-une\/decryptez-ou-reperer-les-looks-beaute-et-coiffure-incontournables-des-celebrites\/"]}]},{"@type":"ImageObject","inLanguage":"fr-FR","@id":"https:\/\/starstory.fr\/blog\/a-la-une\/decryptez-ou-reperer-les-looks-beaute-et-coiffure-incontournables-des-celebrites\/#primaryimage","url":"https:\/\/starstory.fr\/blog\/wp-content\/uploads\/2025\/07\/sdxl-12e28a64c9415c7ab4b5599ac57ccadc-scaled.png","contentUrl":"https:\/\/starstory.fr\/blog\/wp-content\/uploads\/2025\/07\/sdxl-12e28a64c9415c7ab4b5599ac57ccadc-scaled.png","width":1200,"height":500},{"@type":"WebSite","@id":"https:\/\/starstory.fr\/blog\/#website","url":"https:\/\/starstory.fr\/blog\/","name":"StarStory","description":"StarStory, les \u00e9toiles racontent leur histoire","publisher":{"@id":"https:\/\/starstory.fr\/blog\/#organization"},"alternateName":"StarStory, les \u00e9toiles racontent leur histoire","potentialAction":[{"@type":"SearchAction","target":{"@type":"EntryPoint","urlTemplate":"https:\/\/starstory.fr\/blog\/?s={search_term_string}"},"query-input":{"@type":"PropertyValueSpecification","valueRequired":true,"valueName":"search_term_string"}}],"inLanguage":"fr-FR"},{"@type":"Organization","@id":"https:\/\/starstory.fr\/blog\/#organization","name":"StarStory","alternateName":"StarStory.fr","url":"https:\/\/starstory.fr\/blog\/","logo":{"@type":"ImageObject","inLanguage":"fr-FR","@id":"https:\/\/starstory.fr\/blog\/#\/schema\/logo\/image\/","url":"https:\/\/starstory.fr\/blog\/wp-content\/uploads\/2024\/12\/38.png","contentUrl":"https:\/\/starstory.fr\/blog\/wp-content\/uploads\/2024\/12\/38.png","width":500,"height":500,"caption":"StarStory"},"image":{"@id":"https:\/\/starstory.fr\/blog\/#\/schema\/logo\/image\/"}},{"@type":"Person","@id":"https:\/\/starstory.fr\/blog\/#\/schema\/person\/3c864cdc320801e3db34b663e7e3f816","name":"Rapha\u00ebl D.","image":{"@type":"ImageObject","inLanguage":"fr-FR","@id":"https:\/\/starstory.fr\/blog\/#\/schema\/person\/image\/","url":"https:\/\/starstory.fr\/blog\/wp-content\/uploads\/2026\/06\/persona_raphael-d-96x96.jpg","contentUrl":"https:\/\/starstory.fr\/blog\/wp-content\/uploads\/2026\/06\/persona_raphael-d-96x96.jpg","caption":"Rapha\u00ebl D."},"description":"La culture est mon terrain de jeu depuis une dizaine d'ann\u00e9es : arts visuels, s\u00e9ries, cr\u00e9ation et tout ce qui nourrit l'imaginaire. J'\u00e9cris aussi bien sur l'actualit\u00e9 des \u0153uvres que sur les coulisses de la cr\u00e9ation, avec l'envie de relier l'amateur curieux \u00e0 des univers parfois jug\u00e9s intimidants. J'aime analyser une s\u00e9rie ou une d\u00e9marche artistique sans p\u00e9dantisme, replacer une \u0153uvre dans son contexte et donner des cl\u00e9s de lecture accessibles. Avant de publier, je v\u00e9rifie mes r\u00e9f\u00e9rences, je recoupe les sources et je distingue clairement le fait de mon interpr\u00e9tation subjective. Je crois qu'une critique vaut surtout par les arguments qu'elle expose, pas par la sentence qu'elle rend. Mon angle : transmettre l'envie de d\u00e9couvrir, de regarder autrement et de se forger son propre go\u00fbt. La culture n'appartient pas qu'aux initi\u00e9s, et c'est tout l'enjeu de mon \u00e9criture.","url":"https:\/\/starstory.fr\/blog\/auteur\/noname\/","jobTitle":"R\u00e9dacteur en chef \u00b7 Culture & Cr\u00e9ation","knowsAbout":["Culture","Cr\u00e9ation"],"email":"raphael.d@a-l-asso-de-l-art.fr"}]}},"_links":{"self":[{"href":"https:\/\/starstory.fr\/blog\/wp-json\/wp\/v2\/posts\/7543","targetHints":{"allow":["GET"]}}],"collection":[{"href":"https:\/\/starstory.fr\/blog\/wp-json\/wp\/v2\/posts"}],"about":[{"href":"https:\/\/starstory.fr\/blog\/wp-json\/wp\/v2\/types\/post"}],"author":[{"embeddable":true,"href":"https:\/\/starstory.fr\/blog\/wp-json\/wp\/v2\/users\/34"}],"replies":[{"embeddable":true,"href":"https:\/\/starstory.fr\/blog\/wp-json\/wp\/v2\/comments?post=7543"}],"version-history":[{"count":2,"href":"https:\/\/starstory.fr\/blog\/wp-json\/wp\/v2\/posts\/7543\/revisions"}],"predecessor-version":[{"id":8402,"href":"https:\/\/starstory.fr\/blog\/wp-json\/wp\/v2\/posts\/7543\/revisions\/8402"}],"wp:featuredmedia":[{"embeddable":true,"href":"https:\/\/starstory.fr\/blog\/wp-json\/wp\/v2\/media\/7595"}],"wp:attachment":[{"href":"https:\/\/starstory.fr\/blog\/wp-json\/wp\/v2\/media?parent=7543"}],"wp:term":[{"taxonomy":"category","embeddable":true,"href":"https:\/\/starstory.fr\/blog\/wp-json\/wp\/v2\/categories?post=7543"},{"taxonomy":"post_tag","embeddable":true,"href":"https:\/\/starstory.fr\/blog\/wp-json\/wp\/v2\/tags?post=7543"}],"curies":[{"name":"wp","href":"https:\/\/api.w.org\/{rel}","templated":true}]}}