{"id":7436,"date":"2025-03-10T00:51:37","date_gmt":"2025-03-09T23:51:37","guid":{"rendered":"https:\/\/starstory.fr\/blog\/a-la-une\/cyril-hanouna-vs-karine-le-marchand-chronique-dune-rivalite-mediatique\/"},"modified":"2025-03-10T00:51:37","modified_gmt":"2025-03-09T23:51:37","slug":"cyril-hanouna-vs-karine-le-marchand-chronique-dune-rivalite-mediatique","status":"publish","type":"post","link":"https:\/\/starstory.fr\/blog\/a-la-une\/cyril-hanouna-vs-karine-le-marchand-chronique-dune-rivalite-mediatique\/","title":{"rendered":"Cyril Hanouna vs Karine Le Marchand : Chronique d&rsquo;une rivalit\u00e9 m\u00e9diatique"},"content":{"rendered":"<h1>Cyril Hanouna vs Karine Le Marchand : Chronique d&rsquo;une rivalit\u00e9 m\u00e9diatique<\/h1>\n<h2>Les origines de la discorde : retour sur les premi\u00e8res piques<\/h2>\n<p>La gen\u00e8se de ce conflit remonte \u00e0 2016, ann\u00e9e charni\u00e8re qui a vu na\u00eetre les premi\u00e8res tensions entre Cyril Hanouna et Karine Le Marchand. \u00c0 l&rsquo;\u00e9poque, l&rsquo;animatrice de <strong>L&rsquo;Amour est dans le pr\u00e9<\/strong> faisait la promotion de son \u00e9mission phare sur M6. C&rsquo;est dans ce contexte que l&rsquo;\u00e9quipe de <strong>Touche Pas \u00e0 Mon Poste<\/strong> (TPMP) a commenc\u00e9 \u00e0 \u00e9mettre des critiques \u00e0 son encontre.<\/p>\n<p>Les chroniqueurs de l&rsquo;\u00e9mission de C8 ont qualifi\u00e9 Karine Le Marchand de <u>\u00ab\u00a0diva\u00a0\u00bb<\/u>, insinuant qu&rsquo;elle adoptait une attitude hautaine en coulisses. Ces remarques, apparemment anodines, ont marqu\u00e9 le d\u00e9but d&rsquo;une escalade verbale qui allait durer des ann\u00e9es. Face \u00e0 ces attaques, Karine Le Marchand a d&rsquo;abord choisi de garder le silence, une strat\u00e9gie qui n&rsquo;a fait qu&rsquo;alimenter les sp\u00e9culations et encourager de nouvelles piques de la part de l&rsquo;\u00e9quipe de TPMP.<\/p>\n<h2>TPMP, th\u00e9\u00e2tre des affrontements : les moments cl\u00e9s<\/h2>\n<p>L&rsquo;\u00e9mission <strong>Touche Pas \u00e0 Mon Poste<\/strong> est rapidement devenue la sc\u00e8ne principale de cette querelle m\u00e9diatique. Cyril Hanouna et ses chroniqueurs ont multipli\u00e9 les s\u00e9quences visant Karine Le Marchand, transformant ce qui n&rsquo;\u00e9tait au d\u00e9part que de simples taquineries en v\u00e9ritable campagne de d\u00e9nigrement.<\/p>\n<p>Un moment particuli\u00e8rement marquant s&rsquo;est produit en 2020, lorsque Jean-Michel Maire, chroniqueur de TPMP, a d\u00e9rap\u00e9 en direct. Il a accus\u00e9 Karine Le Marchand de tirer profit de son physique pour r\u00e9ussir dans le milieu, tout en critiquant son suppos\u00e9 comportement capricieux. Ces propos ont imm\u00e9diatement suscit\u00e9 l&rsquo;indignation de l&rsquo;animatrice et du groupe M6, qui ont d\u00e9nonc\u00e9 des attaques gratuites et sexistes.<\/p>\n<ul>\n<li>Accusations de comportement \u00ab\u00a0diva\u00a0\u00bb en coulisses<\/li>\n<li>Insinuations sur l&rsquo;utilisation de son physique pour r\u00e9ussir<\/li>\n<li>Critiques r\u00e9p\u00e9t\u00e9es sur son authenticit\u00e9 \u00e0 l&rsquo;\u00e9cran<\/li>\n<li>Moqueries sur ses choix professionnels et personnels<\/li>\n<\/ul>\n<h2>La riposte de Karine Le Marchand : entre silence et contre-attaques<\/h2>\n<p>Face \u00e0 ce d\u00e9ferlement de critiques, Karine Le Marchand a adopt\u00e9 une strat\u00e9gie de communication en plusieurs temps. Dans un premier temps, elle a choisi de garder le silence, refusant de donner du cr\u00e9dit \u00e0 ces attaques en y r\u00e9pondant publiquement. Cette approche, si elle a pu \u00eatre per\u00e7ue comme de la faiblesse par certains, visait en r\u00e9alit\u00e9 \u00e0 ne pas alimenter la pol\u00e9mique.<\/p>\n<p>Cependant, au fil du temps et face \u00e0 l&rsquo;intensification des attaques, l&rsquo;animatrice a fini par sortir de sa r\u00e9serve. Elle a utilis\u00e9 ses r\u00e9seaux sociaux et ses apparitions m\u00e9diatiques pour r\u00e9pondre de mani\u00e8re cibl\u00e9e et mesur\u00e9e. Dans une interview accord\u00e9e \u00e0 <strong>Lib\u00e9ration<\/strong> en 2025, elle a d\u00e9clar\u00e9 : <u>\u00ab\u00a0Il me m\u00e9prise et m&rsquo;insulte depuis sept ans. Il critique tout : ma personne, mon travail, mes valeurs.\u00a0\u00bb<\/u> Cette prise de parole a marqu\u00e9 un tournant dans sa strat\u00e9gie de d\u00e9fense, passant d&rsquo;une posture passive \u00e0 une attitude plus combative.<\/p>\n<h2>L&rsquo;impact sur leurs carri\u00e8res respectives : qui en sort gagnant ?<\/h2>\n<p>Cette rivalit\u00e9 m\u00e9diatique a eu des r\u00e9percussions significatives sur les carri\u00e8res de Cyril Hanouna et Karine Le Marchand. Pour Cyril Hanouna, les pol\u00e9miques r\u00e9currentes ont contribu\u00e9 \u00e0 renforcer son image de trublion des m\u00e9dias, fid\u00e9lisant une partie de son public tout en s&rsquo;ali\u00e9nant une autre frange des t\u00e9l\u00e9spectateurs. Son \u00e9mission TPMP a continu\u00e9 \u00e0 g\u00e9n\u00e9rer de l&rsquo;audience, mais au prix d&rsquo;une image de plus en plus clivante.<\/p>\n<p>De son c\u00f4t\u00e9, Karine Le Marchand a vu sa notori\u00e9t\u00e9 augmenter, paradoxalement renforc\u00e9e par les attaques dont elle a fait l&rsquo;objet. Son \u00e9mission <strong>L&rsquo;Amour est dans le pr\u00e9<\/strong> a maintenu des audiences solides, et elle a diversifi\u00e9 ses activit\u00e9s \u00e0 l&rsquo;antenne. La controverse a \u00e9galement permis \u00e0 l&rsquo;animatrice de se positionner comme une figure de la lutte contre le harc\u00e8lement m\u00e9diatique, gagnant le soutien d&rsquo;une partie du public et de ses pairs dans l&rsquo;industrie.<\/p>\n<h2>Les r\u00e9actions du public : entre indignation et lassitude<\/h2>\n<p>L&rsquo;opinion publique s&rsquo;est rapidement divis\u00e9e face \u00e0 ce conflit m\u00e9diatique. Une partie des t\u00e9l\u00e9spectateurs a pris fait et cause pour Karine Le Marchand, d\u00e9non\u00e7ant ce qu&rsquo;ils per\u00e7oivent comme du harc\u00e8lement de la part de Cyril Hanouna et de son \u00e9quipe. Les r\u00e9seaux sociaux ont \u00e9t\u00e9 le th\u00e9\u00e2tre de vifs d\u00e9bats, avec des hashtags comme #Soutien\u00e0Karine ou #StopHanouna qui ont r\u00e9guli\u00e8rement \u00e9merg\u00e9.<\/p>\n<p>D&rsquo;un autre c\u00f4t\u00e9, certains fans de TPMP ont continu\u00e9 \u00e0 soutenir Cyril Hanouna, arguant que ses critiques relevaient de la libert\u00e9 d&rsquo;expression et du divertissement. Cependant, au fil du temps, une certaine lassitude s&rsquo;est install\u00e9e chez une partie du public, fatigu\u00e9e par ce conflit qui semblait sans fin et qui d\u00e9tournait l&rsquo;attention des v\u00e9ritables enjeux du paysage audiovisuel fran\u00e7ais.<\/p>\n<h2>Vers une r\u00e9conciliation ? Les derniers rebondissements<\/h2>\n<p>En f\u00e9vrier 2025, un nouveau chapitre s&rsquo;est ouvert dans cette saga m\u00e9diatique. Cyril Hanouna a pr\u00e9sent\u00e9 des excuses publiques \u00e0 Karine Le Marchand lors d&rsquo;une \u00e9mission de TPMP. Cette d\u00e9marche, inattendue pour beaucoup, a \u00e9t\u00e9 per\u00e7ue comme un possible premier pas vers une r\u00e9conciliation. Karine Le Marchand a r\u00e9agi avec prudence, d\u00e9clarant dans l&rsquo;\u00e9mission <strong>Quelle \u00c9poque !<\/strong> sur France 2 : <u>\u00ab\u00a0J&rsquo;entends les excuses mais je reste vigilante, parce que je dis souvent que c&rsquo;est plus facile d&rsquo;ouvrir la bouche que de tendre la main.\u00a0\u00bb<\/u><\/p>\n<p>Ces excuses interviennent dans un contexte particulier, alors que des rumeurs font \u00e9tat d&rsquo;une possible arriv\u00e9e de Cyril Hanouna sur le groupe M6, via sa filiale W9. Cette perspective a conduit Karine Le Marchand \u00e0 prendre position publiquement, mena\u00e7ant de quitter la cha\u00eene si l&rsquo;animateur de TPMP y faisait son entr\u00e9e. Cette d\u00e9claration a mis en lumi\u00e8re les enjeux professionnels et \u00e9thiques qui sous-tendent ce conflit, d\u00e9passant le cadre d&rsquo;une simple querelle personnelle.<\/p>\n<h2>L&rsquo;ombre de Vincent Bollor\u00e9 : un conflit instrumentalis\u00e9 ?<\/h2>\n<p>L&rsquo;implication du groupe Canal+, et plus particuli\u00e8rement de Vincent Bollor\u00e9, dans cette rivalit\u00e9 m\u00e9diatique soul\u00e8ve de nombreuses questions. Certains observateurs sugg\u00e8rent que ce conflit pourrait \u00eatre instrumentalis\u00e9 pour servir des int\u00e9r\u00eats plus larges dans le paysage audiovisuel fran\u00e7ais.<\/p>\n<p>La strat\u00e9gie de Vincent Bollor\u00e9, connue pour son approche agressive dans le monde des m\u00e9dias, pourrait viser \u00e0 fragiliser certaines figures du PAF pour mieux remodeler le paysage t\u00e9l\u00e9visuel \u00e0 son avantage. L&rsquo;utilisation de TPMP comme plateforme pour lancer des attaques r\u00e9p\u00e9t\u00e9es contre Karine Le Marchand pourrait s&rsquo;inscrire dans cette logique, visant \u00e0 affaiblir M6 en vue d&rsquo;\u00e9ventuelles man\u0153uvres futures.<\/p>\n<h2>Quel avenir pour le duo Hanouna-Le Marchand ?<\/h2>\n<p>L&rsquo;avenir des relations entre Cyril Hanouna et Karine Le Marchand reste incertain, mais plusieurs sc\u00e9narios se dessinent. Le premier, et peut-\u00eatre le plus improbable \u00e0 court terme, serait une r\u00e9conciliation totale, suivie d&rsquo;une collaboration professionnelle. Ce sc\u00e9nario, bien que s\u00e9duisant pour certains, semble peu r\u00e9aliste compte tenu de la profondeur du conflit et des positions affirm\u00e9es de chacun.<\/p>\n<p>Un deuxi\u00e8me sc\u00e9nario envisageable serait le maintien du statu quo, avec une coexistence distante au sein du paysage audiovisuel fran\u00e7ais. Cette option pourrait voir Cyril Hanouna int\u00e9grer effectivement le groupe M6 via W9, tandis que Karine Le Marchand resterait sur la cha\u00eene principale, avec des garanties strictes de non-interf\u00e9rence.<\/p>\n<p>Enfin, un troisi\u00e8me sc\u00e9nario, plus radical, pourrait voir l&rsquo;un des deux protagonistes quitter son poste actuel. La menace de d\u00e9part de Karine Le Marchand en cas d&rsquo;arriv\u00e9e d&rsquo;Hanouna sur M6 pourrait se concr\u00e9tiser, ou inversement, Cyril Hanouna pourrait choisir de se r\u00e9inventer sur une autre cha\u00eene ou plateforme.<\/p>\n<p>Quelle que soit l&rsquo;issue de ce conflit, il aura profond\u00e9ment marqu\u00e9 le paysage audiovisuel fran\u00e7ais, r\u00e9v\u00e9lant les tensions et les enjeux qui traversent ce secteur en pleine mutation. Au-del\u00e0 des personnalit\u00e9s impliqu\u00e9es, cette rivalit\u00e9 m\u00e9diatique pose des questions essentielles sur l&rsquo;\u00e9thique journalistique, le r\u00f4le des animateurs dans le d\u00e9bat public et l&rsquo;influence des grands groupes m\u00e9diatiques sur le contenu diffus\u00e9.<\/p>\n","protected":false},"excerpt":{"rendered":"","protected":false},"author":34,"featured_media":7443,"comment_status":"open","ping_status":"open","sticky":false,"template":"","format":"standard","meta":{"_acf_changed":false,"manual_indexmenow":false,"indexmenow_id_project":0,"footnotes":""},"categories":[1],"tags":[4593,4592,4577],"class_list":["post-7436","post","type-post","status-publish","format-standard","has-post-thumbnail","hentry","category-a-la-une","tag-animateurs","tag-polemique","tag-television","generate-columns","tablet-grid-50","mobile-grid-100","grid-parent","grid-25"],"acf":[],"yoast_head":"<!-- This site is optimized with the Yoast SEO Premium plugin v21.3 (Yoast SEO v26.5) - https:\/\/yoast.com\/wordpress\/plugins\/seo\/ -->\n<title>Cyril Hanouna vs Karine Le Marchand<\/title>\n<meta name=\"description\" content=\"La gen\u00e8se de ce conflit remonte \u00e0 2016, ann\u00e9e charni\u00e8re qui a vu na\u00eetre les premi\u00e8res tensions entre Cyril Hanouna et Karine Le Marchand\" \/>\n<meta name=\"robots\" content=\"index, follow, max-snippet:-1, max-image-preview:large, max-video-preview:-1\" \/>\n<link rel=\"canonical\" href=\"https:\/\/starstory.fr\/blog\/a-la-une\/cyril-hanouna-vs-karine-le-marchand-chronique-dune-rivalite-mediatique\/\" \/>\n<meta property=\"og:locale\" content=\"fr_FR\" \/>\n<meta property=\"og:type\" content=\"article\" \/>\n<meta property=\"og:title\" content=\"Cyril Hanouna vs Karine Le Marchand\" \/>\n<meta property=\"og:description\" content=\"La gen\u00e8se de ce conflit remonte \u00e0 2016, ann\u00e9e charni\u00e8re qui a vu na\u00eetre les premi\u00e8res tensions entre Cyril Hanouna et Karine Le Marchand\" \/>\n<meta property=\"og:url\" content=\"https:\/\/starstory.fr\/blog\/a-la-une\/cyril-hanouna-vs-karine-le-marchand-chronique-dune-rivalite-mediatique\/\" \/>\n<meta property=\"og:site_name\" content=\"starstory\" \/>\n<meta property=\"og:image\" content=\"https:\/\/starstory.fr\/blog\/wp-content\/uploads\/2025\/03\/sdxl-4a83c20ed65341d89404fef3bffd4fa7.png\" \/>\n\t<meta property=\"og:image:width\" content=\"1536\" \/>\n\t<meta property=\"og:image:height\" content=\"640\" \/>\n\t<meta property=\"og:image:type\" content=\"image\/png\" \/>\n<meta name=\"author\" content=\"Rapha\u00ebl D.\" \/>\n<meta name=\"twitter:card\" content=\"summary_large_image\" \/>\n<script type=\"application\/ld+json\" class=\"yoast-schema-graph\">{\"@context\":\"https:\/\/schema.org\",\"@graph\":[{\"@type\":\"NewsArticle\",\"@id\":\"https:\/\/starstory.fr\/blog\/a-la-une\/cyril-hanouna-vs-karine-le-marchand-chronique-dune-rivalite-mediatique\/#article\",\"isPartOf\":{\"@id\":\"https:\/\/starstory.fr\/blog\/a-la-une\/cyril-hanouna-vs-karine-le-marchand-chronique-dune-rivalite-mediatique\/\"},\"author\":{\"name\":\"Rapha\u00ebl D.\",\"@id\":\"https:\/\/starstory.fr\/blog\/#\/schema\/person\/3c864cdc320801e3db34b663e7e3f816\"},\"headline\":\"Cyril Hanouna vs Karine Le Marchand : Chronique d&rsquo;une rivalit\u00e9 m\u00e9diatique\",\"datePublished\":\"2025-03-09T23:51:37+00:00\",\"mainEntityOfPage\":{\"@id\":\"https:\/\/starstory.fr\/blog\/a-la-une\/cyril-hanouna-vs-karine-le-marchand-chronique-dune-rivalite-mediatique\/\"},\"wordCount\":1416,\"commentCount\":0,\"publisher\":{\"@id\":\"https:\/\/starstory.fr\/blog\/#organization\"},\"image\":{\"@id\":\"https:\/\/starstory.fr\/blog\/a-la-une\/cyril-hanouna-vs-karine-le-marchand-chronique-dune-rivalite-mediatique\/#primaryimage\"},\"thumbnailUrl\":\"https:\/\/starstory.fr\/blog\/wp-content\/uploads\/2025\/03\/sdxl-4a83c20ed65341d89404fef3bffd4fa7.png\",\"keywords\":[\"animateurs\",\"polemique\",\"television\"],\"articleSection\":[\"\u00c0 la une\"],\"inLanguage\":\"fr-FR\",\"potentialAction\":[{\"@type\":\"CommentAction\",\"name\":\"Comment\",\"target\":[\"https:\/\/starstory.fr\/blog\/a-la-une\/cyril-hanouna-vs-karine-le-marchand-chronique-dune-rivalite-mediatique\/#respond\"]}]},{\"@type\":\"WebPage\",\"@id\":\"https:\/\/starstory.fr\/blog\/a-la-une\/cyril-hanouna-vs-karine-le-marchand-chronique-dune-rivalite-mediatique\/\",\"url\":\"https:\/\/starstory.fr\/blog\/a-la-une\/cyril-hanouna-vs-karine-le-marchand-chronique-dune-rivalite-mediatique\/\",\"name\":\"Cyril Hanouna vs Karine Le Marchand\",\"isPartOf\":{\"@id\":\"https:\/\/starstory.fr\/blog\/#website\"},\"primaryImageOfPage\":{\"@id\":\"https:\/\/starstory.fr\/blog\/a-la-une\/cyril-hanouna-vs-karine-le-marchand-chronique-dune-rivalite-mediatique\/#primaryimage\"},\"image\":{\"@id\":\"https:\/\/starstory.fr\/blog\/a-la-une\/cyril-hanouna-vs-karine-le-marchand-chronique-dune-rivalite-mediatique\/#primaryimage\"},\"thumbnailUrl\":\"https:\/\/starstory.fr\/blog\/wp-content\/uploads\/2025\/03\/sdxl-4a83c20ed65341d89404fef3bffd4fa7.png\",\"datePublished\":\"2025-03-09T23:51:37+00:00\",\"description\":\"La gen\u00e8se de ce conflit remonte \u00e0 2016, ann\u00e9e charni\u00e8re qui a vu na\u00eetre les premi\u00e8res tensions entre Cyril Hanouna et Karine Le Marchand\",\"inLanguage\":\"fr-FR\",\"potentialAction\":[{\"@type\":\"ReadAction\",\"target\":[\"https:\/\/starstory.fr\/blog\/a-la-une\/cyril-hanouna-vs-karine-le-marchand-chronique-dune-rivalite-mediatique\/\"]}]},{\"@type\":\"ImageObject\",\"inLanguage\":\"fr-FR\",\"@id\":\"https:\/\/starstory.fr\/blog\/a-la-une\/cyril-hanouna-vs-karine-le-marchand-chronique-dune-rivalite-mediatique\/#primaryimage\",\"url\":\"https:\/\/starstory.fr\/blog\/wp-content\/uploads\/2025\/03\/sdxl-4a83c20ed65341d89404fef3bffd4fa7.png\",\"contentUrl\":\"https:\/\/starstory.fr\/blog\/wp-content\/uploads\/2025\/03\/sdxl-4a83c20ed65341d89404fef3bffd4fa7.png\",\"width\":1536,\"height\":640},{\"@type\":\"WebSite\",\"@id\":\"https:\/\/starstory.fr\/blog\/#website\",\"url\":\"https:\/\/starstory.fr\/blog\/\",\"name\":\"StarStory\",\"description\":\"StarStory, les \u00e9toiles racontent leur histoire\",\"publisher\":{\"@id\":\"https:\/\/starstory.fr\/blog\/#organization\"},\"alternateName\":\"StarStory, les \u00e9toiles racontent leur histoire\",\"potentialAction\":[{\"@type\":\"SearchAction\",\"target\":{\"@type\":\"EntryPoint\",\"urlTemplate\":\"https:\/\/starstory.fr\/blog\/?s={search_term_string}\"},\"query-input\":{\"@type\":\"PropertyValueSpecification\",\"valueRequired\":true,\"valueName\":\"search_term_string\"}}],\"inLanguage\":\"fr-FR\"},{\"@type\":\"Organization\",\"@id\":\"https:\/\/starstory.fr\/blog\/#organization\",\"name\":\"StarStory\",\"alternateName\":\"StarStory.fr\",\"url\":\"https:\/\/starstory.fr\/blog\/\",\"logo\":{\"@type\":\"ImageObject\",\"inLanguage\":\"fr-FR\",\"@id\":\"https:\/\/starstory.fr\/blog\/#\/schema\/logo\/image\/\",\"url\":\"https:\/\/starstory.fr\/blog\/wp-content\/uploads\/2024\/12\/38.png\",\"contentUrl\":\"https:\/\/starstory.fr\/blog\/wp-content\/uploads\/2024\/12\/38.png\",\"width\":500,\"height\":500,\"caption\":\"StarStory\"},\"image\":{\"@id\":\"https:\/\/starstory.fr\/blog\/#\/schema\/logo\/image\/\"}},{\"@type\":\"Person\",\"@id\":\"https:\/\/starstory.fr\/blog\/#\/schema\/person\/3c864cdc320801e3db34b663e7e3f816\",\"name\":\"Rapha\u00ebl D.\",\"image\":{\"@type\":\"ImageObject\",\"inLanguage\":\"fr-FR\",\"@id\":\"https:\/\/starstory.fr\/blog\/#\/schema\/person\/image\/\",\"url\":\"https:\/\/starstory.fr\/blog\/wp-content\/uploads\/2026\/06\/persona_raphael-d-96x96.jpg\",\"contentUrl\":\"https:\/\/starstory.fr\/blog\/wp-content\/uploads\/2026\/06\/persona_raphael-d-96x96.jpg\",\"caption\":\"Rapha\u00ebl D.\"},\"description\":\"La culture est mon terrain de jeu depuis une dizaine d'ann\u00e9es : arts visuels, s\u00e9ries, cr\u00e9ation et tout ce qui nourrit l'imaginaire. J'\u00e9cris aussi bien sur l'actualit\u00e9 des \u0153uvres que sur les coulisses de la cr\u00e9ation, avec l'envie de relier l'amateur curieux \u00e0 des univers parfois jug\u00e9s intimidants. J'aime analyser une s\u00e9rie ou une d\u00e9marche artistique sans p\u00e9dantisme, replacer une \u0153uvre dans son contexte et donner des cl\u00e9s de lecture accessibles. Avant de publier, je v\u00e9rifie mes r\u00e9f\u00e9rences, je recoupe les sources et je distingue clairement le fait de mon interpr\u00e9tation subjective. Je crois qu'une critique vaut surtout par les arguments qu'elle expose, pas par la sentence qu'elle rend. Mon angle : transmettre l'envie de d\u00e9couvrir, de regarder autrement et de se forger son propre go\u00fbt. La culture n'appartient pas qu'aux initi\u00e9s, et c'est tout l'enjeu de mon \u00e9criture.\",\"url\":\"https:\/\/starstory.fr\/blog\/auteur\/noname\/\",\"jobTitle\":\"R\u00e9dacteur en chef \u00b7 Culture & Cr\u00e9ation\",\"knowsAbout\":[\"Culture\",\"Cr\u00e9ation\"],\"email\":\"raphael.d@a-l-asso-de-l-art.fr\"}]}<\/script>\n<!-- \/ Yoast SEO Premium plugin. -->","yoast_head_json":{"title":"Cyril Hanouna vs Karine Le Marchand","description":"La gen\u00e8se de ce conflit remonte \u00e0 2016, ann\u00e9e charni\u00e8re qui a vu na\u00eetre les premi\u00e8res tensions entre Cyril Hanouna et Karine Le Marchand","robots":{"index":"index","follow":"follow","max-snippet":"max-snippet:-1","max-image-preview":"max-image-preview:large","max-video-preview":"max-video-preview:-1"},"canonical":"https:\/\/starstory.fr\/blog\/a-la-une\/cyril-hanouna-vs-karine-le-marchand-chronique-dune-rivalite-mediatique\/","og_locale":"fr_FR","og_type":"article","og_title":"Cyril Hanouna vs Karine Le Marchand","og_description":"La gen\u00e8se de ce conflit remonte \u00e0 2016, ann\u00e9e charni\u00e8re qui a vu na\u00eetre les premi\u00e8res tensions entre Cyril Hanouna et Karine Le Marchand","og_url":"https:\/\/starstory.fr\/blog\/a-la-une\/cyril-hanouna-vs-karine-le-marchand-chronique-dune-rivalite-mediatique\/","og_site_name":"starstory","og_image":[{"width":1536,"height":640,"url":"https:\/\/starstory.fr\/blog\/wp-content\/uploads\/2025\/03\/sdxl-4a83c20ed65341d89404fef3bffd4fa7.png","type":"image\/png"}],"author":"Rapha\u00ebl D.","twitter_card":"summary_large_image","schema":{"@context":"https:\/\/schema.org","@graph":[{"@type":"NewsArticle","@id":"https:\/\/starstory.fr\/blog\/a-la-une\/cyril-hanouna-vs-karine-le-marchand-chronique-dune-rivalite-mediatique\/#article","isPartOf":{"@id":"https:\/\/starstory.fr\/blog\/a-la-une\/cyril-hanouna-vs-karine-le-marchand-chronique-dune-rivalite-mediatique\/"},"author":{"name":"Rapha\u00ebl D.","@id":"https:\/\/starstory.fr\/blog\/#\/schema\/person\/3c864cdc320801e3db34b663e7e3f816"},"headline":"Cyril Hanouna vs Karine Le Marchand : Chronique d&rsquo;une rivalit\u00e9 m\u00e9diatique","datePublished":"2025-03-09T23:51:37+00:00","mainEntityOfPage":{"@id":"https:\/\/starstory.fr\/blog\/a-la-une\/cyril-hanouna-vs-karine-le-marchand-chronique-dune-rivalite-mediatique\/"},"wordCount":1416,"commentCount":0,"publisher":{"@id":"https:\/\/starstory.fr\/blog\/#organization"},"image":{"@id":"https:\/\/starstory.fr\/blog\/a-la-une\/cyril-hanouna-vs-karine-le-marchand-chronique-dune-rivalite-mediatique\/#primaryimage"},"thumbnailUrl":"https:\/\/starstory.fr\/blog\/wp-content\/uploads\/2025\/03\/sdxl-4a83c20ed65341d89404fef3bffd4fa7.png","keywords":["animateurs","polemique","television"],"articleSection":["\u00c0 la une"],"inLanguage":"fr-FR","potentialAction":[{"@type":"CommentAction","name":"Comment","target":["https:\/\/starstory.fr\/blog\/a-la-une\/cyril-hanouna-vs-karine-le-marchand-chronique-dune-rivalite-mediatique\/#respond"]}]},{"@type":"WebPage","@id":"https:\/\/starstory.fr\/blog\/a-la-une\/cyril-hanouna-vs-karine-le-marchand-chronique-dune-rivalite-mediatique\/","url":"https:\/\/starstory.fr\/blog\/a-la-une\/cyril-hanouna-vs-karine-le-marchand-chronique-dune-rivalite-mediatique\/","name":"Cyril Hanouna vs Karine Le Marchand","isPartOf":{"@id":"https:\/\/starstory.fr\/blog\/#website"},"primaryImageOfPage":{"@id":"https:\/\/starstory.fr\/blog\/a-la-une\/cyril-hanouna-vs-karine-le-marchand-chronique-dune-rivalite-mediatique\/#primaryimage"},"image":{"@id":"https:\/\/starstory.fr\/blog\/a-la-une\/cyril-hanouna-vs-karine-le-marchand-chronique-dune-rivalite-mediatique\/#primaryimage"},"thumbnailUrl":"https:\/\/starstory.fr\/blog\/wp-content\/uploads\/2025\/03\/sdxl-4a83c20ed65341d89404fef3bffd4fa7.png","datePublished":"2025-03-09T23:51:37+00:00","description":"La gen\u00e8se de ce conflit remonte \u00e0 2016, ann\u00e9e charni\u00e8re qui a vu na\u00eetre les premi\u00e8res tensions entre Cyril Hanouna et Karine Le Marchand","inLanguage":"fr-FR","potentialAction":[{"@type":"ReadAction","target":["https:\/\/starstory.fr\/blog\/a-la-une\/cyril-hanouna-vs-karine-le-marchand-chronique-dune-rivalite-mediatique\/"]}]},{"@type":"ImageObject","inLanguage":"fr-FR","@id":"https:\/\/starstory.fr\/blog\/a-la-une\/cyril-hanouna-vs-karine-le-marchand-chronique-dune-rivalite-mediatique\/#primaryimage","url":"https:\/\/starstory.fr\/blog\/wp-content\/uploads\/2025\/03\/sdxl-4a83c20ed65341d89404fef3bffd4fa7.png","contentUrl":"https:\/\/starstory.fr\/blog\/wp-content\/uploads\/2025\/03\/sdxl-4a83c20ed65341d89404fef3bffd4fa7.png","width":1536,"height":640},{"@type":"WebSite","@id":"https:\/\/starstory.fr\/blog\/#website","url":"https:\/\/starstory.fr\/blog\/","name":"StarStory","description":"StarStory, les \u00e9toiles racontent leur histoire","publisher":{"@id":"https:\/\/starstory.fr\/blog\/#organization"},"alternateName":"StarStory, les \u00e9toiles racontent leur histoire","potentialAction":[{"@type":"SearchAction","target":{"@type":"EntryPoint","urlTemplate":"https:\/\/starstory.fr\/blog\/?s={search_term_string}"},"query-input":{"@type":"PropertyValueSpecification","valueRequired":true,"valueName":"search_term_string"}}],"inLanguage":"fr-FR"},{"@type":"Organization","@id":"https:\/\/starstory.fr\/blog\/#organization","name":"StarStory","alternateName":"StarStory.fr","url":"https:\/\/starstory.fr\/blog\/","logo":{"@type":"ImageObject","inLanguage":"fr-FR","@id":"https:\/\/starstory.fr\/blog\/#\/schema\/logo\/image\/","url":"https:\/\/starstory.fr\/blog\/wp-content\/uploads\/2024\/12\/38.png","contentUrl":"https:\/\/starstory.fr\/blog\/wp-content\/uploads\/2024\/12\/38.png","width":500,"height":500,"caption":"StarStory"},"image":{"@id":"https:\/\/starstory.fr\/blog\/#\/schema\/logo\/image\/"}},{"@type":"Person","@id":"https:\/\/starstory.fr\/blog\/#\/schema\/person\/3c864cdc320801e3db34b663e7e3f816","name":"Rapha\u00ebl D.","image":{"@type":"ImageObject","inLanguage":"fr-FR","@id":"https:\/\/starstory.fr\/blog\/#\/schema\/person\/image\/","url":"https:\/\/starstory.fr\/blog\/wp-content\/uploads\/2026\/06\/persona_raphael-d-96x96.jpg","contentUrl":"https:\/\/starstory.fr\/blog\/wp-content\/uploads\/2026\/06\/persona_raphael-d-96x96.jpg","caption":"Rapha\u00ebl D."},"description":"La culture est mon terrain de jeu depuis une dizaine d'ann\u00e9es : arts visuels, s\u00e9ries, cr\u00e9ation et tout ce qui nourrit l'imaginaire. J'\u00e9cris aussi bien sur l'actualit\u00e9 des \u0153uvres que sur les coulisses de la cr\u00e9ation, avec l'envie de relier l'amateur curieux \u00e0 des univers parfois jug\u00e9s intimidants. J'aime analyser une s\u00e9rie ou une d\u00e9marche artistique sans p\u00e9dantisme, replacer une \u0153uvre dans son contexte et donner des cl\u00e9s de lecture accessibles. Avant de publier, je v\u00e9rifie mes r\u00e9f\u00e9rences, je recoupe les sources et je distingue clairement le fait de mon interpr\u00e9tation subjective. Je crois qu'une critique vaut surtout par les arguments qu'elle expose, pas par la sentence qu'elle rend. Mon angle : transmettre l'envie de d\u00e9couvrir, de regarder autrement et de se forger son propre go\u00fbt. La culture n'appartient pas qu'aux initi\u00e9s, et c'est tout l'enjeu de mon \u00e9criture.","url":"https:\/\/starstory.fr\/blog\/auteur\/noname\/","jobTitle":"R\u00e9dacteur en chef \u00b7 Culture & Cr\u00e9ation","knowsAbout":["Culture","Cr\u00e9ation"],"email":"raphael.d@a-l-asso-de-l-art.fr"}]}},"_links":{"self":[{"href":"https:\/\/starstory.fr\/blog\/wp-json\/wp\/v2\/posts\/7436","targetHints":{"allow":["GET"]}}],"collection":[{"href":"https:\/\/starstory.fr\/blog\/wp-json\/wp\/v2\/posts"}],"about":[{"href":"https:\/\/starstory.fr\/blog\/wp-json\/wp\/v2\/types\/post"}],"author":[{"embeddable":true,"href":"https:\/\/starstory.fr\/blog\/wp-json\/wp\/v2\/users\/34"}],"replies":[{"embeddable":true,"href":"https:\/\/starstory.fr\/blog\/wp-json\/wp\/v2\/comments?post=7436"}],"version-history":[{"count":0,"href":"https:\/\/starstory.fr\/blog\/wp-json\/wp\/v2\/posts\/7436\/revisions"}],"wp:featuredmedia":[{"embeddable":true,"href":"https:\/\/starstory.fr\/blog\/wp-json\/wp\/v2\/media\/7443"}],"wp:attachment":[{"href":"https:\/\/starstory.fr\/blog\/wp-json\/wp\/v2\/media?parent=7436"}],"wp:term":[{"taxonomy":"category","embeddable":true,"href":"https:\/\/starstory.fr\/blog\/wp-json\/wp\/v2\/categories?post=7436"},{"taxonomy":"post_tag","embeddable":true,"href":"https:\/\/starstory.fr\/blog\/wp-json\/wp\/v2\/tags?post=7436"}],"curies":[{"name":"wp","href":"https:\/\/api.w.org\/{rel}","templated":true}]}}