{"id":7428,"date":"2026-08-31T20:02:18","date_gmt":"2026-08-31T18:02:18","guid":{"rendered":"https:\/\/starstory.fr\/blog\/a-la-une\/lea-salame-lascension-fulgurante-dune-journaliste-franco-libanaise\/"},"modified":"2026-08-31T20:04:20","modified_gmt":"2026-08-31T18:04:20","slug":"lea-salame-lascension-fulgurante-dune-journaliste-franco-libanaise","status":"publish","type":"post","link":"https:\/\/starstory.fr\/blog\/a-la-une\/lea-salame-lascension-fulgurante-dune-journaliste-franco-libanaise\/","title":{"rendered":"L\u00e9a Salam\u00e9 : formation et carri\u00e8re d&rsquo;une journaliste franco-libanaise"},"content":{"rendered":"<link rel=\"stylesheet\" href=\"https:\/\/fonts.googleapis.com\/css2?family=Fraunces:opsz,wght@9..144,600..900&#038;family=Inter:wght@400;500;600&#038;family=JetBrains+Mono:wght@500&#038;display=swap\">\n<style>\n.ss-portrait-wrap{font-family:'Inter',-apple-system,sans-serif;color:#241f1a;line-height:1.65;font-size:17px;}\n.ss-portrait-wrap h2{font-family:'Fraunces',serif;font-weight:700;font-size:clamp(22px,3vw,30px);letter-spacing:-0.01em;color:#241f1a;margin:44px 0 14px;}\n.ss-portrait-fiche{background:#f6f1e9;border-left:5px solid #8a4b3b;border-radius:0 8px 8px 0;padding:24px 28px;margin:24px 0 32px;}\n.ss-portrait-fiche .eyebrow{font-family:'JetBrains Mono',monospace;font-size:11px;text-transform:uppercase;letter-spacing:2px;color:#8a4b3b;font-weight:600;display:block;margin-bottom:10px;}\n.ss-portrait-fiche dl{display:grid;grid-template-columns:auto 1fr;gap:8px 16px;margin:0;font-size:15px;}\n.ss-portrait-fiche dt{font-weight:600;color:#5c4a3c;}\n.ss-portrait-fiche dd{margin:0;}\n.ss-portrait-timeline{list-style:none;margin:20px 0;padding:0;border-left:3px solid #e3d6c6;}\n.ss-portrait-timeline li{position:relative;padding:2px 0 22px 26px;}\n.ss-portrait-timeline li::before{content:'';position:absolute;left:-8px;top:6px;width:12px;height:12px;border-radius:50%;background:#8a4b3b;box-shadow:0 0 0 3px #fff;}\n.ss-portrait-timeline .date{font-family:'JetBrains Mono',monospace;font-size:12px;font-weight:600;color:#8a4b3b;display:block;margin-bottom:3px;}\n.ss-portrait-card{background:#fff;border:1px solid #e8e1d5;border-radius:10px;padding:22px 24px;box-shadow:0 1px 2px rgba(36,31,26,.05),0 12px 28px -18px rgba(36,31,26,.25);transition:.25s ease;margin:24px 0;}\n.ss-portrait-card:hover{transform:translateY(-3px);box-shadow:0 4px 10px rgba(36,31,26,.08),0 18px 34px -18px rgba(36,31,26,.3);}\n.ss-portrait-retenir{background:#241f1a;color:#f6f1e9;border-radius:10px;padding:26px 28px;margin:36px 0;}\n.ss-portrait-retenir .eyebrow{font-family:'JetBrains Mono',monospace;font-size:11px;text-transform:uppercase;letter-spacing:2px;color:#e0a983;font-weight:600;display:block;margin-bottom:14px;}\n.ss-portrait-retenir ul{margin:0;padding-left:20px;}\n.ss-portrait-retenir li{margin-bottom:8px;}\n.ss-portrait-faq{margin:32px 0;}\n.ss-portrait-faq details{border:1px solid #e8e1d5;border-radius:8px;margin-bottom:10px;padding:14px 18px;}\n.ss-portrait-faq summary{font-weight:600;cursor:pointer;color:#241f1a;}\n.ss-portrait-faq summary::marker{color:#8a4b3b;}\n.ss-portrait-source{font-size:13px;color:#7a7168;font-style:italic;margin-top:36px;}\n<\/style>\n<div class=\"ss-portrait-wrap\">\n<p>L\u00e9a Salam\u00e9 s&rsquo;est impos\u00e9e en une vingtaine d&rsquo;ann\u00e9es comme l&rsquo;une des intervieweuses les plus reconnues du paysage audiovisuel fran\u00e7ais, entre radio publique et grands rendez-vous de France 2. Formation, employeurs successifs et \u00e9missions pr\u00e9sent\u00e9es, dat\u00e9s et v\u00e9rifi\u00e9s \u2014 sans anecdote ni jugement.<\/p>\n<div class=\"ss-portrait-fiche\">\n<span class=\"eyebrow\">Fiche<\/span><\/p>\n<dl>\n<dt>N\u00e9e le<\/dt>\n<dd>27 octobre 1979, \u00e0 Beyrouth (Liban)<\/dd>\n<dt>Formation<\/dt>\n<dd>droit (Panth\u00e9on-Assas), Sciences Po Paris (promotion 2002)<\/dd>\n<dt>Connue pour<\/dt>\n<dd>l&rsquo;interview politique de la matinale de France Inter (2014-2017), les d\u00e9bats de \u00ab On n&rsquo;est pas couch\u00e9 \u00bb et \u00ab L&rsquo;\u00c9mission politique \u00bb sur France 2, puis l&rsquo;animation de \u00ab Quelle \u00e9poque ! \u00bb depuis septembre 2022<\/dd>\n<\/dl>\n<\/div>\n<h2>Formation<\/h2>\n<p>L\u00e9a Salam\u00e9 est scolaris\u00e9e \u00e0 l&rsquo;<strong>\u00c9cole alsacienne<\/strong>, \u00e0 Paris. Elle entame ensuite des \u00e9tudes de droit \u00e0 l&rsquo;<strong>universit\u00e9 Panth\u00e9on-Assas<\/strong>, avant d&rsquo;int\u00e9grer <strong>Sciences Po Paris<\/strong> (promotion 2002). Son parcours universitaire comprend \u00e9galement une ann\u00e9e d&rsquo;\u00e9tudes \u00e0 l&rsquo;<strong>universit\u00e9 de New York<\/strong>.<\/p>\n<h2>D\u00e9buts : Public S\u00e9nat puis France 24 (2003-2010)<\/h2>\n<p>L\u00e9a Salam\u00e9 d\u00e9bute sa carri\u00e8re de journaliste \u00e0 <strong>Public S\u00e9nat<\/strong>, de 2003 \u00e0 2006, o\u00f9 elle participe notamment au magazine <em>Paroles du monde<\/em> et \u00e0 des tranches d&rsquo;information. En 2006, elle rejoint <strong>France 24<\/strong>, cha\u00eene d&rsquo;information internationale alors nouvellement cr\u00e9\u00e9e, o\u00f9 elle pr\u00e9sente jusqu&rsquo;en 2010 le journal du soir, <em>La Soir\u00e9e<\/em>.<\/p>\n<h2>i-T\u00e9l\u00e9, puis France 2 et France Inter (2011-2022)<\/h2>\n<ul class=\"ss-portrait-timeline\">\n<li><span class=\"date\">2011-2014<\/span>i-T\u00e9l\u00e9 (aujourd&rsquo;hui CNews) : pr\u00e9sentation d&rsquo;\u00e9missions politiques et de d\u00e9bats d&rsquo;actualit\u00e9.<\/li>\n<li><span class=\"date\">2014-2017<\/span>France Inter : interview politique quotidienne de 7h50 dans la matinale.<\/li>\n<li><span class=\"date\">2014-2016<\/span>France 2 : chroniqueuse dans \u00ab On n&rsquo;est pas couch\u00e9 \u00bb.<\/li>\n<li><span class=\"date\">2016-2022<\/span>France 2 : pr\u00e9sentation de \u00ab L&rsquo;\u00c9mission politique \u00bb.<\/li>\n<li><span class=\"date\">2019-2020<\/span>France Inter : pr\u00e9sentation de \u00ab Femmes puissantes \u00bb.<\/li>\n<li><span class=\"date\">Depuis septembre 2022<\/span>France 2 : pr\u00e9sentation de \u00ab Quelle \u00e9poque ! \u00bb, le samedi soir.<\/li>\n<\/ul>\n<h2>Distinctions<\/h2>\n<div class=\"ss-portrait-card\">\n<p>L\u00e9a Salam\u00e9 a \u00e9t\u00e9 d\u00e9sign\u00e9e <strong>\u00ab Femme de l&rsquo;ann\u00e9e 2014 \u00bb<\/strong> par le magazine <em>GQ<\/em>, et a re\u00e7u en 2015 le <strong>prix Philippe-Caloni<\/strong>, qui r\u00e9compense la meilleure intervieweuse de l&rsquo;ann\u00e9e.<\/p>\n<\/div>\n<div class=\"ss-portrait-retenir\">\n<span class=\"eyebrow\">\u00c0 retenir<\/span><\/p>\n<ul>\n<li>N\u00e9e le 27 octobre 1979 \u00e0 Beyrouth ; scolarit\u00e9 \u00e0 l&rsquo;\u00c9cole alsacienne, \u00e0 Paris.<\/li>\n<li>Formation en droit (Panth\u00e9on-Assas) puis \u00e0 Sciences Po Paris (promotion 2002).<\/li>\n<li>Carri\u00e8re lanc\u00e9e \u00e0 Public S\u00e9nat (2003-2006), poursuivie \u00e0 France 24, i-T\u00e9l\u00e9, France 2 et France Inter.<\/li>\n<li>Interview politique de la matinale de France Inter de 2014 \u00e0 2017.<\/li>\n<li>Anime \u00ab Quelle \u00e9poque ! \u00bb sur France 2 depuis septembre 2022.<\/li>\n<li>\u00ab Femme de l&rsquo;ann\u00e9e 2014 \u00bb (GQ) ; prix Philippe-Caloni 2015.<\/li>\n<\/ul>\n<\/div>\n<div class=\"ss-portrait-faq\">\n<details>\n<summary>O\u00f9 et quand L\u00e9a Salam\u00e9 est-elle n\u00e9e ?<\/summary>\n<p>Le 27 octobre 1979, \u00e0 Beyrouth, au Liban.<\/p>\n<\/details>\n<details>\n<summary>Quelle formation a suivi L\u00e9a Salam\u00e9 ?<\/summary>\n<p>Apr\u00e8s une scolarit\u00e9 \u00e0 l&rsquo;\u00c9cole alsacienne \u00e0 Paris, elle a \u00e9tudi\u00e9 le droit \u00e0 l&rsquo;universit\u00e9 Panth\u00e9on-Assas puis int\u00e9gr\u00e9 Sciences Po Paris (promotion 2002), avec une ann\u00e9e d&rsquo;\u00e9tudes \u00e0 l&rsquo;universit\u00e9 de New York.<\/p>\n<\/details>\n<details>\n<summary>Quelles \u00e9missions L\u00e9a Salam\u00e9 a-t-elle pr\u00e9sent\u00e9es ?<\/summary>\n<p>Entre autres : le journal du soir de France 24 (2006-2010), des \u00e9missions de d\u00e9bat sur i-T\u00e9l\u00e9 (2011-2014), l&rsquo;interview politique de la matinale de France Inter (2014-2017), \u00ab On n&rsquo;est pas couch\u00e9 \u00bb et \u00ab L&rsquo;\u00c9mission politique \u00bb sur France 2, et \u00ab Quelle \u00e9poque ! \u00bb depuis septembre 2022.<\/p>\n<\/details>\n<details>\n<summary>Quelles distinctions L\u00e9a Salam\u00e9 a-t-elle re\u00e7ues ?<\/summary>\n<p>Le titre de \u00ab Femme de l&rsquo;ann\u00e9e 2014 \u00bb d\u00e9cern\u00e9 par le magazine GQ, et le prix Philippe-Caloni 2015 de la meilleure intervieweuse.<\/p>\n<\/details>\n<\/div>\n<\/div>\n","protected":false},"excerpt":{"rendered":"","protected":false},"author":34,"featured_media":7446,"comment_status":"open","ping_status":"open","sticky":false,"template":"","format":"standard","meta":{"_acf_changed":false,"manual_indexmenow":false,"indexmenow_id_project":0,"footnotes":""},"categories":[1],"tags":[4580,4578,4579],"class_list":["post-7428","post","type-post","status-publish","format-standard","has-post-thumbnail","hentry","category-a-la-une","tag-francolebanais","tag-journaliste","tag-leasalame","generate-columns","tablet-grid-50","mobile-grid-100","grid-parent","grid-25"],"acf":[],"yoast_head":"<!-- This site is optimized with the Yoast SEO Premium plugin v21.3 (Yoast SEO v26.5) - https:\/\/yoast.com\/wordpress\/plugins\/seo\/ -->\n<title>L\u00e9a Salam\u00e9 : formation et carri\u00e8re d&#039;une journaliste franco-libanaise<\/title>\n<meta name=\"description\" content=\"L\u00e9a Salam\u00e9, journaliste franco-libanaise n\u00e9e le 27 octobre 1979 \u00e0 Beyrouth : formation, parcours professionnel dat\u00e9 (France 24, i-T\u00e9l\u00e9, France Inter, France 2) et distinctions.\" \/>\n<meta name=\"robots\" content=\"index, follow, max-snippet:-1, max-image-preview:large, max-video-preview:-1\" \/>\n<link rel=\"canonical\" href=\"https:\/\/starstory.fr\/blog\/a-la-une\/lea-salame-lascension-fulgurante-dune-journaliste-franco-libanaise\/\" \/>\n<meta property=\"og:locale\" content=\"fr_FR\" \/>\n<meta property=\"og:type\" content=\"article\" \/>\n<meta property=\"og:title\" content=\"L\u00e9a Salam\u00e9 : formation et carri\u00e8re d&#039;une journaliste franco-libanaise\" \/>\n<meta property=\"og:description\" content=\"L\u00e9a Salam\u00e9, journaliste franco-libanaise n\u00e9e le 27 octobre 1979 \u00e0 Beyrouth : formation, parcours professionnel dat\u00e9 (France 24, i-T\u00e9l\u00e9, France Inter, France 2) et distinctions.\" \/>\n<meta property=\"og:url\" content=\"https:\/\/starstory.fr\/blog\/a-la-une\/lea-salame-lascension-fulgurante-dune-journaliste-franco-libanaise\/\" \/>\n<meta property=\"og:site_name\" content=\"starstory\" \/>\n<meta property=\"og:image\" content=\"https:\/\/starstory.fr\/blog\/wp-content\/uploads\/2025\/03\/sdxl-7f0eec33f9b102953ee205b07be21dca.png\" \/>\n\t<meta property=\"og:image:width\" content=\"1536\" \/>\n\t<meta property=\"og:image:height\" content=\"640\" \/>\n\t<meta property=\"og:image:type\" content=\"image\/png\" \/>\n<meta name=\"author\" content=\"Rapha\u00ebl D.\" \/>\n<meta name=\"twitter:card\" content=\"summary_large_image\" \/>\n<script type=\"application\/ld+json\" class=\"yoast-schema-graph\">{\"@context\":\"https:\/\/schema.org\",\"@graph\":[{\"@type\":\"NewsArticle\",\"@id\":\"https:\/\/starstory.fr\/blog\/a-la-une\/lea-salame-lascension-fulgurante-dune-journaliste-franco-libanaise\/#article\",\"isPartOf\":{\"@id\":\"https:\/\/starstory.fr\/blog\/a-la-une\/lea-salame-lascension-fulgurante-dune-journaliste-franco-libanaise\/\"},\"author\":{\"name\":\"Rapha\u00ebl D.\",\"@id\":\"https:\/\/starstory.fr\/blog\/#\/schema\/person\/3c864cdc320801e3db34b663e7e3f816\"},\"headline\":\"L\u00e9a Salam\u00e9 : formation et carri\u00e8re d&rsquo;une journaliste franco-libanaise\",\"datePublished\":\"2026-08-31T18:02:18+00:00\",\"dateModified\":\"2026-08-31T18:04:20+00:00\",\"mainEntityOfPage\":{\"@id\":\"https:\/\/starstory.fr\/blog\/a-la-une\/lea-salame-lascension-fulgurante-dune-journaliste-franco-libanaise\/\"},\"wordCount\":528,\"commentCount\":0,\"publisher\":{\"@id\":\"https:\/\/starstory.fr\/blog\/#organization\"},\"image\":{\"@id\":\"https:\/\/starstory.fr\/blog\/a-la-une\/lea-salame-lascension-fulgurante-dune-journaliste-franco-libanaise\/#primaryimage\"},\"thumbnailUrl\":\"https:\/\/starstory.fr\/blog\/wp-content\/uploads\/2025\/03\/sdxl-7f0eec33f9b102953ee205b07be21dca.png\",\"keywords\":[\"francolebanais\",\"journaliste\",\"leasalame\"],\"articleSection\":[\"\u00c0 la une\"],\"inLanguage\":\"fr-FR\",\"potentialAction\":[{\"@type\":\"CommentAction\",\"name\":\"Comment\",\"target\":[\"https:\/\/starstory.fr\/blog\/a-la-une\/lea-salame-lascension-fulgurante-dune-journaliste-franco-libanaise\/#respond\"]}]},{\"@type\":\"WebPage\",\"@id\":\"https:\/\/starstory.fr\/blog\/a-la-une\/lea-salame-lascension-fulgurante-dune-journaliste-franco-libanaise\/\",\"url\":\"https:\/\/starstory.fr\/blog\/a-la-une\/lea-salame-lascension-fulgurante-dune-journaliste-franco-libanaise\/\",\"name\":\"L\u00e9a Salam\u00e9 : formation et carri\u00e8re d'une journaliste franco-libanaise\",\"isPartOf\":{\"@id\":\"https:\/\/starstory.fr\/blog\/#website\"},\"primaryImageOfPage\":{\"@id\":\"https:\/\/starstory.fr\/blog\/a-la-une\/lea-salame-lascension-fulgurante-dune-journaliste-franco-libanaise\/#primaryimage\"},\"image\":{\"@id\":\"https:\/\/starstory.fr\/blog\/a-la-une\/lea-salame-lascension-fulgurante-dune-journaliste-franco-libanaise\/#primaryimage\"},\"thumbnailUrl\":\"https:\/\/starstory.fr\/blog\/wp-content\/uploads\/2025\/03\/sdxl-7f0eec33f9b102953ee205b07be21dca.png\",\"datePublished\":\"2026-08-31T18:02:18+00:00\",\"dateModified\":\"2026-08-31T18:04:20+00:00\",\"description\":\"L\u00e9a Salam\u00e9, journaliste franco-libanaise n\u00e9e le 27 octobre 1979 \u00e0 Beyrouth : formation, parcours professionnel dat\u00e9 (France 24, i-T\u00e9l\u00e9, France Inter, France 2) et distinctions.\",\"inLanguage\":\"fr-FR\",\"potentialAction\":[{\"@type\":\"ReadAction\",\"target\":[\"https:\/\/starstory.fr\/blog\/a-la-une\/lea-salame-lascension-fulgurante-dune-journaliste-franco-libanaise\/\"]}]},{\"@type\":\"ImageObject\",\"inLanguage\":\"fr-FR\",\"@id\":\"https:\/\/starstory.fr\/blog\/a-la-une\/lea-salame-lascension-fulgurante-dune-journaliste-franco-libanaise\/#primaryimage\",\"url\":\"https:\/\/starstory.fr\/blog\/wp-content\/uploads\/2025\/03\/sdxl-7f0eec33f9b102953ee205b07be21dca.png\",\"contentUrl\":\"https:\/\/starstory.fr\/blog\/wp-content\/uploads\/2025\/03\/sdxl-7f0eec33f9b102953ee205b07be21dca.png\",\"width\":1536,\"height\":640},{\"@type\":\"WebSite\",\"@id\":\"https:\/\/starstory.fr\/blog\/#website\",\"url\":\"https:\/\/starstory.fr\/blog\/\",\"name\":\"StarStory\",\"description\":\"StarStory, les \u00e9toiles racontent leur histoire\",\"publisher\":{\"@id\":\"https:\/\/starstory.fr\/blog\/#organization\"},\"alternateName\":\"StarStory, les \u00e9toiles racontent leur histoire\",\"potentialAction\":[{\"@type\":\"SearchAction\",\"target\":{\"@type\":\"EntryPoint\",\"urlTemplate\":\"https:\/\/starstory.fr\/blog\/?s={search_term_string}\"},\"query-input\":{\"@type\":\"PropertyValueSpecification\",\"valueRequired\":true,\"valueName\":\"search_term_string\"}}],\"inLanguage\":\"fr-FR\"},{\"@type\":\"Organization\",\"@id\":\"https:\/\/starstory.fr\/blog\/#organization\",\"name\":\"StarStory\",\"alternateName\":\"StarStory.fr\",\"url\":\"https:\/\/starstory.fr\/blog\/\",\"logo\":{\"@type\":\"ImageObject\",\"inLanguage\":\"fr-FR\",\"@id\":\"https:\/\/starstory.fr\/blog\/#\/schema\/logo\/image\/\",\"url\":\"https:\/\/starstory.fr\/blog\/wp-content\/uploads\/2024\/12\/38.png\",\"contentUrl\":\"https:\/\/starstory.fr\/blog\/wp-content\/uploads\/2024\/12\/38.png\",\"width\":500,\"height\":500,\"caption\":\"StarStory\"},\"image\":{\"@id\":\"https:\/\/starstory.fr\/blog\/#\/schema\/logo\/image\/\"}},{\"@type\":\"Person\",\"@id\":\"https:\/\/starstory.fr\/blog\/#\/schema\/person\/3c864cdc320801e3db34b663e7e3f816\",\"name\":\"Rapha\u00ebl D.\",\"image\":{\"@type\":\"ImageObject\",\"inLanguage\":\"fr-FR\",\"@id\":\"https:\/\/starstory.fr\/blog\/#\/schema\/person\/image\/\",\"url\":\"https:\/\/starstory.fr\/blog\/wp-content\/uploads\/2026\/06\/persona_raphael-d-96x96.jpg\",\"contentUrl\":\"https:\/\/starstory.fr\/blog\/wp-content\/uploads\/2026\/06\/persona_raphael-d-96x96.jpg\",\"caption\":\"Rapha\u00ebl D.\"},\"description\":\"La culture est mon terrain de jeu depuis une dizaine d'ann\u00e9es : arts visuels, s\u00e9ries, cr\u00e9ation et tout ce qui nourrit l'imaginaire. J'\u00e9cris aussi bien sur l'actualit\u00e9 des \u0153uvres que sur les coulisses de la cr\u00e9ation, avec l'envie de relier l'amateur curieux \u00e0 des univers parfois jug\u00e9s intimidants. J'aime analyser une s\u00e9rie ou une d\u00e9marche artistique sans p\u00e9dantisme, replacer une \u0153uvre dans son contexte et donner des cl\u00e9s de lecture accessibles. Avant de publier, je v\u00e9rifie mes r\u00e9f\u00e9rences, je recoupe les sources et je distingue clairement le fait de mon interpr\u00e9tation subjective. Je crois qu'une critique vaut surtout par les arguments qu'elle expose, pas par la sentence qu'elle rend. Mon angle : transmettre l'envie de d\u00e9couvrir, de regarder autrement et de se forger son propre go\u00fbt. La culture n'appartient pas qu'aux initi\u00e9s, et c'est tout l'enjeu de mon \u00e9criture.\",\"url\":\"https:\/\/starstory.fr\/blog\/auteur\/noname\/\",\"jobTitle\":\"R\u00e9dacteur en chef \u00b7 Culture & Cr\u00e9ation\",\"knowsAbout\":[\"Culture\",\"Cr\u00e9ation\"],\"email\":\"raphael.d@a-l-asso-de-l-art.fr\"}]}<\/script>\n<!-- \/ Yoast SEO Premium plugin. -->","yoast_head_json":{"title":"L\u00e9a Salam\u00e9 : formation et carri\u00e8re d'une journaliste franco-libanaise","description":"L\u00e9a Salam\u00e9, journaliste franco-libanaise n\u00e9e le 27 octobre 1979 \u00e0 Beyrouth : formation, parcours professionnel dat\u00e9 (France 24, i-T\u00e9l\u00e9, France Inter, France 2) et distinctions.","robots":{"index":"index","follow":"follow","max-snippet":"max-snippet:-1","max-image-preview":"max-image-preview:large","max-video-preview":"max-video-preview:-1"},"canonical":"https:\/\/starstory.fr\/blog\/a-la-une\/lea-salame-lascension-fulgurante-dune-journaliste-franco-libanaise\/","og_locale":"fr_FR","og_type":"article","og_title":"L\u00e9a Salam\u00e9 : formation et carri\u00e8re d'une journaliste franco-libanaise","og_description":"L\u00e9a Salam\u00e9, journaliste franco-libanaise n\u00e9e le 27 octobre 1979 \u00e0 Beyrouth : formation, parcours professionnel dat\u00e9 (France 24, i-T\u00e9l\u00e9, France Inter, France 2) et distinctions.","og_url":"https:\/\/starstory.fr\/blog\/a-la-une\/lea-salame-lascension-fulgurante-dune-journaliste-franco-libanaise\/","og_site_name":"starstory","og_image":[{"width":1536,"height":640,"url":"https:\/\/starstory.fr\/blog\/wp-content\/uploads\/2025\/03\/sdxl-7f0eec33f9b102953ee205b07be21dca.png","type":"image\/png"}],"author":"Rapha\u00ebl D.","twitter_card":"summary_large_image","schema":{"@context":"https:\/\/schema.org","@graph":[{"@type":"NewsArticle","@id":"https:\/\/starstory.fr\/blog\/a-la-une\/lea-salame-lascension-fulgurante-dune-journaliste-franco-libanaise\/#article","isPartOf":{"@id":"https:\/\/starstory.fr\/blog\/a-la-une\/lea-salame-lascension-fulgurante-dune-journaliste-franco-libanaise\/"},"author":{"name":"Rapha\u00ebl D.","@id":"https:\/\/starstory.fr\/blog\/#\/schema\/person\/3c864cdc320801e3db34b663e7e3f816"},"headline":"L\u00e9a Salam\u00e9 : formation et carri\u00e8re d&rsquo;une journaliste franco-libanaise","datePublished":"2026-08-31T18:02:18+00:00","dateModified":"2026-08-31T18:04:20+00:00","mainEntityOfPage":{"@id":"https:\/\/starstory.fr\/blog\/a-la-une\/lea-salame-lascension-fulgurante-dune-journaliste-franco-libanaise\/"},"wordCount":528,"commentCount":0,"publisher":{"@id":"https:\/\/starstory.fr\/blog\/#organization"},"image":{"@id":"https:\/\/starstory.fr\/blog\/a-la-une\/lea-salame-lascension-fulgurante-dune-journaliste-franco-libanaise\/#primaryimage"},"thumbnailUrl":"https:\/\/starstory.fr\/blog\/wp-content\/uploads\/2025\/03\/sdxl-7f0eec33f9b102953ee205b07be21dca.png","keywords":["francolebanais","journaliste","leasalame"],"articleSection":["\u00c0 la une"],"inLanguage":"fr-FR","potentialAction":[{"@type":"CommentAction","name":"Comment","target":["https:\/\/starstory.fr\/blog\/a-la-une\/lea-salame-lascension-fulgurante-dune-journaliste-franco-libanaise\/#respond"]}]},{"@type":"WebPage","@id":"https:\/\/starstory.fr\/blog\/a-la-une\/lea-salame-lascension-fulgurante-dune-journaliste-franco-libanaise\/","url":"https:\/\/starstory.fr\/blog\/a-la-une\/lea-salame-lascension-fulgurante-dune-journaliste-franco-libanaise\/","name":"L\u00e9a Salam\u00e9 : formation et carri\u00e8re d'une journaliste franco-libanaise","isPartOf":{"@id":"https:\/\/starstory.fr\/blog\/#website"},"primaryImageOfPage":{"@id":"https:\/\/starstory.fr\/blog\/a-la-une\/lea-salame-lascension-fulgurante-dune-journaliste-franco-libanaise\/#primaryimage"},"image":{"@id":"https:\/\/starstory.fr\/blog\/a-la-une\/lea-salame-lascension-fulgurante-dune-journaliste-franco-libanaise\/#primaryimage"},"thumbnailUrl":"https:\/\/starstory.fr\/blog\/wp-content\/uploads\/2025\/03\/sdxl-7f0eec33f9b102953ee205b07be21dca.png","datePublished":"2026-08-31T18:02:18+00:00","dateModified":"2026-08-31T18:04:20+00:00","description":"L\u00e9a Salam\u00e9, journaliste franco-libanaise n\u00e9e le 27 octobre 1979 \u00e0 Beyrouth : formation, parcours professionnel dat\u00e9 (France 24, i-T\u00e9l\u00e9, France Inter, France 2) et distinctions.","inLanguage":"fr-FR","potentialAction":[{"@type":"ReadAction","target":["https:\/\/starstory.fr\/blog\/a-la-une\/lea-salame-lascension-fulgurante-dune-journaliste-franco-libanaise\/"]}]},{"@type":"ImageObject","inLanguage":"fr-FR","@id":"https:\/\/starstory.fr\/blog\/a-la-une\/lea-salame-lascension-fulgurante-dune-journaliste-franco-libanaise\/#primaryimage","url":"https:\/\/starstory.fr\/blog\/wp-content\/uploads\/2025\/03\/sdxl-7f0eec33f9b102953ee205b07be21dca.png","contentUrl":"https:\/\/starstory.fr\/blog\/wp-content\/uploads\/2025\/03\/sdxl-7f0eec33f9b102953ee205b07be21dca.png","width":1536,"height":640},{"@type":"WebSite","@id":"https:\/\/starstory.fr\/blog\/#website","url":"https:\/\/starstory.fr\/blog\/","name":"StarStory","description":"StarStory, les \u00e9toiles racontent leur histoire","publisher":{"@id":"https:\/\/starstory.fr\/blog\/#organization"},"alternateName":"StarStory, les \u00e9toiles racontent leur histoire","potentialAction":[{"@type":"SearchAction","target":{"@type":"EntryPoint","urlTemplate":"https:\/\/starstory.fr\/blog\/?s={search_term_string}"},"query-input":{"@type":"PropertyValueSpecification","valueRequired":true,"valueName":"search_term_string"}}],"inLanguage":"fr-FR"},{"@type":"Organization","@id":"https:\/\/starstory.fr\/blog\/#organization","name":"StarStory","alternateName":"StarStory.fr","url":"https:\/\/starstory.fr\/blog\/","logo":{"@type":"ImageObject","inLanguage":"fr-FR","@id":"https:\/\/starstory.fr\/blog\/#\/schema\/logo\/image\/","url":"https:\/\/starstory.fr\/blog\/wp-content\/uploads\/2024\/12\/38.png","contentUrl":"https:\/\/starstory.fr\/blog\/wp-content\/uploads\/2024\/12\/38.png","width":500,"height":500,"caption":"StarStory"},"image":{"@id":"https:\/\/starstory.fr\/blog\/#\/schema\/logo\/image\/"}},{"@type":"Person","@id":"https:\/\/starstory.fr\/blog\/#\/schema\/person\/3c864cdc320801e3db34b663e7e3f816","name":"Rapha\u00ebl D.","image":{"@type":"ImageObject","inLanguage":"fr-FR","@id":"https:\/\/starstory.fr\/blog\/#\/schema\/person\/image\/","url":"https:\/\/starstory.fr\/blog\/wp-content\/uploads\/2026\/06\/persona_raphael-d-96x96.jpg","contentUrl":"https:\/\/starstory.fr\/blog\/wp-content\/uploads\/2026\/06\/persona_raphael-d-96x96.jpg","caption":"Rapha\u00ebl D."},"description":"La culture est mon terrain de jeu depuis une dizaine d'ann\u00e9es : arts visuels, s\u00e9ries, cr\u00e9ation et tout ce qui nourrit l'imaginaire. J'\u00e9cris aussi bien sur l'actualit\u00e9 des \u0153uvres que sur les coulisses de la cr\u00e9ation, avec l'envie de relier l'amateur curieux \u00e0 des univers parfois jug\u00e9s intimidants. J'aime analyser une s\u00e9rie ou une d\u00e9marche artistique sans p\u00e9dantisme, replacer une \u0153uvre dans son contexte et donner des cl\u00e9s de lecture accessibles. Avant de publier, je v\u00e9rifie mes r\u00e9f\u00e9rences, je recoupe les sources et je distingue clairement le fait de mon interpr\u00e9tation subjective. Je crois qu'une critique vaut surtout par les arguments qu'elle expose, pas par la sentence qu'elle rend. Mon angle : transmettre l'envie de d\u00e9couvrir, de regarder autrement et de se forger son propre go\u00fbt. La culture n'appartient pas qu'aux initi\u00e9s, et c'est tout l'enjeu de mon \u00e9criture.","url":"https:\/\/starstory.fr\/blog\/auteur\/noname\/","jobTitle":"R\u00e9dacteur en chef \u00b7 Culture & Cr\u00e9ation","knowsAbout":["Culture","Cr\u00e9ation"],"email":"raphael.d@a-l-asso-de-l-art.fr"}]}},"_links":{"self":[{"href":"https:\/\/starstory.fr\/blog\/wp-json\/wp\/v2\/posts\/7428","targetHints":{"allow":["GET"]}}],"collection":[{"href":"https:\/\/starstory.fr\/blog\/wp-json\/wp\/v2\/posts"}],"about":[{"href":"https:\/\/starstory.fr\/blog\/wp-json\/wp\/v2\/types\/post"}],"author":[{"embeddable":true,"href":"https:\/\/starstory.fr\/blog\/wp-json\/wp\/v2\/users\/34"}],"replies":[{"embeddable":true,"href":"https:\/\/starstory.fr\/blog\/wp-json\/wp\/v2\/comments?post=7428"}],"version-history":[{"count":2,"href":"https:\/\/starstory.fr\/blog\/wp-json\/wp\/v2\/posts\/7428\/revisions"}],"predecessor-version":[{"id":8407,"href":"https:\/\/starstory.fr\/blog\/wp-json\/wp\/v2\/posts\/7428\/revisions\/8407"}],"wp:featuredmedia":[{"embeddable":true,"href":"https:\/\/starstory.fr\/blog\/wp-json\/wp\/v2\/media\/7446"}],"wp:attachment":[{"href":"https:\/\/starstory.fr\/blog\/wp-json\/wp\/v2\/media?parent=7428"}],"wp:term":[{"taxonomy":"category","embeddable":true,"href":"https:\/\/starstory.fr\/blog\/wp-json\/wp\/v2\/categories?post=7428"},{"taxonomy":"post_tag","embeddable":true,"href":"https:\/\/starstory.fr\/blog\/wp-json\/wp\/v2\/tags?post=7428"}],"curies":[{"name":"wp","href":"https:\/\/api.w.org\/{rel}","templated":true}]}}