{"id":7427,"date":"2025-03-10T00:49:28","date_gmt":"2025-03-09T23:49:28","guid":{"rendered":"https:\/\/starstory.fr\/blog\/a-la-une\/quelle-epoque-les-invites-de-lea-salame-pour-la-journee-des-droits-des-femmes\/"},"modified":"2025-03-10T00:49:28","modified_gmt":"2025-03-09T23:49:28","slug":"quelle-epoque-les-invites-de-lea-salame-pour-la-journee-des-droits-des-femmes","status":"publish","type":"post","link":"https:\/\/starstory.fr\/blog\/a-la-une\/quelle-epoque-les-invites-de-lea-salame-pour-la-journee-des-droits-des-femmes\/","title":{"rendered":"Quelle \u00e9poque ! : Les invit\u00e9s de L\u00e9a Salam\u00e9 pour la Journ\u00e9e des droits des femmes"},"content":{"rendered":"<h1>Quelle \u00e9poque ! : Les invit\u00e9s de L\u00e9a Salam\u00e9 pour la Journ\u00e9e des droits des femmes<\/h1>\n<h2>Caroline Darian : Un t\u00e9moignage bouleversant<\/h2>\n<p>La pr\u00e9sence de <strong>Caroline Darian<\/strong> sur le plateau de Quelle \u00e9poque ! marque un tournant dans la m\u00e9diatisation de l&rsquo;affaire des viols de Mazan. Fille de Gis\u00e8le P\u00e9licot, Caroline Darian vient de publier son deuxi\u00e8me ouvrage, <strong>\u00ab\u00a0Pour que l&rsquo;on se souvienne\u00a0\u00bb<\/strong>, aux \u00e9ditions JC Latt\u00e8s. Ce livre, \u00e9crit pendant le proc\u00e8s de son p\u00e8re, Dominique P\u00e9licot, offre un regard intime sur les cons\u00e9quences familiales et soci\u00e9tales de cette affaire qui a secou\u00e9 la France.<\/p>\n<p>Le t\u00e9moignage de Caroline Darian s&rsquo;inscrit dans un contexte judiciaire en \u00e9volution. Le 5 mars 2025, elle a d\u00e9pos\u00e9 plainte contre son p\u00e8re pour <u>viol, tentative de viol et agression sexuelle par ascendant<\/u>. Cette d\u00e9marche fait suite \u00e0 la d\u00e9couverte de photos compromettantes la montrant inconsciente, dans des sous-v\u00eatements qu&rsquo;elle ne reconna\u00eet pas. L&rsquo;affaire P\u00e9licot, initialement centr\u00e9e sur les viols subis par Gis\u00e8le P\u00e9licot, prend ainsi une nouvelle dimension, mettant en lumi\u00e8re la complexit\u00e9 des violences intrafamiliales et l&rsquo;importance de briser le silence.<\/p>\n<h2>G\u00e9rald Darmanin face aux questions br\u00fblantes<\/h2>\n<p>La pr\u00e9sence du <strong>ministre d&rsquo;\u00c9tat, Garde des Sceaux et ministre de la Justice<\/strong>, G\u00e9rald Darmanin, promet des \u00e9changes intenses sur les politiques publiques en mati\u00e8re de droits des femmes. Son intervention s&rsquo;inscrit dans un contexte de r\u00e9formes judiciaires majeures, notamment concernant la lutte contre les violences sexistes et sexuelles.<\/p>\n<p>Parmi les sujets susceptibles d&rsquo;\u00eatre abord\u00e9s :<\/p>\n<ul>\n<li>La <u>r\u00e9forme de la proc\u00e9dure p\u00e9nale<\/u> visant \u00e0 acc\u00e9l\u00e9rer le traitement des plaintes pour violences conjugales<\/li>\n<li>Le renforcement des <strong>dispositifs de protection des victimes<\/strong>, comme le bracelet anti-rapprochement<\/li>\n<li>L&rsquo;\u00e9volution du cadre l\u00e9gal concernant la <u>prescription des crimes sexuels<\/u>, suite \u00e0 l&rsquo;affaire P\u00e9licot<\/li>\n<li>Les mesures pour am\u00e9liorer la <strong>formation des professionnels de justice<\/strong> sur les violences faites aux femmes<\/li>\n<\/ul>\n<h2>Le trio du PAF : Karine Le Marchand, Cyril F\u00e9raud et Laurent Luyat<\/h2>\n<p>La pr\u00e9sence conjointe de ces trois figures embl\u00e9matiques du paysage audiovisuel fran\u00e7ais offre une opportunit\u00e9 unique d&rsquo;explorer les \u00e9volutions du secteur m\u00e9diatique en mati\u00e8re d&rsquo;\u00e9galit\u00e9 professionnelle. <strong>Karine Le Marchand<\/strong>, animatrice phare de M6, vient de conclure un accord majeur avec cinq grandes enseignes de distribution pour soutenir les agriculteurs fran\u00e7ais. Son engagement dans cette cause soul\u00e8ve des questions sur le r\u00f4le des m\u00e9dias dans la promotion de l&rsquo;\u00e9galit\u00e9 \u00e9conomique.<\/p>\n<p><strong>Cyril F\u00e9raud<\/strong> et <strong>Laurent Luyat<\/strong>, tous deux figures de France T\u00e9l\u00e9visions, apportent leur perspective sur l&rsquo;\u00e9volution des repr\u00e9sentations genr\u00e9es \u00e0 l&rsquo;\u00e9cran. Leur pr\u00e9sence conjointe permet d&rsquo;aborder des th\u00e9matiques telles que :<\/p>\n<ul>\n<li>La <u>parit\u00e9 dans les \u00e9quipes de production et d&rsquo;animation<\/u><\/li>\n<li>Les efforts pour <strong>diversifier les profils<\/strong> mis en avant dans les programmes t\u00e9l\u00e9vis\u00e9s<\/li>\n<li>La lutte contre les <u>st\u00e9r\u00e9otypes de genre<\/u> dans les \u00e9missions grand public<\/li>\n<li>L&rsquo;impact des mouvements sociaux comme #MeToo sur les pratiques du secteur audiovisuel<\/li>\n<\/ul>\n<h2>Jo\u00ebl Dicker : De la litt\u00e9rature au d\u00e9bat soci\u00e9tal<\/h2>\n<p>La venue de l&rsquo;\u00e9crivain \u00e0 succ\u00e8s <strong>Jo\u00ebl Dicker<\/strong> apporte une dimension culturelle et intellectuelle aux discussions. Son dernier roman, <strong>\u00ab\u00a0La tr\u00e8s catastrophique visite du zoo\u00a0\u00bb<\/strong>, sorti le 5 mars 2025, offre un point d&rsquo;entr\u00e9e pour aborder le r\u00f4le de la litt\u00e9rature dans l&rsquo;\u00e9volution des mentalit\u00e9s. Bien que l&rsquo;ouvrage ne traite pas directement des droits des femmes, sa pr\u00e9sence sur le plateau de Quelle \u00e9poque ! permet d&rsquo;explorer la responsabilit\u00e9 des auteurs dans la promotion de l&rsquo;\u00e9galit\u00e9.<\/p>\n<p>Les \u00e9changes avec Jo\u00ebl Dicker pourraient porter sur :<\/p>\n<ul>\n<li>La <u>repr\u00e9sentation des personnages f\u00e9minins<\/u> dans la litt\u00e9rature contemporaine<\/li>\n<li>L&rsquo;impact des <strong>prix litt\u00e9raires<\/strong> sur la visibilit\u00e9 des autrices<\/li>\n<li>Le r\u00f4le des \u00e9crivains dans la <u>sensibilisation aux enjeux soci\u00e9taux<\/u><\/li>\n<li>Les initiatives du monde de l&rsquo;\u00e9dition pour promouvoir la <strong>diversit\u00e9 des voix<\/strong> dans la litt\u00e9rature<\/li>\n<\/ul>\n<h2>Thierry Cotillard : La grande distribution face aux enjeux soci\u00e9taux<\/h2>\n<p>La pr\u00e9sence de <strong>Thierry Cotillard<\/strong>, pr\u00e9sident du groupement Les Mousquetaires (Intermarch\u00e9, Netto, Bricomarch\u00e9, Bricorama), apporte une perspective \u00e9conomique cruciale aux d\u00e9bats. Son intervention fait \u00e9cho \u00e0 l&rsquo;accord r\u00e9cemment conclu avec Karine Le Marchand pour soutenir les agriculteurs fran\u00e7ais. Cette initiative soul\u00e8ve des questions sur le r\u00f4le des grandes entreprises dans la promotion de l&rsquo;\u00e9galit\u00e9 professionnelle et \u00e9conomique.<\/p>\n<p>Les discussions avec Thierry Cotillard pourraient aborder :<\/p>\n<ul>\n<li>Les <u>politiques d&rsquo;\u00e9galit\u00e9 salariale<\/u> au sein du groupe Les Mousquetaires<\/li>\n<li>Les initiatives pour favoriser l&rsquo;<strong>acc\u00e8s des femmes aux postes de direction<\/strong> dans la grande distribution<\/li>\n<li>L&rsquo;impact des <u>campagnes marketing<\/u> sur les st\u00e9r\u00e9otypes de genre<\/li>\n<li>L&rsquo;engagement du groupe dans des <strong>actions concr\u00e8tes<\/strong> pour soutenir l&rsquo;entrepreneuriat f\u00e9minin<\/li>\n<\/ul>\n<h2>L&rsquo;absence remarqu\u00e9e de Christophe Dechavanne<\/h2>\n<p>L&rsquo;\u00e9mission du 8 mars 2025 marque le <u>premier num\u00e9ro de Quelle \u00e9poque ! sans Christophe Dechavanne<\/u>. L&rsquo;animateur, condamn\u00e9 le 20 f\u00e9vrier pour conduite sous l&#8217;emprise de stup\u00e9fiants, a annonc\u00e9 son retrait temporaire de l&rsquo;\u00e9mission en attendant son jugement en appel. Cette absence soul\u00e8ve des questions sur la responsabilit\u00e9 des figures publiques et l&rsquo;impact de leurs actions sur leur carri\u00e8re m\u00e9diatique.<\/p>\n<p>L&rsquo;\u00e9quipe de Quelle \u00e9poque ! devra naviguer habilement pour aborder ce sujet d\u00e9licat \u00e0 l&rsquo;antenne. Il est probable que L\u00e9a Salam\u00e9 \u00e9voque bri\u00e8vement la situation en d\u00e9but d&rsquo;\u00e9mission, tout en recentrant rapidement le d\u00e9bat sur les enjeux de la Journ\u00e9e internationale des droits des femmes. Cette absence pourrait \u00e9galement \u00eatre l&rsquo;occasion d&rsquo;une r\u00e9flexion plus large sur la <strong>place des hommes dans les luttes f\u00e9ministes<\/strong> et leur r\u00f4le dans la promotion de l&rsquo;\u00e9galit\u00e9.<\/p>\n<p>En conclusion, l&rsquo;\u00e9mission Quelle \u00e9poque ! du 8 mars 2025 s&rsquo;annonce comme un moment fort de r\u00e9flexion et de d\u00e9bat sur les avanc\u00e9es et les d\u00e9fis qui persistent en mati\u00e8re de droits des femmes. La diversit\u00e9 des invit\u00e9s promet des \u00e9changes riches, alliant t\u00e9moignages personnels, analyses politiques et perspectives \u00e9conomiques. Cette \u00e9dition sp\u00e9ciale s&rsquo;inscrit dans la continuit\u00e9 de l&rsquo;engagement de France T\u00e9l\u00e9visions pour une programmation qui fait avancer le d\u00e9bat public sur les enjeux soci\u00e9taux majeurs.<\/p>\n","protected":false},"excerpt":{"rendered":"","protected":false},"author":34,"featured_media":7447,"comment_status":"open","ping_status":"open","sticky":false,"template":"","format":"standard","meta":{"_acf_changed":false,"manual_indexmenow":false,"indexmenow_id_project":0,"footnotes":""},"categories":[1],"tags":[4527,4576,4577],"class_list":["post-7427","post","type-post","status-publish","format-standard","has-post-thumbnail","hentry","category-a-la-une","tag-feminisme","tag-talkshow","tag-television","generate-columns","tablet-grid-50","mobile-grid-100","grid-parent","grid-25"],"acf":[],"yoast_head":"<!-- This site is optimized with the Yoast SEO Premium plugin v21.3 (Yoast SEO v26.5) - https:\/\/yoast.com\/wordpress\/plugins\/seo\/ -->\n<title>Quelle \u00e9poque ! : Les invit\u00e9s de L\u00e9a Salam\u00e9 pour la Journ\u00e9e des droits des femmes<\/title>\n<meta name=\"description\" content=\"La pr\u00e9sence de Caroline Darian sur le plateau de Quelle \u00e9poque ! marque un tournant dans la m\u00e9diatisation de l&#039;affaire des viols de Mazan\" \/>\n<meta name=\"robots\" content=\"index, follow, max-snippet:-1, max-image-preview:large, max-video-preview:-1\" \/>\n<link rel=\"canonical\" href=\"https:\/\/starstory.fr\/blog\/a-la-une\/quelle-epoque-les-invites-de-lea-salame-pour-la-journee-des-droits-des-femmes\/\" \/>\n<meta property=\"og:locale\" content=\"fr_FR\" \/>\n<meta property=\"og:type\" content=\"article\" \/>\n<meta property=\"og:title\" content=\"Quelle \u00e9poque ! : Les invit\u00e9s de L\u00e9a Salam\u00e9 pour la Journ\u00e9e des droits des femmes\" \/>\n<meta property=\"og:description\" content=\"La pr\u00e9sence de Caroline Darian sur le plateau de Quelle \u00e9poque ! marque un tournant dans la m\u00e9diatisation de l&#039;affaire des viols de Mazan\" \/>\n<meta property=\"og:url\" content=\"https:\/\/starstory.fr\/blog\/a-la-une\/quelle-epoque-les-invites-de-lea-salame-pour-la-journee-des-droits-des-femmes\/\" \/>\n<meta property=\"og:site_name\" content=\"starstory\" \/>\n<meta property=\"og:image\" content=\"https:\/\/starstory.fr\/blog\/wp-content\/uploads\/2025\/03\/sdxl-6effaee0837a8be449ec526dea45b227.png\" \/>\n\t<meta property=\"og:image:width\" content=\"1536\" \/>\n\t<meta property=\"og:image:height\" content=\"640\" \/>\n\t<meta property=\"og:image:type\" content=\"image\/png\" \/>\n<meta name=\"author\" content=\"Rapha\u00ebl D.\" \/>\n<meta name=\"twitter:card\" content=\"summary_large_image\" \/>\n<script type=\"application\/ld+json\" class=\"yoast-schema-graph\">{\"@context\":\"https:\/\/schema.org\",\"@graph\":[{\"@type\":\"NewsArticle\",\"@id\":\"https:\/\/starstory.fr\/blog\/a-la-une\/quelle-epoque-les-invites-de-lea-salame-pour-la-journee-des-droits-des-femmes\/#article\",\"isPartOf\":{\"@id\":\"https:\/\/starstory.fr\/blog\/a-la-une\/quelle-epoque-les-invites-de-lea-salame-pour-la-journee-des-droits-des-femmes\/\"},\"author\":{\"name\":\"Rapha\u00ebl D.\",\"@id\":\"https:\/\/starstory.fr\/blog\/#\/schema\/person\/3c864cdc320801e3db34b663e7e3f816\"},\"headline\":\"Quelle \u00e9poque ! : Les invit\u00e9s de L\u00e9a Salam\u00e9 pour la Journ\u00e9e des droits des femmes\",\"datePublished\":\"2025-03-09T23:49:28+00:00\",\"mainEntityOfPage\":{\"@id\":\"https:\/\/starstory.fr\/blog\/a-la-une\/quelle-epoque-les-invites-de-lea-salame-pour-la-journee-des-droits-des-femmes\/\"},\"wordCount\":1089,\"commentCount\":0,\"publisher\":{\"@id\":\"https:\/\/starstory.fr\/blog\/#organization\"},\"image\":{\"@id\":\"https:\/\/starstory.fr\/blog\/a-la-une\/quelle-epoque-les-invites-de-lea-salame-pour-la-journee-des-droits-des-femmes\/#primaryimage\"},\"thumbnailUrl\":\"https:\/\/starstory.fr\/blog\/wp-content\/uploads\/2025\/03\/sdxl-6effaee0837a8be449ec526dea45b227.png\",\"keywords\":[\"feminisme\",\"talkshow\",\"television\"],\"articleSection\":[\"\u00c0 la une\"],\"inLanguage\":\"fr-FR\",\"potentialAction\":[{\"@type\":\"CommentAction\",\"name\":\"Comment\",\"target\":[\"https:\/\/starstory.fr\/blog\/a-la-une\/quelle-epoque-les-invites-de-lea-salame-pour-la-journee-des-droits-des-femmes\/#respond\"]}]},{\"@type\":\"WebPage\",\"@id\":\"https:\/\/starstory.fr\/blog\/a-la-une\/quelle-epoque-les-invites-de-lea-salame-pour-la-journee-des-droits-des-femmes\/\",\"url\":\"https:\/\/starstory.fr\/blog\/a-la-une\/quelle-epoque-les-invites-de-lea-salame-pour-la-journee-des-droits-des-femmes\/\",\"name\":\"Quelle \u00e9poque ! : Les invit\u00e9s de L\u00e9a Salam\u00e9 pour la Journ\u00e9e des droits des femmes\",\"isPartOf\":{\"@id\":\"https:\/\/starstory.fr\/blog\/#website\"},\"primaryImageOfPage\":{\"@id\":\"https:\/\/starstory.fr\/blog\/a-la-une\/quelle-epoque-les-invites-de-lea-salame-pour-la-journee-des-droits-des-femmes\/#primaryimage\"},\"image\":{\"@id\":\"https:\/\/starstory.fr\/blog\/a-la-une\/quelle-epoque-les-invites-de-lea-salame-pour-la-journee-des-droits-des-femmes\/#primaryimage\"},\"thumbnailUrl\":\"https:\/\/starstory.fr\/blog\/wp-content\/uploads\/2025\/03\/sdxl-6effaee0837a8be449ec526dea45b227.png\",\"datePublished\":\"2025-03-09T23:49:28+00:00\",\"description\":\"La pr\u00e9sence de Caroline Darian sur le plateau de Quelle \u00e9poque ! marque un tournant dans la m\u00e9diatisation de l'affaire des viols de Mazan\",\"inLanguage\":\"fr-FR\",\"potentialAction\":[{\"@type\":\"ReadAction\",\"target\":[\"https:\/\/starstory.fr\/blog\/a-la-une\/quelle-epoque-les-invites-de-lea-salame-pour-la-journee-des-droits-des-femmes\/\"]}]},{\"@type\":\"ImageObject\",\"inLanguage\":\"fr-FR\",\"@id\":\"https:\/\/starstory.fr\/blog\/a-la-une\/quelle-epoque-les-invites-de-lea-salame-pour-la-journee-des-droits-des-femmes\/#primaryimage\",\"url\":\"https:\/\/starstory.fr\/blog\/wp-content\/uploads\/2025\/03\/sdxl-6effaee0837a8be449ec526dea45b227.png\",\"contentUrl\":\"https:\/\/starstory.fr\/blog\/wp-content\/uploads\/2025\/03\/sdxl-6effaee0837a8be449ec526dea45b227.png\",\"width\":1536,\"height\":640},{\"@type\":\"WebSite\",\"@id\":\"https:\/\/starstory.fr\/blog\/#website\",\"url\":\"https:\/\/starstory.fr\/blog\/\",\"name\":\"StarStory\",\"description\":\"StarStory, les \u00e9toiles racontent leur histoire\",\"publisher\":{\"@id\":\"https:\/\/starstory.fr\/blog\/#organization\"},\"alternateName\":\"StarStory, les \u00e9toiles racontent leur histoire\",\"potentialAction\":[{\"@type\":\"SearchAction\",\"target\":{\"@type\":\"EntryPoint\",\"urlTemplate\":\"https:\/\/starstory.fr\/blog\/?s={search_term_string}\"},\"query-input\":{\"@type\":\"PropertyValueSpecification\",\"valueRequired\":true,\"valueName\":\"search_term_string\"}}],\"inLanguage\":\"fr-FR\"},{\"@type\":\"Organization\",\"@id\":\"https:\/\/starstory.fr\/blog\/#organization\",\"name\":\"StarStory\",\"alternateName\":\"StarStory.fr\",\"url\":\"https:\/\/starstory.fr\/blog\/\",\"logo\":{\"@type\":\"ImageObject\",\"inLanguage\":\"fr-FR\",\"@id\":\"https:\/\/starstory.fr\/blog\/#\/schema\/logo\/image\/\",\"url\":\"https:\/\/starstory.fr\/blog\/wp-content\/uploads\/2024\/12\/38.png\",\"contentUrl\":\"https:\/\/starstory.fr\/blog\/wp-content\/uploads\/2024\/12\/38.png\",\"width\":500,\"height\":500,\"caption\":\"StarStory\"},\"image\":{\"@id\":\"https:\/\/starstory.fr\/blog\/#\/schema\/logo\/image\/\"}},{\"@type\":\"Person\",\"@id\":\"https:\/\/starstory.fr\/blog\/#\/schema\/person\/3c864cdc320801e3db34b663e7e3f816\",\"name\":\"Rapha\u00ebl D.\",\"image\":{\"@type\":\"ImageObject\",\"inLanguage\":\"fr-FR\",\"@id\":\"https:\/\/starstory.fr\/blog\/#\/schema\/person\/image\/\",\"url\":\"https:\/\/starstory.fr\/blog\/wp-content\/uploads\/2026\/06\/persona_raphael-d-96x96.jpg\",\"contentUrl\":\"https:\/\/starstory.fr\/blog\/wp-content\/uploads\/2026\/06\/persona_raphael-d-96x96.jpg\",\"caption\":\"Rapha\u00ebl D.\"},\"description\":\"La culture est mon terrain de jeu depuis une dizaine d'ann\u00e9es : arts visuels, s\u00e9ries, cr\u00e9ation et tout ce qui nourrit l'imaginaire. J'\u00e9cris aussi bien sur l'actualit\u00e9 des \u0153uvres que sur les coulisses de la cr\u00e9ation, avec l'envie de relier l'amateur curieux \u00e0 des univers parfois jug\u00e9s intimidants. J'aime analyser une s\u00e9rie ou une d\u00e9marche artistique sans p\u00e9dantisme, replacer une \u0153uvre dans son contexte et donner des cl\u00e9s de lecture accessibles. Avant de publier, je v\u00e9rifie mes r\u00e9f\u00e9rences, je recoupe les sources et je distingue clairement le fait de mon interpr\u00e9tation subjective. Je crois qu'une critique vaut surtout par les arguments qu'elle expose, pas par la sentence qu'elle rend. Mon angle : transmettre l'envie de d\u00e9couvrir, de regarder autrement et de se forger son propre go\u00fbt. La culture n'appartient pas qu'aux initi\u00e9s, et c'est tout l'enjeu de mon \u00e9criture.\",\"url\":\"https:\/\/starstory.fr\/blog\/auteur\/noname\/\",\"jobTitle\":\"R\u00e9dacteur en chef \u00b7 Culture & Cr\u00e9ation\",\"knowsAbout\":[\"Culture\",\"Cr\u00e9ation\"],\"email\":\"raphael.d@a-l-asso-de-l-art.fr\"}]}<\/script>\n<!-- \/ Yoast SEO Premium plugin. -->","yoast_head_json":{"title":"Quelle \u00e9poque ! : Les invit\u00e9s de L\u00e9a Salam\u00e9 pour la Journ\u00e9e des droits des femmes","description":"La pr\u00e9sence de Caroline Darian sur le plateau de Quelle \u00e9poque ! marque un tournant dans la m\u00e9diatisation de l'affaire des viols de Mazan","robots":{"index":"index","follow":"follow","max-snippet":"max-snippet:-1","max-image-preview":"max-image-preview:large","max-video-preview":"max-video-preview:-1"},"canonical":"https:\/\/starstory.fr\/blog\/a-la-une\/quelle-epoque-les-invites-de-lea-salame-pour-la-journee-des-droits-des-femmes\/","og_locale":"fr_FR","og_type":"article","og_title":"Quelle \u00e9poque ! : Les invit\u00e9s de L\u00e9a Salam\u00e9 pour la Journ\u00e9e des droits des femmes","og_description":"La pr\u00e9sence de Caroline Darian sur le plateau de Quelle \u00e9poque ! marque un tournant dans la m\u00e9diatisation de l'affaire des viols de Mazan","og_url":"https:\/\/starstory.fr\/blog\/a-la-une\/quelle-epoque-les-invites-de-lea-salame-pour-la-journee-des-droits-des-femmes\/","og_site_name":"starstory","og_image":[{"width":1536,"height":640,"url":"https:\/\/starstory.fr\/blog\/wp-content\/uploads\/2025\/03\/sdxl-6effaee0837a8be449ec526dea45b227.png","type":"image\/png"}],"author":"Rapha\u00ebl D.","twitter_card":"summary_large_image","schema":{"@context":"https:\/\/schema.org","@graph":[{"@type":"NewsArticle","@id":"https:\/\/starstory.fr\/blog\/a-la-une\/quelle-epoque-les-invites-de-lea-salame-pour-la-journee-des-droits-des-femmes\/#article","isPartOf":{"@id":"https:\/\/starstory.fr\/blog\/a-la-une\/quelle-epoque-les-invites-de-lea-salame-pour-la-journee-des-droits-des-femmes\/"},"author":{"name":"Rapha\u00ebl D.","@id":"https:\/\/starstory.fr\/blog\/#\/schema\/person\/3c864cdc320801e3db34b663e7e3f816"},"headline":"Quelle \u00e9poque ! : Les invit\u00e9s de L\u00e9a Salam\u00e9 pour la Journ\u00e9e des droits des femmes","datePublished":"2025-03-09T23:49:28+00:00","mainEntityOfPage":{"@id":"https:\/\/starstory.fr\/blog\/a-la-une\/quelle-epoque-les-invites-de-lea-salame-pour-la-journee-des-droits-des-femmes\/"},"wordCount":1089,"commentCount":0,"publisher":{"@id":"https:\/\/starstory.fr\/blog\/#organization"},"image":{"@id":"https:\/\/starstory.fr\/blog\/a-la-une\/quelle-epoque-les-invites-de-lea-salame-pour-la-journee-des-droits-des-femmes\/#primaryimage"},"thumbnailUrl":"https:\/\/starstory.fr\/blog\/wp-content\/uploads\/2025\/03\/sdxl-6effaee0837a8be449ec526dea45b227.png","keywords":["feminisme","talkshow","television"],"articleSection":["\u00c0 la une"],"inLanguage":"fr-FR","potentialAction":[{"@type":"CommentAction","name":"Comment","target":["https:\/\/starstory.fr\/blog\/a-la-une\/quelle-epoque-les-invites-de-lea-salame-pour-la-journee-des-droits-des-femmes\/#respond"]}]},{"@type":"WebPage","@id":"https:\/\/starstory.fr\/blog\/a-la-une\/quelle-epoque-les-invites-de-lea-salame-pour-la-journee-des-droits-des-femmes\/","url":"https:\/\/starstory.fr\/blog\/a-la-une\/quelle-epoque-les-invites-de-lea-salame-pour-la-journee-des-droits-des-femmes\/","name":"Quelle \u00e9poque ! : Les invit\u00e9s de L\u00e9a Salam\u00e9 pour la Journ\u00e9e des droits des femmes","isPartOf":{"@id":"https:\/\/starstory.fr\/blog\/#website"},"primaryImageOfPage":{"@id":"https:\/\/starstory.fr\/blog\/a-la-une\/quelle-epoque-les-invites-de-lea-salame-pour-la-journee-des-droits-des-femmes\/#primaryimage"},"image":{"@id":"https:\/\/starstory.fr\/blog\/a-la-une\/quelle-epoque-les-invites-de-lea-salame-pour-la-journee-des-droits-des-femmes\/#primaryimage"},"thumbnailUrl":"https:\/\/starstory.fr\/blog\/wp-content\/uploads\/2025\/03\/sdxl-6effaee0837a8be449ec526dea45b227.png","datePublished":"2025-03-09T23:49:28+00:00","description":"La pr\u00e9sence de Caroline Darian sur le plateau de Quelle \u00e9poque ! marque un tournant dans la m\u00e9diatisation de l'affaire des viols de Mazan","inLanguage":"fr-FR","potentialAction":[{"@type":"ReadAction","target":["https:\/\/starstory.fr\/blog\/a-la-une\/quelle-epoque-les-invites-de-lea-salame-pour-la-journee-des-droits-des-femmes\/"]}]},{"@type":"ImageObject","inLanguage":"fr-FR","@id":"https:\/\/starstory.fr\/blog\/a-la-une\/quelle-epoque-les-invites-de-lea-salame-pour-la-journee-des-droits-des-femmes\/#primaryimage","url":"https:\/\/starstory.fr\/blog\/wp-content\/uploads\/2025\/03\/sdxl-6effaee0837a8be449ec526dea45b227.png","contentUrl":"https:\/\/starstory.fr\/blog\/wp-content\/uploads\/2025\/03\/sdxl-6effaee0837a8be449ec526dea45b227.png","width":1536,"height":640},{"@type":"WebSite","@id":"https:\/\/starstory.fr\/blog\/#website","url":"https:\/\/starstory.fr\/blog\/","name":"StarStory","description":"StarStory, les \u00e9toiles racontent leur histoire","publisher":{"@id":"https:\/\/starstory.fr\/blog\/#organization"},"alternateName":"StarStory, les \u00e9toiles racontent leur histoire","potentialAction":[{"@type":"SearchAction","target":{"@type":"EntryPoint","urlTemplate":"https:\/\/starstory.fr\/blog\/?s={search_term_string}"},"query-input":{"@type":"PropertyValueSpecification","valueRequired":true,"valueName":"search_term_string"}}],"inLanguage":"fr-FR"},{"@type":"Organization","@id":"https:\/\/starstory.fr\/blog\/#organization","name":"StarStory","alternateName":"StarStory.fr","url":"https:\/\/starstory.fr\/blog\/","logo":{"@type":"ImageObject","inLanguage":"fr-FR","@id":"https:\/\/starstory.fr\/blog\/#\/schema\/logo\/image\/","url":"https:\/\/starstory.fr\/blog\/wp-content\/uploads\/2024\/12\/38.png","contentUrl":"https:\/\/starstory.fr\/blog\/wp-content\/uploads\/2024\/12\/38.png","width":500,"height":500,"caption":"StarStory"},"image":{"@id":"https:\/\/starstory.fr\/blog\/#\/schema\/logo\/image\/"}},{"@type":"Person","@id":"https:\/\/starstory.fr\/blog\/#\/schema\/person\/3c864cdc320801e3db34b663e7e3f816","name":"Rapha\u00ebl D.","image":{"@type":"ImageObject","inLanguage":"fr-FR","@id":"https:\/\/starstory.fr\/blog\/#\/schema\/person\/image\/","url":"https:\/\/starstory.fr\/blog\/wp-content\/uploads\/2026\/06\/persona_raphael-d-96x96.jpg","contentUrl":"https:\/\/starstory.fr\/blog\/wp-content\/uploads\/2026\/06\/persona_raphael-d-96x96.jpg","caption":"Rapha\u00ebl D."},"description":"La culture est mon terrain de jeu depuis une dizaine d'ann\u00e9es : arts visuels, s\u00e9ries, cr\u00e9ation et tout ce qui nourrit l'imaginaire. J'\u00e9cris aussi bien sur l'actualit\u00e9 des \u0153uvres que sur les coulisses de la cr\u00e9ation, avec l'envie de relier l'amateur curieux \u00e0 des univers parfois jug\u00e9s intimidants. J'aime analyser une s\u00e9rie ou une d\u00e9marche artistique sans p\u00e9dantisme, replacer une \u0153uvre dans son contexte et donner des cl\u00e9s de lecture accessibles. Avant de publier, je v\u00e9rifie mes r\u00e9f\u00e9rences, je recoupe les sources et je distingue clairement le fait de mon interpr\u00e9tation subjective. Je crois qu'une critique vaut surtout par les arguments qu'elle expose, pas par la sentence qu'elle rend. Mon angle : transmettre l'envie de d\u00e9couvrir, de regarder autrement et de se forger son propre go\u00fbt. La culture n'appartient pas qu'aux initi\u00e9s, et c'est tout l'enjeu de mon \u00e9criture.","url":"https:\/\/starstory.fr\/blog\/auteur\/noname\/","jobTitle":"R\u00e9dacteur en chef \u00b7 Culture & Cr\u00e9ation","knowsAbout":["Culture","Cr\u00e9ation"],"email":"raphael.d@a-l-asso-de-l-art.fr"}]}},"_links":{"self":[{"href":"https:\/\/starstory.fr\/blog\/wp-json\/wp\/v2\/posts\/7427","targetHints":{"allow":["GET"]}}],"collection":[{"href":"https:\/\/starstory.fr\/blog\/wp-json\/wp\/v2\/posts"}],"about":[{"href":"https:\/\/starstory.fr\/blog\/wp-json\/wp\/v2\/types\/post"}],"author":[{"embeddable":true,"href":"https:\/\/starstory.fr\/blog\/wp-json\/wp\/v2\/users\/34"}],"replies":[{"embeddable":true,"href":"https:\/\/starstory.fr\/blog\/wp-json\/wp\/v2\/comments?post=7427"}],"version-history":[{"count":0,"href":"https:\/\/starstory.fr\/blog\/wp-json\/wp\/v2\/posts\/7427\/revisions"}],"wp:featuredmedia":[{"embeddable":true,"href":"https:\/\/starstory.fr\/blog\/wp-json\/wp\/v2\/media\/7447"}],"wp:attachment":[{"href":"https:\/\/starstory.fr\/blog\/wp-json\/wp\/v2\/media?parent=7427"}],"wp:term":[{"taxonomy":"category","embeddable":true,"href":"https:\/\/starstory.fr\/blog\/wp-json\/wp\/v2\/categories?post=7427"},{"taxonomy":"post_tag","embeddable":true,"href":"https:\/\/starstory.fr\/blog\/wp-json\/wp\/v2\/tags?post=7427"}],"curies":[{"name":"wp","href":"https:\/\/api.w.org\/{rel}","templated":true}]}}