{"id":7424,"date":"2026-08-31T20:19:35","date_gmt":"2026-08-31T18:19:35","guid":{"rendered":"https:\/\/starstory.fr\/blog\/a-la-une\/le-carnaval-de-dunkerque-une-tradition-festive-unique-en-france\/"},"modified":"2026-08-31T20:19:35","modified_gmt":"2026-08-31T18:19:35","slug":"le-carnaval-de-dunkerque-une-tradition-festive-unique-en-france","status":"publish","type":"post","link":"https:\/\/starstory.fr\/blog\/a-la-une\/le-carnaval-de-dunkerque-une-tradition-festive-unique-en-france\/","title":{"rendered":"Le Carnaval de Dunkerque : Une Tradition Festive Unique en France"},"content":{"rendered":"<link rel=\"stylesheet\" href=\"https:\/\/fonts.googleapis.com\/css2?family=Space+Grotesk:wght@500;600;700&#038;family=Inter:wght@400;500;600;700&#038;family=JetBrains+Mono:wght@500&#038;display=swap\">\n<style>\n.ssy-brief-wrap{font-family:'Inter',-apple-system,sans-serif;color:#1b2a41;line-height:1.65;font-size:17px;max-width:100%}\n.ssy-brief-wrap h1{font-family:'Space Grotesk',sans-serif;font-weight:700}\n.ssy-brief-wrap h2{font-family:'Space Grotesk',sans-serif;font-weight:600;font-size:clamp(22px,3vw,30px);color:#1b2a41;margin:48px 0 16px;letter-spacing:-.01em}\n.ssy-brief-wrap h3{font-family:'Space Grotesk',sans-serif;font-weight:600;font-size:19px;color:#1b2a41;margin:22px 0 10px}\n.ssy-brief-wrap p{margin:0 0 16px}\n.ssy-brief-lead{font-size:19px;color:#3c4a5e;margin:0 0 26px}\n.ssy-brief-kicker{display:inline-block;font-family:'JetBrains Mono',monospace;font-size:12px;font-weight:500;letter-spacing:.08em;text-transform:uppercase;color:#c0392b;background:#fdecea;padding:4px 10px;border-radius:6px;margin-bottom:10px}\n.ssy-brief-answer{background:#fff6ee;border-left:5px solid #c0392b;border-radius:10px;padding:24px 26px;margin:0 0 36px;box-shadow:0 1px 2px rgba(16,24,40,.05),0 12px 28px -18px rgba(16,24,40,.22)}\n.ssy-brief-answer .ssy-brief-txt{font-size:17px;color:#1b2a41;margin-bottom:14px}\n.ssy-brief-answer ul{margin:0;padding-left:0;list-style:none;display:grid;gap:10px}\n.ssy-brief-answer li{display:flex;gap:10px;align-items:flex-start;font-size:15.5px;color:#3c4a5e}\n.ssy-brief-answer li::before{content:\"\u2713\";flex:none;width:20px;height:20px;border-radius:50%;background:#c0392b;color:#fff;font-size:12px;font-weight:700;display:flex;align-items:center;justify-content:center;margin-top:2px}\n.ssy-brief-cards{display:grid;grid-template-columns:repeat(auto-fit,minmax(230px,1fr));gap:20px;margin:20px 0 8px}\n.ssy-brief-card{background:#fff;border:1px solid #e6e8ee;border-top:3px solid #c0392b;border-radius:12px;padding:20px 22px;transition:.25s ease}\n.ssy-brief-card:hover{transform:translateY(-3px);box-shadow:0 12px 28px -16px rgba(16,24,40,.25)}\n.ssy-brief-card .ssy-brief-card-title{font-family:'Space Grotesk',sans-serif;font-weight:600;font-size:16px;color:#1b2a41;margin-bottom:6px}\n.ssy-brief-card .ssy-brief-txt{font-size:14.5px;color:#3c4a5e}\n.ssy-brief-note{background:#f4f6fb;border:1px solid #dfe4ee;border-radius:10px;padding:16px 20px;margin:22px 0;font-size:14.5px;color:#3c4a5e}\n.ssy-brief-note strong{color:#1b2a41}\n.ssy-brief-stat{display:inline-flex;align-items:baseline;gap:6px;font-family:'JetBrains Mono',monospace;color:#c0392b;font-weight:500}\n.ssy-brief-retenir{background:#1b2a41;border-radius:12px;padding:26px 28px;margin:44px 0;color:#eef3f9}\n.ssy-brief-retenir .ssy-brief-card-title{color:#fff;font-family:'Space Grotesk',sans-serif;font-size:18px;font-weight:600;margin-bottom:14px}\n.ssy-brief-retenir ul{margin:0;padding-left:0;list-style:none;display:grid;gap:10px}\n.ssy-brief-retenir li{color:#eef3f9!important;font-size:15px;padding-left:22px;position:relative}\n.ssy-brief-retenir li::before{content:\"\u2192\";position:absolute;left:0;color:#f2a488!important}\n.ssy-brief-faq{margin:28px 0}\n.ssy-brief-faq details{border:1px solid #e6e8ee;border-radius:10px;padding:14px 18px;margin-bottom:10px}\n.ssy-brief-faq summary{font-family:'Space Grotesk',sans-serif;font-weight:600;font-size:15.5px;color:#1b2a41;cursor:pointer;list-style:none;display:flex;align-items:center;gap:10px}\n.ssy-brief-faq summary::before{content:\"?\";flex:none;width:22px;height:22px;border-radius:50%;background:#fdecea;color:#c0392b;font-weight:700;font-size:13px;display:flex;align-items:center;justify-content:center}\n.ssy-brief-faq .ssy-brief-txt{font-size:14.5px;color:#3c4a5e;margin-top:10px;padding-left:32px}\n@media(max-width:640px){.ssy-brief-cards{grid-template-columns:1fr}}\n<\/style>\n<div class=\"ssy-brief-wrap\">\n<h1>Le Carnaval de Dunkerque : Une Tradition Festive Unique en France<\/h1>\n<p class=\"ssy-brief-lead\">N\u00e9 des adieux festifs offerts aux p\u00eacheurs dunkerquois avant leur d\u00e9part vers l&rsquo;Islande, le carnaval de Dunkerque est devenu l&rsquo;une des traditions populaires les plus vivantes du nord de la France. Bandes en musique, d\u00e9guisements codifi\u00e9s, jet de harengs et maisons ouvertes composent un rituel collectif transmis depuis plusieurs si\u00e8cles.<\/p>\n<div class=\"ssy-brief-answer\">\n  <span class=\"ssy-brief-kicker\">En bref<\/span><\/p>\n<div class=\"ssy-brief-txt\">Le carnaval de Dunkerque trouve son origine au d\u00e9but du <strong>XVIIe si\u00e8cle<\/strong>, dans la f\u00eate offerte par les armateurs aux marins-p\u00eacheurs avant leur campagne de p\u00eache au hareng en Islande. Il s&rsquo;est structur\u00e9 autour de la <strong>Visschersbende<\/strong> (\u00ab bande des p\u00eacheurs \u00bb), dont la premi\u00e8re trace officielle est une ordonnance du Magistrat dat\u00e9e du <strong>16 janvier 1676<\/strong>. Aujourd&rsquo;hui, il se manifeste par des bandes men\u00e9es au son des fifres et tambours, le port du <strong>clet&rsquo;che<\/strong> (costume personnel conserv\u00e9 d&rsquo;ann\u00e9e en ann\u00e9e) et des traditions propres comme le jet de harengs ou les chapelles.<\/div>\n<ul>\n<li>Origine li\u00e9e \u00e0 la p\u00eache au hareng en Islande, pratiqu\u00e9e d\u00e8s le XVIIe si\u00e8cle<\/li>\n<li>Premi\u00e8re mention officielle des festivit\u00e9s : ordonnance du 16 janvier 1676<\/li>\n<li>Le d\u00e9guisement personnel, le \u00ab clet&rsquo;che \u00bb, est repris \u00e0 l&rsquo;identique chaque ann\u00e9e<\/li>\n<li>Le calendrier pr\u00e9cis (dates des bandes, horaires, tarifs) change chaque \u00e9dition : il se v\u00e9rifie sur le site officiel de la ville de Dunkerque<\/li>\n<\/ul>\n<\/div>\n<h2>Les Racines Historiques du Carnaval Dunkerquois<\/h2>\n<p>Les origines du carnaval de Dunkerque remontent au <strong>d\u00e9but du XVIIe si\u00e8cle<\/strong>, \u00e0 l&rsquo;\u00e9poque o\u00f9 la ville \u00e9tait un port de p\u00eache actif. Avant de partir pour plusieurs mois de <strong>p\u00eache au hareng en Islande<\/strong>, campagne longue et dangereuse, les armateurs offraient aux marins un repas et une f\u00eate : la <u>\u00ab foye \u00bb<\/u>. Ce moment permettait aux \u00e9quipages de profiter une derni\u00e8re fois des plaisirs de la terre avant d&rsquo;affronter la mer du Nord et l&rsquo;Atlantique.<\/p>\n<p>De cette \u00ab foye \u00bb est n\u00e9e la <strong>Visschersbende<\/strong> (\u00ab bande des p\u00eacheurs \u00bb en flamand), qui deviendra le socle des festivit\u00e9s actuelles. Le plus ancien document officiel connu mentionnant ces r\u00e9jouissances est une <strong>ordonnance du Magistrat dat\u00e9e du 16 janvier 1676<\/strong>, qui cherchait d\u00e9j\u00e0 \u00e0 encadrer des c\u00e9l\u00e9brations prenant de l&rsquo;ampleur. Le carnaval s&rsquo;est ensuite \u00e9tendu bien au-del\u00e0 du monde de la p\u00eache, jusqu&rsquo;\u00e0 impliquer l&rsquo;ensemble de la population dunkerquoise.<\/p>\n<h2>La Visschersbende : L&rsquo;\u00c2me du Carnaval de Dunkerque<\/h2>\n<p>La Visschersbende reste l&rsquo;\u00e9l\u00e9ment central du carnaval de Dunkerque. H\u00e9riti\u00e8re des adieux faits aux marins-p\u00eacheurs, elle se manifeste aujourd&rsquo;hui sous la forme de <strong>d\u00e9fil\u00e9s (\u00ab bandes \u00bb)<\/strong> qui parcourent les rues de la ville et de ses quartiers. Chaque bande est conduite par un <u>tambour-major<\/u>, qui dirige la progression des carnavaleux le long d&rsquo;un parcours d\u00e9fini, rythm\u00e9 par les fifres et les tambours.<\/p>\n<div class=\"ssy-brief-cards\">\n<div class=\"ssy-brief-card\">\n<div class=\"ssy-brief-card-title\">Le tambour-major<\/div>\n<div class=\"ssy-brief-txt\">Personnage central de la bande, il ouvre la marche et en dirige le parcours et les arr\u00eats.<\/div>\n<\/div>\n<div class=\"ssy-brief-card\">\n<div class=\"ssy-brief-card-title\">Fifres et tambours<\/div>\n<div class=\"ssy-brief-txt\">Ils jouent les airs traditionnels qui rythment la progression des carnavaleux tout au long de la bande.<\/div>\n<\/div>\n<div class=\"ssy-brief-card\">\n<div class=\"ssy-brief-card-title\">Les carnavaleux<\/div>\n<div class=\"ssy-brief-txt\">D\u00e9guis\u00e9s et masqu\u00e9s, ils forment le corps de la bande et suivent le tambour-major d&rsquo;arr\u00eat en arr\u00eat.<\/div>\n<\/div>\n<\/div>\n<h2>Les Clet&rsquo;ches : L&rsquo;Art du D\u00e9guisement \u00e0 la Dunkerquoise<\/h2>\n<p>Le <strong>\u00ab clet&rsquo;che \u00bb<\/strong>, terme local d\u00e9signant le costume de carnaval, d\u00e9passe le simple d\u00e9guisement : il forme l&rsquo;<u>identit\u00e9 carnavalesque<\/u> de chaque participant. La tradition veut que l&rsquo;on conserve le m\u00eame clet&rsquo;che d&rsquo;une ann\u00e9e sur l&rsquo;autre, cr\u00e9ant une signature visuelle reconnaissable par les autres carnavaleux.<\/p>\n<p>Parmi les codes vestimentaires les plus r\u00e9pandus :<\/p>\n<ul>\n<li>Le <strong>travestissement<\/strong>, avec de nombreux hommes portant des tenues et accessoires f\u00e9minins<\/li>\n<li>Les <strong>chapeaux fleuris<\/strong> et <strong>perruques color\u00e9es<\/strong>, \u00e9l\u00e9ments r\u00e9currents des clet&rsquo;ches<\/li>\n<li>Le <strong>parapluie<\/strong> \u00e0 long manche, souvent d\u00e9cor\u00e9, \u00e0 la fois accessoire et outil pour se d\u00e9placer dans la foule<\/li>\n<li>Des <strong>maquillages<\/strong> marqu\u00e9s qui compl\u00e8tent la transformation<\/li>\n<\/ul>\n<h2>Les Trois Joyeuses : Le Point Culminant des Festivit\u00e9s<\/h2>\n<p>Les <strong>\u00ab Trois Joyeuses \u00bb<\/strong> d\u00e9signent les jours les plus intenses du carnaval, ceux qui pr\u00e9c\u00e8dent imm\u00e9diatement le mercredi des Cendres et le d\u00e9but du Car\u00eame. Durant cette p\u00e9riode, plusieurs bandes se succ\u00e8dent dans diff\u00e9rents quartiers de Dunkerque, chacune avec son propre parcours et ses habitu\u00e9s.<\/p>\n<div class=\"ssy-brief-note\">Le programme pr\u00e9cis des Trois Joyeuses (jours, bandes, horaires) est fix\u00e9 chaque ann\u00e9e par la ville et les soci\u00e9t\u00e9s carnavalesques, et peut varier d&rsquo;une \u00e9dition \u00e0 l&rsquo;autre. <strong>Pour conna\u00eetre le calendrier de l&rsquo;ann\u00e9e en cours, se r\u00e9f\u00e9rer au site officiel de la ville de Dunkerque<\/strong> plut\u00f4t qu&rsquo;\u00e0 une date fig\u00e9e.<\/div>\n<h2>Le Jet de Harengs : Une Tradition Unique au Monde<\/h2>\n<p>Le <strong>jet de harengs<\/strong> est l&rsquo;un des moments les plus attendus du carnaval de Dunkerque. N\u00e9e dans les ann\u00e9es qui ont suivi la Seconde Guerre mondiale, cette coutume se d\u00e9roule aux abords de la place de l&rsquo;H\u00f4tel de Ville et de la place Jean Bart, o\u00f9 des \u00e9lus lancent des harengs \u00e0 la foule rassembl\u00e9e.<\/p>\n<p>Cette tradition porte une symbolique forte :<\/p>\n<ul>\n<li>Le hareng rappelle l&rsquo;<strong>h\u00e9ritage maritime<\/strong> de la ville et son pass\u00e9 de port de p\u00eache<\/li>\n<li>Le geste \u00e9voque la <strong>g\u00e9n\u00e9rosit\u00e9<\/strong> historiquement associ\u00e9e aux adieux faits aux marins<\/li>\n<li>Attraper un hareng est traditionnellement v\u00e9cu comme un <strong>porte-bonheur<\/strong><\/li>\n<\/ul>\n<div class=\"ssy-brief-note\">Quantit\u00e9 de harengs lanc\u00e9s, heure pr\u00e9cise et emplacement exact du lancer varient selon les \u00e9ditions : ce sont des informations pratiques \u00e0 v\u00e9rifier chaque ann\u00e9e aupr\u00e8s de la ville, pas des constantes historiques.<\/div>\n<h2>La Musique et les Chants : L&rsquo;\u00c2me Sonore du Carnaval<\/h2>\n<p>La musique occupe une place centrale dans l&rsquo;ambiance du carnaval de Dunkerque. Les <strong>airs traditionnels<\/strong>, jou\u00e9s par les fifres et les tambours, rythment la progression des bandes et galvanisent les carnavaleux tout au long du parcours.<\/p>\n<p>Parmi les \u00e9l\u00e9ments musicaux les plus identifi\u00e9s au carnaval :<\/p>\n<ul>\n<li>La <strong>\u00ab Cantate \u00e0 Jean Bart \u00bb<\/strong>, chant repris en hommage au corsaire dunkerquois, consid\u00e9r\u00e9 comme l&rsquo;un des hymnes du carnaval<\/li>\n<li>Les <strong>\u00ab chahuts \u00bb<\/strong>, moments d&rsquo;effervescence collective o\u00f9 la foule saute et danse au rythme de la musique<\/li>\n<\/ul>\n<h2>Les Chapelles : La Convivialit\u00e9 au C\u0153ur de la F\u00eate<\/h2>\n<p>Les <strong>\u00ab chapelles \u00bb<\/strong> sont une tradition \u00e0 part enti\u00e8re du carnaval de Dunkerque. Pendant le passage des bandes, des habitants des quartiers concern\u00e9s ouvrent leurs portes aux carnavaleux pour leur offrir un moment de repos et de convivialit\u00e9, avec souvent de la bi\u00e8re, de la soupe \u00e0 l&rsquo;oignon ou des harengs.<\/p>\n<ul>\n<li>L&rsquo;<strong>accueil<\/strong> se fait dans un esprit d&rsquo;ouverture envers les carnavaleux de passage<\/li>\n<li>Les h\u00f4tes proposent g\u00e9n\u00e9ralement des <strong>boissons et une petite restauration<\/strong> typiques du carnaval<\/li>\n<li>Les chapelles sont des lieux de <strong>rencontre<\/strong> entre habitants et participants<\/li>\n<li>Certaines sont ouvertes par les m\u00eames familles ou associations d&rsquo;une ann\u00e9e sur l&rsquo;autre, devenant des <u>rep\u00e8res<\/u> pour les habitu\u00e9s<\/li>\n<\/ul>\n<h2>La Transmission de la Tradition Carnavalesque<\/h2>\n<p>La p\u00e9rennit\u00e9 du carnaval de Dunkerque repose sur une transmission active, port\u00e9e notamment par les <strong>soci\u00e9t\u00e9s carnavalesques<\/strong> qui pr\u00e9parent les festivit\u00e9s tout au long de l&rsquo;ann\u00e9e, et par des bandes destin\u00e9es aux plus jeunes pour les initier aux codes de la f\u00eate.<\/p>\n<div class=\"ssy-brief-note\">Fr\u00e9quentation : la bande de Dunkerque a rassembl\u00e9 environ <span class=\"ssy-brief-stat\">71 000<\/span> carnavaleux en 2023, selon les donn\u00e9es rapport\u00e9es pour cette \u00e9dition \u2014 un chiffre propre \u00e0 une bande et une ann\u00e9e donn\u00e9es, \u00e0 ne pas g\u00e9n\u00e9raliser \u00e0 l&rsquo;ensemble de la saison carnavalesque.<\/div>\n<p>Le carnaval de Dunkerque, bien plus qu&rsquo;une simple f\u00eate, incarne l&rsquo;identit\u00e9 d&rsquo;une ville marqu\u00e9e par son pass\u00e9 de port de p\u00eache. \u00c0 travers ses bandes, ses codes vestimentaires et ses rituels propres, il rassemble chaque saison des habitants et des visiteurs venus vivre une tradition populaire toujours vivante \u2014 dont le calendrier et les modalit\u00e9s pratiques de chaque \u00e9dition se v\u00e9rifient aupr\u00e8s de la ville et des organisateurs.<\/p>\n<div class=\"ssy-brief-retenir\">\n<div class=\"ssy-brief-card-title\">\ud83c\udfaf \u00c0 retenir<\/div>\n<ul>\n<li>Le carnaval na\u00eet de la \u00ab foye \u00bb, f\u00eate offerte aux marins avant leur d\u00e9part pour la p\u00eache au hareng en Islande (XVIIe si\u00e8cle)<\/li>\n<li>La Visschersbende est mentionn\u00e9e officiellement d\u00e8s une ordonnance du 16 janvier 1676<\/li>\n<li>Le clet&rsquo;che (costume personnel) et le tambour-major structurent chaque bande<\/li>\n<li>Les Trois Joyeuses et le jet de harengs sont des rituels forts, mais leur calendrier et leurs modalit\u00e9s changent chaque ann\u00e9e : \u00e0 v\u00e9rifier sur le site officiel de la ville<\/li>\n<li>Les chapelles et les soci\u00e9t\u00e9s carnavalesques assurent la convivialit\u00e9 et la transmission de la tradition<\/li>\n<\/ul>\n<\/div>\n<div class=\"ssy-brief-faq\">\n<details>\n<summary>D&rsquo;o\u00f9 vient le carnaval de Dunkerque ?<\/summary>\n<div class=\"ssy-brief-txt\">Il trouve son origine dans la \u00ab foye \u00bb, une f\u00eate offerte au d\u00e9but du XVIIe si\u00e8cle par les armateurs aux marins-p\u00eacheurs dunkerquois avant leur d\u00e9part pour plusieurs mois de p\u00eache au hareng en Islande.<\/div>\n<\/details>\n<details>\n<summary>Qu&rsquo;est-ce que la Visschersbende ?<\/summary>\n<div class=\"ssy-brief-txt\">C&rsquo;est la \u00ab bande des p\u00eacheurs \u00bb en flamand, n\u00e9e de la \u00ab foye \u00bb des marins. Elle est \u00e0 l&rsquo;origine des bandes actuelles du carnaval et fait l&rsquo;objet de la plus ancienne mention officielle connue, une ordonnance du Magistrat du 16 janvier 1676.<\/div>\n<\/details>\n<details>\n<summary>Qu&rsquo;est-ce qu&rsquo;un clet&rsquo;che ?<\/summary>\n<div class=\"ssy-brief-txt\">C&rsquo;est le nom local donn\u00e9 au costume de carnaval. Chaque carnavaleux conserve en g\u00e9n\u00e9ral le m\u00eame clet&rsquo;che d&rsquo;une ann\u00e9e sur l&rsquo;autre, ce qui en fait une signature personnelle reconnaissable.<\/div>\n<\/details>\n<details>\n<summary>Quand ont lieu les Trois Joyeuses et le jet de harengs cette ann\u00e9e ?<\/summary>\n<div class=\"ssy-brief-txt\">Le calendrier pr\u00e9cis (jours, bandes, horaires du jet de harengs) est fix\u00e9 chaque ann\u00e9e par la ville et les organisateurs et change d&rsquo;une \u00e9dition \u00e0 l&rsquo;autre : il se v\u00e9rifie sur le site officiel de la ville de Dunkerque plut\u00f4t que sur une date publi\u00e9e \u00e0 l&rsquo;avance.<\/div>\n<\/details>\n<\/div>\n<\/div>\n","protected":false},"excerpt":{"rendered":"","protected":false},"author":34,"featured_media":7478,"comment_status":"open","ping_status":"open","sticky":false,"template":"","format":"standard","meta":{"_acf_changed":false,"manual_indexmenow":false,"indexmenow_id_project":0,"footnotes":""},"categories":[1],"tags":[4563,4574,3535],"class_list":["post-7424","post","type-post","status-publish","format-standard","has-post-thumbnail","hentry","category-a-la-une","tag-carnaval","tag-dunkerque","tag-tradition","generate-columns","tablet-grid-50","mobile-grid-100","grid-parent","grid-25"],"acf":[],"yoast_head":"<!-- This site is optimized with the Yoast SEO Premium plugin v21.3 (Yoast SEO v26.5) - https:\/\/yoast.com\/wordpress\/plugins\/seo\/ -->\n<title>Le Carnaval de Dunkerque : Une Tradition Festive Unique en France<\/title>\n<meta name=\"description\" content=\"Les origines du carnaval de Dunkerque remontent au XVIIe si\u00e8cle, \u00e9poque o\u00f9 la ville \u00e9tait un important port de p\u00eache\" \/>\n<meta name=\"robots\" content=\"index, follow, max-snippet:-1, max-image-preview:large, max-video-preview:-1\" \/>\n<link rel=\"canonical\" href=\"https:\/\/starstory.fr\/blog\/a-la-une\/le-carnaval-de-dunkerque-une-tradition-festive-unique-en-france\/\" \/>\n<meta property=\"og:locale\" content=\"fr_FR\" \/>\n<meta property=\"og:type\" content=\"article\" \/>\n<meta property=\"og:title\" content=\"Le Carnaval de Dunkerque : Une Tradition Festive Unique en France\" \/>\n<meta property=\"og:description\" content=\"Les origines du carnaval de Dunkerque remontent au XVIIe si\u00e8cle, \u00e9poque o\u00f9 la ville \u00e9tait un important port de p\u00eache\" \/>\n<meta property=\"og:url\" content=\"https:\/\/starstory.fr\/blog\/a-la-une\/le-carnaval-de-dunkerque-une-tradition-festive-unique-en-france\/\" \/>\n<meta property=\"og:site_name\" content=\"starstory\" \/>\n<meta property=\"og:image\" content=\"https:\/\/starstory.fr\/blog\/wp-content\/uploads\/2025\/05\/sdxl-a68265679553af08b3317732ea4e0499-scaled.png\" \/>\n\t<meta property=\"og:image:width\" content=\"1200\" \/>\n\t<meta property=\"og:image:height\" content=\"500\" \/>\n\t<meta property=\"og:image:type\" content=\"image\/png\" \/>\n<meta name=\"author\" content=\"Rapha\u00ebl D.\" \/>\n<meta name=\"twitter:card\" content=\"summary_large_image\" \/>\n<script type=\"application\/ld+json\" class=\"yoast-schema-graph\">{\"@context\":\"https:\/\/schema.org\",\"@graph\":[{\"@type\":\"NewsArticle\",\"@id\":\"https:\/\/starstory.fr\/blog\/a-la-une\/le-carnaval-de-dunkerque-une-tradition-festive-unique-en-france\/#article\",\"isPartOf\":{\"@id\":\"https:\/\/starstory.fr\/blog\/a-la-une\/le-carnaval-de-dunkerque-une-tradition-festive-unique-en-france\/\"},\"author\":{\"name\":\"Rapha\u00ebl D.\",\"@id\":\"https:\/\/starstory.fr\/blog\/#\/schema\/person\/3c864cdc320801e3db34b663e7e3f816\"},\"headline\":\"Le Carnaval de Dunkerque : Une Tradition Festive Unique en France\",\"datePublished\":\"2026-08-31T18:19:35+00:00\",\"mainEntityOfPage\":{\"@id\":\"https:\/\/starstory.fr\/blog\/a-la-une\/le-carnaval-de-dunkerque-une-tradition-festive-unique-en-france\/\"},\"wordCount\":1667,\"commentCount\":0,\"publisher\":{\"@id\":\"https:\/\/starstory.fr\/blog\/#organization\"},\"image\":{\"@id\":\"https:\/\/starstory.fr\/blog\/a-la-une\/le-carnaval-de-dunkerque-une-tradition-festive-unique-en-france\/#primaryimage\"},\"thumbnailUrl\":\"https:\/\/starstory.fr\/blog\/wp-content\/uploads\/2025\/05\/sdxl-a68265679553af08b3317732ea4e0499-scaled.png\",\"keywords\":[\"carnaval\",\"dunkerque\",\"Tradition\"],\"articleSection\":[\"\u00c0 la une\"],\"inLanguage\":\"fr-FR\",\"potentialAction\":[{\"@type\":\"CommentAction\",\"name\":\"Comment\",\"target\":[\"https:\/\/starstory.fr\/blog\/a-la-une\/le-carnaval-de-dunkerque-une-tradition-festive-unique-en-france\/#respond\"]}]},{\"@type\":\"WebPage\",\"@id\":\"https:\/\/starstory.fr\/blog\/a-la-une\/le-carnaval-de-dunkerque-une-tradition-festive-unique-en-france\/\",\"url\":\"https:\/\/starstory.fr\/blog\/a-la-une\/le-carnaval-de-dunkerque-une-tradition-festive-unique-en-france\/\",\"name\":\"Le Carnaval de Dunkerque : Une Tradition Festive Unique en France\",\"isPartOf\":{\"@id\":\"https:\/\/starstory.fr\/blog\/#website\"},\"primaryImageOfPage\":{\"@id\":\"https:\/\/starstory.fr\/blog\/a-la-une\/le-carnaval-de-dunkerque-une-tradition-festive-unique-en-france\/#primaryimage\"},\"image\":{\"@id\":\"https:\/\/starstory.fr\/blog\/a-la-une\/le-carnaval-de-dunkerque-une-tradition-festive-unique-en-france\/#primaryimage\"},\"thumbnailUrl\":\"https:\/\/starstory.fr\/blog\/wp-content\/uploads\/2025\/05\/sdxl-a68265679553af08b3317732ea4e0499-scaled.png\",\"datePublished\":\"2026-08-31T18:19:35+00:00\",\"description\":\"Les origines du carnaval de Dunkerque remontent au XVIIe si\u00e8cle, \u00e9poque o\u00f9 la ville \u00e9tait un important port de p\u00eache\",\"inLanguage\":\"fr-FR\",\"potentialAction\":[{\"@type\":\"ReadAction\",\"target\":[\"https:\/\/starstory.fr\/blog\/a-la-une\/le-carnaval-de-dunkerque-une-tradition-festive-unique-en-france\/\"]}]},{\"@type\":\"ImageObject\",\"inLanguage\":\"fr-FR\",\"@id\":\"https:\/\/starstory.fr\/blog\/a-la-une\/le-carnaval-de-dunkerque-une-tradition-festive-unique-en-france\/#primaryimage\",\"url\":\"https:\/\/starstory.fr\/blog\/wp-content\/uploads\/2025\/05\/sdxl-a68265679553af08b3317732ea4e0499-scaled.png\",\"contentUrl\":\"https:\/\/starstory.fr\/blog\/wp-content\/uploads\/2025\/05\/sdxl-a68265679553af08b3317732ea4e0499-scaled.png\",\"width\":1200,\"height\":500},{\"@type\":\"WebSite\",\"@id\":\"https:\/\/starstory.fr\/blog\/#website\",\"url\":\"https:\/\/starstory.fr\/blog\/\",\"name\":\"StarStory\",\"description\":\"StarStory, les \u00e9toiles racontent leur histoire\",\"publisher\":{\"@id\":\"https:\/\/starstory.fr\/blog\/#organization\"},\"alternateName\":\"StarStory, les \u00e9toiles racontent leur histoire\",\"potentialAction\":[{\"@type\":\"SearchAction\",\"target\":{\"@type\":\"EntryPoint\",\"urlTemplate\":\"https:\/\/starstory.fr\/blog\/?s={search_term_string}\"},\"query-input\":{\"@type\":\"PropertyValueSpecification\",\"valueRequired\":true,\"valueName\":\"search_term_string\"}}],\"inLanguage\":\"fr-FR\"},{\"@type\":\"Organization\",\"@id\":\"https:\/\/starstory.fr\/blog\/#organization\",\"name\":\"StarStory\",\"alternateName\":\"StarStory.fr\",\"url\":\"https:\/\/starstory.fr\/blog\/\",\"logo\":{\"@type\":\"ImageObject\",\"inLanguage\":\"fr-FR\",\"@id\":\"https:\/\/starstory.fr\/blog\/#\/schema\/logo\/image\/\",\"url\":\"https:\/\/starstory.fr\/blog\/wp-content\/uploads\/2024\/12\/38.png\",\"contentUrl\":\"https:\/\/starstory.fr\/blog\/wp-content\/uploads\/2024\/12\/38.png\",\"width\":500,\"height\":500,\"caption\":\"StarStory\"},\"image\":{\"@id\":\"https:\/\/starstory.fr\/blog\/#\/schema\/logo\/image\/\"}},{\"@type\":\"Person\",\"@id\":\"https:\/\/starstory.fr\/blog\/#\/schema\/person\/3c864cdc320801e3db34b663e7e3f816\",\"name\":\"Rapha\u00ebl D.\",\"image\":{\"@type\":\"ImageObject\",\"inLanguage\":\"fr-FR\",\"@id\":\"https:\/\/starstory.fr\/blog\/#\/schema\/person\/image\/\",\"url\":\"https:\/\/starstory.fr\/blog\/wp-content\/uploads\/2026\/06\/persona_raphael-d-96x96.jpg\",\"contentUrl\":\"https:\/\/starstory.fr\/blog\/wp-content\/uploads\/2026\/06\/persona_raphael-d-96x96.jpg\",\"caption\":\"Rapha\u00ebl D.\"},\"description\":\"La culture est mon terrain de jeu depuis une dizaine d'ann\u00e9es : arts visuels, s\u00e9ries, cr\u00e9ation et tout ce qui nourrit l'imaginaire. J'\u00e9cris aussi bien sur l'actualit\u00e9 des \u0153uvres que sur les coulisses de la cr\u00e9ation, avec l'envie de relier l'amateur curieux \u00e0 des univers parfois jug\u00e9s intimidants. J'aime analyser une s\u00e9rie ou une d\u00e9marche artistique sans p\u00e9dantisme, replacer une \u0153uvre dans son contexte et donner des cl\u00e9s de lecture accessibles. Avant de publier, je v\u00e9rifie mes r\u00e9f\u00e9rences, je recoupe les sources et je distingue clairement le fait de mon interpr\u00e9tation subjective. Je crois qu'une critique vaut surtout par les arguments qu'elle expose, pas par la sentence qu'elle rend. Mon angle : transmettre l'envie de d\u00e9couvrir, de regarder autrement et de se forger son propre go\u00fbt. La culture n'appartient pas qu'aux initi\u00e9s, et c'est tout l'enjeu de mon \u00e9criture.\",\"url\":\"https:\/\/starstory.fr\/blog\/auteur\/noname\/\",\"jobTitle\":\"R\u00e9dacteur en chef \u00b7 Culture & Cr\u00e9ation\",\"knowsAbout\":[\"Culture\",\"Cr\u00e9ation\"],\"email\":\"raphael.d@a-l-asso-de-l-art.fr\"}]}<\/script>\n<!-- \/ Yoast SEO Premium plugin. -->","yoast_head_json":{"title":"Le Carnaval de Dunkerque : Une Tradition Festive Unique en France","description":"Les origines du carnaval de Dunkerque remontent au XVIIe si\u00e8cle, \u00e9poque o\u00f9 la ville \u00e9tait un important port de p\u00eache","robots":{"index":"index","follow":"follow","max-snippet":"max-snippet:-1","max-image-preview":"max-image-preview:large","max-video-preview":"max-video-preview:-1"},"canonical":"https:\/\/starstory.fr\/blog\/a-la-une\/le-carnaval-de-dunkerque-une-tradition-festive-unique-en-france\/","og_locale":"fr_FR","og_type":"article","og_title":"Le Carnaval de Dunkerque : Une Tradition Festive Unique en France","og_description":"Les origines du carnaval de Dunkerque remontent au XVIIe si\u00e8cle, \u00e9poque o\u00f9 la ville \u00e9tait un important port de p\u00eache","og_url":"https:\/\/starstory.fr\/blog\/a-la-une\/le-carnaval-de-dunkerque-une-tradition-festive-unique-en-france\/","og_site_name":"starstory","og_image":[{"width":1200,"height":500,"url":"https:\/\/starstory.fr\/blog\/wp-content\/uploads\/2025\/05\/sdxl-a68265679553af08b3317732ea4e0499-scaled.png","type":"image\/png"}],"author":"Rapha\u00ebl D.","twitter_card":"summary_large_image","schema":{"@context":"https:\/\/schema.org","@graph":[{"@type":"NewsArticle","@id":"https:\/\/starstory.fr\/blog\/a-la-une\/le-carnaval-de-dunkerque-une-tradition-festive-unique-en-france\/#article","isPartOf":{"@id":"https:\/\/starstory.fr\/blog\/a-la-une\/le-carnaval-de-dunkerque-une-tradition-festive-unique-en-france\/"},"author":{"name":"Rapha\u00ebl D.","@id":"https:\/\/starstory.fr\/blog\/#\/schema\/person\/3c864cdc320801e3db34b663e7e3f816"},"headline":"Le Carnaval de Dunkerque : Une Tradition Festive Unique en France","datePublished":"2026-08-31T18:19:35+00:00","mainEntityOfPage":{"@id":"https:\/\/starstory.fr\/blog\/a-la-une\/le-carnaval-de-dunkerque-une-tradition-festive-unique-en-france\/"},"wordCount":1667,"commentCount":0,"publisher":{"@id":"https:\/\/starstory.fr\/blog\/#organization"},"image":{"@id":"https:\/\/starstory.fr\/blog\/a-la-une\/le-carnaval-de-dunkerque-une-tradition-festive-unique-en-france\/#primaryimage"},"thumbnailUrl":"https:\/\/starstory.fr\/blog\/wp-content\/uploads\/2025\/05\/sdxl-a68265679553af08b3317732ea4e0499-scaled.png","keywords":["carnaval","dunkerque","Tradition"],"articleSection":["\u00c0 la une"],"inLanguage":"fr-FR","potentialAction":[{"@type":"CommentAction","name":"Comment","target":["https:\/\/starstory.fr\/blog\/a-la-une\/le-carnaval-de-dunkerque-une-tradition-festive-unique-en-france\/#respond"]}]},{"@type":"WebPage","@id":"https:\/\/starstory.fr\/blog\/a-la-une\/le-carnaval-de-dunkerque-une-tradition-festive-unique-en-france\/","url":"https:\/\/starstory.fr\/blog\/a-la-une\/le-carnaval-de-dunkerque-une-tradition-festive-unique-en-france\/","name":"Le Carnaval de Dunkerque : Une Tradition Festive Unique en France","isPartOf":{"@id":"https:\/\/starstory.fr\/blog\/#website"},"primaryImageOfPage":{"@id":"https:\/\/starstory.fr\/blog\/a-la-une\/le-carnaval-de-dunkerque-une-tradition-festive-unique-en-france\/#primaryimage"},"image":{"@id":"https:\/\/starstory.fr\/blog\/a-la-une\/le-carnaval-de-dunkerque-une-tradition-festive-unique-en-france\/#primaryimage"},"thumbnailUrl":"https:\/\/starstory.fr\/blog\/wp-content\/uploads\/2025\/05\/sdxl-a68265679553af08b3317732ea4e0499-scaled.png","datePublished":"2026-08-31T18:19:35+00:00","description":"Les origines du carnaval de Dunkerque remontent au XVIIe si\u00e8cle, \u00e9poque o\u00f9 la ville \u00e9tait un important port de p\u00eache","inLanguage":"fr-FR","potentialAction":[{"@type":"ReadAction","target":["https:\/\/starstory.fr\/blog\/a-la-une\/le-carnaval-de-dunkerque-une-tradition-festive-unique-en-france\/"]}]},{"@type":"ImageObject","inLanguage":"fr-FR","@id":"https:\/\/starstory.fr\/blog\/a-la-une\/le-carnaval-de-dunkerque-une-tradition-festive-unique-en-france\/#primaryimage","url":"https:\/\/starstory.fr\/blog\/wp-content\/uploads\/2025\/05\/sdxl-a68265679553af08b3317732ea4e0499-scaled.png","contentUrl":"https:\/\/starstory.fr\/blog\/wp-content\/uploads\/2025\/05\/sdxl-a68265679553af08b3317732ea4e0499-scaled.png","width":1200,"height":500},{"@type":"WebSite","@id":"https:\/\/starstory.fr\/blog\/#website","url":"https:\/\/starstory.fr\/blog\/","name":"StarStory","description":"StarStory, les \u00e9toiles racontent leur histoire","publisher":{"@id":"https:\/\/starstory.fr\/blog\/#organization"},"alternateName":"StarStory, les \u00e9toiles racontent leur histoire","potentialAction":[{"@type":"SearchAction","target":{"@type":"EntryPoint","urlTemplate":"https:\/\/starstory.fr\/blog\/?s={search_term_string}"},"query-input":{"@type":"PropertyValueSpecification","valueRequired":true,"valueName":"search_term_string"}}],"inLanguage":"fr-FR"},{"@type":"Organization","@id":"https:\/\/starstory.fr\/blog\/#organization","name":"StarStory","alternateName":"StarStory.fr","url":"https:\/\/starstory.fr\/blog\/","logo":{"@type":"ImageObject","inLanguage":"fr-FR","@id":"https:\/\/starstory.fr\/blog\/#\/schema\/logo\/image\/","url":"https:\/\/starstory.fr\/blog\/wp-content\/uploads\/2024\/12\/38.png","contentUrl":"https:\/\/starstory.fr\/blog\/wp-content\/uploads\/2024\/12\/38.png","width":500,"height":500,"caption":"StarStory"},"image":{"@id":"https:\/\/starstory.fr\/blog\/#\/schema\/logo\/image\/"}},{"@type":"Person","@id":"https:\/\/starstory.fr\/blog\/#\/schema\/person\/3c864cdc320801e3db34b663e7e3f816","name":"Rapha\u00ebl D.","image":{"@type":"ImageObject","inLanguage":"fr-FR","@id":"https:\/\/starstory.fr\/blog\/#\/schema\/person\/image\/","url":"https:\/\/starstory.fr\/blog\/wp-content\/uploads\/2026\/06\/persona_raphael-d-96x96.jpg","contentUrl":"https:\/\/starstory.fr\/blog\/wp-content\/uploads\/2026\/06\/persona_raphael-d-96x96.jpg","caption":"Rapha\u00ebl D."},"description":"La culture est mon terrain de jeu depuis une dizaine d'ann\u00e9es : arts visuels, s\u00e9ries, cr\u00e9ation et tout ce qui nourrit l'imaginaire. J'\u00e9cris aussi bien sur l'actualit\u00e9 des \u0153uvres que sur les coulisses de la cr\u00e9ation, avec l'envie de relier l'amateur curieux \u00e0 des univers parfois jug\u00e9s intimidants. J'aime analyser une s\u00e9rie ou une d\u00e9marche artistique sans p\u00e9dantisme, replacer une \u0153uvre dans son contexte et donner des cl\u00e9s de lecture accessibles. Avant de publier, je v\u00e9rifie mes r\u00e9f\u00e9rences, je recoupe les sources et je distingue clairement le fait de mon interpr\u00e9tation subjective. Je crois qu'une critique vaut surtout par les arguments qu'elle expose, pas par la sentence qu'elle rend. Mon angle : transmettre l'envie de d\u00e9couvrir, de regarder autrement et de se forger son propre go\u00fbt. La culture n'appartient pas qu'aux initi\u00e9s, et c'est tout l'enjeu de mon \u00e9criture.","url":"https:\/\/starstory.fr\/blog\/auteur\/noname\/","jobTitle":"R\u00e9dacteur en chef \u00b7 Culture & Cr\u00e9ation","knowsAbout":["Culture","Cr\u00e9ation"],"email":"raphael.d@a-l-asso-de-l-art.fr"}]}},"_links":{"self":[{"href":"https:\/\/starstory.fr\/blog\/wp-json\/wp\/v2\/posts\/7424","targetHints":{"allow":["GET"]}}],"collection":[{"href":"https:\/\/starstory.fr\/blog\/wp-json\/wp\/v2\/posts"}],"about":[{"href":"https:\/\/starstory.fr\/blog\/wp-json\/wp\/v2\/types\/post"}],"author":[{"embeddable":true,"href":"https:\/\/starstory.fr\/blog\/wp-json\/wp\/v2\/users\/34"}],"replies":[{"embeddable":true,"href":"https:\/\/starstory.fr\/blog\/wp-json\/wp\/v2\/comments?post=7424"}],"version-history":[{"count":1,"href":"https:\/\/starstory.fr\/blog\/wp-json\/wp\/v2\/posts\/7424\/revisions"}],"predecessor-version":[{"id":8408,"href":"https:\/\/starstory.fr\/blog\/wp-json\/wp\/v2\/posts\/7424\/revisions\/8408"}],"wp:featuredmedia":[{"embeddable":true,"href":"https:\/\/starstory.fr\/blog\/wp-json\/wp\/v2\/media\/7478"}],"wp:attachment":[{"href":"https:\/\/starstory.fr\/blog\/wp-json\/wp\/v2\/media?parent=7424"}],"wp:term":[{"taxonomy":"category","embeddable":true,"href":"https:\/\/starstory.fr\/blog\/wp-json\/wp\/v2\/categories?post=7424"},{"taxonomy":"post_tag","embeddable":true,"href":"https:\/\/starstory.fr\/blog\/wp-json\/wp\/v2\/tags?post=7424"}],"curies":[{"name":"wp","href":"https:\/\/api.w.org\/{rel}","templated":true}]}}