{"id":7418,"date":"2026-08-31T16:59:55","date_gmt":"2026-08-31T14:59:55","guid":{"rendered":"https:\/\/starstory.fr\/blog\/a-la-une\/le-centre-pompidou-revolution-architecturale-au-coeur-de-paris\/"},"modified":"2026-08-31T16:59:55","modified_gmt":"2026-08-31T14:59:55","slug":"le-centre-pompidou-revolution-architecturale-au-coeur-de-paris","status":"publish","type":"post","link":"https:\/\/starstory.fr\/blog\/a-la-une\/le-centre-pompidou-revolution-architecturale-au-coeur-de-paris\/","title":{"rendered":"Le Centre Pompidou : r\u00e9volution architecturale au c\u0153ur de Paris"},"content":{"rendered":"<div class=\"cp7418-wrap\">\n<link rel=\"stylesheet\" href=\"https:\/\/fonts.googleapis.com\/css2?family=Fraunces:opsz,wght@9..144,600;9..144,800&#038;family=Inter:wght@400;500;600&#038;family=JetBrains+Mono:wght@500&#038;display=swap\">\n<style>\n.cp7418-wrap{--cp-accent:#D7263D;--cp-ink:#161A22;--cp-paper:#FAF6F0;--cp-line:#E7DFD3;font-family:'Inter',-apple-system,sans-serif;color:var(--cp-ink);line-height:1.65;font-size:17px}\n.cp7418-wrap h1,.cp7418-wrap h2{font-family:'Fraunces',Georgia,serif;font-weight:700;letter-spacing:-.01em;color:var(--cp-ink)}\n.cp7418-wrap h1{font-size:clamp(28px,4vw,40px);margin-bottom:6px}\n.cp7418-wrap h2{font-size:clamp(22px,3vw,30px);margin:48px 0 16px}\n.cp7418-lead{font-family:'Fraunces',Georgia,serif;font-size:clamp(18px,2vw,21px);font-weight:600;color:#3a3f4b;margin:0 0 28px}\n.cp7418-answer{background:var(--cp-paper);border-left:5px solid var(--cp-accent);border-radius:10px;padding:24px 26px;margin:24px 0 36px;box-shadow:0 1px 2px rgba(16,24,40,.05),0 12px 28px -16px rgba(16,24,40,.18)}\n.cp7418-answer-kicker{font-family:'JetBrains Mono',monospace;font-size:12px;font-weight:500;letter-spacing:.08em;text-transform:uppercase;color:var(--cp-accent);margin-bottom:10px}\n.cp7418-answer-txt{font-family:'Fraunces',Georgia,serif;font-size:clamp(19px,2.4vw,23px);font-weight:600;line-height:1.4;margin-bottom:14px}\n.cp7418-answer-list{margin:0;padding-left:20px}\n.cp7418-answer-list li{margin-bottom:6px}\n.cp7418-cards{display:grid;grid-template-columns:repeat(auto-fit,minmax(220px,1fr));gap:20px;margin:22px 0}\n.cp7418-card{background:#fff;border:1px solid var(--cp-line);border-top:3px solid var(--cp-accent);border-radius:10px;padding:22px;transition:.25s ease}\n.cp7418-card:hover{transform:translateY(-3px);box-shadow:0 12px 28px -16px rgba(16,24,40,.25)}\n.cp7418-card-h{font-family:'Fraunces',Georgia,serif;font-weight:700;font-size:17px;margin-bottom:8px}\n.cp7418-card-txt{font-size:15.5px;color:#4a4f5a}\n.cp7418-retain{background:var(--cp-ink);color:#eef1f7;border-radius:12px;padding:26px 28px;margin:44px 0}\n.cp7418-retain-title{font-family:'Fraunces',Georgia,serif;font-weight:700;font-size:20px;color:#fff!important;margin-bottom:12px}\n.cp7418-retain ul{margin:0;padding-left:20px}\n.cp7418-retain li,.cp7418-retain span,.cp7418-retain strong{color:#eef1f7!important}\n.cp7418-retain strong{color:#fff!important}\n.cp7418-faq{border:1px solid var(--cp-line);border-radius:10px;padding:16px 20px;margin-bottom:12px;background:#fff}\n.cp7418-faq summary{font-family:'Fraunces',Georgia,serif;font-weight:600;font-size:16.5px;cursor:pointer;color:var(--cp-ink)}\n.cp7418-faq summary::marker{color:var(--cp-accent)}\n.cp7418-faq[open] summary{margin-bottom:10px}\n.cp7418-faq-a{font-size:15.5px;color:#3a3f4b}\n.cp7418-note{font-family:'JetBrains Mono',monospace;font-size:13px;color:#6b7280;background:var(--cp-paper);border-radius:8px;padding:14px 16px;margin:32px 0}\n@media(max-width:640px){.cp7418-cards{grid-template-columns:1fr}}\n<\/style>\n<h1>Le Centre Pompidou : r\u00e9volution architecturale au c\u0153ur de Paris<\/h1>\n<p class=\"cp7418-lead\">Un mus\u00e9e qui affiche sa tuyauterie plut\u00f4t que de la cacher : c&rsquo;est ce parti pris, jug\u00e9 provocateur \u00e0 sa naissance, qui a fait du Centre Pompidou l&rsquo;un des b\u00e2timents les plus comment\u00e9s du XXe si\u00e8cle.<\/p>\n<div class=\"cp7418-answer\">\n<div class=\"cp7418-answer-kicker\">L&rsquo;essentiel<\/div>\n<div class=\"cp7418-answer-txt\">Le Centre Pompidou est un b\u00e2timent qui montre ce que les autres cachent.<\/div>\n<ul class=\"cp7418-answer-list\">\n<li>Structures, gaines techniques et circulations sont rejet\u00e9es sur la fa\u00e7ade ext\u00e9rieure plut\u00f4t que dissimul\u00e9es dans les murs.<\/li>\n<li>Ce choix lib\u00e8re enti\u00e8rement l&rsquo;int\u00e9rieur : des plateaux nus, sans piliers, reconfigurables \u00e0 volont\u00e9.<\/li>\n<li>Le r\u00e9sultat a durablement influenc\u00e9 la mani\u00e8re de concevoir les \u00e9quipements culturels dans le monde.<\/li>\n<\/ul>\n<\/div>\n<h2>Ce qui a fait scandale et fait \u00e9cole<\/h2>\n<p>Le projet na\u00eet en 1969, quand le pr\u00e9sident Georges Pompidou exprime la volont\u00e9 d&rsquo;un centre culturel pluridisciplinaire au c\u0153ur de Paris. Un concours international d&rsquo;architecture est lanc\u00e9 en 1971 : plusieurs centaines de projets sont d\u00e9pos\u00e9s par des \u00e9quipes venues du monde entier. C&rsquo;est la proposition de deux architectes alors peu connus, l&rsquo;Italien Renzo Piano et le Britannique Richard Rogers, qui l&#8217;emporte \u2014 au grand \u00e9tonnement d&rsquo;un jury international qui comptait notamment l&rsquo;architecte Jean Prouv\u00e9.<\/p>\n<p>Leur id\u00e9e rompt frontalement avec la tradition du mus\u00e9e-temple en pierre : au lieu d&rsquo;enfermer la structure, les circuits d&rsquo;air, l&rsquo;eau et l&rsquo;\u00e9lectricit\u00e9 dans les murs, ils les font sortir sur la fa\u00e7ade, comme un organisme dont on regarderait les entrailles \u00e0 ciel ouvert. Cette \u00ab architecture retourn\u00e9e \u00bb, parfois qualifi\u00e9e d&rsquo;\u00ab inside-out \u00bb, choque une partie du public et de la critique \u00e0 l&rsquo;ouverture du b\u00e2timent \u00e0 la fin des ann\u00e9es 1970 \u2014 avant de devenir la r\u00e9f\u00e9rence du style que l&rsquo;on appellera plus tard le high-tech architectural.<\/p>\n<h2>Pourquoi ce choix change l&rsquo;usage<\/h2>\n<p>Repousser la structure et les r\u00e9seaux \u00e0 l&rsquo;ext\u00e9rieur n&rsquo;est pas qu&rsquo;un geste esth\u00e9tique : c&rsquo;est une d\u00e9cision fonctionnelle. En lib\u00e9rant l&rsquo;int\u00e9rieur de tout poteau porteur et de toute gaine apparente, les architectes offrent au b\u00e2timent des plateaux enti\u00e8rement nus, modulables au gr\u00e9 des besoins \u2014 l&rsquo;architecture se met au service du programme, et non l&rsquo;inverse.<\/p>\n<p>Cette flexibilit\u00e9 explique pourquoi le Centre Pompidou a pu, d\u00e8s l&rsquo;origine, r\u00e9unir sous un m\u00eame toit des fonctions tr\u00e8s diff\u00e9rentes : un mus\u00e9e d&rsquo;art moderne et contemporain, une biblioth\u00e8que publique en acc\u00e8s libre, un centre d\u00e9di\u00e9 au design et \u00e0 l&rsquo;architecture, ainsi qu&rsquo;un institut de recherche musicale fond\u00e9 \u00e0 l&rsquo;initiative du compositeur Pierre Boulez. Les collections du mus\u00e9e traversent l&rsquo;histoire de l&rsquo;art du XXe et du XXIe si\u00e8cle, avec des \u0153uvres d&rsquo;artistes majeurs comme Pablo Picasso, Henri Matisse, Wassily Kandinsky ou Marcel Duchamp \u2014 pr\u00e9sent\u00e9es dans des volumes qui peuvent \u00eatre red\u00e9coup\u00e9s d&rsquo;une exposition \u00e0 l&rsquo;autre, sans contrainte architecturale.<\/p>\n<h2>La couleur comme code<\/h2>\n<div class=\"cp7418-cards\">\n<div class=\"cp7418-card\">\n<div class=\"cp7418-card-h\">Un langage visuel<\/div>\n<div class=\"cp7418-card-txt\">Sur la fa\u00e7ade, les diff\u00e9rents r\u00e9seaux techniques (fluides, air, \u00e9lectricit\u00e9, circulations) sont peints dans des teintes distinctes selon leur fonction.<\/div>\n<\/p><\/div>\n<div class=\"cp7418-card\">\n<div class=\"cp7418-card-h\">Lire le b\u00e2timent<\/div>\n<div class=\"cp7418-card-txt\">Ce code couleur transforme une contrainte technique en signal\u00e9tique : on peut \u00ab lire \u00bb \u00e0 l&rsquo;\u0153il nu \u00e0 quoi sert chaque tuyau apparent.<\/div>\n<\/p><\/div>\n<div class=\"cp7418-card\">\n<div class=\"cp7418-card-h\">Un principe, pas un d\u00e9cor<\/div>\n<div class=\"cp7418-card-txt\">La couleur n&rsquo;est pas un habillage ajout\u00e9 apr\u00e8s coup : elle d\u00e9coule directement de la logique de classement des r\u00e9seaux voulue par les architectes.<\/div>\n<\/p><\/div>\n<\/div>\n<p>Ce principe de couleur fonctionnelle a lui aussi fait \u00e9cole : de nombreux b\u00e2timents industriels ou culturels, apr\u00e8s le Centre Pompidou, ont repris l&rsquo;id\u00e9e de coder par la teinte ce qui, ailleurs, reste invisible.<\/p>\n<h2>Le rapport \u00e0 la ville<\/h2>\n<p>Le b\u00e2timent ne se referme pas sur lui-m\u00eame : il s&rsquo;ouvre sur une vaste place en pente, la Piazza Beaubourg, pens\u00e9e d\u00e8s l&rsquo;origine comme le prolongement ext\u00e9rieur du mus\u00e9e plut\u00f4t que comme un simple parvis. Dans un quartier parisien dense, cette esplanade fonctionne comme un espace public \u00e0 part enti\u00e8re \u2014 un lieu de passage, de rassemblement et d&rsquo;expression que se sont appropri\u00e9s artistes de rue, musiciens et passants, bien au-del\u00e0 du seul public du mus\u00e9e.<\/p>\n<p>Cette porosit\u00e9 entre le mus\u00e9e et la rue participe du m\u00eame geste que l&rsquo;architecture \u00ab inside-out \u00bb : au lieu de dresser une fa\u00e7ade intimidante entre l&rsquo;art et la ville, le Centre Pompidou installe le mouvement, la couleur et la vie urbaine jusque sur ses propres murs.<\/p>\n<h2>Un h\u00e9ritage qui d\u00e9passe Paris<\/h2>\n<p>Pr\u00e8s de cinq d\u00e9cennies apr\u00e8s son ouverture, le Centre Pompidou reste une r\u00e9f\u00e9rence cit\u00e9e dans l&rsquo;enseignement de l&rsquo;architecture pour avoir d\u00e9montr\u00e9 qu&rsquo;un \u00e9quipement culturel pouvait \u00eatre \u00e0 la fois monumental et profond\u00e9ment flexible. Le mod\u00e8le a essaim\u00e9 au-del\u00e0 de la capitale fran\u00e7aise, avec des antennes portant son nom hors de Paris, notamment en Espagne et en Chine \u2014 preuve que l&rsquo;id\u00e9e d&rsquo;un mus\u00e9e-organisme, montrant sa structure plut\u00f4t que la cachant, continue de voyager.<\/p>\n<p>Comme tout monument de cette envergure apr\u00e8s des d\u00e9cennies d&rsquo;usage intensif, le b\u00e2timent fait p\u00e9riodiquement l&rsquo;objet de travaux de modernisation de ses installations. Pour conna\u00eetre l&rsquo;\u00e9tat d&rsquo;ouverture actuel, mieux vaut toujours se r\u00e9f\u00e9rer au site officiel du Centre Pompidou plut\u00f4t qu&rsquo;\u00e0 une information qui peut dater.<\/p>\n<div class=\"cp7418-retain\">\n<div class=\"cp7418-retain-title\">\u00c0 retenir<\/div>\n<ul>\n<li><strong>L&rsquo;id\u00e9e centrale<\/strong> : structure et r\u00e9seaux techniques rejet\u00e9s \u00e0 l&rsquo;ext\u00e9rieur pour lib\u00e9rer enti\u00e8rement l&rsquo;espace int\u00e9rieur.<\/li>\n<li><strong>La cons\u00e9quence<\/strong> : des plateaux nus et reconfigurables, capables d&rsquo;accueillir mus\u00e9e, biblioth\u00e8que et centres de recherche sous un m\u00eame toit.<\/li>\n<li><strong>Le code couleur<\/strong> : chaque r\u00e9seau technique porte une teinte propre, qui rend lisible ce qui, ailleurs, reste cach\u00e9.<\/li>\n<li><strong>La Piazza Beaubourg<\/strong> : une place en pente qui prolonge le mus\u00e9e dans l&rsquo;espace public.<\/li>\n<li><strong>L&rsquo;h\u00e9ritage<\/strong> : un mod\u00e8le repris bien au-del\u00e0 de Paris et toujours enseign\u00e9 comme r\u00e9f\u00e9rence du style high-tech.<\/li>\n<\/ul>\n<\/div>\n<h2>Questions fr\u00e9quentes<\/h2>\n<details class=\"cp7418-faq\">\n<summary>Qui a con\u00e7u le Centre Pompidou ?<\/summary>\n<div class=\"cp7418-faq-a\">Le b\u00e2timent est l&rsquo;\u0153uvre des architectes Renzo Piano et Richard Rogers, laur\u00e9ats du concours international lanc\u00e9 au d\u00e9but des ann\u00e9es 1970.<\/div>\n<\/details>\n<details class=\"cp7418-faq\">\n<summary>Que signifie l&rsquo;expression \u00ab architecture inside-out \u00bb ?<\/summary>\n<div class=\"cp7418-faq-a\">Elle d\u00e9signe le principe consistant \u00e0 placer sur la fa\u00e7ade ext\u00e9rieure d&rsquo;un b\u00e2timent ce qui est habituellement dissimul\u00e9 \u00e0 l&rsquo;int\u00e9rieur : structure porteuse, gaines techniques et circulations.<\/div>\n<\/details>\n<details class=\"cp7418-faq\">\n<summary>Pourquoi les tuyaux du Centre Pompidou sont-ils color\u00e9s ?<\/summary>\n<div class=\"cp7418-faq-a\">Chaque couleur correspond \u00e0 une fonction technique diff\u00e9rente, de fa\u00e7on \u00e0 rendre lisible d&rsquo;un coup d&rsquo;\u0153il un r\u00e9seau qui, dans un b\u00e2timent classique, resterait invisible derri\u00e8re les murs.<\/div>\n<\/details>\n<details class=\"cp7418-faq\">\n<summary>Le Centre Pompidou n&rsquo;est-il qu&rsquo;un mus\u00e9e ?<\/summary>\n<div class=\"cp7418-faq-a\">Non : sa flexibilit\u00e9 architecturale lui permet d&rsquo;abriter, sous le m\u00eame toit, un mus\u00e9e d&rsquo;art moderne et contemporain, une biblioth\u00e8que publique et des institutions d\u00e9di\u00e9es au design et \u00e0 la recherche musicale.<\/div>\n<\/details>\n<details class=\"cp7418-faq\">\n<summary>O\u00f9 trouver les informations pratiques pour pr\u00e9parer une visite ?<\/summary>\n<div class=\"cp7418-faq-a\">Les horaires, tarifs et l&rsquo;\u00e9tat d&rsquo;ouverture du b\u00e2timent \u00e9voluent r\u00e9guli\u00e8rement : mieux vaut toujours consulter le site officiel du Centre Pompidou plut\u00f4t qu&rsquo;une page tierce pour pr\u00e9parer sa venue.<\/div>\n<\/details>\n<div class=\"cp7418-note\">Article mis \u00e0 jour \u00b7 sources : histoire de l&rsquo;architecture du Centre Pompidou.<\/div>\n<\/div>\n","protected":false},"excerpt":{"rendered":"","protected":false},"author":34,"featured_media":7451,"comment_status":"open","ping_status":"open","sticky":false,"template":"","format":"standard","meta":{"_acf_changed":false,"manual_indexmenow":false,"indexmenow_id_project":0,"footnotes":""},"categories":[1],"tags":[4566,4568,4567],"class_list":["post-7418","post","type-post","status-publish","format-standard","has-post-thumbnail","hentry","category-a-la-une","tag-architecture","tag-artmoderne","tag-paris","generate-columns","tablet-grid-50","mobile-grid-100","grid-parent","grid-25"],"acf":[],"yoast_head":"<!-- This site is optimized with the Yoast SEO Premium plugin v21.3 (Yoast SEO v26.5) - https:\/\/yoast.com\/wordpress\/plugins\/seo\/ -->\n<title>Le Centre Pompidou : r\u00e9volution architecturale au c\u0153ur de Paris<\/title>\n<meta name=\"description\" content=\"Le Centre Pompidou, chef-d&#039;\u0153uvre de Renzo Piano et Richard Rogers : une architecture qui expose sa structure pour lib\u00e9rer enti\u00e8rement l&#039;espace int\u00e9rieur.\" \/>\n<meta name=\"robots\" content=\"index, follow, max-snippet:-1, max-image-preview:large, max-video-preview:-1\" \/>\n<link rel=\"canonical\" href=\"https:\/\/starstory.fr\/blog\/a-la-une\/le-centre-pompidou-revolution-architecturale-au-coeur-de-paris\/\" \/>\n<meta property=\"og:locale\" content=\"fr_FR\" \/>\n<meta property=\"og:type\" content=\"article\" \/>\n<meta property=\"og:title\" content=\"Le Centre Pompidou : r\u00e9volution architecturale au c\u0153ur de Paris\" \/>\n<meta property=\"og:description\" content=\"Le Centre Pompidou, chef-d&#039;\u0153uvre de Renzo Piano et Richard Rogers : une architecture qui expose sa structure pour lib\u00e9rer enti\u00e8rement l&#039;espace int\u00e9rieur.\" \/>\n<meta property=\"og:url\" content=\"https:\/\/starstory.fr\/blog\/a-la-une\/le-centre-pompidou-revolution-architecturale-au-coeur-de-paris\/\" \/>\n<meta property=\"og:site_name\" content=\"starstory\" \/>\n<meta property=\"og:image\" content=\"https:\/\/starstory.fr\/blog\/wp-content\/uploads\/2025\/03\/sdxl-ca2a934c026f76e61dc771c905c1f350.png\" \/>\n\t<meta property=\"og:image:width\" content=\"1200\" \/>\n\t<meta property=\"og:image:height\" content=\"500\" \/>\n\t<meta property=\"og:image:type\" content=\"image\/png\" \/>\n<meta name=\"author\" content=\"Rapha\u00ebl D.\" \/>\n<meta name=\"twitter:card\" content=\"summary_large_image\" \/>\n<script type=\"application\/ld+json\" class=\"yoast-schema-graph\">{\"@context\":\"https:\/\/schema.org\",\"@graph\":[{\"@type\":\"NewsArticle\",\"@id\":\"https:\/\/starstory.fr\/blog\/a-la-une\/le-centre-pompidou-revolution-architecturale-au-coeur-de-paris\/#article\",\"isPartOf\":{\"@id\":\"https:\/\/starstory.fr\/blog\/a-la-une\/le-centre-pompidou-revolution-architecturale-au-coeur-de-paris\/\"},\"author\":{\"name\":\"Rapha\u00ebl D.\",\"@id\":\"https:\/\/starstory.fr\/blog\/#\/schema\/person\/3c864cdc320801e3db34b663e7e3f816\"},\"headline\":\"Le Centre Pompidou : r\u00e9volution architecturale au c\u0153ur de Paris\",\"datePublished\":\"2026-08-31T14:59:55+00:00\",\"mainEntityOfPage\":{\"@id\":\"https:\/\/starstory.fr\/blog\/a-la-une\/le-centre-pompidou-revolution-architecturale-au-coeur-de-paris\/\"},\"wordCount\":1251,\"commentCount\":0,\"publisher\":{\"@id\":\"https:\/\/starstory.fr\/blog\/#organization\"},\"image\":{\"@id\":\"https:\/\/starstory.fr\/blog\/a-la-une\/le-centre-pompidou-revolution-architecturale-au-coeur-de-paris\/#primaryimage\"},\"thumbnailUrl\":\"https:\/\/starstory.fr\/blog\/wp-content\/uploads\/2025\/03\/sdxl-ca2a934c026f76e61dc771c905c1f350.png\",\"keywords\":[\"architecture\",\"artmoderne\",\"paris\"],\"articleSection\":[\"\u00c0 la une\"],\"inLanguage\":\"fr-FR\",\"potentialAction\":[{\"@type\":\"CommentAction\",\"name\":\"Comment\",\"target\":[\"https:\/\/starstory.fr\/blog\/a-la-une\/le-centre-pompidou-revolution-architecturale-au-coeur-de-paris\/#respond\"]}]},{\"@type\":\"WebPage\",\"@id\":\"https:\/\/starstory.fr\/blog\/a-la-une\/le-centre-pompidou-revolution-architecturale-au-coeur-de-paris\/\",\"url\":\"https:\/\/starstory.fr\/blog\/a-la-une\/le-centre-pompidou-revolution-architecturale-au-coeur-de-paris\/\",\"name\":\"Le Centre Pompidou : r\u00e9volution architecturale au c\u0153ur de Paris\",\"isPartOf\":{\"@id\":\"https:\/\/starstory.fr\/blog\/#website\"},\"primaryImageOfPage\":{\"@id\":\"https:\/\/starstory.fr\/blog\/a-la-une\/le-centre-pompidou-revolution-architecturale-au-coeur-de-paris\/#primaryimage\"},\"image\":{\"@id\":\"https:\/\/starstory.fr\/blog\/a-la-une\/le-centre-pompidou-revolution-architecturale-au-coeur-de-paris\/#primaryimage\"},\"thumbnailUrl\":\"https:\/\/starstory.fr\/blog\/wp-content\/uploads\/2025\/03\/sdxl-ca2a934c026f76e61dc771c905c1f350.png\",\"datePublished\":\"2026-08-31T14:59:55+00:00\",\"description\":\"Le Centre Pompidou, chef-d'\u0153uvre de Renzo Piano et Richard Rogers : une architecture qui expose sa structure pour lib\u00e9rer enti\u00e8rement l'espace int\u00e9rieur.\",\"inLanguage\":\"fr-FR\",\"potentialAction\":[{\"@type\":\"ReadAction\",\"target\":[\"https:\/\/starstory.fr\/blog\/a-la-une\/le-centre-pompidou-revolution-architecturale-au-coeur-de-paris\/\"]}]},{\"@type\":\"ImageObject\",\"inLanguage\":\"fr-FR\",\"@id\":\"https:\/\/starstory.fr\/blog\/a-la-une\/le-centre-pompidou-revolution-architecturale-au-coeur-de-paris\/#primaryimage\",\"url\":\"https:\/\/starstory.fr\/blog\/wp-content\/uploads\/2025\/03\/sdxl-ca2a934c026f76e61dc771c905c1f350.png\",\"contentUrl\":\"https:\/\/starstory.fr\/blog\/wp-content\/uploads\/2025\/03\/sdxl-ca2a934c026f76e61dc771c905c1f350.png\",\"width\":1536,\"height\":640},{\"@type\":\"WebSite\",\"@id\":\"https:\/\/starstory.fr\/blog\/#website\",\"url\":\"https:\/\/starstory.fr\/blog\/\",\"name\":\"StarStory\",\"description\":\"StarStory, les \u00e9toiles racontent leur histoire\",\"publisher\":{\"@id\":\"https:\/\/starstory.fr\/blog\/#organization\"},\"alternateName\":\"StarStory, les \u00e9toiles racontent leur histoire\",\"potentialAction\":[{\"@type\":\"SearchAction\",\"target\":{\"@type\":\"EntryPoint\",\"urlTemplate\":\"https:\/\/starstory.fr\/blog\/?s={search_term_string}\"},\"query-input\":{\"@type\":\"PropertyValueSpecification\",\"valueRequired\":true,\"valueName\":\"search_term_string\"}}],\"inLanguage\":\"fr-FR\"},{\"@type\":\"Organization\",\"@id\":\"https:\/\/starstory.fr\/blog\/#organization\",\"name\":\"StarStory\",\"alternateName\":\"StarStory.fr\",\"url\":\"https:\/\/starstory.fr\/blog\/\",\"logo\":{\"@type\":\"ImageObject\",\"inLanguage\":\"fr-FR\",\"@id\":\"https:\/\/starstory.fr\/blog\/#\/schema\/logo\/image\/\",\"url\":\"https:\/\/starstory.fr\/blog\/wp-content\/uploads\/2024\/12\/38.png\",\"contentUrl\":\"https:\/\/starstory.fr\/blog\/wp-content\/uploads\/2024\/12\/38.png\",\"width\":500,\"height\":500,\"caption\":\"StarStory\"},\"image\":{\"@id\":\"https:\/\/starstory.fr\/blog\/#\/schema\/logo\/image\/\"}},{\"@type\":\"Person\",\"@id\":\"https:\/\/starstory.fr\/blog\/#\/schema\/person\/3c864cdc320801e3db34b663e7e3f816\",\"name\":\"Rapha\u00ebl D.\",\"image\":{\"@type\":\"ImageObject\",\"inLanguage\":\"fr-FR\",\"@id\":\"https:\/\/starstory.fr\/blog\/#\/schema\/person\/image\/\",\"url\":\"https:\/\/starstory.fr\/blog\/wp-content\/uploads\/2026\/06\/persona_raphael-d-96x96.jpg\",\"contentUrl\":\"https:\/\/starstory.fr\/blog\/wp-content\/uploads\/2026\/06\/persona_raphael-d-96x96.jpg\",\"caption\":\"Rapha\u00ebl D.\"},\"description\":\"La culture est mon terrain de jeu depuis une dizaine d'ann\u00e9es : arts visuels, s\u00e9ries, cr\u00e9ation et tout ce qui nourrit l'imaginaire. J'\u00e9cris aussi bien sur l'actualit\u00e9 des \u0153uvres que sur les coulisses de la cr\u00e9ation, avec l'envie de relier l'amateur curieux \u00e0 des univers parfois jug\u00e9s intimidants. J'aime analyser une s\u00e9rie ou une d\u00e9marche artistique sans p\u00e9dantisme, replacer une \u0153uvre dans son contexte et donner des cl\u00e9s de lecture accessibles. Avant de publier, je v\u00e9rifie mes r\u00e9f\u00e9rences, je recoupe les sources et je distingue clairement le fait de mon interpr\u00e9tation subjective. Je crois qu'une critique vaut surtout par les arguments qu'elle expose, pas par la sentence qu'elle rend. Mon angle : transmettre l'envie de d\u00e9couvrir, de regarder autrement et de se forger son propre go\u00fbt. La culture n'appartient pas qu'aux initi\u00e9s, et c'est tout l'enjeu de mon \u00e9criture.\",\"url\":\"https:\/\/starstory.fr\/blog\/auteur\/noname\/\",\"jobTitle\":\"R\u00e9dacteur en chef \u00b7 Culture & Cr\u00e9ation\",\"knowsAbout\":[\"Culture\",\"Cr\u00e9ation\"],\"email\":\"raphael.d@a-l-asso-de-l-art.fr\"}]}<\/script>\n<!-- \/ Yoast SEO Premium plugin. -->","yoast_head_json":{"title":"Le Centre Pompidou : r\u00e9volution architecturale au c\u0153ur de Paris","description":"Le Centre Pompidou, chef-d'\u0153uvre de Renzo Piano et Richard Rogers : une architecture qui expose sa structure pour lib\u00e9rer enti\u00e8rement l'espace int\u00e9rieur.","robots":{"index":"index","follow":"follow","max-snippet":"max-snippet:-1","max-image-preview":"max-image-preview:large","max-video-preview":"max-video-preview:-1"},"canonical":"https:\/\/starstory.fr\/blog\/a-la-une\/le-centre-pompidou-revolution-architecturale-au-coeur-de-paris\/","og_locale":"fr_FR","og_type":"article","og_title":"Le Centre Pompidou : r\u00e9volution architecturale au c\u0153ur de Paris","og_description":"Le Centre Pompidou, chef-d'\u0153uvre de Renzo Piano et Richard Rogers : une architecture qui expose sa structure pour lib\u00e9rer enti\u00e8rement l'espace int\u00e9rieur.","og_url":"https:\/\/starstory.fr\/blog\/a-la-une\/le-centre-pompidou-revolution-architecturale-au-coeur-de-paris\/","og_site_name":"starstory","og_image":[{"url":"https:\/\/starstory.fr\/blog\/wp-content\/uploads\/2025\/03\/sdxl-ca2a934c026f76e61dc771c905c1f350.png","width":1200,"height":500,"type":"image\/png"}],"author":"Rapha\u00ebl D.","twitter_card":"summary_large_image","schema":{"@context":"https:\/\/schema.org","@graph":[{"@type":"NewsArticle","@id":"https:\/\/starstory.fr\/blog\/a-la-une\/le-centre-pompidou-revolution-architecturale-au-coeur-de-paris\/#article","isPartOf":{"@id":"https:\/\/starstory.fr\/blog\/a-la-une\/le-centre-pompidou-revolution-architecturale-au-coeur-de-paris\/"},"author":{"name":"Rapha\u00ebl D.","@id":"https:\/\/starstory.fr\/blog\/#\/schema\/person\/3c864cdc320801e3db34b663e7e3f816"},"headline":"Le Centre Pompidou : r\u00e9volution architecturale au c\u0153ur de Paris","datePublished":"2026-08-31T14:59:55+00:00","mainEntityOfPage":{"@id":"https:\/\/starstory.fr\/blog\/a-la-une\/le-centre-pompidou-revolution-architecturale-au-coeur-de-paris\/"},"wordCount":1251,"commentCount":0,"publisher":{"@id":"https:\/\/starstory.fr\/blog\/#organization"},"image":{"@id":"https:\/\/starstory.fr\/blog\/a-la-une\/le-centre-pompidou-revolution-architecturale-au-coeur-de-paris\/#primaryimage"},"thumbnailUrl":"https:\/\/starstory.fr\/blog\/wp-content\/uploads\/2025\/03\/sdxl-ca2a934c026f76e61dc771c905c1f350.png","keywords":["architecture","artmoderne","paris"],"articleSection":["\u00c0 la une"],"inLanguage":"fr-FR","potentialAction":[{"@type":"CommentAction","name":"Comment","target":["https:\/\/starstory.fr\/blog\/a-la-une\/le-centre-pompidou-revolution-architecturale-au-coeur-de-paris\/#respond"]}]},{"@type":"WebPage","@id":"https:\/\/starstory.fr\/blog\/a-la-une\/le-centre-pompidou-revolution-architecturale-au-coeur-de-paris\/","url":"https:\/\/starstory.fr\/blog\/a-la-une\/le-centre-pompidou-revolution-architecturale-au-coeur-de-paris\/","name":"Le Centre Pompidou : r\u00e9volution architecturale au c\u0153ur de Paris","isPartOf":{"@id":"https:\/\/starstory.fr\/blog\/#website"},"primaryImageOfPage":{"@id":"https:\/\/starstory.fr\/blog\/a-la-une\/le-centre-pompidou-revolution-architecturale-au-coeur-de-paris\/#primaryimage"},"image":{"@id":"https:\/\/starstory.fr\/blog\/a-la-une\/le-centre-pompidou-revolution-architecturale-au-coeur-de-paris\/#primaryimage"},"thumbnailUrl":"https:\/\/starstory.fr\/blog\/wp-content\/uploads\/2025\/03\/sdxl-ca2a934c026f76e61dc771c905c1f350.png","datePublished":"2026-08-31T14:59:55+00:00","description":"Le Centre Pompidou, chef-d'\u0153uvre de Renzo Piano et Richard Rogers : une architecture qui expose sa structure pour lib\u00e9rer enti\u00e8rement l'espace int\u00e9rieur.","inLanguage":"fr-FR","potentialAction":[{"@type":"ReadAction","target":["https:\/\/starstory.fr\/blog\/a-la-une\/le-centre-pompidou-revolution-architecturale-au-coeur-de-paris\/"]}]},{"@type":"ImageObject","inLanguage":"fr-FR","@id":"https:\/\/starstory.fr\/blog\/a-la-une\/le-centre-pompidou-revolution-architecturale-au-coeur-de-paris\/#primaryimage","url":"https:\/\/starstory.fr\/blog\/wp-content\/uploads\/2025\/03\/sdxl-ca2a934c026f76e61dc771c905c1f350.png","contentUrl":"https:\/\/starstory.fr\/blog\/wp-content\/uploads\/2025\/03\/sdxl-ca2a934c026f76e61dc771c905c1f350.png","width":1536,"height":640},{"@type":"WebSite","@id":"https:\/\/starstory.fr\/blog\/#website","url":"https:\/\/starstory.fr\/blog\/","name":"StarStory","description":"StarStory, les \u00e9toiles racontent leur histoire","publisher":{"@id":"https:\/\/starstory.fr\/blog\/#organization"},"alternateName":"StarStory, les \u00e9toiles racontent leur histoire","potentialAction":[{"@type":"SearchAction","target":{"@type":"EntryPoint","urlTemplate":"https:\/\/starstory.fr\/blog\/?s={search_term_string}"},"query-input":{"@type":"PropertyValueSpecification","valueRequired":true,"valueName":"search_term_string"}}],"inLanguage":"fr-FR"},{"@type":"Organization","@id":"https:\/\/starstory.fr\/blog\/#organization","name":"StarStory","alternateName":"StarStory.fr","url":"https:\/\/starstory.fr\/blog\/","logo":{"@type":"ImageObject","inLanguage":"fr-FR","@id":"https:\/\/starstory.fr\/blog\/#\/schema\/logo\/image\/","url":"https:\/\/starstory.fr\/blog\/wp-content\/uploads\/2024\/12\/38.png","contentUrl":"https:\/\/starstory.fr\/blog\/wp-content\/uploads\/2024\/12\/38.png","width":500,"height":500,"caption":"StarStory"},"image":{"@id":"https:\/\/starstory.fr\/blog\/#\/schema\/logo\/image\/"}},{"@type":"Person","@id":"https:\/\/starstory.fr\/blog\/#\/schema\/person\/3c864cdc320801e3db34b663e7e3f816","name":"Rapha\u00ebl D.","image":{"@type":"ImageObject","inLanguage":"fr-FR","@id":"https:\/\/starstory.fr\/blog\/#\/schema\/person\/image\/","url":"https:\/\/starstory.fr\/blog\/wp-content\/uploads\/2026\/06\/persona_raphael-d-96x96.jpg","contentUrl":"https:\/\/starstory.fr\/blog\/wp-content\/uploads\/2026\/06\/persona_raphael-d-96x96.jpg","caption":"Rapha\u00ebl D."},"description":"La culture est mon terrain de jeu depuis une dizaine d'ann\u00e9es : arts visuels, s\u00e9ries, cr\u00e9ation et tout ce qui nourrit l'imaginaire. J'\u00e9cris aussi bien sur l'actualit\u00e9 des \u0153uvres que sur les coulisses de la cr\u00e9ation, avec l'envie de relier l'amateur curieux \u00e0 des univers parfois jug\u00e9s intimidants. J'aime analyser une s\u00e9rie ou une d\u00e9marche artistique sans p\u00e9dantisme, replacer une \u0153uvre dans son contexte et donner des cl\u00e9s de lecture accessibles. Avant de publier, je v\u00e9rifie mes r\u00e9f\u00e9rences, je recoupe les sources et je distingue clairement le fait de mon interpr\u00e9tation subjective. Je crois qu'une critique vaut surtout par les arguments qu'elle expose, pas par la sentence qu'elle rend. Mon angle : transmettre l'envie de d\u00e9couvrir, de regarder autrement et de se forger son propre go\u00fbt. La culture n'appartient pas qu'aux initi\u00e9s, et c'est tout l'enjeu de mon \u00e9criture.","url":"https:\/\/starstory.fr\/blog\/auteur\/noname\/","jobTitle":"R\u00e9dacteur en chef \u00b7 Culture & Cr\u00e9ation","knowsAbout":["Culture","Cr\u00e9ation"],"email":"raphael.d@a-l-asso-de-l-art.fr"}]}},"_links":{"self":[{"href":"https:\/\/starstory.fr\/blog\/wp-json\/wp\/v2\/posts\/7418","targetHints":{"allow":["GET"]}}],"collection":[{"href":"https:\/\/starstory.fr\/blog\/wp-json\/wp\/v2\/posts"}],"about":[{"href":"https:\/\/starstory.fr\/blog\/wp-json\/wp\/v2\/types\/post"}],"author":[{"embeddable":true,"href":"https:\/\/starstory.fr\/blog\/wp-json\/wp\/v2\/users\/34"}],"replies":[{"embeddable":true,"href":"https:\/\/starstory.fr\/blog\/wp-json\/wp\/v2\/comments?post=7418"}],"version-history":[{"count":1,"href":"https:\/\/starstory.fr\/blog\/wp-json\/wp\/v2\/posts\/7418\/revisions"}],"predecessor-version":[{"id":8392,"href":"https:\/\/starstory.fr\/blog\/wp-json\/wp\/v2\/posts\/7418\/revisions\/8392"}],"wp:featuredmedia":[{"embeddable":true,"href":"https:\/\/starstory.fr\/blog\/wp-json\/wp\/v2\/media\/7451"}],"wp:attachment":[{"href":"https:\/\/starstory.fr\/blog\/wp-json\/wp\/v2\/media?parent=7418"}],"wp:term":[{"taxonomy":"category","embeddable":true,"href":"https:\/\/starstory.fr\/blog\/wp-json\/wp\/v2\/categories?post=7418"},{"taxonomy":"post_tag","embeddable":true,"href":"https:\/\/starstory.fr\/blog\/wp-json\/wp\/v2\/tags?post=7418"}],"curies":[{"name":"wp","href":"https:\/\/api.w.org\/{rel}","templated":true}]}}