{"id":7416,"date":"2026-08-31T20:25:25","date_gmt":"2026-08-31T18:25:25","guid":{"rendered":"https:\/\/starstory.fr\/blog\/a-la-une\/le-carnaval-des-deux-rives-la-grande-fete-coloree-de-bordeaux\/"},"modified":"2026-08-31T20:25:25","modified_gmt":"2026-08-31T18:25:25","slug":"le-carnaval-des-deux-rives-la-grande-fete-coloree-de-bordeaux","status":"publish","type":"post","link":"https:\/\/starstory.fr\/blog\/a-la-une\/le-carnaval-des-deux-rives-la-grande-fete-coloree-de-bordeaux\/","title":{"rendered":"Le Carnaval des Deux Rives : La Grande F\u00eate Color\u00e9e de Bordeaux"},"content":{"rendered":"<link rel=\"stylesheet\" href=\"https:\/\/fonts.googleapis.com\/css2?family=Space+Grotesk:wght@600;700&#038;family=Inter:wght@400;500;600&#038;family=JetBrains+Mono:wght@500&#038;display=swap\">\n<style>\n.sts-info-wrap{font-family:'Inter',-apple-system,BlinkMacSystemFont,sans-serif;color:#1c2430;line-height:1.7;}\n.sts-info-wrap h1,.sts-info-wrap h2{font-family:'Space Grotesk',-apple-system,sans-serif;color:#0f1b2d;}\n.sts-info-wrap h2{font-size:1.45em;margin-top:2.1em;border-bottom:3px solid #2c6e8f;display:inline-block;padding-bottom:4px;}\n.sts-info-lead{font-size:1.12em;color:#3b4757;margin:0.6em 0 1.4em;}\n.sts-info-brief{background:#eef6fa;border:1px solid #bcdcea;border-left:5px solid #2c6e8f;border-radius:10px;padding:20px 24px;margin:26px 0;}\n.sts-info-brief h3{font-family:'JetBrains Mono',monospace;font-size:0.78em;letter-spacing:.08em;text-transform:uppercase;color:#2c6e8f;margin:0 0 10px;}\n.sts-info-brief ul{margin:10px 0 0;padding-left:1.2em;}\n.sts-info-brief li{margin:6px 0;}\n.sts-info-grid{display:grid;grid-template-columns:repeat(auto-fit,minmax(220px,1fr));gap:14px;margin:26px 0;}\n.sts-info-card{background:#fff;border:1px solid #dfe6ee;border-radius:12px;padding:18px 20px;box-shadow:0 1px 3px rgba(15,27,45,.06);transition:transform .18s ease,box-shadow .18s ease;}\n.sts-info-card:hover{transform:translateY(-3px);box-shadow:0 6px 16px rgba(15,27,45,.10);}\n.sts-info-card h4{font-family:'Space Grotesk',sans-serif;font-size:1.02em;color:#0f1b2d;margin:0 0 6px;}\n.sts-info-card p{margin:0;font-size:.94em;color:#4a5568;}\n.sts-info-attn{background:#fff7ea;border:1px solid #f0d9a6;border-left:5px solid #c9902f;border-radius:10px;padding:18px 22px;margin:26px 0;}\n.sts-info-attn strong{color:#8a5c10;}\n.sts-info-retain{margin:26px 0;}\n.sts-info-retain ul{padding-left:1.2em;}\n.sts-info-retain li{margin:6px 0;}\n.sts-info-faq details{border-bottom:1px solid #dfe6ee;padding:0;}\n.sts-info-faq summary{cursor:pointer;padding:15px 0;font-family:'Space Grotesk',sans-serif;font-size:1.02em;font-weight:700;color:#0f1b2d;list-style:none;display:flex;justify-content:space-between;gap:14px;}\n.sts-info-faq summary::-webkit-details-marker{display:none;}\n.sts-info-faq summary::after{content:'+';font-size:1.3em;color:#2c6e8f;}\n.sts-info-faq details[open] summary::after{content:'\u2212';}\n.sts-info-faq p{margin:0 0 16px;color:#3b4757;}\n.sts-info-source{font-size:.86em;color:#6b7688;font-style:italic;}\n<\/style>\n<div class=\"sts-info-wrap\">\n<h1>Le Carnaval des Deux Rives : La Grande F\u00eate Color\u00e9e de Bordeaux<\/h1>\n<p class=\"sts-info-lead\">Le Carnaval des Deux Rives est un d\u00e9fil\u00e9 populaire cr\u00e9\u00e9 \u00e0 Bordeaux au milieu des ann\u00e9es 1990, organis\u00e9 chaque ann\u00e9e par les institutions culturelles Rock School Barbey et Le Rocher de Palmer avec des dizaines de collectifs et compagnies artistiques bordelais.<\/p>\n<div class=\"sts-info-brief\">\n<h3>\u26a1 En bref<\/h3>\n<p>Le carnaval est n\u00e9 \u00e0 Bordeaux dans la seconde moiti\u00e9 des ann\u00e9es 1990 sous l&rsquo;impulsion de deux structures culturelles de la m\u00e9tropole, <strong>Rock School Barbey<\/strong> et <strong>Le Rocher de Palmer<\/strong>, qui le coorganisent toujours aujourd&rsquo;hui.<\/p>\n<ul>\n<li>Un d\u00e9fil\u00e9 costum\u00e9 qui traverse la Garonne pour relier symboliquement la rive droite et la rive gauche de Bordeaux.<\/li>\n<li>Un th\u00e8me artistique diff\u00e9rent choisi chaque ann\u00e9e, qui oriente costumes et chars.<\/li>\n<li>Une trentaine de collectifs, compagnies et \u00e9coles artistiques bordelaises impliqu\u00e9s dans la pr\u00e9paration.<\/li>\n<li>Aboutissement place Pey-Berland, c\u0153ur historique de Bordeaux, avec un bal populaire.<\/li>\n<\/ul>\n<\/div>\n<h2>Les origines du Carnaval bordelais<\/h2>\n<p>L&rsquo;histoire du carnaval \u00e0 Bordeaux remonte au Moyen \u00c2ge, p\u00e9riode durant laquelle les c\u00e9l\u00e9brations pr\u00e9-car\u00eame \u00e9taient d\u00e9j\u00e0 ancr\u00e9es dans les traditions locales. Le <strong>Carnaval des Deux Rives<\/strong> tel qu&rsquo;il existe aujourd&rsquo;hui est plus r\u00e9cent : il a \u00e9t\u00e9 cr\u00e9\u00e9 \u00e0 Bordeaux dans la seconde moiti\u00e9 des ann\u00e9es 1990, \u00e0 l&rsquo;initiative des \u00e9quipes de <strong>Rock School Barbey<\/strong> et du <strong>Rocher de Palmer<\/strong>, deux institutions culturelles de la m\u00e9tropole bordelaise qui continuent de coorganiser l&rsquo;\u00e9v\u00e9nement chaque ann\u00e9e.<\/p>\n<p>Le principe fondateur reste inchang\u00e9 : cr\u00e9er un pont symbolique entre les deux rives de la Garonne \u2014 la rive gauche historique et la rive droite, longtemps industrielle et en pleine mutation urbaine depuis plusieurs d\u00e9cennies \u2014 en r\u00e9unissant les habitants des deux c\u00f4t\u00e9s du fleuve autour d&rsquo;un m\u00eame d\u00e9fil\u00e9.<\/p>\n<h2>Un d\u00e9fil\u00e9 qui relie les deux rives de la Garonne<\/h2>\n<p>Le principe du carnaval reste constant d&rsquo;une \u00e9dition \u00e0 l&rsquo;autre : le cort\u00e8ge part de la rive droite et franchit la Garonne pour rejoindre la rive gauche, avant de converger vers la <strong>Place Pey-Berland<\/strong>, c\u0153ur historique et administratif de Bordeaux, o\u00f9 se dresse la cath\u00e9drale Saint-Andr\u00e9. Le franchissement du fleuve \u2014 la ville dispose de plusieurs ponts reliant les deux rives, dont le historique <strong>Pont de Pierre<\/strong> \u2014 reste le symbole fort de l&rsquo;\u00e9v\u00e9nement : rive gauche et rive droite ne d\u00e9filent plus l&rsquo;une sans l&rsquo;autre.<\/p>\n<div class=\"sts-info-attn\">\n<strong>Le trac\u00e9 pr\u00e9cis, l&rsquo;horaire de d\u00e9part et les modalit\u00e9s d&rsquo;acc\u00e8s changent d&rsquo;une \u00e9dition \u00e0 l&rsquo;autre.<\/strong> Plut\u00f4t que de reprendre ici un itin\u00e9raire ou des horaires qui seront caducs l&rsquo;ann\u00e9e suivante, consultez le calendrier officiel de la ville sur <span class=\"sts-info-source\">bordeaux.fr<\/span> ou les pages \u00ab Action culturelle \u00bb de Rock School Barbey et du Rocher de Palmer avant de vous d\u00e9placer.\n<\/div>\n<h2>Les th\u00e8mes annuels : voyage culturel au c\u0153ur de Bordeaux<\/h2>\n<p>Chaque \u00e9dition du Carnaval des Deux Rives s&rsquo;articule autour d&rsquo;un th\u00e8me sp\u00e9cifique, choisi pour inspirer la cr\u00e9ativit\u00e9 des participants et refl\u00e9ter la diversit\u00e9 culturelle de Bordeaux. Ces th\u00e9matiques varient d&rsquo;une ann\u00e9e \u00e0 l&rsquo;autre, offrant un <strong>renouvellement constant<\/strong> de l&rsquo;exp\u00e9rience carnavalesque : costumes, chars et performances artistiques s&rsquo;inspirent directement du fil rouge retenu, qui aborde tour \u00e0 tour des cultures du monde ou des enjeux de soci\u00e9t\u00e9 \u2014 notamment environnementaux.<\/p>\n<p>Le th\u00e8me change \u00e0 chaque \u00e9dition : mieux vaut v\u00e9rifier celui de l&rsquo;ann\u00e9e en cours sur les canaux officiels des organisateurs plut\u00f4t que de se fier \u00e0 un mill\u00e9sime qui ne sera plus d&rsquo;actualit\u00e9.<\/p>\n<h2>Les acteurs de la f\u00eate bordelaise<\/h2>\n<p>Le Carnaval des Deux Rives repose sur l&rsquo;implication conjointe de <strong>Rock School Barbey<\/strong> et du <strong>Rocher de Palmer<\/strong>, deux institutions culturelles majeures de la m\u00e9tropole bordelaise, qui coorganisent l&rsquo;\u00e9v\u00e9nement et coordonnent sa programmation artistique. Autour d&rsquo;elles, une trentaine de collectifs, compagnies et structures artistiques bordelaises participent chaque ann\u00e9e \u00e0 la pr\u00e9paration et au d\u00e9fil\u00e9 \u2014 \u00e9coles de cirque, collectifs de rue et compagnies locales, dont la composition \u00e9volue selon les \u00e9ditions.<\/p>\n<p>Cette implication citoyenne et associative est au c\u0153ur de l&rsquo;esprit du carnaval, pens\u00e9 comme une f\u00eate populaire et participative o\u00f9 plusieurs quartiers de Bordeaux se mobilisent tout au long de l&rsquo;ann\u00e9e pour pr\u00e9parer costumes, chars et animations.<\/p>\n<div class=\"sts-info-grid\">\n<div class=\"sts-info-card\">\n<h4>Rock School Barbey<\/h4>\n<p>Coorganisateur historique, salle de musiques actuelles bordelaise engag\u00e9e dans l&rsquo;action culturelle de proximit\u00e9.<\/p>\n<\/div>\n<div class=\"sts-info-card\">\n<h4>Le Rocher de Palmer<\/h4>\n<p>Coorganisateur, sc\u00e8ne culturelle de la m\u00e9tropole bordelaise, partenaire de la programmation artistique du carnaval.<\/p>\n<\/div>\n<div class=\"sts-info-card\">\n<h4>Collectifs et compagnies<\/h4>\n<p>Une trentaine de structures artistiques bordelaises contribuent chaque ann\u00e9e aux chars, costumes et performances.<\/p>\n<\/div>\n<\/div>\n<h2>Ateliers et pr\u00e9paratifs : l&rsquo;effervescence avant le grand jour<\/h2>\n<p>La pr\u00e9paration du Carnaval des Deux Rives s&rsquo;\u00e9tale sur plusieurs mois, avec des <strong>ateliers participatifs<\/strong> organis\u00e9s dans diff\u00e9rents quartiers de la m\u00e9tropole bordelaise, ouverts aux habitants qui souhaitent s&rsquo;impliquer directement dans la cr\u00e9ation des \u00e9l\u00e9ments du d\u00e9fil\u00e9 : confection de costumes, construction de chars, initiation aux percussions ou fabrication de masques figurent parmi les activit\u00e9s traditionnellement propos\u00e9es par les collectifs participants.<\/p>\n<p>Ces ateliers jouent un r\u00f4le dans la <strong>coh\u00e9sion sociale<\/strong>, favorisant les rencontres interg\u00e9n\u00e9rationnelles et interculturelles et la transmission de savoir-faire artisanaux. Les dates et lieux pr\u00e9cis de ces ateliers changent chaque ann\u00e9e : ils sont annonc\u00e9s par les organisateurs \u00e0 l&rsquo;approche de chaque \u00e9dition, via Rock School Barbey et Le Rocher de Palmer.<\/p>\n<h2>Musique et rythme : une dimension centrale du d\u00e9fil\u00e9<\/h2>\n<p>La dimension musicale et rythmique fait partie int\u00e9grante de l&rsquo;identit\u00e9 du carnaval : les cort\u00e8ges de carnaval de ce type s&rsquo;accompagnent traditionnellement de percussions et de fanfares qui rythment la parade et entra\u00eenent spectateurs et participants. La programmation musicale pr\u00e9cise \u2014 groupes, fanfares, formations invit\u00e9es \u2014 varie selon les \u00e9ditions et les collectifs mobilis\u00e9s cette ann\u00e9e-l\u00e0 ; elle est annonc\u00e9e par les organisateurs \u00e0 l&rsquo;approche de chaque d\u00e9fil\u00e9 plut\u00f4t que fig\u00e9e d&rsquo;une ann\u00e9e sur l&rsquo;autre.<\/p>\n<h2>Un \u00e9v\u00e9nement port\u00e9 par la vie culturelle bordelaise<\/h2>\n<p>Au-del\u00e0 du d\u00e9fil\u00e9 lui-m\u00eame, le Carnaval des Deux Rives s&rsquo;inscrit dans le paysage des rendez-vous culturels et festifs de la m\u00e9tropole bordelaise. Il contribue, comme d&rsquo;autres \u00e9v\u00e9nements populaires de la ville, \u00e0 l&rsquo;animation de l&rsquo;espace public et \u00e0 la vie de quartier, en particulier sur l&rsquo;axe reliant les deux rives de la Garonne que la m\u00e9tropole a profond\u00e9ment transform\u00e9 ces derni\u00e8res d\u00e9cennies.<\/p>\n<h2>Participer au carnaval : ce qu&rsquo;il faut savoir<\/h2>\n<p>Le carnaval se pr\u00e9pare en amont via des ateliers ouverts au public, annonc\u00e9s chaque ann\u00e9e par les organisateurs. Pour les informations pratiques de l&rsquo;\u00e9dition en cours \u2014 date exacte, horaires, trac\u00e9 du d\u00e9fil\u00e9, acc\u00e8s en transport en commun \u2014 la source la plus fiable reste le site officiel de la ville de Bordeaux ou les canaux de communication de Rock School Barbey et du Rocher de Palmer : ces \u00e9l\u00e9ments changent d&rsquo;une \u00e9dition \u00e0 l&rsquo;autre et une date publi\u00e9e ici serait rapidement obsol\u00e8te.<\/p>\n<p>Le Carnaval des Deux Rives est bien plus qu&rsquo;un simple d\u00e9fil\u00e9 costum\u00e9 : c&rsquo;est un rendez-vous qui incarne l&rsquo;esprit festif et cr\u00e9atif de Bordeaux, port\u00e9 depuis pr\u00e8s de trois d\u00e9cennies par ses institutions culturelles et par les habitants des deux rives de la Garonne.<\/p>\n<div class=\"sts-info-retain\">\n<h2>\u00c0 retenir<\/h2>\n<ul>\n<li>Le Carnaval des Deux Rives est cr\u00e9\u00e9 \u00e0 Bordeaux dans la seconde moiti\u00e9 des ann\u00e9es 1990.<\/li>\n<li>Il est coorganis\u00e9 chaque ann\u00e9e par Rock School Barbey et Le Rocher de Palmer.<\/li>\n<li>Le d\u00e9fil\u00e9 relie symboliquement la rive droite et la rive gauche de Bordeaux via la Garonne, jusqu&rsquo;\u00e0 la Place Pey-Berland.<\/li>\n<li>Une trentaine de collectifs et compagnies artistiques bordelaises participent \u00e0 chaque \u00e9dition.<\/li>\n<li>Le th\u00e8me change chaque ann\u00e9e : v\u00e9rifiez celui en cours sur les canaux officiels avant de vous y r\u00e9f\u00e9rer.<\/li>\n<li>Dates, horaires, trac\u00e9 exact et tarifs : \u00e0 consulter sur bordeaux.fr ou aupr\u00e8s des organisateurs, jamais fig\u00e9s d&rsquo;une \u00e9dition \u00e0 l&rsquo;autre.<\/li>\n<\/ul>\n<\/div>\n<div class=\"sts-info-faq\">\n<h2>Questions fr\u00e9quentes<\/h2>\n<details>\n<summary>Le Carnaval des Deux Rives existe-t-il encore ?<\/summary>\n<p>Oui : l&rsquo;\u00e9v\u00e9nement est un rendez-vous annuel toujours organis\u00e9 par Rock School Barbey et Le Rocher de Palmer, qui en assurent la coordination chaque ann\u00e9e.<\/p>\n<\/details>\n<details>\n<summary>Qui organise le Carnaval des Deux Rives \u00e0 Bordeaux ?<\/summary>\n<p>Deux institutions culturelles bordelaises, Rock School Barbey et Le Rocher de Palmer, coorganisent l&rsquo;\u00e9v\u00e9nement avec le concours d&rsquo;une trentaine de collectifs et compagnies artistiques locales.<\/p>\n<\/details>\n<details>\n<summary>Pourquoi s&rsquo;appelle-t-il \u00ab des Deux Rives \u00bb ?<\/summary>\n<p>Parce que le d\u00e9fil\u00e9 traverse la Garonne pour relier symboliquement la rive droite et la rive gauche de Bordeaux, longtemps s\u00e9par\u00e9es par le fleuve et son histoire urbaine.<\/p>\n<\/details>\n<details>\n<summary>O\u00f9 trouver la date et le trac\u00e9 de l&rsquo;\u00e9dition en cours ?<\/summary>\n<p>Ces informations changent chaque ann\u00e9e : consultez le site officiel de la ville de Bordeaux (bordeaux.fr) ou les canaux de Rock School Barbey et du Rocher de Palmer avant de vous d\u00e9placer.<\/p>\n<\/details>\n<\/div>\n<\/div>\n","protected":false},"excerpt":{"rendered":"","protected":false},"author":34,"featured_media":7453,"comment_status":"open","ping_status":"open","sticky":false,"template":"","format":"standard","meta":{"_acf_changed":false,"manual_indexmenow":false,"indexmenow_id_project":0,"footnotes":""},"categories":[1],"tags":[4564,4563,4565],"class_list":["post-7416","post","type-post","status-publish","format-standard","has-post-thumbnail","hentry","category-a-la-une","tag-bordeaux","tag-carnaval","tag-fete","generate-columns","tablet-grid-50","mobile-grid-100","grid-parent","grid-25"],"acf":[],"yoast_head":"<!-- This site is optimized with the Yoast SEO Premium plugin v21.3 (Yoast SEO v26.5) - https:\/\/yoast.com\/wordpress\/plugins\/seo\/ -->\n<title>Le Carnaval des Deux Rives : La Grande F\u00eate Color\u00e9e de Bordeaux<\/title>\n<meta name=\"description\" content=\"L&#039;histoire du carnaval \u00e0 Bordeaux remonte au Moyen \u00c2ge, p\u00e9riode durant laquelle les c\u00e9l\u00e9brations pr\u00e9-car\u00eame \u00e9taient d\u00e9j\u00e0 ancr\u00e9es dans les traditions\" \/>\n<meta name=\"robots\" content=\"index, follow, max-snippet:-1, max-image-preview:large, max-video-preview:-1\" \/>\n<link rel=\"canonical\" href=\"https:\/\/starstory.fr\/blog\/a-la-une\/le-carnaval-des-deux-rives-la-grande-fete-coloree-de-bordeaux\/\" \/>\n<meta property=\"og:locale\" content=\"fr_FR\" \/>\n<meta property=\"og:type\" content=\"article\" \/>\n<meta property=\"og:title\" content=\"Le Carnaval des Deux Rives : La Grande F\u00eate Color\u00e9e de Bordeaux\" \/>\n<meta property=\"og:description\" content=\"L&#039;histoire du carnaval \u00e0 Bordeaux remonte au Moyen \u00c2ge, p\u00e9riode durant laquelle les c\u00e9l\u00e9brations pr\u00e9-car\u00eame \u00e9taient d\u00e9j\u00e0 ancr\u00e9es dans les traditions\" \/>\n<meta property=\"og:url\" content=\"https:\/\/starstory.fr\/blog\/a-la-une\/le-carnaval-des-deux-rives-la-grande-fete-coloree-de-bordeaux\/\" \/>\n<meta property=\"og:site_name\" content=\"starstory\" \/>\n<meta property=\"og:image\" content=\"https:\/\/starstory.fr\/blog\/wp-content\/uploads\/2025\/03\/sdxl-11702e31bde6cb6fe72885f26d2cf240.png\" \/>\n\t<meta property=\"og:image:width\" content=\"1536\" \/>\n\t<meta property=\"og:image:height\" content=\"640\" \/>\n\t<meta property=\"og:image:type\" content=\"image\/png\" \/>\n<meta name=\"author\" content=\"Rapha\u00ebl D.\" \/>\n<meta name=\"twitter:card\" content=\"summary_large_image\" \/>\n<script type=\"application\/ld+json\" class=\"yoast-schema-graph\">{\"@context\":\"https:\/\/schema.org\",\"@graph\":[{\"@type\":\"NewsArticle\",\"@id\":\"https:\/\/starstory.fr\/blog\/a-la-une\/le-carnaval-des-deux-rives-la-grande-fete-coloree-de-bordeaux\/#article\",\"isPartOf\":{\"@id\":\"https:\/\/starstory.fr\/blog\/a-la-une\/le-carnaval-des-deux-rives-la-grande-fete-coloree-de-bordeaux\/\"},\"author\":{\"name\":\"Rapha\u00ebl D.\",\"@id\":\"https:\/\/starstory.fr\/blog\/#\/schema\/person\/3c864cdc320801e3db34b663e7e3f816\"},\"headline\":\"Le Carnaval des Deux Rives : La Grande F\u00eate Color\u00e9e de Bordeaux\",\"datePublished\":\"2026-08-31T18:25:25+00:00\",\"mainEntityOfPage\":{\"@id\":\"https:\/\/starstory.fr\/blog\/a-la-une\/le-carnaval-des-deux-rives-la-grande-fete-coloree-de-bordeaux\/\"},\"wordCount\":1530,\"commentCount\":0,\"publisher\":{\"@id\":\"https:\/\/starstory.fr\/blog\/#organization\"},\"image\":{\"@id\":\"https:\/\/starstory.fr\/blog\/a-la-une\/le-carnaval-des-deux-rives-la-grande-fete-coloree-de-bordeaux\/#primaryimage\"},\"thumbnailUrl\":\"https:\/\/starstory.fr\/blog\/wp-content\/uploads\/2025\/03\/sdxl-11702e31bde6cb6fe72885f26d2cf240.png\",\"keywords\":[\"bordeaux\",\"carnaval\",\"fete\"],\"articleSection\":[\"\u00c0 la une\"],\"inLanguage\":\"fr-FR\",\"potentialAction\":[{\"@type\":\"CommentAction\",\"name\":\"Comment\",\"target\":[\"https:\/\/starstory.fr\/blog\/a-la-une\/le-carnaval-des-deux-rives-la-grande-fete-coloree-de-bordeaux\/#respond\"]}]},{\"@type\":\"WebPage\",\"@id\":\"https:\/\/starstory.fr\/blog\/a-la-une\/le-carnaval-des-deux-rives-la-grande-fete-coloree-de-bordeaux\/\",\"url\":\"https:\/\/starstory.fr\/blog\/a-la-une\/le-carnaval-des-deux-rives-la-grande-fete-coloree-de-bordeaux\/\",\"name\":\"Le Carnaval des Deux Rives : La Grande F\u00eate Color\u00e9e de Bordeaux\",\"isPartOf\":{\"@id\":\"https:\/\/starstory.fr\/blog\/#website\"},\"primaryImageOfPage\":{\"@id\":\"https:\/\/starstory.fr\/blog\/a-la-une\/le-carnaval-des-deux-rives-la-grande-fete-coloree-de-bordeaux\/#primaryimage\"},\"image\":{\"@id\":\"https:\/\/starstory.fr\/blog\/a-la-une\/le-carnaval-des-deux-rives-la-grande-fete-coloree-de-bordeaux\/#primaryimage\"},\"thumbnailUrl\":\"https:\/\/starstory.fr\/blog\/wp-content\/uploads\/2025\/03\/sdxl-11702e31bde6cb6fe72885f26d2cf240.png\",\"datePublished\":\"2026-08-31T18:25:25+00:00\",\"description\":\"L'histoire du carnaval \u00e0 Bordeaux remonte au Moyen \u00c2ge, p\u00e9riode durant laquelle les c\u00e9l\u00e9brations pr\u00e9-car\u00eame \u00e9taient d\u00e9j\u00e0 ancr\u00e9es dans les traditions\",\"inLanguage\":\"fr-FR\",\"potentialAction\":[{\"@type\":\"ReadAction\",\"target\":[\"https:\/\/starstory.fr\/blog\/a-la-une\/le-carnaval-des-deux-rives-la-grande-fete-coloree-de-bordeaux\/\"]}]},{\"@type\":\"ImageObject\",\"inLanguage\":\"fr-FR\",\"@id\":\"https:\/\/starstory.fr\/blog\/a-la-une\/le-carnaval-des-deux-rives-la-grande-fete-coloree-de-bordeaux\/#primaryimage\",\"url\":\"https:\/\/starstory.fr\/blog\/wp-content\/uploads\/2025\/03\/sdxl-11702e31bde6cb6fe72885f26d2cf240.png\",\"contentUrl\":\"https:\/\/starstory.fr\/blog\/wp-content\/uploads\/2025\/03\/sdxl-11702e31bde6cb6fe72885f26d2cf240.png\",\"width\":1536,\"height\":640},{\"@type\":\"WebSite\",\"@id\":\"https:\/\/starstory.fr\/blog\/#website\",\"url\":\"https:\/\/starstory.fr\/blog\/\",\"name\":\"StarStory\",\"description\":\"StarStory, les \u00e9toiles racontent leur histoire\",\"publisher\":{\"@id\":\"https:\/\/starstory.fr\/blog\/#organization\"},\"alternateName\":\"StarStory, les \u00e9toiles racontent leur histoire\",\"potentialAction\":[{\"@type\":\"SearchAction\",\"target\":{\"@type\":\"EntryPoint\",\"urlTemplate\":\"https:\/\/starstory.fr\/blog\/?s={search_term_string}\"},\"query-input\":{\"@type\":\"PropertyValueSpecification\",\"valueRequired\":true,\"valueName\":\"search_term_string\"}}],\"inLanguage\":\"fr-FR\"},{\"@type\":\"Organization\",\"@id\":\"https:\/\/starstory.fr\/blog\/#organization\",\"name\":\"StarStory\",\"alternateName\":\"StarStory.fr\",\"url\":\"https:\/\/starstory.fr\/blog\/\",\"logo\":{\"@type\":\"ImageObject\",\"inLanguage\":\"fr-FR\",\"@id\":\"https:\/\/starstory.fr\/blog\/#\/schema\/logo\/image\/\",\"url\":\"https:\/\/starstory.fr\/blog\/wp-content\/uploads\/2024\/12\/38.png\",\"contentUrl\":\"https:\/\/starstory.fr\/blog\/wp-content\/uploads\/2024\/12\/38.png\",\"width\":500,\"height\":500,\"caption\":\"StarStory\"},\"image\":{\"@id\":\"https:\/\/starstory.fr\/blog\/#\/schema\/logo\/image\/\"}},{\"@type\":\"Person\",\"@id\":\"https:\/\/starstory.fr\/blog\/#\/schema\/person\/3c864cdc320801e3db34b663e7e3f816\",\"name\":\"Rapha\u00ebl D.\",\"image\":{\"@type\":\"ImageObject\",\"inLanguage\":\"fr-FR\",\"@id\":\"https:\/\/starstory.fr\/blog\/#\/schema\/person\/image\/\",\"url\":\"https:\/\/starstory.fr\/blog\/wp-content\/uploads\/2026\/06\/persona_raphael-d-96x96.jpg\",\"contentUrl\":\"https:\/\/starstory.fr\/blog\/wp-content\/uploads\/2026\/06\/persona_raphael-d-96x96.jpg\",\"caption\":\"Rapha\u00ebl D.\"},\"description\":\"La culture est mon terrain de jeu depuis une dizaine d'ann\u00e9es : arts visuels, s\u00e9ries, cr\u00e9ation et tout ce qui nourrit l'imaginaire. J'\u00e9cris aussi bien sur l'actualit\u00e9 des \u0153uvres que sur les coulisses de la cr\u00e9ation, avec l'envie de relier l'amateur curieux \u00e0 des univers parfois jug\u00e9s intimidants. J'aime analyser une s\u00e9rie ou une d\u00e9marche artistique sans p\u00e9dantisme, replacer une \u0153uvre dans son contexte et donner des cl\u00e9s de lecture accessibles. Avant de publier, je v\u00e9rifie mes r\u00e9f\u00e9rences, je recoupe les sources et je distingue clairement le fait de mon interpr\u00e9tation subjective. Je crois qu'une critique vaut surtout par les arguments qu'elle expose, pas par la sentence qu'elle rend. Mon angle : transmettre l'envie de d\u00e9couvrir, de regarder autrement et de se forger son propre go\u00fbt. La culture n'appartient pas qu'aux initi\u00e9s, et c'est tout l'enjeu de mon \u00e9criture.\",\"url\":\"https:\/\/starstory.fr\/blog\/auteur\/noname\/\",\"jobTitle\":\"R\u00e9dacteur en chef \u00b7 Culture & Cr\u00e9ation\",\"knowsAbout\":[\"Culture\",\"Cr\u00e9ation\"],\"email\":\"raphael.d@a-l-asso-de-l-art.fr\"}]}<\/script>\n<!-- \/ Yoast SEO Premium plugin. -->","yoast_head_json":{"title":"Le Carnaval des Deux Rives : La Grande F\u00eate Color\u00e9e de Bordeaux","description":"L'histoire du carnaval \u00e0 Bordeaux remonte au Moyen \u00c2ge, p\u00e9riode durant laquelle les c\u00e9l\u00e9brations pr\u00e9-car\u00eame \u00e9taient d\u00e9j\u00e0 ancr\u00e9es dans les traditions","robots":{"index":"index","follow":"follow","max-snippet":"max-snippet:-1","max-image-preview":"max-image-preview:large","max-video-preview":"max-video-preview:-1"},"canonical":"https:\/\/starstory.fr\/blog\/a-la-une\/le-carnaval-des-deux-rives-la-grande-fete-coloree-de-bordeaux\/","og_locale":"fr_FR","og_type":"article","og_title":"Le Carnaval des Deux Rives : La Grande F\u00eate Color\u00e9e de Bordeaux","og_description":"L'histoire du carnaval \u00e0 Bordeaux remonte au Moyen \u00c2ge, p\u00e9riode durant laquelle les c\u00e9l\u00e9brations pr\u00e9-car\u00eame \u00e9taient d\u00e9j\u00e0 ancr\u00e9es dans les traditions","og_url":"https:\/\/starstory.fr\/blog\/a-la-une\/le-carnaval-des-deux-rives-la-grande-fete-coloree-de-bordeaux\/","og_site_name":"starstory","og_image":[{"width":1536,"height":640,"url":"https:\/\/starstory.fr\/blog\/wp-content\/uploads\/2025\/03\/sdxl-11702e31bde6cb6fe72885f26d2cf240.png","type":"image\/png"}],"author":"Rapha\u00ebl D.","twitter_card":"summary_large_image","schema":{"@context":"https:\/\/schema.org","@graph":[{"@type":"NewsArticle","@id":"https:\/\/starstory.fr\/blog\/a-la-une\/le-carnaval-des-deux-rives-la-grande-fete-coloree-de-bordeaux\/#article","isPartOf":{"@id":"https:\/\/starstory.fr\/blog\/a-la-une\/le-carnaval-des-deux-rives-la-grande-fete-coloree-de-bordeaux\/"},"author":{"name":"Rapha\u00ebl D.","@id":"https:\/\/starstory.fr\/blog\/#\/schema\/person\/3c864cdc320801e3db34b663e7e3f816"},"headline":"Le Carnaval des Deux Rives : La Grande F\u00eate Color\u00e9e de Bordeaux","datePublished":"2026-08-31T18:25:25+00:00","mainEntityOfPage":{"@id":"https:\/\/starstory.fr\/blog\/a-la-une\/le-carnaval-des-deux-rives-la-grande-fete-coloree-de-bordeaux\/"},"wordCount":1530,"commentCount":0,"publisher":{"@id":"https:\/\/starstory.fr\/blog\/#organization"},"image":{"@id":"https:\/\/starstory.fr\/blog\/a-la-une\/le-carnaval-des-deux-rives-la-grande-fete-coloree-de-bordeaux\/#primaryimage"},"thumbnailUrl":"https:\/\/starstory.fr\/blog\/wp-content\/uploads\/2025\/03\/sdxl-11702e31bde6cb6fe72885f26d2cf240.png","keywords":["bordeaux","carnaval","fete"],"articleSection":["\u00c0 la une"],"inLanguage":"fr-FR","potentialAction":[{"@type":"CommentAction","name":"Comment","target":["https:\/\/starstory.fr\/blog\/a-la-une\/le-carnaval-des-deux-rives-la-grande-fete-coloree-de-bordeaux\/#respond"]}]},{"@type":"WebPage","@id":"https:\/\/starstory.fr\/blog\/a-la-une\/le-carnaval-des-deux-rives-la-grande-fete-coloree-de-bordeaux\/","url":"https:\/\/starstory.fr\/blog\/a-la-une\/le-carnaval-des-deux-rives-la-grande-fete-coloree-de-bordeaux\/","name":"Le Carnaval des Deux Rives : La Grande F\u00eate Color\u00e9e de Bordeaux","isPartOf":{"@id":"https:\/\/starstory.fr\/blog\/#website"},"primaryImageOfPage":{"@id":"https:\/\/starstory.fr\/blog\/a-la-une\/le-carnaval-des-deux-rives-la-grande-fete-coloree-de-bordeaux\/#primaryimage"},"image":{"@id":"https:\/\/starstory.fr\/blog\/a-la-une\/le-carnaval-des-deux-rives-la-grande-fete-coloree-de-bordeaux\/#primaryimage"},"thumbnailUrl":"https:\/\/starstory.fr\/blog\/wp-content\/uploads\/2025\/03\/sdxl-11702e31bde6cb6fe72885f26d2cf240.png","datePublished":"2026-08-31T18:25:25+00:00","description":"L'histoire du carnaval \u00e0 Bordeaux remonte au Moyen \u00c2ge, p\u00e9riode durant laquelle les c\u00e9l\u00e9brations pr\u00e9-car\u00eame \u00e9taient d\u00e9j\u00e0 ancr\u00e9es dans les traditions","inLanguage":"fr-FR","potentialAction":[{"@type":"ReadAction","target":["https:\/\/starstory.fr\/blog\/a-la-une\/le-carnaval-des-deux-rives-la-grande-fete-coloree-de-bordeaux\/"]}]},{"@type":"ImageObject","inLanguage":"fr-FR","@id":"https:\/\/starstory.fr\/blog\/a-la-une\/le-carnaval-des-deux-rives-la-grande-fete-coloree-de-bordeaux\/#primaryimage","url":"https:\/\/starstory.fr\/blog\/wp-content\/uploads\/2025\/03\/sdxl-11702e31bde6cb6fe72885f26d2cf240.png","contentUrl":"https:\/\/starstory.fr\/blog\/wp-content\/uploads\/2025\/03\/sdxl-11702e31bde6cb6fe72885f26d2cf240.png","width":1536,"height":640},{"@type":"WebSite","@id":"https:\/\/starstory.fr\/blog\/#website","url":"https:\/\/starstory.fr\/blog\/","name":"StarStory","description":"StarStory, les \u00e9toiles racontent leur histoire","publisher":{"@id":"https:\/\/starstory.fr\/blog\/#organization"},"alternateName":"StarStory, les \u00e9toiles racontent leur histoire","potentialAction":[{"@type":"SearchAction","target":{"@type":"EntryPoint","urlTemplate":"https:\/\/starstory.fr\/blog\/?s={search_term_string}"},"query-input":{"@type":"PropertyValueSpecification","valueRequired":true,"valueName":"search_term_string"}}],"inLanguage":"fr-FR"},{"@type":"Organization","@id":"https:\/\/starstory.fr\/blog\/#organization","name":"StarStory","alternateName":"StarStory.fr","url":"https:\/\/starstory.fr\/blog\/","logo":{"@type":"ImageObject","inLanguage":"fr-FR","@id":"https:\/\/starstory.fr\/blog\/#\/schema\/logo\/image\/","url":"https:\/\/starstory.fr\/blog\/wp-content\/uploads\/2024\/12\/38.png","contentUrl":"https:\/\/starstory.fr\/blog\/wp-content\/uploads\/2024\/12\/38.png","width":500,"height":500,"caption":"StarStory"},"image":{"@id":"https:\/\/starstory.fr\/blog\/#\/schema\/logo\/image\/"}},{"@type":"Person","@id":"https:\/\/starstory.fr\/blog\/#\/schema\/person\/3c864cdc320801e3db34b663e7e3f816","name":"Rapha\u00ebl D.","image":{"@type":"ImageObject","inLanguage":"fr-FR","@id":"https:\/\/starstory.fr\/blog\/#\/schema\/person\/image\/","url":"https:\/\/starstory.fr\/blog\/wp-content\/uploads\/2026\/06\/persona_raphael-d-96x96.jpg","contentUrl":"https:\/\/starstory.fr\/blog\/wp-content\/uploads\/2026\/06\/persona_raphael-d-96x96.jpg","caption":"Rapha\u00ebl D."},"description":"La culture est mon terrain de jeu depuis une dizaine d'ann\u00e9es : arts visuels, s\u00e9ries, cr\u00e9ation et tout ce qui nourrit l'imaginaire. J'\u00e9cris aussi bien sur l'actualit\u00e9 des \u0153uvres que sur les coulisses de la cr\u00e9ation, avec l'envie de relier l'amateur curieux \u00e0 des univers parfois jug\u00e9s intimidants. J'aime analyser une s\u00e9rie ou une d\u00e9marche artistique sans p\u00e9dantisme, replacer une \u0153uvre dans son contexte et donner des cl\u00e9s de lecture accessibles. Avant de publier, je v\u00e9rifie mes r\u00e9f\u00e9rences, je recoupe les sources et je distingue clairement le fait de mon interpr\u00e9tation subjective. Je crois qu'une critique vaut surtout par les arguments qu'elle expose, pas par la sentence qu'elle rend. Mon angle : transmettre l'envie de d\u00e9couvrir, de regarder autrement et de se forger son propre go\u00fbt. La culture n'appartient pas qu'aux initi\u00e9s, et c'est tout l'enjeu de mon \u00e9criture.","url":"https:\/\/starstory.fr\/blog\/auteur\/noname\/","jobTitle":"R\u00e9dacteur en chef \u00b7 Culture & Cr\u00e9ation","knowsAbout":["Culture","Cr\u00e9ation"],"email":"raphael.d@a-l-asso-de-l-art.fr"}]}},"_links":{"self":[{"href":"https:\/\/starstory.fr\/blog\/wp-json\/wp\/v2\/posts\/7416","targetHints":{"allow":["GET"]}}],"collection":[{"href":"https:\/\/starstory.fr\/blog\/wp-json\/wp\/v2\/posts"}],"about":[{"href":"https:\/\/starstory.fr\/blog\/wp-json\/wp\/v2\/types\/post"}],"author":[{"embeddable":true,"href":"https:\/\/starstory.fr\/blog\/wp-json\/wp\/v2\/users\/34"}],"replies":[{"embeddable":true,"href":"https:\/\/starstory.fr\/blog\/wp-json\/wp\/v2\/comments?post=7416"}],"version-history":[{"count":1,"href":"https:\/\/starstory.fr\/blog\/wp-json\/wp\/v2\/posts\/7416\/revisions"}],"predecessor-version":[{"id":8409,"href":"https:\/\/starstory.fr\/blog\/wp-json\/wp\/v2\/posts\/7416\/revisions\/8409"}],"wp:featuredmedia":[{"embeddable":true,"href":"https:\/\/starstory.fr\/blog\/wp-json\/wp\/v2\/media\/7453"}],"wp:attachment":[{"href":"https:\/\/starstory.fr\/blog\/wp-json\/wp\/v2\/media?parent=7416"}],"wp:term":[{"taxonomy":"category","embeddable":true,"href":"https:\/\/starstory.fr\/blog\/wp-json\/wp\/v2\/categories?post=7416"},{"taxonomy":"post_tag","embeddable":true,"href":"https:\/\/starstory.fr\/blog\/wp-json\/wp\/v2\/tags?post=7416"}],"curies":[{"name":"wp","href":"https:\/\/api.w.org\/{rel}","templated":true}]}}