{"id":7405,"date":"2026-06-16T15:01:54","date_gmt":"2026-06-16T13:01:54","guid":{"rendered":"https:\/\/starstory.fr\/blog\/a-la-une\/emilia-clarke-de-daenerys-targaryen-a-icone-hollywoodienne\/"},"modified":"2026-06-16T15:01:54","modified_gmt":"2026-06-16T13:01:54","slug":"emilia-clarke-de-daenerys-targaryen-a-icone-hollywoodienne","status":"publish","type":"post","link":"https:\/\/starstory.fr\/blog\/a-la-une\/emilia-clarke-de-daenerys-targaryen-a-icone-hollywoodienne\/","title":{"rendered":"Emilia Clarke : qui est l&rsquo;actrice de Daenerys Targaryen ? (taille, \u00e2ge, vie priv\u00e9e, carri\u00e8re)"},"content":{"rendered":"<link rel=\"stylesheet\" href=\"https:\/\/fonts.googleapis.com\/css2?family=Fraunces:opsz,wght@9..144,500;9..144,600;9..144,700;9..144,900&#038;family=Inter:wght@400;500;600;700&#038;family=JetBrains+Mono:wght@500&#038;display=swap\">\n<style>\n.sts-portrait-wrap{font-family:'Inter',-apple-system,BlinkMacSystemFont,'Segoe UI',sans-serif;color:#2a2226;line-height:1.65;font-size:17px;}\n.sts-portrait-wrap h1{font-family:'Fraunces',Georgia,serif;font-weight:900;font-size:clamp(30px,4.4vw,46px);line-height:1.08;letter-spacing:-0.02em;color:#1c1419;margin:0 0 6px;}\n.sts-portrait-wrap h2{font-family:'Fraunces',Georgia,serif;font-weight:700;font-size:clamp(24px,3.2vw,34px);line-height:1.15;letter-spacing:-0.015em;color:#1c1419;margin:48px 0 14px;border-bottom:2px solid #B11E6A;padding-bottom:8px;}\n.sts-portrait-wrap h3{font-family:'Fraunces',Georgia,serif;font-weight:600;font-size:20px;color:#1c1419;margin:26px 0 8px;}\n.sts-portrait-wrap p{margin:0 0 18px;}\n.sts-portrait-wrap ul{margin:0 0 20px;padding-left:22px;line-height:1.7;}\n.sts-portrait-wrap strong{color:#1c1419;}\n.sts-portrait-kicker{font-family:'JetBrains Mono',monospace;font-size:12px;font-weight:500;text-transform:uppercase;letter-spacing:3px;color:#B11E6A;margin:0 0 10px;}\n.sts-portrait-lead{font-size:20px;line-height:1.55;color:#3a2f34;font-weight:500;margin:0 0 30px;border-left:4px solid #B11E6A;padding-left:20px;}\n.sts-portrait-fiche{background:#FBEAF2;border:1px solid #ecd9d3;border-left:5px solid #B11E6A;border-radius:8px;padding:24px 26px;margin:30px 0;}\n.sts-portrait-fiche-t{font-family:'JetBrains Mono',monospace;font-size:11px;font-weight:500;text-transform:uppercase;letter-spacing:2.5px;color:#B11E6A;margin:0 0 16px;}\n.sts-portrait-fiche-grid{display:grid;grid-template-columns:repeat(auto-fit,minmax(180px,1fr));gap:14px;}\n.sts-portrait-fiche-row{background:#fff;border:1px solid #f0e0db;border-radius:6px;padding:12px 14px;border-top:2px solid #B11E6A;}\n.sts-portrait-fiche-lbl{font-family:'JetBrains Mono',monospace;font-size:10.5px;text-transform:uppercase;letter-spacing:1.5px;color:#B11E6A;margin-bottom:4px;}\n.sts-portrait-fiche-val{font-size:15px;line-height:1.45;color:#2a2226;font-weight:500;}\n.sts-portrait-quote{margin:40px auto;padding:26px 24px;text-align:center;border-top:1px solid #1c1419;border-bottom:1px solid #1c1419;max-width:640px;position:relative;}\n.sts-portrait-quote-mark{position:absolute;top:-22px;left:50%;transform:translateX(-50%);background:#fff;padding:0 14px;font-family:'Fraunces',Georgia,serif;font-size:52px;line-height:1;color:#B11E6A;}\n.sts-portrait-quote-txt{font-family:'Fraunces',Georgia,serif;font-style:italic;font-weight:500;font-size:24px;line-height:1.42;color:#1c1419;}\n.sts-portrait-cards{display:grid;grid-template-columns:repeat(auto-fit,minmax(220px,1fr));gap:14px;margin:26px 0;}\n.sts-portrait-card{background:#fff;border:1px solid #ecd9d3;border-top:3px solid #B11E6A;border-radius:8px;padding:18px 20px;transition:transform .25s ease,box-shadow .25s ease;box-shadow:0 1px 2px rgba(60,20,30,.04);}\n.sts-portrait-card:hover{transform:translateY(-3px);box-shadow:0 12px 28px -16px rgba(60,20,30,.28);}\n.sts-portrait-card-h{font-family:'Fraunces',Georgia,serif;font-weight:600;font-size:16.5px;color:#1c1419;margin-bottom:6px;}\n.sts-portrait-card-d{font-size:14px;line-height:1.55;color:#4a3f44;}\n.sts-portrait-retenir{background:#1c1419;border-radius:10px;padding:26px 28px;margin:36px 0;}\n.sts-portrait-retenir-t{font-family:'JetBrains Mono',monospace;font-size:11px;font-weight:500;text-transform:uppercase;letter-spacing:2.5px;color:#e6a3af;margin:0 0 16px;}\n.sts-portrait-retenir-grid{display:grid;grid-template-columns:repeat(auto-fit,minmax(240px,1fr));gap:10px;}\n.sts-portrait-retenir-item{display:flex;gap:12px;align-items:flex-start;background:#2a2126;border:1px solid #3a2f34;border-radius:6px;padding:12px 14px;}\n.sts-portrait-retenir-num{flex:0 0 24px;width:24px;height:24px;background:#B11E6A;color:#fff;border-radius:50%;display:inline-flex;align-items:center;justify-content:center;font-family:'JetBrains Mono',monospace;font-size:12px;font-weight:500;}\n.sts-portrait-retenir-txt{font-size:14px;line-height:1.5;color:#f3e8ea;}\n.sts-portrait-stat{margin:32px 0;}\n.sts-portrait-stat-grid{display:grid;grid-template-columns:repeat(auto-fit,minmax(140px,1fr));background:#1c1419;border-radius:8px;overflow:hidden;}\n.sts-portrait-stat-cell{padding:22px 16px;text-align:center;border-right:1px solid #2f2f2f;}\n.sts-portrait-stat-num{font-size:36px;font-weight:900;color:#fff;letter-spacing:-0.04em;line-height:1;font-family:'Fraunces',Georgia,serif;}\n.sts-portrait-stat-num.accent{color:#e6a3af;}\n.sts-portrait-stat-lbl{font-family:'JetBrains Mono',monospace;font-size:10.5px;text-transform:uppercase;letter-spacing:1.5px;color:#9a9a9a;margin-top:8px;}\n.sts-portrait-faq{margin:36px 0;}\n.sts-portrait-faq-t{font-family:'Fraunces',Georgia,serif;font-weight:700;font-size:26px;color:#1c1419;margin:0 0 16px;border-left:4px solid #B11E6A;padding-left:14px;}\n.sts-portrait-faq-list{border-top:1px solid #ecd9d3;}\n.sts-portrait-faq details{border-bottom:1px solid #ecd9d3;}\n.sts-portrait-faq summary{cursor:pointer;padding:16px 0;font-family:'Inter',sans-serif;font-size:17px;font-weight:600;color:#1c1419;list-style:none;display:flex;justify-content:space-between;align-items:center;gap:14px;}\n.sts-portrait-faq summary::-webkit-details-marker{display:none;}\n.sts-portrait-faq summary .sts-portrait-faq-ic{font-size:24px;font-weight:300;color:#B11E6A;line-height:1;}\n.sts-portrait-faq-a{padding:0 0 18px;font-size:15.5px;line-height:1.7;color:#4a3f44;}\n\/*RENDERFIX2*\/.sts-portrait-retenir{color:#eef3f9!important}.sts-portrait-retenir p,.sts-portrait-retenir li,.sts-portrait-retenir strong,.sts-portrait-retenir em,.sts-portrait-retenir a,.sts-portrait-retenir span,.sts-portrait-retenir b,.sts-portrait-retenir td,.sts-portrait-retenir th,.sts-portrait-retenir h2,.sts-portrait-retenir h3,.sts-portrait-retenir h4{color:#eef3f9!important}.sts-portrait-retenir strong,.sts-portrait-retenir b{color:#ffffff!important}.sts-portrait-retenir-item{color:#eef3f9!important}.sts-portrait-retenir-item p,.sts-portrait-retenir-item li,.sts-portrait-retenir-item strong,.sts-portrait-retenir-item em,.sts-portrait-retenir-item a,.sts-portrait-retenir-item span,.sts-portrait-retenir-item b,.sts-portrait-retenir-item td,.sts-portrait-retenir-item th,.sts-portrait-retenir-item h2,.sts-portrait-retenir-item h3,.sts-portrait-retenir-item h4{color:#eef3f9!important}.sts-portrait-retenir-item strong,.sts-portrait-retenir-item b{color:#ffffff!important}.sts-portrait-retenir-num{color:#eef3f9!important}.sts-portrait-retenir-num p,.sts-portrait-retenir-num li,.sts-portrait-retenir-num strong,.sts-portrait-retenir-num em,.sts-portrait-retenir-num a,.sts-portrait-retenir-num span,.sts-portrait-retenir-num b,.sts-portrait-retenir-num td,.sts-portrait-retenir-num th,.sts-portrait-retenir-num h2,.sts-portrait-retenir-num h3,.sts-portrait-retenir-num h4{color:#eef3f9!important}.sts-portrait-retenir-num strong,.sts-portrait-retenir-num b{color:#ffffff!important}.sts-portrait-stat-grid{color:#eef3f9!important}.sts-portrait-stat-grid p,.sts-portrait-stat-grid li,.sts-portrait-stat-grid strong,.sts-portrait-stat-grid em,.sts-portrait-stat-grid a,.sts-portrait-stat-grid span,.sts-portrait-stat-grid b,.sts-portrait-stat-grid td,.sts-portrait-stat-grid th,.sts-portrait-stat-grid h2,.sts-portrait-stat-grid h3,.sts-portrait-stat-grid h4{color:#eef3f9!important}.sts-portrait-stat-grid strong,.sts-portrait-stat-grid b{color:#ffffff!important}<\/style>\n<div class=\"sts-portrait-wrap\">\n<h1>Emilia Clarke : qui est l&rsquo;actrice de Daenerys Targaryen ? (taille, \u00e2ge, vie priv\u00e9e, carri\u00e8re)<\/h1>\n<div class=\"sts-portrait-kicker\">Portrait &middot; Cin\u00e9ma &amp; s\u00e9ries<\/div>\n<div class=\"sts-portrait-lead\">Daenerys Targaryen, la &laquo; M\u00e8re des Dragons &raquo; de <strong>Game of Thrones<\/strong>, est incarn\u00e9e par l&rsquo;actrice britannique <strong>Emilia Clarke<\/strong>, n\u00e9e le 23 octobre 1986 \u00e0 Londres. \u00c2g\u00e9e de 39 ans et mesurant environ 1,57 m, elle a transform\u00e9 ce r\u00f4le culte en tremplin hollywoodien \u2014 de <em>Me Before You<\/em> \u00e0 <em>Secret Invasion<\/em> \u2014 tout en faisant de ses combats personnels une cause publique.<\/div>\n<div class=\"sts-portrait-fiche\">\n<div class=\"sts-portrait-fiche-t\">Carte d&rsquo;identit\u00e9<\/div>\n<div class=\"sts-portrait-fiche-grid\">\n<div class=\"sts-portrait-fiche-row\">\n<div class=\"sts-portrait-fiche-lbl\">Nom complet<\/div>\n<div class=\"sts-portrait-fiche-val\">Emilia Isobel Euphemia Rose Clarke<\/div>\n<\/div>\n<div class=\"sts-portrait-fiche-row\">\n<div class=\"sts-portrait-fiche-lbl\">Naissance<\/div>\n<div class=\"sts-portrait-fiche-val\">23 octobre 1986, \u00e0 Londres<\/div>\n<\/div>\n<div class=\"sts-portrait-fiche-row\">\n<div class=\"sts-portrait-fiche-lbl\">\u00c2ge<\/div>\n<div class=\"sts-portrait-fiche-val\">39 ans<\/div>\n<\/div>\n<div class=\"sts-portrait-fiche-row\">\n<div class=\"sts-portrait-fiche-lbl\">Taille<\/div>\n<div class=\"sts-portrait-fiche-val\">Environ 1,57 m (5&rsquo;2&quot;)<\/div>\n<\/div>\n<div class=\"sts-portrait-fiche-row\">\n<div class=\"sts-portrait-fiche-lbl\">Nationalit\u00e9<\/div>\n<div class=\"sts-portrait-fiche-val\">Britannique<\/div>\n<\/div>\n<div class=\"sts-portrait-fiche-row\">\n<div class=\"sts-portrait-fiche-lbl\">R\u00f4le culte<\/div>\n<div class=\"sts-portrait-fiche-val\">Daenerys Targaryen (Game of Thrones)<\/div>\n<\/div>\n<div class=\"sts-portrait-fiche-row\">\n<div class=\"sts-portrait-fiche-lbl\">Conjoint<\/div>\n<div class=\"sts-portrait-fiche-val\">C\u00e9libataire, jamais mari\u00e9e<\/div>\n<\/div>\n<div class=\"sts-portrait-fiche-row\">\n<div class=\"sts-portrait-fiche-lbl\">Engagement<\/div>\n<div class=\"sts-portrait-fiche-val\">Cofondatrice de l&rsquo;association SameYou<\/div>\n<\/div>\n<\/div>\n<\/div>\n<h2>Qui est Emilia Clarke ?<\/h2>\n<p>Emilia Isobel Euphemia Rose Clarke na\u00eet le <strong>23 octobre 1986 \u00e0 Londres<\/strong>, et grandit dans l&rsquo;Oxfordshire. Son p\u00e8re est <strong>ing\u00e9nieur du son<\/strong> dans le milieu th\u00e9\u00e2tral, sa m\u00e8re, Jennifer Clarke, femme d&rsquo;affaires. C&rsquo;est en accompagnant son p\u00e8re sur la com\u00e9die musicale <em>Show Boat<\/em>, \u00e0 l&rsquo;\u00e2ge de trois ans, qu&rsquo;Emilia attrape le virus de la sc\u00e8ne. Le d\u00e9cor est plant\u00e9.<\/p>\n<p>Sa scolarit\u00e9 la m\u00e8ne \u00e0 la <strong>Rye St Antony School<\/strong> puis \u00e0 la <strong>St Edward&rsquo;s School<\/strong> d&rsquo;Oxford, o\u00f9 elle multiplie les productions th\u00e9\u00e2trales scolaires. D\u00e9termin\u00e9e \u00e0 en faire son m\u00e9tier, elle int\u00e8gre la <strong>Drama Centre London<\/strong>, \u00e9cole prestigieuse qui a form\u00e9 Colin Firth ou Pierce Brosnan \u2014 non sans avoir, dit-elle, \u00e9chou\u00e9 une premi\u00e8re fois au concours d&rsquo;entr\u00e9e. Elle en sort dipl\u00f4m\u00e9e en 2009 apr\u00e8s avoir particip\u00e9 \u00e0 une dizaine de productions, aff\u00fbt\u00e9e et pr\u00eate \u00e0 percer.<\/p>\n<p>Britannique pur jus, Emilia Clarke cumule aussi quelques talents moins connus : musicienne (fl\u00fbte, piano, guitare, chant), elle a confi\u00e9 vivre avec un <strong>TDAH<\/strong> depuis l&rsquo;enfance, sujet qu&rsquo;elle aborde aujourd&rsquo;hui sans tabou.<\/p>\n<h2>Daenerys dans Game of Thrones : le r\u00f4le qui a tout chang\u00e9<\/h2>\n<p>En 2010, fra\u00eechement dipl\u00f4m\u00e9e et quasi inconnue, Emilia Clarke d\u00e9croche le r\u00f4le qui va bouleverser sa carri\u00e8re : <strong>Daenerys Targaryen<\/strong>, dans l&rsquo;adaptation HBO des romans de George R.R. Martin. Le casting n&rsquo;a rien d&rsquo;\u00e9vident : le r\u00f4le avait d&rsquo;abord \u00e9t\u00e9 confi\u00e9 \u00e0 l&rsquo;actrice <strong>Tamzin Merchant<\/strong>, mais apr\u00e8s un pilote jug\u00e9 d\u00e9cevant, les producteurs r\u00e9organisent des auditions. Emilia s&rsquo;y pr\u00e9sente et, pour d\u00e9tendre l&rsquo;atmosph\u00e8re, ex\u00e9cute une danse improvis\u00e9e \u2014 la fameuse &laquo; danse du poulet &raquo;. Le charisme fait mouche : le r\u00f4le est pour elle.<\/p>\n<p>De 2011 \u00e0 2019, sur <strong>huit saisons et 73 \u00e9pisodes<\/strong>, elle incarne l&rsquo;arc complet du personnage : de la jeune mari\u00e9e vuln\u00e9rable, vendue \u00e0 un seigneur dothraki, \u00e0 la conqu\u00e9rante &laquo; M\u00e8re des Dragons &raquo; affranchissant des cit\u00e9s enti\u00e8res, jusqu&rsquo;au d\u00e9nouement tragique et controvers\u00e9 de la saison 8. Cette m\u00e9tamorphose, physique autant que psychologique, fait de Daenerys l&rsquo;un des personnages les plus marquants de l&rsquo;histoire de la t\u00e9l\u00e9vision.<\/p>\n<div class=\"sts-portrait-stat\">\n<div class=\"sts-portrait-stat-grid\">\n<div class=\"sts-portrait-stat-cell\">\n<div class=\"sts-portrait-stat-num\">8<\/div>\n<div class=\"sts-portrait-stat-lbl\">saisons jou\u00e9es<\/div>\n<\/div>\n<div class=\"sts-portrait-stat-cell\">\n<div class=\"sts-portrait-stat-num\">73<\/div>\n<div class=\"sts-portrait-stat-lbl\">\u00e9pisodes<\/div>\n<\/div>\n<div class=\"sts-portrait-stat-cell\" style=\"border-right:none;\">\n<div class=\"sts-portrait-stat-num accent\">4<\/div>\n<div class=\"sts-portrait-stat-lbl\">nominations aux Emmy<\/div>\n<\/div>\n<\/div>\n<\/div>\n<p>Sa performance lui vaut <strong>quatre nominations aux Emmy Awards<\/strong> dans la cat\u00e9gorie meilleure actrice dans un second r\u00f4le (2013, 2015, 2016 et 2019). Le tournage n&rsquo;a pourtant rien d&rsquo;un long fleuve tranquille : conditions extr\u00eames, sc\u00e8nes de nudit\u00e9, pression m\u00e9diatique croissante \u2014 autant d&rsquo;\u00e9preuves qu&rsquo;elle traverse avec un professionnalisme salu\u00e9 par toute l&rsquo;\u00e9quipe.<\/p>\n<div class=\"sts-portrait-quote\">\n<div class=\"sts-portrait-quote-mark\" aria-hidden=\"true\">&laquo;<\/div>\n<div class=\"sts-portrait-quote-txt\">De la jeune mari\u00e9e soumise \u00e0 la reine de feu : Daenerys a fait d&rsquo;Emilia Clarke une ic\u00f4ne mondiale.<\/div>\n<\/div>\n<h2>Sa carri\u00e8re apr\u00e8s Game of Thrones<\/h2>\n<p>La fin de la s\u00e9rie en 2019 n&rsquo;a pas referm\u00e9 la page : Emilia Clarke a m\u00e9thodiquement diversifi\u00e9 son r\u00e9pertoire pour \u00e9chapper \u00e0 l&rsquo;ombre de Daenerys. Sa <strong>filmographie<\/strong> m\u00eale blockbusters, romance et univers de franchise.<\/p>\n<div class=\"sts-portrait-cards\">\n<div class=\"sts-portrait-card\">\n<div class=\"sts-portrait-card-h\">Terminator Genisys (2015)<\/div>\n<div class=\"sts-portrait-card-d\">Elle reprend le r\u00f4le iconique de <strong>Sarah Connor<\/strong> et prouve qu&rsquo;elle peut porter un blockbuster d&rsquo;action \u00e0 gros budget.<\/div>\n<\/div>\n<div class=\"sts-portrait-card\">\n<div class=\"sts-portrait-card-h\">Me Before You \/ Avant toi (2016)<\/div>\n<div class=\"sts-portrait-card-d\">Dans l&rsquo;adaptation du roman de Jojo Moyes, elle incarne Lou Clark, aide-soignante d&rsquo;un homme t\u00e9trapl\u00e9gique \u2014 registre romantique et bouleversant.<\/div>\n<\/div>\n<div class=\"sts-portrait-card\">\n<div class=\"sts-portrait-card-h\">Solo: A Star Wars Story (2018)<\/div>\n<div class=\"sts-portrait-card-d\">Elle entre dans la galaxie Star Wars en <strong>Qi&rsquo;ra<\/strong>, personnage au pass\u00e9 trouble.<\/div>\n<\/div>\n<div class=\"sts-portrait-card\">\n<div class=\"sts-portrait-card-h\">Last Christmas (2019)<\/div>\n<div class=\"sts-portrait-card-d\">Com\u00e9die romantique de No\u00ebl port\u00e9e par la musique de George Michael, o\u00f9 elle tient le premier r\u00f4le.<\/div>\n<\/div>\n<div class=\"sts-portrait-card\">\n<div class=\"sts-portrait-card-h\">Secret Invasion (2023)<\/div>\n<div class=\"sts-portrait-card-d\">Elle rejoint l&rsquo;univers Marvel dans cette s\u00e9rie Disney+, \u00e9largissant encore son terrain de jeu.<\/div>\n<\/div>\n<div class=\"sts-portrait-card\">\n<div class=\"sts-portrait-card-h\">Th\u00e9\u00e2tre &amp; voix<\/div>\n<div class=\"sts-portrait-card-d\">Elle renoue r\u00e9guli\u00e8rement avec la sc\u00e8ne (West End, Broadway dans <em>Breakfast at Tiffany&rsquo;s<\/em>) et pr\u00eate sa voix \u00e0 divers projets.<\/div>\n<\/div>\n<\/div>\n<p>Ce choix de r\u00f4les \u2014 du film d&rsquo;action \u00e0 la romance, de la galaxie Star Wars \u00e0 l&rsquo;univers Marvel \u2014 illustre une volont\u00e9 assum\u00e9e : ne jamais se laisser enfermer dans une seule case. Emilia Clarke s&rsquo;impose comme une actrice de transition entre t\u00e9l\u00e9vision, cin\u00e9ma et th\u00e9\u00e2tre, \u00e0 l&rsquo;aise dans les grandes franchises comme dans l&rsquo;intime.<\/p>\n<h2>Taille et physique d&rsquo;Emilia Clarke<\/h2>\n<p>Emilia Clarke mesure <strong>environ 1,57 m<\/strong> (soit 5 pieds 2 pouces), une taille relativement menue qui contraste avec la pr\u00e9sence imposante de son personnage \u00e0 l&rsquo;\u00e9cran. Son visage tr\u00e8s expressif \u2014 sourcils marqu\u00e9s, regard intense \u2014 et son sourire devenu sa signature en ont fait une <strong>\u00e9g\u00e9rie beaut\u00e9<\/strong> recherch\u00e9e, notamment ambassadrice mondiale de Clinique \u00e0 partir de 2020.<\/p>\n<p>Sur les tapis rouges, elle a forg\u00e9 un style m\u00ealant \u00e9l\u00e9gance classique et audace, portant des cr\u00e9ations de maisons comme Valentino, Dior ou Dolce &amp; Gabbana. Elle s&rsquo;est aussi exprim\u00e9e publiquement contre les standards de beaut\u00e9 irr\u00e9alistes impos\u00e9s aux actrices, partageant volontiers des photos sans maquillage.<\/p>\n<h2>Vie priv\u00e9e : Emilia Clarke est-elle en couple ?<\/h2>\n<p>C\u00f4t\u00e9 c\u0153ur, Emilia Clarke cultive la discr\u00e9tion. <strong>C\u00e9libataire et jamais mari\u00e9e<\/strong>, elle n&rsquo;a pas d&rsquo;enfant connu. Sa vie sentimentale a aliment\u00e9 quelques rumeurs au fil des ans : on lui a pr\u00eat\u00e9 une relation avec l&rsquo;humoriste am\u00e9ricain <strong>Seth MacFarlane<\/strong> (2012-2013), puis avec le r\u00e9alisateur Charlie McDowell, et plus r\u00e9cemment avec le musicien et DJ Sebastian &laquo; Bassi &raquo; Fox. Rien de durablement officialis\u00e9 pour autant.<\/p>\n<p>Tr\u00e8s attach\u00e9e \u00e0 sa famille, elle a perdu son p\u00e8re d&rsquo;un cancer en 2016, une \u00e9preuve dont elle parle avec pudeur. C&rsquo;est avec sa m\u00e8re, Jennifer, qu&rsquo;elle a fond\u00e9 l&rsquo;association qui a donn\u00e9 un nouveau sens \u00e0 sa notori\u00e9t\u00e9.<\/p>\n<h2>Sant\u00e9 : ses deux an\u00e9vrismes c\u00e9r\u00e9braux<\/h2>\n<p>Derri\u00e8re le sourire, un combat tenu longtemps secret. En <strong>2011<\/strong>, \u00e0 24 ans, peu apr\u00e8s le tournage de la premi\u00e8re saison de Game of Thrones, Emilia Clarke est victime d&rsquo;un premier <strong>an\u00e9vrisme c\u00e9r\u00e9bral<\/strong>. Un second survient en <strong>2013<\/strong>. Les interventions et la r\u00e9\u00e9ducation furent \u00e9prouvantes, mais elle a poursuivi son travail sans que le public en sache rien.<\/p>\n<p>En 2019, elle choisit de raconter publiquement ces \u00e9preuves dans un article pour le magazine <em>The New Yorker<\/em>. Ce t\u00e9moignage, salu\u00e9 pour son courage, a sensibilis\u00e9 le grand public aux l\u00e9sions c\u00e9r\u00e9brales et inspir\u00e9 de nombreuses personnes confront\u00e9es \u00e0 des situations similaires.<\/p>\n<p>Dans la foul\u00e9e, elle cofonde en 2019, avec sa m\u00e8re, l&rsquo;association caritative <strong>SameYou<\/strong>, d\u00e9di\u00e9e \u00e0 l&rsquo;acc\u00e8s aux soins de r\u00e9adaptation pour les jeunes adultes touch\u00e9s par une l\u00e9sion c\u00e9r\u00e9brale ou un AVC. En 2024, m\u00e8re et fille ont \u00e9t\u00e9 toutes deux distingu\u00e9es par un <strong>MBE<\/strong> de la Couronne britannique pour leur engagement.<\/p>\n<ul>\n<li>Collecte de fonds pour la recherche sur les l\u00e9sions c\u00e9r\u00e9brales<\/li>\n<li>Sensibilisation aux AVC chez les jeunes adultes<\/li>\n<li>Soutien aux programmes de r\u00e9adaptation innovants<\/li>\n<li>Plaidoyer pour de meilleures politiques de sant\u00e9<\/li>\n<\/ul>\n<h2>Le saviez-vous ?<\/h2>\n<p>Au-del\u00e0 de Westeros, quelques anecdotes m\u00e9connues \u00e9clairent la personnalit\u00e9 d&rsquo;Emilia Clarke.<\/p>\n<div class=\"sts-portrait-retenir\">\n<div class=\"sts-portrait-retenir-t\">Le saviez-vous<\/div>\n<div class=\"sts-portrait-retenir-grid\">\n<div class=\"sts-portrait-retenir-item\"><span class=\"sts-portrait-retenir-num\">1<\/span><span class=\"sts-portrait-retenir-txt\">Elle n&rsquo;\u00e9tait PAS le premier choix : le r\u00f4le de Daenerys avait d&rsquo;abord \u00e9t\u00e9 confi\u00e9 \u00e0 Tamzin Merchant avant un recasting.<\/span><\/div>\n<div class=\"sts-portrait-retenir-item\"><span class=\"sts-portrait-retenir-num\">2<\/span><span class=\"sts-portrait-retenir-txt\">Son audition d\u00e9cisive incluait une danse improvis\u00e9e pour d\u00e9tendre l&rsquo;atmosph\u00e8re \u2014 et \u00e7a a march\u00e9.<\/span><\/div>\n<div class=\"sts-portrait-retenir-item\"><span class=\"sts-portrait-retenir-num\">3<\/span><span class=\"sts-portrait-retenir-txt\">Musicienne compl\u00e8te, elle pratique fl\u00fbte, piano, guitare et chant.<\/span><\/div>\n<div class=\"sts-portrait-retenir-item\"><span class=\"sts-portrait-retenir-num\">4<\/span><span class=\"sts-portrait-retenir-txt\">En 2024, elle et sa m\u00e8re ont re\u00e7u un MBE pour leur travail avec l&rsquo;association SameYou.<\/span><\/div>\n<\/div>\n<\/div>\n<p>De l&rsquo;inconnue propuls\u00e9e sur le Tr\u00f4ne de Fer \u00e0 la femme engag\u00e9e derri\u00e8re SameYou, Emilia Clarke a fait de Daenerys Targaryen bien plus qu&rsquo;un r\u00f4le : un point de d\u00e9part. Sa trajectoire, marqu\u00e9e par le succ\u00e8s pr\u00e9coce, les \u00e9preuves de sant\u00e9 surmont\u00e9es et une carri\u00e8re r\u00e9solument vari\u00e9e, en fait l&rsquo;une des figures les plus attachantes de sa g\u00e9n\u00e9ration.<\/p>\n<div class=\"sts-portrait-faq\">\n<div class=\"sts-portrait-faq-t\">Questions fr\u00e9quentes<\/div>\n<div class=\"sts-portrait-faq-list\">\n<details>\n<summary><span>Qui a jou\u00e9 Daenerys Targaryen ?<\/span><span class=\"sts-portrait-faq-ic\" aria-hidden=\"true\">+<\/span><\/summary>\n<div class=\"sts-portrait-faq-a\">Daenerys Targaryen, la &laquo; M\u00e8re des Dragons &raquo; de Game of Thrones, est jou\u00e9e par l&rsquo;actrice britannique Emilia Clarke. Elle a incarn\u00e9 le personnage sur les huit saisons de la s\u00e9rie, de 2011 \u00e0 2019.<\/div>\n<\/details>\n<details>\n<summary><span>Quel est le vrai nom de Khaleesi ?<\/span><span class=\"sts-portrait-faq-ic\" aria-hidden=\"true\">+<\/span><\/summary>\n<div class=\"sts-portrait-faq-a\">&laquo; Khaleesi &raquo; est un titre dothraki (l&rsquo;\u00e9quivalent de &laquo; reine &raquo;), pas un pr\u00e9nom. Le nom du personnage est Daenerys Targaryen, et l&rsquo;actrice qui l&rsquo;interpr\u00e8te s&rsquo;appelle Emilia Isobel Euphemia Rose Clarke.<\/div>\n<\/details>\n<details>\n<summary><span>Quelle taille fait Emilia Clarke ?<\/span><span class=\"sts-portrait-faq-ic\" aria-hidden=\"true\">+<\/span><\/summary>\n<div class=\"sts-portrait-faq-a\">Emilia Clarke mesure environ 1,57 m (soit 5 pieds 2 pouces), une taille assez menue par rapport \u00e0 la stature imposante de son personnage \u00e0 l&rsquo;\u00e9cran.<\/div>\n<\/details>\n<details>\n<summary><span>Quel \u00e2ge a Emilia Clarke ?<\/span><span class=\"sts-portrait-faq-ic\" aria-hidden=\"true\">+<\/span><\/summary>\n<div class=\"sts-portrait-faq-a\">N\u00e9e le 23 octobre 1986 \u00e0 Londres, Emilia Clarke a 39 ans. Son anniversaire tombe chaque ann\u00e9e le 23 octobre.<\/div>\n<\/details>\n<details>\n<summary><span>Qui est le compagnon d&rsquo;Emilia Clarke ?<\/span><span class=\"sts-portrait-faq-ic\" aria-hidden=\"true\">+<\/span><\/summary>\n<div class=\"sts-portrait-faq-a\">Emilia Clarke est c\u00e9libataire et n&rsquo;a jamais \u00e9t\u00e9 mari\u00e9e. On lui a pr\u00eat\u00e9 par le pass\u00e9 des relations avec Seth MacFarlane, le r\u00e9alisateur Charlie McDowell ou le musicien Sebastian Fox, mais elle reste tr\u00e8s discr\u00e8te sur sa vie priv\u00e9e et n&rsquo;a confirm\u00e9 aucune relation officielle.<\/div>\n<\/details>\n<\/div>\n<\/div>\n<p style=\"font-size:13px;color:#6a6a6a;margin-top:32px;\">Sources : Wikip\u00e9dia et donn\u00e9es publiques. Article mis \u00e0 jour r\u00e9guli\u00e8rement.<\/p>\n<\/div>\n","protected":false},"excerpt":{"rendered":"","protected":false},"author":34,"featured_media":7459,"comment_status":"open","ping_status":"open","sticky":false,"template":"","format":"standard","meta":{"_acf_changed":false,"manual_indexmenow":false,"indexmenow_id_project":0,"footnotes":""},"categories":[1],"tags":[4555,4553,4554],"class_list":["post-7405","post","type-post","status-publish","format-standard","has-post-thumbnail","hentry","category-a-la-une","tag-actrice","tag-emiliaclarke","tag-gameofthrones","generate-columns","tablet-grid-50","mobile-grid-100","grid-parent","grid-25"],"acf":[],"yoast_head":"<!-- This site is optimized with the Yoast SEO Premium plugin v21.3 (Yoast SEO v26.5) - https:\/\/yoast.com\/wordpress\/plugins\/seo\/ -->\n<title>Emilia Clarke : qui est l&#039;actrice de Daenerys Targaryen ?<\/title>\n<meta name=\"description\" content=\"Emilia Isobel Euphemia Rose Clarke na\u00eet le 23 octobre 1986 \u00e0 Londres, et grandit dans l&#039;Oxfordshire. Son p\u00e8re est ing\u00e9nieur du son dans le milieu\" \/>\n<meta name=\"robots\" content=\"index, follow, max-snippet:-1, max-image-preview:large, max-video-preview:-1\" \/>\n<link rel=\"canonical\" href=\"https:\/\/starstory.fr\/blog\/a-la-une\/emilia-clarke-de-daenerys-targaryen-a-icone-hollywoodienne\/\" \/>\n<meta property=\"og:locale\" content=\"fr_FR\" \/>\n<meta property=\"og:type\" content=\"article\" \/>\n<meta property=\"og:title\" content=\"Emilia Clarke : qui est l&#039;actrice de Daenerys Targaryen ?\" \/>\n<meta property=\"og:description\" content=\"Emilia Isobel Euphemia Rose Clarke na\u00eet le 23 octobre 1986 \u00e0 Londres, et grandit dans l&#039;Oxfordshire. Son p\u00e8re est ing\u00e9nieur du son dans le milieu\" \/>\n<meta property=\"og:url\" content=\"https:\/\/starstory.fr\/blog\/a-la-une\/emilia-clarke-de-daenerys-targaryen-a-icone-hollywoodienne\/\" \/>\n<meta property=\"og:site_name\" content=\"starstory\" \/>\n<meta property=\"og:image\" content=\"https:\/\/starstory.fr\/blog\/wp-content\/uploads\/2025\/03\/sdxl-7ea38830015e5369be2efee706ef81d6.png\" \/>\n\t<meta property=\"og:image:width\" content=\"1536\" \/>\n\t<meta property=\"og:image:height\" content=\"640\" \/>\n\t<meta property=\"og:image:type\" content=\"image\/png\" \/>\n<meta name=\"author\" content=\"Rapha\u00ebl D.\" \/>\n<meta name=\"twitter:card\" content=\"summary_large_image\" \/>\n<script type=\"application\/ld+json\" class=\"yoast-schema-graph\">{\"@context\":\"https:\/\/schema.org\",\"@graph\":[{\"@type\":\"NewsArticle\",\"@id\":\"https:\/\/starstory.fr\/blog\/a-la-une\/emilia-clarke-de-daenerys-targaryen-a-icone-hollywoodienne\/#article\",\"isPartOf\":{\"@id\":\"https:\/\/starstory.fr\/blog\/a-la-une\/emilia-clarke-de-daenerys-targaryen-a-icone-hollywoodienne\/\"},\"author\":{\"name\":\"Rapha\u00ebl D.\",\"@id\":\"https:\/\/starstory.fr\/blog\/#\/schema\/person\/3c864cdc320801e3db34b663e7e3f816\"},\"headline\":\"Emilia Clarke : qui est l&rsquo;actrice de Daenerys Targaryen ? (taille, \u00e2ge, vie priv\u00e9e, carri\u00e8re)\",\"datePublished\":\"2026-06-16T13:01:54+00:00\",\"mainEntityOfPage\":{\"@id\":\"https:\/\/starstory.fr\/blog\/a-la-une\/emilia-clarke-de-daenerys-targaryen-a-icone-hollywoodienne\/\"},\"wordCount\":1685,\"commentCount\":0,\"publisher\":{\"@id\":\"https:\/\/starstory.fr\/blog\/#organization\"},\"image\":{\"@id\":\"https:\/\/starstory.fr\/blog\/a-la-une\/emilia-clarke-de-daenerys-targaryen-a-icone-hollywoodienne\/#primaryimage\"},\"thumbnailUrl\":\"https:\/\/starstory.fr\/blog\/wp-content\/uploads\/2025\/03\/sdxl-7ea38830015e5369be2efee706ef81d6.png\",\"keywords\":[\"actrice\",\"emiliaclarke\",\"gameofthrones\"],\"articleSection\":[\"\u00c0 la une\"],\"inLanguage\":\"fr-FR\",\"potentialAction\":[{\"@type\":\"CommentAction\",\"name\":\"Comment\",\"target\":[\"https:\/\/starstory.fr\/blog\/a-la-une\/emilia-clarke-de-daenerys-targaryen-a-icone-hollywoodienne\/#respond\"]}]},{\"@type\":\"WebPage\",\"@id\":\"https:\/\/starstory.fr\/blog\/a-la-une\/emilia-clarke-de-daenerys-targaryen-a-icone-hollywoodienne\/\",\"url\":\"https:\/\/starstory.fr\/blog\/a-la-une\/emilia-clarke-de-daenerys-targaryen-a-icone-hollywoodienne\/\",\"name\":\"Emilia Clarke : qui est l'actrice de Daenerys Targaryen ?\",\"isPartOf\":{\"@id\":\"https:\/\/starstory.fr\/blog\/#website\"},\"primaryImageOfPage\":{\"@id\":\"https:\/\/starstory.fr\/blog\/a-la-une\/emilia-clarke-de-daenerys-targaryen-a-icone-hollywoodienne\/#primaryimage\"},\"image\":{\"@id\":\"https:\/\/starstory.fr\/blog\/a-la-une\/emilia-clarke-de-daenerys-targaryen-a-icone-hollywoodienne\/#primaryimage\"},\"thumbnailUrl\":\"https:\/\/starstory.fr\/blog\/wp-content\/uploads\/2025\/03\/sdxl-7ea38830015e5369be2efee706ef81d6.png\",\"datePublished\":\"2026-06-16T13:01:54+00:00\",\"description\":\"Emilia Isobel Euphemia Rose Clarke na\u00eet le 23 octobre 1986 \u00e0 Londres, et grandit dans l'Oxfordshire. Son p\u00e8re est ing\u00e9nieur du son dans le milieu\",\"inLanguage\":\"fr-FR\",\"potentialAction\":[{\"@type\":\"ReadAction\",\"target\":[\"https:\/\/starstory.fr\/blog\/a-la-une\/emilia-clarke-de-daenerys-targaryen-a-icone-hollywoodienne\/\"]}]},{\"@type\":\"ImageObject\",\"inLanguage\":\"fr-FR\",\"@id\":\"https:\/\/starstory.fr\/blog\/a-la-une\/emilia-clarke-de-daenerys-targaryen-a-icone-hollywoodienne\/#primaryimage\",\"url\":\"https:\/\/starstory.fr\/blog\/wp-content\/uploads\/2025\/03\/sdxl-7ea38830015e5369be2efee706ef81d6.png\",\"contentUrl\":\"https:\/\/starstory.fr\/blog\/wp-content\/uploads\/2025\/03\/sdxl-7ea38830015e5369be2efee706ef81d6.png\",\"width\":1536,\"height\":640},{\"@type\":\"WebSite\",\"@id\":\"https:\/\/starstory.fr\/blog\/#website\",\"url\":\"https:\/\/starstory.fr\/blog\/\",\"name\":\"StarStory\",\"description\":\"StarStory, les \u00e9toiles racontent leur histoire\",\"publisher\":{\"@id\":\"https:\/\/starstory.fr\/blog\/#organization\"},\"alternateName\":\"StarStory, les \u00e9toiles racontent leur histoire\",\"potentialAction\":[{\"@type\":\"SearchAction\",\"target\":{\"@type\":\"EntryPoint\",\"urlTemplate\":\"https:\/\/starstory.fr\/blog\/?s={search_term_string}\"},\"query-input\":{\"@type\":\"PropertyValueSpecification\",\"valueRequired\":true,\"valueName\":\"search_term_string\"}}],\"inLanguage\":\"fr-FR\"},{\"@type\":\"Organization\",\"@id\":\"https:\/\/starstory.fr\/blog\/#organization\",\"name\":\"StarStory\",\"alternateName\":\"StarStory.fr\",\"url\":\"https:\/\/starstory.fr\/blog\/\",\"logo\":{\"@type\":\"ImageObject\",\"inLanguage\":\"fr-FR\",\"@id\":\"https:\/\/starstory.fr\/blog\/#\/schema\/logo\/image\/\",\"url\":\"https:\/\/starstory.fr\/blog\/wp-content\/uploads\/2024\/12\/38.png\",\"contentUrl\":\"https:\/\/starstory.fr\/blog\/wp-content\/uploads\/2024\/12\/38.png\",\"width\":500,\"height\":500,\"caption\":\"StarStory\"},\"image\":{\"@id\":\"https:\/\/starstory.fr\/blog\/#\/schema\/logo\/image\/\"}},{\"@type\":\"Person\",\"@id\":\"https:\/\/starstory.fr\/blog\/#\/schema\/person\/3c864cdc320801e3db34b663e7e3f816\",\"name\":\"Rapha\u00ebl D.\",\"image\":{\"@type\":\"ImageObject\",\"inLanguage\":\"fr-FR\",\"@id\":\"https:\/\/starstory.fr\/blog\/#\/schema\/person\/image\/\",\"url\":\"https:\/\/starstory.fr\/blog\/wp-content\/uploads\/2026\/06\/persona_raphael-d-96x96.jpg\",\"contentUrl\":\"https:\/\/starstory.fr\/blog\/wp-content\/uploads\/2026\/06\/persona_raphael-d-96x96.jpg\",\"caption\":\"Rapha\u00ebl D.\"},\"description\":\"La culture est mon terrain de jeu depuis une dizaine d'ann\u00e9es : arts visuels, s\u00e9ries, cr\u00e9ation et tout ce qui nourrit l'imaginaire. J'\u00e9cris aussi bien sur l'actualit\u00e9 des \u0153uvres que sur les coulisses de la cr\u00e9ation, avec l'envie de relier l'amateur curieux \u00e0 des univers parfois jug\u00e9s intimidants. J'aime analyser une s\u00e9rie ou une d\u00e9marche artistique sans p\u00e9dantisme, replacer une \u0153uvre dans son contexte et donner des cl\u00e9s de lecture accessibles. Avant de publier, je v\u00e9rifie mes r\u00e9f\u00e9rences, je recoupe les sources et je distingue clairement le fait de mon interpr\u00e9tation subjective. Je crois qu'une critique vaut surtout par les arguments qu'elle expose, pas par la sentence qu'elle rend. Mon angle : transmettre l'envie de d\u00e9couvrir, de regarder autrement et de se forger son propre go\u00fbt. La culture n'appartient pas qu'aux initi\u00e9s, et c'est tout l'enjeu de mon \u00e9criture.\",\"url\":\"https:\/\/starstory.fr\/blog\/auteur\/noname\/\",\"jobTitle\":\"R\u00e9dacteur en chef \u00b7 Culture & Cr\u00e9ation\",\"knowsAbout\":[\"Culture\",\"Cr\u00e9ation\"],\"email\":\"raphael.d@a-l-asso-de-l-art.fr\"}]}<\/script>\n<!-- \/ Yoast SEO Premium plugin. -->","yoast_head_json":{"title":"Emilia Clarke : qui est l'actrice de Daenerys Targaryen ?","description":"Emilia Isobel Euphemia Rose Clarke na\u00eet le 23 octobre 1986 \u00e0 Londres, et grandit dans l'Oxfordshire. Son p\u00e8re est ing\u00e9nieur du son dans le milieu","robots":{"index":"index","follow":"follow","max-snippet":"max-snippet:-1","max-image-preview":"max-image-preview:large","max-video-preview":"max-video-preview:-1"},"canonical":"https:\/\/starstory.fr\/blog\/a-la-une\/emilia-clarke-de-daenerys-targaryen-a-icone-hollywoodienne\/","og_locale":"fr_FR","og_type":"article","og_title":"Emilia Clarke : qui est l'actrice de Daenerys Targaryen ?","og_description":"Emilia Isobel Euphemia Rose Clarke na\u00eet le 23 octobre 1986 \u00e0 Londres, et grandit dans l'Oxfordshire. Son p\u00e8re est ing\u00e9nieur du son dans le milieu","og_url":"https:\/\/starstory.fr\/blog\/a-la-une\/emilia-clarke-de-daenerys-targaryen-a-icone-hollywoodienne\/","og_site_name":"starstory","og_image":[{"width":1536,"height":640,"url":"https:\/\/starstory.fr\/blog\/wp-content\/uploads\/2025\/03\/sdxl-7ea38830015e5369be2efee706ef81d6.png","type":"image\/png"}],"author":"Rapha\u00ebl D.","twitter_card":"summary_large_image","schema":{"@context":"https:\/\/schema.org","@graph":[{"@type":"NewsArticle","@id":"https:\/\/starstory.fr\/blog\/a-la-une\/emilia-clarke-de-daenerys-targaryen-a-icone-hollywoodienne\/#article","isPartOf":{"@id":"https:\/\/starstory.fr\/blog\/a-la-une\/emilia-clarke-de-daenerys-targaryen-a-icone-hollywoodienne\/"},"author":{"name":"Rapha\u00ebl D.","@id":"https:\/\/starstory.fr\/blog\/#\/schema\/person\/3c864cdc320801e3db34b663e7e3f816"},"headline":"Emilia Clarke : qui est l&rsquo;actrice de Daenerys Targaryen ? (taille, \u00e2ge, vie priv\u00e9e, carri\u00e8re)","datePublished":"2026-06-16T13:01:54+00:00","mainEntityOfPage":{"@id":"https:\/\/starstory.fr\/blog\/a-la-une\/emilia-clarke-de-daenerys-targaryen-a-icone-hollywoodienne\/"},"wordCount":1685,"commentCount":0,"publisher":{"@id":"https:\/\/starstory.fr\/blog\/#organization"},"image":{"@id":"https:\/\/starstory.fr\/blog\/a-la-une\/emilia-clarke-de-daenerys-targaryen-a-icone-hollywoodienne\/#primaryimage"},"thumbnailUrl":"https:\/\/starstory.fr\/blog\/wp-content\/uploads\/2025\/03\/sdxl-7ea38830015e5369be2efee706ef81d6.png","keywords":["actrice","emiliaclarke","gameofthrones"],"articleSection":["\u00c0 la une"],"inLanguage":"fr-FR","potentialAction":[{"@type":"CommentAction","name":"Comment","target":["https:\/\/starstory.fr\/blog\/a-la-une\/emilia-clarke-de-daenerys-targaryen-a-icone-hollywoodienne\/#respond"]}]},{"@type":"WebPage","@id":"https:\/\/starstory.fr\/blog\/a-la-une\/emilia-clarke-de-daenerys-targaryen-a-icone-hollywoodienne\/","url":"https:\/\/starstory.fr\/blog\/a-la-une\/emilia-clarke-de-daenerys-targaryen-a-icone-hollywoodienne\/","name":"Emilia Clarke : qui est l'actrice de Daenerys Targaryen ?","isPartOf":{"@id":"https:\/\/starstory.fr\/blog\/#website"},"primaryImageOfPage":{"@id":"https:\/\/starstory.fr\/blog\/a-la-une\/emilia-clarke-de-daenerys-targaryen-a-icone-hollywoodienne\/#primaryimage"},"image":{"@id":"https:\/\/starstory.fr\/blog\/a-la-une\/emilia-clarke-de-daenerys-targaryen-a-icone-hollywoodienne\/#primaryimage"},"thumbnailUrl":"https:\/\/starstory.fr\/blog\/wp-content\/uploads\/2025\/03\/sdxl-7ea38830015e5369be2efee706ef81d6.png","datePublished":"2026-06-16T13:01:54+00:00","description":"Emilia Isobel Euphemia Rose Clarke na\u00eet le 23 octobre 1986 \u00e0 Londres, et grandit dans l'Oxfordshire. Son p\u00e8re est ing\u00e9nieur du son dans le milieu","inLanguage":"fr-FR","potentialAction":[{"@type":"ReadAction","target":["https:\/\/starstory.fr\/blog\/a-la-une\/emilia-clarke-de-daenerys-targaryen-a-icone-hollywoodienne\/"]}]},{"@type":"ImageObject","inLanguage":"fr-FR","@id":"https:\/\/starstory.fr\/blog\/a-la-une\/emilia-clarke-de-daenerys-targaryen-a-icone-hollywoodienne\/#primaryimage","url":"https:\/\/starstory.fr\/blog\/wp-content\/uploads\/2025\/03\/sdxl-7ea38830015e5369be2efee706ef81d6.png","contentUrl":"https:\/\/starstory.fr\/blog\/wp-content\/uploads\/2025\/03\/sdxl-7ea38830015e5369be2efee706ef81d6.png","width":1536,"height":640},{"@type":"WebSite","@id":"https:\/\/starstory.fr\/blog\/#website","url":"https:\/\/starstory.fr\/blog\/","name":"StarStory","description":"StarStory, les \u00e9toiles racontent leur histoire","publisher":{"@id":"https:\/\/starstory.fr\/blog\/#organization"},"alternateName":"StarStory, les \u00e9toiles racontent leur histoire","potentialAction":[{"@type":"SearchAction","target":{"@type":"EntryPoint","urlTemplate":"https:\/\/starstory.fr\/blog\/?s={search_term_string}"},"query-input":{"@type":"PropertyValueSpecification","valueRequired":true,"valueName":"search_term_string"}}],"inLanguage":"fr-FR"},{"@type":"Organization","@id":"https:\/\/starstory.fr\/blog\/#organization","name":"StarStory","alternateName":"StarStory.fr","url":"https:\/\/starstory.fr\/blog\/","logo":{"@type":"ImageObject","inLanguage":"fr-FR","@id":"https:\/\/starstory.fr\/blog\/#\/schema\/logo\/image\/","url":"https:\/\/starstory.fr\/blog\/wp-content\/uploads\/2024\/12\/38.png","contentUrl":"https:\/\/starstory.fr\/blog\/wp-content\/uploads\/2024\/12\/38.png","width":500,"height":500,"caption":"StarStory"},"image":{"@id":"https:\/\/starstory.fr\/blog\/#\/schema\/logo\/image\/"}},{"@type":"Person","@id":"https:\/\/starstory.fr\/blog\/#\/schema\/person\/3c864cdc320801e3db34b663e7e3f816","name":"Rapha\u00ebl D.","image":{"@type":"ImageObject","inLanguage":"fr-FR","@id":"https:\/\/starstory.fr\/blog\/#\/schema\/person\/image\/","url":"https:\/\/starstory.fr\/blog\/wp-content\/uploads\/2026\/06\/persona_raphael-d-96x96.jpg","contentUrl":"https:\/\/starstory.fr\/blog\/wp-content\/uploads\/2026\/06\/persona_raphael-d-96x96.jpg","caption":"Rapha\u00ebl D."},"description":"La culture est mon terrain de jeu depuis une dizaine d'ann\u00e9es : arts visuels, s\u00e9ries, cr\u00e9ation et tout ce qui nourrit l'imaginaire. J'\u00e9cris aussi bien sur l'actualit\u00e9 des \u0153uvres que sur les coulisses de la cr\u00e9ation, avec l'envie de relier l'amateur curieux \u00e0 des univers parfois jug\u00e9s intimidants. J'aime analyser une s\u00e9rie ou une d\u00e9marche artistique sans p\u00e9dantisme, replacer une \u0153uvre dans son contexte et donner des cl\u00e9s de lecture accessibles. Avant de publier, je v\u00e9rifie mes r\u00e9f\u00e9rences, je recoupe les sources et je distingue clairement le fait de mon interpr\u00e9tation subjective. Je crois qu'une critique vaut surtout par les arguments qu'elle expose, pas par la sentence qu'elle rend. Mon angle : transmettre l'envie de d\u00e9couvrir, de regarder autrement et de se forger son propre go\u00fbt. La culture n'appartient pas qu'aux initi\u00e9s, et c'est tout l'enjeu de mon \u00e9criture.","url":"https:\/\/starstory.fr\/blog\/auteur\/noname\/","jobTitle":"R\u00e9dacteur en chef \u00b7 Culture & Cr\u00e9ation","knowsAbout":["Culture","Cr\u00e9ation"],"email":"raphael.d@a-l-asso-de-l-art.fr"}]}},"_links":{"self":[{"href":"https:\/\/starstory.fr\/blog\/wp-json\/wp\/v2\/posts\/7405","targetHints":{"allow":["GET"]}}],"collection":[{"href":"https:\/\/starstory.fr\/blog\/wp-json\/wp\/v2\/posts"}],"about":[{"href":"https:\/\/starstory.fr\/blog\/wp-json\/wp\/v2\/types\/post"}],"author":[{"embeddable":true,"href":"https:\/\/starstory.fr\/blog\/wp-json\/wp\/v2\/users\/34"}],"replies":[{"embeddable":true,"href":"https:\/\/starstory.fr\/blog\/wp-json\/wp\/v2\/comments?post=7405"}],"version-history":[{"count":3,"href":"https:\/\/starstory.fr\/blog\/wp-json\/wp\/v2\/posts\/7405\/revisions"}],"predecessor-version":[{"id":8097,"href":"https:\/\/starstory.fr\/blog\/wp-json\/wp\/v2\/posts\/7405\/revisions\/8097"}],"wp:featuredmedia":[{"embeddable":true,"href":"https:\/\/starstory.fr\/blog\/wp-json\/wp\/v2\/media\/7459"}],"wp:attachment":[{"href":"https:\/\/starstory.fr\/blog\/wp-json\/wp\/v2\/media?parent=7405"}],"wp:term":[{"taxonomy":"category","embeddable":true,"href":"https:\/\/starstory.fr\/blog\/wp-json\/wp\/v2\/categories?post=7405"},{"taxonomy":"post_tag","embeddable":true,"href":"https:\/\/starstory.fr\/blog\/wp-json\/wp\/v2\/tags?post=7405"}],"curies":[{"name":"wp","href":"https:\/\/api.w.org\/{rel}","templated":true}]}}