{"id":7398,"date":"2026-08-31T17:08:14","date_gmt":"2026-08-31T15:08:14","guid":{"rendered":"https:\/\/starstory.fr\/blog\/a-la-une\/sylvie-vartan-licone-yeye-qui-a-marque-la-chanson-francaise\/"},"modified":"2026-08-31T17:08:14","modified_gmt":"2026-08-31T15:08:14","slug":"sylvie-vartan-licone-yeye-qui-a-marque-la-chanson-francaise","status":"publish","type":"post","link":"https:\/\/starstory.fr\/blog\/a-la-une\/sylvie-vartan-licone-yeye-qui-a-marque-la-chanson-francaise\/","title":{"rendered":"Sylvie Vartan : L&rsquo;ic\u00f4ne y\u00e9y\u00e9 qui a marqu\u00e9 la chanson fran\u00e7aise"},"content":{"rendered":"<link rel=\"stylesheet\" href=\"https:\/\/fonts.googleapis.com\/css2?family=Fraunces:opsz,wght@9..144,600;9..144,700;9..144,900&#038;family=Inter:wght@400;500;600&#038;family=JetBrains+Mono:wght@500&#038;display=swap\">\n<style>\n.ssv-portrait-wrap{--ssv-ink:#241b12;--ssv-accent:#b8842e;--ssv-accent-dk:#8f6421;--ssv-cream:#fbf3e3;--ssv-line:#ecdfc4;font-family:'Inter',-apple-system,BlinkMacSystemFont,sans-serif;color:var(--ssv-ink);line-height:1.65;font-size:17px;max-width:100%}\n.ssv-portrait-wrap h1{font-family:'Fraunces',Georgia,serif;font-weight:900;font-size:clamp(28px,4vw,42px);line-height:1.15;letter-spacing:-.01em;margin:0 0 18px}\n.ssv-portrait-wrap h2{font-family:'Fraunces',Georgia,serif;font-weight:700;font-size:clamp(24px,3.2vw,32px);line-height:1.2;letter-spacing:-.01em;margin:48px 0 16px;color:var(--ssv-ink)}\n.ssv-portrait-wrap h3{font-family:'Fraunces',Georgia,serif;font-weight:600;font-size:19px;margin:24px 0 10px}\n.ssv-portrait-wrap p{margin:0 0 18px}\n.ssv-portrait-wrap strong{color:var(--ssv-accent-dk)}\n.ssv-portrait-wrap .ssv-kicker{font-family:'JetBrains Mono',monospace;font-size:12px;font-weight:500;letter-spacing:.08em;text-transform:uppercase;color:var(--ssv-accent-dk);margin:0 0 8px;display:block}\n.ssv-portrait-wrap .ssv-fiche{display:grid;grid-template-columns:repeat(auto-fit,minmax(200px,1fr));gap:18px;background:var(--ssv-cream);border:1px solid var(--ssv-line);border-left:5px solid var(--ssv-accent);border-radius:14px;padding:24px 26px;margin:22px 0 34px;box-shadow:0 1px 2px rgba(36,27,18,.05),0 12px 28px -18px rgba(36,27,18,.22)}\n.ssv-portrait-wrap .ssv-fiche-item{display:flex;flex-direction:column;gap:4px}\n.ssv-portrait-wrap .ssv-fiche-label{font-family:'JetBrains Mono',monospace;font-size:11px;font-weight:500;letter-spacing:.06em;text-transform:uppercase;color:var(--ssv-accent-dk)}\n.ssv-portrait-wrap .ssv-fiche-val{font-size:16px;font-weight:600;color:var(--ssv-ink)}\n.ssv-portrait-wrap .ssv-answerfirst{background:linear-gradient(135deg,var(--ssv-cream),#fff);border:1px solid var(--ssv-line);border-left:5px solid var(--ssv-accent);border-radius:14px;padding:24px 28px;margin:0 0 36px;box-shadow:0 1px 2px rgba(36,27,18,.05),0 12px 28px -18px rgba(36,27,18,.22)}\n.ssv-portrait-wrap .ssv-answerfirst-txt{font-size:17.5px;font-weight:500;line-height:1.6}\n.ssv-portrait-wrap .ssv-songs{display:grid;grid-template-columns:repeat(auto-fit,minmax(210px,1fr));gap:16px;margin:22px 0 8px}\n.ssv-portrait-wrap .ssv-song-card{background:#fff;border:1px solid var(--ssv-line);border-top:3px solid var(--ssv-accent);border-radius:12px;padding:18px 20px;transition:.25s ease;box-shadow:0 1px 2px rgba(36,27,18,.05)}\n.ssv-portrait-wrap .ssv-song-card:hover{transform:translateY(-3px);box-shadow:0 14px 26px -16px rgba(36,27,18,.35)}\n.ssv-portrait-wrap .ssv-song-title{font-family:'Fraunces',Georgia,serif;font-weight:700;font-size:17px;margin-bottom:6px;color:var(--ssv-ink)}\n.ssv-portrait-wrap .ssv-song-txt{font-size:14.5px;color:#4b4030}\n.ssv-portrait-wrap .ssv-retain{background:var(--ssv-ink);border-radius:14px;padding:26px 28px;margin:40px 0;color:#f4ead9}\n.ssv-portrait-wrap .ssv-retain-title{font-family:'Fraunces',Georgia,serif;font-weight:700;font-size:20px;color:#f4ead9!important;margin-bottom:14px;display:block}\n.ssv-portrait-wrap .ssv-retain ul{margin:0;padding:0;list-style:none}\n.ssv-portrait-wrap .ssv-retain li{position:relative;padding-left:26px;margin-bottom:12px;color:#f4ead9!important;font-size:15.5px}\n.ssv-portrait-wrap .ssv-retain li::before{content:\"\u2713\";position:absolute;left:0;top:0;color:var(--ssv-accent)!important;font-weight:700}\n.ssv-portrait-wrap .ssv-retain strong{color:#fff!important}\n.ssv-portrait-wrap .ssv-faq{margin:30px 0}\n.ssv-portrait-wrap details{background:#fff;border:1px solid var(--ssv-line);border-radius:12px;padding:16px 20px;margin-bottom:12px;transition:.25s ease}\n.ssv-portrait-wrap details:hover{box-shadow:0 8px 20px -14px rgba(36,27,18,.3)}\n.ssv-portrait-wrap summary{font-family:'Fraunces',Georgia,serif;font-weight:600;font-size:16.5px;cursor:pointer;color:var(--ssv-ink)}\n.ssv-portrait-wrap summary::marker{color:var(--ssv-accent)}\n.ssv-portrait-wrap details[open] summary{margin-bottom:10px}\n.ssv-portrait-wrap .ssv-faq-a{font-size:15.5px;color:#4b4030}\n@media(max-width:640px){.ssv-portrait-wrap .ssv-fiche{grid-template-columns:1fr}}\n<\/style>\n<div class=\"ssv-portrait-wrap\">\n<h1>Sylvie Vartan : L&rsquo;ic\u00f4ne y\u00e9y\u00e9 qui a marqu\u00e9 la chanson fran\u00e7aise<\/h1>\n<p>Sylvie Vartan reste, plusieurs d\u00e9cennies apr\u00e8s ses premiers succ\u00e8s, l&rsquo;un des visages les plus reconnaissables du y\u00e9y\u00e9 : ce moment o\u00f9 la chanson fran\u00e7aise s&rsquo;est mise \u00e0 parler directement \u00e0 la jeunesse, en empruntant au rock&rsquo;n&rsquo;roll am\u00e9ricain une \u00e9nergie, un rythme et une libert\u00e9 de ton qu&rsquo;elle ne connaissait pas encore.<\/p>\n<div class=\"ssv-fiche\">\n<div class=\"ssv-fiche-item\"><span class=\"ssv-fiche-label\">Qui<\/span><span class=\"ssv-fiche-val\">Sylvie Vartan<\/span><\/div>\n<div class=\"ssv-fiche-item\"><span class=\"ssv-fiche-label\">Connue pour<\/span><span class=\"ssv-fiche-val\">Figure de proue du mouvement y\u00e9y\u00e9<\/span><\/div>\n<div class=\"ssv-fiche-item\"><span class=\"ssv-fiche-label\">Registre<\/span><span class=\"ssv-fiche-val\">Chant, sc\u00e8ne et mise en spectacle<\/span><\/div>\n<div class=\"ssv-fiche-item\"><span class=\"ssv-fiche-label\">Rayonnement<\/span><span class=\"ssv-fiche-val\">France, Japon, sc\u00e8nes internationales<\/span><\/div>\n<\/div>\n<div class=\"ssv-answerfirst\">\n  <span class=\"ssv-kicker\">L&rsquo;essentiel<\/span><\/p>\n<div class=\"ssv-answerfirst-txt\">Le y\u00e9y\u00e9, c&rsquo;est le moment o\u00f9 la vari\u00e9t\u00e9 fran\u00e7aise cesse de s&rsquo;adresser aux adultes pour parler \u00e0 la jeunesse, avec des rythmes emprunt\u00e9s au rock et au twist anglo-saxons. Sylvie Vartan y impose une pr\u00e9sence sc\u00e9nique construite \u2014 chant, danse et mise en sc\u00e8ne pens\u00e9s comme un tout \u2014 dans un paysage o\u00f9 la chanteuse restait le plus souvent statique derri\u00e8re un micro. Cette exigence de spectacle, plus que tel ou tel titre, est ce qui distingue durablement sa trajectoire.<\/div>\n<\/div>\n<h2>Ce qu&rsquo;\u00e9tait le y\u00e9y\u00e9, et pourquoi \u00e7a compte<\/h2>\n<p>Au tournant des ann\u00e9es 1960, la chanson fran\u00e7aise vit une rupture g\u00e9n\u00e9rationnelle. Jusque-l\u00e0 domin\u00e9e par la tradition de la chanson r\u00e9aliste et le music-hall h\u00e9rit\u00e9 de l&rsquo;avant-guerre, la vari\u00e9t\u00e9 s&rsquo;ouvre brutalement aux musiques anglo-saxonnes : rock&rsquo;n&rsquo;roll, twist, puis pop naissante. Le terme y\u00e9y\u00e9, onomatop\u00e9e tir\u00e9e du refrain popularis\u00e9 par le rock am\u00e9ricain, d\u00e9signe cette g\u00e9n\u00e9ration d&rsquo;artistes qui importent ces sonorit\u00e9s et, surtout, ce ton neuf.<\/p>\n<p>Ce qui compte dans ce basculement n&rsquo;est pas seulement musical. Pour la premi\u00e8re fois, la chanson fran\u00e7aise cesse de s&rsquo;adresser d&rsquo;abord aux adultes pour viser une audience jeune, en pleine expansion d\u00e9mographique et \u00e9conomique, avide de rep\u00e8res qui lui ressemblent. Le y\u00e9y\u00e9 invente un public autant qu&rsquo;un genre : celui des adolescents et jeunes adultes de l&rsquo;apr\u00e8s-guerre, qui trouvent dans ces artistes une image de libert\u00e9 et de modernit\u00e9.<\/p>\n<p>Dans ce mouvement collectif, port\u00e9 par plusieurs interpr\u00e8tes de la m\u00eame g\u00e9n\u00e9ration, Sylvie Vartan occupe une place singuli\u00e8re : celle d&rsquo;une artiste qui ne se contente pas d&rsquo;interpr\u00e9ter des chansons entra\u00eenantes, mais qui construit, d\u00e8s ses d\u00e9buts, une identit\u00e9 sc\u00e9nique compl\u00e8te.<\/p>\n<h2>Ce qu&rsquo;elle y apporte de singulier<\/h2>\n<p>Dans la vari\u00e9t\u00e9 fran\u00e7aise de l&rsquo;\u00e9poque, la performance sc\u00e9nique reste souvent sobre : la chanteuse se tient devant le micro, l&rsquo;orchestre l&rsquo;accompagne, le spectacle repose avant tout sur la voix. Sylvie Vartan introduit une autre approche, plus proche du show \u00e0 l&rsquo;anglo-saxonne : le chant s&rsquo;accompagne d&rsquo;une chor\u00e9graphie pens\u00e9e, d&rsquo;une gestuelle sc\u00e9nique travaill\u00e9e, d&rsquo;une image visuelle forte \u2014 silhouette, mouvement, pr\u00e9sence.<\/p>\n<p>Cette exigence de spectacle ne va pas de soi dans le contexte fran\u00e7ais du d\u00e9but des ann\u00e9es 1960. Elle suppose de consid\u00e9rer la sc\u00e8ne comme un tout \u00e0 mettre en sc\u00e8ne, et non comme un simple cadre pour la voix. C&rsquo;est cette dimension, autant que le r\u00e9pertoire, qui fait d&rsquo;elle une figure identifiable du y\u00e9y\u00e9 : une interpr\u00e8te qui pense sa carri\u00e8re en termes de spectacle complet, avec ce que cela implique de travail sur le mouvement et l&rsquo;image.<\/p>\n<p>Cette approche a \u00e9galement nourri l&rsquo;esth\u00e9tique visuelle de l&rsquo;\u00e9poque : le style vestimentaire associ\u00e9 au y\u00e9y\u00e9 \u2014 silhouettes courtes, lignes nettes, coiffures affirm\u00e9es \u2014 doit beaucoup \u00e0 des artistes comme elle, qui en ont fait un langage sc\u00e9nique \u00e0 part enti\u00e8re plut\u00f4t qu&rsquo;un simple habillage.<\/p>\n<h2>Les chansons qui restent<\/h2>\n<p>Le r\u00e9pertoire de Sylvie Vartan compte plusieurs titres devenus des rep\u00e8res du genre, rest\u00e9s associ\u00e9s \u00e0 l&rsquo;\u00e9nergie insouciante de l&rsquo;\u00e9poque y\u00e9y\u00e9 :<\/p>\n<div class=\"ssv-songs\">\n<div class=\"ssv-song-card\">\n<div class=\"ssv-song-title\">Tous mes copains<\/div>\n<div class=\"ssv-song-txt\">L&rsquo;un de ses tout premiers succ\u00e8s, qui pose d&#8217;embl\u00e9e le ton entra\u00eenant de son r\u00e9pertoire.<\/div>\n<\/div>\n<div class=\"ssv-song-card\">\n<div class=\"ssv-song-title\">Est-ce que tu le sais ?<\/div>\n<div class=\"ssv-song-txt\">Un titre qui installe durablement sa place parmi les figures du mouvement.<\/div>\n<\/div>\n<div class=\"ssv-song-card\">\n<div class=\"ssv-song-title\">La Locomotion<\/div>\n<div class=\"ssv-song-txt\">Une adaptation fran\u00e7aise qui illustre l&rsquo;importation directe des sonorit\u00e9s am\u00e9ricaines.<\/div>\n<\/div>\n<div class=\"ssv-song-card\">\n<div class=\"ssv-song-title\">La plus belle pour aller danser<\/div>\n<div class=\"ssv-song-txt\">Consid\u00e9r\u00e9 comme l&rsquo;un de ses titres les plus embl\u00e9matiques, incarnant l&rsquo;esprit joyeux de l&rsquo;\u00e8re y\u00e9y\u00e9.<\/div>\n<\/div>\n<div class=\"ssv-song-card\">\n<div class=\"ssv-song-title\">Qu&rsquo;est-ce qui fait pleurer les blondes ?<\/div>\n<div class=\"ssv-song-txt\">Un jalon de son \u00e9volution vers des productions plus travaill\u00e9es.<\/div>\n<\/div>\n<div class=\"ssv-song-card\">\n<div class=\"ssv-song-title\">Nicolas<\/div>\n<div class=\"ssv-song-txt\">Autre rep\u00e8re de cette p\u00e9riode de transformation de son style.<\/div>\n<\/div>\n<\/div>\n<p>Au-del\u00e0 de la musique, sa carri\u00e8re s&rsquo;est aussi d\u00e9ploy\u00e9e \u00e0 l&rsquo;\u00e9cran, avec des apparitions au cin\u00e9ma \u2014 dont le film <strong>Patate<\/strong> \u2014 qui confirment une image publique construite bien au-del\u00e0 de la seule sc\u00e8ne musicale.<\/p>\n<h2>La long\u00e9vit\u00e9 comme sujet<\/h2>\n<p>Traverser plusieurs d\u00e9cennies dans la vari\u00e9t\u00e9 suppose un exercice pr\u00e9cis : se renouveler sans se renier. Beaucoup d&rsquo;artistes associ\u00e9s \u00e0 un mouvement g\u00e9n\u00e9rationnel restent fig\u00e9s dans l&rsquo;image de leurs d\u00e9buts ; d&rsquo;autres tentent une rupture totale qui leur fait perdre leur public d&rsquo;origine. La trajectoire de Sylvie Vartan illustre une troisi\u00e8me voie, plus rare : l&rsquo;\u00e9volution progressive.<\/p>\n<p>Apr\u00e8s l&rsquo;\u00e8re y\u00e9y\u00e9, son r\u00e9pertoire s&rsquo;oriente vers des productions plus sophistiqu\u00e9es, port\u00e9es par des influences disco et funk, avec des spectacles plus \u00e9labor\u00e9s inspir\u00e9s des grands shows \u00e0 l&rsquo;am\u00e9ricaine. Plus tard, elle poursuit ce mouvement en travaillant avec de jeunes auteurs-compositeurs, qui lui apportent une couleur plus contemporaine sans effacer son identit\u00e9 vocale et sc\u00e9nique d&rsquo;origine.<\/p>\n<p>Cette capacit\u00e9 \u00e0 absorber les \u00e9volutions du genre \u2014 du y\u00e9y\u00e9 aux productions plus modernes \u2014 sans jamais couper le fil avec son image initiale est sans doute ce qui explique la permanence de sa pr\u00e9sence dans le paysage musical fran\u00e7ais sur une aussi longue dur\u00e9e. Elle a \u00e9galement conduit une tourn\u00e9e d&rsquo;adieu, baptis\u00e9e <strong>Je tire ma r\u00e9v\u00e9rence<\/strong>, con\u00e7ue comme un parcours \u00e0 travers l&rsquo;ensemble de son r\u00e9pertoire \u2014 une mani\u00e8re de refermer une trajectoire artistique en la donnant \u00e0 revivre au public plut\u00f4t qu&rsquo;en la taisant.<\/p>\n<h2>Ce que sa trajectoire dit de la place des femmes dans la vari\u00e9t\u00e9<\/h2>\n<p>Dans le paysage musical du d\u00e9but des ann\u00e9es 1960, les interpr\u00e8tes f\u00e9minines occupent le plus souvent une place d\u00e9finie par d&rsquo;autres : r\u00e9pertoire choisi pour elles, image fa\u00e7onn\u00e9e en amont, r\u00f4le circonscrit \u00e0 l&rsquo;ex\u00e9cution. La trajectoire de Sylvie Vartan s&rsquo;inscrit en partie contre ce sch\u00e9ma : en construisant elle-m\u00eame sa dimension sc\u00e9nique \u2014 chor\u00e9graphie, mise en sc\u00e8ne, image \u2014 elle se positionne autant comme interpr\u00e8te que comme b\u00e2tisseuse de son propre spectacle.<\/p>\n<p>Cette double casquette, artiste et pilote de sa propre mise en sc\u00e8ne, a ouvert une voie : celle d&rsquo;une carri\u00e8re longue, construite dans la dur\u00e9e, \u00e0 une \u00e9poque o\u00f9 la vari\u00e9t\u00e9 f\u00e9minine \u00e9tait souvent pens\u00e9e comme un ph\u00e9nom\u00e8ne de courte dur\u00e9e, li\u00e9 \u00e0 la jeunesse du moment plus qu&rsquo;\u00e0 un parcours d&rsquo;ensemble. En ce sens, son parcours d\u00e9passe le cadre strictement musical pour dire quelque chose de la place progressivement conquise par les femmes dans la construction de leur propre image publique au sein de la vari\u00e9t\u00e9 fran\u00e7aise.<\/p>\n<div class=\"ssv-retain\">\n  <span class=\"ssv-retain-title\">\ud83c\udfaf \u00c0 retenir<\/span><\/p>\n<ul>\n<li>Le <strong>y\u00e9y\u00e9<\/strong> marque le moment o\u00f9 la chanson fran\u00e7aise s&rsquo;adresse pour la premi\u00e8re fois directement \u00e0 la jeunesse, en empruntant au rock et au twist anglo-saxons.<\/li>\n<li>Sylvie Vartan y apporte une <strong>pr\u00e9sence sc\u00e9nique construite<\/strong> \u2014 chant, danse, mise en sc\u00e8ne \u2014 inhabituelle dans la vari\u00e9t\u00e9 fran\u00e7aise du d\u00e9but des ann\u00e9es 1960.<\/li>\n<li>Son r\u00e9pertoire compte des titres rest\u00e9s des rep\u00e8res du genre, comme <strong>Tous mes copains<\/strong>, <strong>Est-ce que tu le sais ?<\/strong> ou <strong>La plus belle pour aller danser<\/strong>.<\/li>\n<li>Sa carri\u00e8re illustre une <strong>long\u00e9vit\u00e9 fond\u00e9e sur le renouvellement progressif<\/strong> plut\u00f4t que sur la rupture ou l&rsquo;immobilisme.<\/li>\n<li>Sa trajectoire d&rsquo;interpr\u00e8te-b\u00e2tisseuse de spectacle \u00e9claire la place progressivement conquise par les <strong>femmes dans la construction de leur image<\/strong> au sein de la vari\u00e9t\u00e9 fran\u00e7aise.<\/li>\n<\/ul>\n<\/div>\n<div class=\"ssv-faq\">\n  <span class=\"ssv-kicker\">Questions fr\u00e9quentes<\/span><\/p>\n<details>\n<summary>Qu&rsquo;est-ce que le mouvement y\u00e9y\u00e9 exactement ?<\/summary>\n<div class=\"ssv-faq-a\">C&rsquo;est le courant qui, au d\u00e9but des ann\u00e9es 1960, introduit dans la chanson fran\u00e7aise des sonorit\u00e9s emprunt\u00e9es au rock&rsquo;n&rsquo;roll et au twist am\u00e9ricains, en s&rsquo;adressant pour la premi\u00e8re fois directement \u00e0 un public jeune plut\u00f4t qu&rsquo;aux adultes.<\/div>\n<\/details>\n<details>\n<summary>Qu&rsquo;est-ce qui distingue Sylvie Vartan des autres artistes de cette g\u00e9n\u00e9ration ?<\/summary>\n<div class=\"ssv-faq-a\">Une exigence de spectacle sc\u00e9nique complet \u2014 chant, danse et mise en sc\u00e8ne pens\u00e9s ensemble \u2014 \u00e0 une \u00e9poque o\u00f9 l&rsquo;interpr\u00e9tation restait souvent plus statique dans la vari\u00e9t\u00e9 fran\u00e7aise.<\/div>\n<\/details>\n<details>\n<summary>Quelles chansons retenir de son r\u00e9pertoire y\u00e9y\u00e9 ?<\/summary>\n<div class=\"ssv-faq-a\">Des titres comme Tous mes copains, Est-ce que tu le sais ?, La Locomotion ou La plus belle pour aller danser restent parmi les plus associ\u00e9s \u00e0 cette p\u00e9riode.<\/div>\n<\/details>\n<details>\n<summary>Comment sa carri\u00e8re a-t-elle \u00e9volu\u00e9 apr\u00e8s l&rsquo;\u00e8re y\u00e9y\u00e9 ?<\/summary>\n<div class=\"ssv-faq-a\">Elle s&rsquo;est orient\u00e9e vers des productions plus sophistiqu\u00e9es, influenc\u00e9es par le disco et le funk, puis vers des collaborations avec de jeunes auteurs-compositeurs, tout en conservant son identit\u00e9 sc\u00e9nique d&rsquo;origine.<\/div>\n<\/details>\n<\/div>\n<\/div>\n","protected":false},"excerpt":{"rendered":"","protected":false},"author":34,"featured_media":7461,"comment_status":"open","ping_status":"open","sticky":false,"template":"","format":"standard","meta":{"_acf_changed":false,"manual_indexmenow":false,"indexmenow_id_project":0,"footnotes":""},"categories":[1],"tags":[4544,4543,4542],"class_list":["post-7398","post","type-post","status-publish","format-standard","has-post-thumbnail","hentry","category-a-la-une","tag-chansonfrancaise","tag-sylvievartan","tag-yeye","generate-columns","tablet-grid-50","mobile-grid-100","grid-parent","grid-25"],"acf":[],"yoast_head":"<!-- This site is optimized with the Yoast SEO Premium plugin v21.3 (Yoast SEO v26.5) - https:\/\/yoast.com\/wordpress\/plugins\/seo\/ -->\n<title>Sylvie Vartan : l&#039;ic\u00f4ne y\u00e9y\u00e9 qui a marqu\u00e9 la chanson fran\u00e7aise<\/title>\n<meta name=\"description\" content=\"Retour sur Sylvie Vartan, figure du mouvement y\u00e9y\u00e9 : une pr\u00e9sence sc\u00e9nique construite, des titres devenus rep\u00e8res et une trajectoire qui a su se r\u00e9inventer sans se renier.\" \/>\n<meta name=\"robots\" content=\"index, follow, max-snippet:-1, max-image-preview:large, max-video-preview:-1\" \/>\n<link rel=\"canonical\" href=\"https:\/\/starstory.fr\/blog\/a-la-une\/sylvie-vartan-licone-yeye-qui-a-marque-la-chanson-francaise\/\" \/>\n<meta property=\"og:locale\" content=\"fr_FR\" \/>\n<meta property=\"og:type\" content=\"article\" \/>\n<meta property=\"og:title\" content=\"Sylvie Vartan : l&#039;ic\u00f4ne y\u00e9y\u00e9 qui a marqu\u00e9 la chanson fran\u00e7aise\" \/>\n<meta property=\"og:description\" content=\"Retour sur Sylvie Vartan, figure du mouvement y\u00e9y\u00e9 : une pr\u00e9sence sc\u00e9nique construite, des titres devenus rep\u00e8res et une trajectoire qui a su se r\u00e9inventer sans se renier.\" \/>\n<meta property=\"og:url\" content=\"https:\/\/starstory.fr\/blog\/a-la-une\/sylvie-vartan-licone-yeye-qui-a-marque-la-chanson-francaise\/\" \/>\n<meta property=\"og:site_name\" content=\"starstory\" \/>\n<meta property=\"og:image\" content=\"https:\/\/starstory.fr\/blog\/wp-content\/uploads\/2025\/03\/sdxl-14d5e7c26a0a71e063f334d55b67302b.png\" \/>\n\t<meta property=\"og:image:width\" content=\"1536\" \/>\n\t<meta property=\"og:image:height\" content=\"640\" \/>\n\t<meta property=\"og:image:type\" content=\"image\/png\" \/>\n<meta name=\"author\" content=\"Rapha\u00ebl D.\" \/>\n<meta name=\"twitter:card\" content=\"summary_large_image\" \/>\n<script type=\"application\/ld+json\" class=\"yoast-schema-graph\">{\"@context\":\"https:\/\/schema.org\",\"@graph\":[{\"@type\":\"NewsArticle\",\"@id\":\"https:\/\/starstory.fr\/blog\/a-la-une\/sylvie-vartan-licone-yeye-qui-a-marque-la-chanson-francaise\/#article\",\"isPartOf\":{\"@id\":\"https:\/\/starstory.fr\/blog\/a-la-une\/sylvie-vartan-licone-yeye-qui-a-marque-la-chanson-francaise\/\"},\"author\":{\"name\":\"Rapha\u00ebl D.\",\"@id\":\"https:\/\/starstory.fr\/blog\/#\/schema\/person\/3c864cdc320801e3db34b663e7e3f816\"},\"headline\":\"Sylvie Vartan : L&rsquo;ic\u00f4ne y\u00e9y\u00e9 qui a marqu\u00e9 la chanson fran\u00e7aise\",\"datePublished\":\"2026-08-31T15:08:14+00:00\",\"mainEntityOfPage\":{\"@id\":\"https:\/\/starstory.fr\/blog\/a-la-une\/sylvie-vartan-licone-yeye-qui-a-marque-la-chanson-francaise\/\"},\"wordCount\":1599,\"commentCount\":0,\"publisher\":{\"@id\":\"https:\/\/starstory.fr\/blog\/#organization\"},\"image\":{\"@id\":\"https:\/\/starstory.fr\/blog\/a-la-une\/sylvie-vartan-licone-yeye-qui-a-marque-la-chanson-francaise\/#primaryimage\"},\"thumbnailUrl\":\"https:\/\/starstory.fr\/blog\/wp-content\/uploads\/2025\/03\/sdxl-14d5e7c26a0a71e063f334d55b67302b.png\",\"keywords\":[\"chansonfrancaise\",\"sylvievartan\",\"yeye\"],\"articleSection\":[\"\u00c0 la une\"],\"inLanguage\":\"fr-FR\",\"potentialAction\":[{\"@type\":\"CommentAction\",\"name\":\"Comment\",\"target\":[\"https:\/\/starstory.fr\/blog\/a-la-une\/sylvie-vartan-licone-yeye-qui-a-marque-la-chanson-francaise\/#respond\"]}]},{\"@type\":\"WebPage\",\"@id\":\"https:\/\/starstory.fr\/blog\/a-la-une\/sylvie-vartan-licone-yeye-qui-a-marque-la-chanson-francaise\/\",\"url\":\"https:\/\/starstory.fr\/blog\/a-la-une\/sylvie-vartan-licone-yeye-qui-a-marque-la-chanson-francaise\/\",\"name\":\"Sylvie Vartan : l'ic\u00f4ne y\u00e9y\u00e9 qui a marqu\u00e9 la chanson fran\u00e7aise\",\"isPartOf\":{\"@id\":\"https:\/\/starstory.fr\/blog\/#website\"},\"primaryImageOfPage\":{\"@id\":\"https:\/\/starstory.fr\/blog\/a-la-une\/sylvie-vartan-licone-yeye-qui-a-marque-la-chanson-francaise\/#primaryimage\"},\"image\":{\"@id\":\"https:\/\/starstory.fr\/blog\/a-la-une\/sylvie-vartan-licone-yeye-qui-a-marque-la-chanson-francaise\/#primaryimage\"},\"thumbnailUrl\":\"https:\/\/starstory.fr\/blog\/wp-content\/uploads\/2025\/03\/sdxl-14d5e7c26a0a71e063f334d55b67302b.png\",\"datePublished\":\"2026-08-31T15:08:14+00:00\",\"description\":\"Retour sur Sylvie Vartan, figure du mouvement y\u00e9y\u00e9 : une pr\u00e9sence sc\u00e9nique construite, des titres devenus rep\u00e8res et une trajectoire qui a su se r\u00e9inventer sans se renier.\",\"inLanguage\":\"fr-FR\",\"potentialAction\":[{\"@type\":\"ReadAction\",\"target\":[\"https:\/\/starstory.fr\/blog\/a-la-une\/sylvie-vartan-licone-yeye-qui-a-marque-la-chanson-francaise\/\"]}]},{\"@type\":\"ImageObject\",\"inLanguage\":\"fr-FR\",\"@id\":\"https:\/\/starstory.fr\/blog\/a-la-une\/sylvie-vartan-licone-yeye-qui-a-marque-la-chanson-francaise\/#primaryimage\",\"url\":\"https:\/\/starstory.fr\/blog\/wp-content\/uploads\/2025\/03\/sdxl-14d5e7c26a0a71e063f334d55b67302b.png\",\"contentUrl\":\"https:\/\/starstory.fr\/blog\/wp-content\/uploads\/2025\/03\/sdxl-14d5e7c26a0a71e063f334d55b67302b.png\",\"width\":1536,\"height\":640},{\"@type\":\"WebSite\",\"@id\":\"https:\/\/starstory.fr\/blog\/#website\",\"url\":\"https:\/\/starstory.fr\/blog\/\",\"name\":\"StarStory\",\"description\":\"StarStory, les \u00e9toiles racontent leur histoire\",\"publisher\":{\"@id\":\"https:\/\/starstory.fr\/blog\/#organization\"},\"alternateName\":\"StarStory, les \u00e9toiles racontent leur histoire\",\"potentialAction\":[{\"@type\":\"SearchAction\",\"target\":{\"@type\":\"EntryPoint\",\"urlTemplate\":\"https:\/\/starstory.fr\/blog\/?s={search_term_string}\"},\"query-input\":{\"@type\":\"PropertyValueSpecification\",\"valueRequired\":true,\"valueName\":\"search_term_string\"}}],\"inLanguage\":\"fr-FR\"},{\"@type\":\"Organization\",\"@id\":\"https:\/\/starstory.fr\/blog\/#organization\",\"name\":\"StarStory\",\"alternateName\":\"StarStory.fr\",\"url\":\"https:\/\/starstory.fr\/blog\/\",\"logo\":{\"@type\":\"ImageObject\",\"inLanguage\":\"fr-FR\",\"@id\":\"https:\/\/starstory.fr\/blog\/#\/schema\/logo\/image\/\",\"url\":\"https:\/\/starstory.fr\/blog\/wp-content\/uploads\/2024\/12\/38.png\",\"contentUrl\":\"https:\/\/starstory.fr\/blog\/wp-content\/uploads\/2024\/12\/38.png\",\"width\":500,\"height\":500,\"caption\":\"StarStory\"},\"image\":{\"@id\":\"https:\/\/starstory.fr\/blog\/#\/schema\/logo\/image\/\"}},{\"@type\":\"Person\",\"@id\":\"https:\/\/starstory.fr\/blog\/#\/schema\/person\/3c864cdc320801e3db34b663e7e3f816\",\"name\":\"Rapha\u00ebl D.\",\"image\":{\"@type\":\"ImageObject\",\"inLanguage\":\"fr-FR\",\"@id\":\"https:\/\/starstory.fr\/blog\/#\/schema\/person\/image\/\",\"url\":\"https:\/\/starstory.fr\/blog\/wp-content\/uploads\/2026\/06\/persona_raphael-d-96x96.jpg\",\"contentUrl\":\"https:\/\/starstory.fr\/blog\/wp-content\/uploads\/2026\/06\/persona_raphael-d-96x96.jpg\",\"caption\":\"Rapha\u00ebl D.\"},\"description\":\"La culture est mon terrain de jeu depuis une dizaine d'ann\u00e9es : arts visuels, s\u00e9ries, cr\u00e9ation et tout ce qui nourrit l'imaginaire. J'\u00e9cris aussi bien sur l'actualit\u00e9 des \u0153uvres que sur les coulisses de la cr\u00e9ation, avec l'envie de relier l'amateur curieux \u00e0 des univers parfois jug\u00e9s intimidants. J'aime analyser une s\u00e9rie ou une d\u00e9marche artistique sans p\u00e9dantisme, replacer une \u0153uvre dans son contexte et donner des cl\u00e9s de lecture accessibles. Avant de publier, je v\u00e9rifie mes r\u00e9f\u00e9rences, je recoupe les sources et je distingue clairement le fait de mon interpr\u00e9tation subjective. Je crois qu'une critique vaut surtout par les arguments qu'elle expose, pas par la sentence qu'elle rend. Mon angle : transmettre l'envie de d\u00e9couvrir, de regarder autrement et de se forger son propre go\u00fbt. La culture n'appartient pas qu'aux initi\u00e9s, et c'est tout l'enjeu de mon \u00e9criture.\",\"url\":\"https:\/\/starstory.fr\/blog\/auteur\/noname\/\",\"jobTitle\":\"R\u00e9dacteur en chef \u00b7 Culture & Cr\u00e9ation\",\"knowsAbout\":[\"Culture\",\"Cr\u00e9ation\"],\"email\":\"raphael.d@a-l-asso-de-l-art.fr\"}]}<\/script>\n<!-- \/ Yoast SEO Premium plugin. -->","yoast_head_json":{"title":"Sylvie Vartan : l'ic\u00f4ne y\u00e9y\u00e9 qui a marqu\u00e9 la chanson fran\u00e7aise","description":"Retour sur Sylvie Vartan, figure du mouvement y\u00e9y\u00e9 : une pr\u00e9sence sc\u00e9nique construite, des titres devenus rep\u00e8res et une trajectoire qui a su se r\u00e9inventer sans se renier.","robots":{"index":"index","follow":"follow","max-snippet":"max-snippet:-1","max-image-preview":"max-image-preview:large","max-video-preview":"max-video-preview:-1"},"canonical":"https:\/\/starstory.fr\/blog\/a-la-une\/sylvie-vartan-licone-yeye-qui-a-marque-la-chanson-francaise\/","og_locale":"fr_FR","og_type":"article","og_title":"Sylvie Vartan : l'ic\u00f4ne y\u00e9y\u00e9 qui a marqu\u00e9 la chanson fran\u00e7aise","og_description":"Retour sur Sylvie Vartan, figure du mouvement y\u00e9y\u00e9 : une pr\u00e9sence sc\u00e9nique construite, des titres devenus rep\u00e8res et une trajectoire qui a su se r\u00e9inventer sans se renier.","og_url":"https:\/\/starstory.fr\/blog\/a-la-une\/sylvie-vartan-licone-yeye-qui-a-marque-la-chanson-francaise\/","og_site_name":"starstory","og_image":[{"width":1536,"height":640,"url":"https:\/\/starstory.fr\/blog\/wp-content\/uploads\/2025\/03\/sdxl-14d5e7c26a0a71e063f334d55b67302b.png","type":"image\/png"}],"author":"Rapha\u00ebl D.","twitter_card":"summary_large_image","schema":{"@context":"https:\/\/schema.org","@graph":[{"@type":"NewsArticle","@id":"https:\/\/starstory.fr\/blog\/a-la-une\/sylvie-vartan-licone-yeye-qui-a-marque-la-chanson-francaise\/#article","isPartOf":{"@id":"https:\/\/starstory.fr\/blog\/a-la-une\/sylvie-vartan-licone-yeye-qui-a-marque-la-chanson-francaise\/"},"author":{"name":"Rapha\u00ebl D.","@id":"https:\/\/starstory.fr\/blog\/#\/schema\/person\/3c864cdc320801e3db34b663e7e3f816"},"headline":"Sylvie Vartan : L&rsquo;ic\u00f4ne y\u00e9y\u00e9 qui a marqu\u00e9 la chanson fran\u00e7aise","datePublished":"2026-08-31T15:08:14+00:00","mainEntityOfPage":{"@id":"https:\/\/starstory.fr\/blog\/a-la-une\/sylvie-vartan-licone-yeye-qui-a-marque-la-chanson-francaise\/"},"wordCount":1599,"commentCount":0,"publisher":{"@id":"https:\/\/starstory.fr\/blog\/#organization"},"image":{"@id":"https:\/\/starstory.fr\/blog\/a-la-une\/sylvie-vartan-licone-yeye-qui-a-marque-la-chanson-francaise\/#primaryimage"},"thumbnailUrl":"https:\/\/starstory.fr\/blog\/wp-content\/uploads\/2025\/03\/sdxl-14d5e7c26a0a71e063f334d55b67302b.png","keywords":["chansonfrancaise","sylvievartan","yeye"],"articleSection":["\u00c0 la une"],"inLanguage":"fr-FR","potentialAction":[{"@type":"CommentAction","name":"Comment","target":["https:\/\/starstory.fr\/blog\/a-la-une\/sylvie-vartan-licone-yeye-qui-a-marque-la-chanson-francaise\/#respond"]}]},{"@type":"WebPage","@id":"https:\/\/starstory.fr\/blog\/a-la-une\/sylvie-vartan-licone-yeye-qui-a-marque-la-chanson-francaise\/","url":"https:\/\/starstory.fr\/blog\/a-la-une\/sylvie-vartan-licone-yeye-qui-a-marque-la-chanson-francaise\/","name":"Sylvie Vartan : l'ic\u00f4ne y\u00e9y\u00e9 qui a marqu\u00e9 la chanson fran\u00e7aise","isPartOf":{"@id":"https:\/\/starstory.fr\/blog\/#website"},"primaryImageOfPage":{"@id":"https:\/\/starstory.fr\/blog\/a-la-une\/sylvie-vartan-licone-yeye-qui-a-marque-la-chanson-francaise\/#primaryimage"},"image":{"@id":"https:\/\/starstory.fr\/blog\/a-la-une\/sylvie-vartan-licone-yeye-qui-a-marque-la-chanson-francaise\/#primaryimage"},"thumbnailUrl":"https:\/\/starstory.fr\/blog\/wp-content\/uploads\/2025\/03\/sdxl-14d5e7c26a0a71e063f334d55b67302b.png","datePublished":"2026-08-31T15:08:14+00:00","description":"Retour sur Sylvie Vartan, figure du mouvement y\u00e9y\u00e9 : une pr\u00e9sence sc\u00e9nique construite, des titres devenus rep\u00e8res et une trajectoire qui a su se r\u00e9inventer sans se renier.","inLanguage":"fr-FR","potentialAction":[{"@type":"ReadAction","target":["https:\/\/starstory.fr\/blog\/a-la-une\/sylvie-vartan-licone-yeye-qui-a-marque-la-chanson-francaise\/"]}]},{"@type":"ImageObject","inLanguage":"fr-FR","@id":"https:\/\/starstory.fr\/blog\/a-la-une\/sylvie-vartan-licone-yeye-qui-a-marque-la-chanson-francaise\/#primaryimage","url":"https:\/\/starstory.fr\/blog\/wp-content\/uploads\/2025\/03\/sdxl-14d5e7c26a0a71e063f334d55b67302b.png","contentUrl":"https:\/\/starstory.fr\/blog\/wp-content\/uploads\/2025\/03\/sdxl-14d5e7c26a0a71e063f334d55b67302b.png","width":1536,"height":640},{"@type":"WebSite","@id":"https:\/\/starstory.fr\/blog\/#website","url":"https:\/\/starstory.fr\/blog\/","name":"StarStory","description":"StarStory, les \u00e9toiles racontent leur histoire","publisher":{"@id":"https:\/\/starstory.fr\/blog\/#organization"},"alternateName":"StarStory, les \u00e9toiles racontent leur histoire","potentialAction":[{"@type":"SearchAction","target":{"@type":"EntryPoint","urlTemplate":"https:\/\/starstory.fr\/blog\/?s={search_term_string}"},"query-input":{"@type":"PropertyValueSpecification","valueRequired":true,"valueName":"search_term_string"}}],"inLanguage":"fr-FR"},{"@type":"Organization","@id":"https:\/\/starstory.fr\/blog\/#organization","name":"StarStory","alternateName":"StarStory.fr","url":"https:\/\/starstory.fr\/blog\/","logo":{"@type":"ImageObject","inLanguage":"fr-FR","@id":"https:\/\/starstory.fr\/blog\/#\/schema\/logo\/image\/","url":"https:\/\/starstory.fr\/blog\/wp-content\/uploads\/2024\/12\/38.png","contentUrl":"https:\/\/starstory.fr\/blog\/wp-content\/uploads\/2024\/12\/38.png","width":500,"height":500,"caption":"StarStory"},"image":{"@id":"https:\/\/starstory.fr\/blog\/#\/schema\/logo\/image\/"}},{"@type":"Person","@id":"https:\/\/starstory.fr\/blog\/#\/schema\/person\/3c864cdc320801e3db34b663e7e3f816","name":"Rapha\u00ebl D.","image":{"@type":"ImageObject","inLanguage":"fr-FR","@id":"https:\/\/starstory.fr\/blog\/#\/schema\/person\/image\/","url":"https:\/\/starstory.fr\/blog\/wp-content\/uploads\/2026\/06\/persona_raphael-d-96x96.jpg","contentUrl":"https:\/\/starstory.fr\/blog\/wp-content\/uploads\/2026\/06\/persona_raphael-d-96x96.jpg","caption":"Rapha\u00ebl D."},"description":"La culture est mon terrain de jeu depuis une dizaine d'ann\u00e9es : arts visuels, s\u00e9ries, cr\u00e9ation et tout ce qui nourrit l'imaginaire. J'\u00e9cris aussi bien sur l'actualit\u00e9 des \u0153uvres que sur les coulisses de la cr\u00e9ation, avec l'envie de relier l'amateur curieux \u00e0 des univers parfois jug\u00e9s intimidants. J'aime analyser une s\u00e9rie ou une d\u00e9marche artistique sans p\u00e9dantisme, replacer une \u0153uvre dans son contexte et donner des cl\u00e9s de lecture accessibles. Avant de publier, je v\u00e9rifie mes r\u00e9f\u00e9rences, je recoupe les sources et je distingue clairement le fait de mon interpr\u00e9tation subjective. Je crois qu'une critique vaut surtout par les arguments qu'elle expose, pas par la sentence qu'elle rend. Mon angle : transmettre l'envie de d\u00e9couvrir, de regarder autrement et de se forger son propre go\u00fbt. La culture n'appartient pas qu'aux initi\u00e9s, et c'est tout l'enjeu de mon \u00e9criture.","url":"https:\/\/starstory.fr\/blog\/auteur\/noname\/","jobTitle":"R\u00e9dacteur en chef \u00b7 Culture & Cr\u00e9ation","knowsAbout":["Culture","Cr\u00e9ation"],"email":"raphael.d@a-l-asso-de-l-art.fr"}]}},"_links":{"self":[{"href":"https:\/\/starstory.fr\/blog\/wp-json\/wp\/v2\/posts\/7398","targetHints":{"allow":["GET"]}}],"collection":[{"href":"https:\/\/starstory.fr\/blog\/wp-json\/wp\/v2\/posts"}],"about":[{"href":"https:\/\/starstory.fr\/blog\/wp-json\/wp\/v2\/types\/post"}],"author":[{"embeddable":true,"href":"https:\/\/starstory.fr\/blog\/wp-json\/wp\/v2\/users\/34"}],"replies":[{"embeddable":true,"href":"https:\/\/starstory.fr\/blog\/wp-json\/wp\/v2\/comments?post=7398"}],"version-history":[{"count":1,"href":"https:\/\/starstory.fr\/blog\/wp-json\/wp\/v2\/posts\/7398\/revisions"}],"predecessor-version":[{"id":8395,"href":"https:\/\/starstory.fr\/blog\/wp-json\/wp\/v2\/posts\/7398\/revisions\/8395"}],"wp:featuredmedia":[{"embeddable":true,"href":"https:\/\/starstory.fr\/blog\/wp-json\/wp\/v2\/media\/7461"}],"wp:attachment":[{"href":"https:\/\/starstory.fr\/blog\/wp-json\/wp\/v2\/media?parent=7398"}],"wp:term":[{"taxonomy":"category","embeddable":true,"href":"https:\/\/starstory.fr\/blog\/wp-json\/wp\/v2\/categories?post=7398"},{"taxonomy":"post_tag","embeddable":true,"href":"https:\/\/starstory.fr\/blog\/wp-json\/wp\/v2\/tags?post=7398"}],"curies":[{"name":"wp","href":"https:\/\/api.w.org\/{rel}","templated":true}]}}