{"id":7390,"date":"2026-06-19T19:04:52","date_gmt":"2026-06-19T17:04:52","guid":{"rendered":"https:\/\/starstory.fr\/blog\/a-la-une\/ophelie-meunier-du-mannequinat-au-journalisme-dinvestigation\/"},"modified":"2026-06-19T19:04:52","modified_gmt":"2026-06-19T17:04:52","slug":"ophelie-meunier-du-mannequinat-au-journalisme-dinvestigation","status":"publish","type":"post","link":"https:\/\/starstory.fr\/blog\/a-la-une\/ophelie-meunier-du-mannequinat-au-journalisme-dinvestigation\/","title":{"rendered":"Oph\u00e9lie Meunier : du mannequinat au journalisme d&rsquo;investigation"},"content":{"rendered":"<link rel=\"stylesheet\" href=\"https:\/\/fonts.googleapis.com\/css2?family=Newsreader:ital,opsz,wght@0,6..72,500;0,6..72,600;0,6..72,700;1,6..72,500&#038;family=Inter:wght@400;500;600&#038;family=JetBrains+Mono:wght@500;600&#038;display=swap\">\n<style>\n.om-portrait-wrap{font-family:'Inter',-apple-system,BlinkMacSystemFont,sans-serif;line-height:1.65;color:#1f2733;font-size:17px;max-width:820px;margin:0 auto}\n.om-portrait-wrap h1,.om-portrait-wrap h2,.om-portrait-wrap h3{font-family:'Newsreader','Georgia',serif;color:#15202b;letter-spacing:-.01em}\n.om-portrait-wrap h1{font-size:clamp(28px,4.4vw,42px);font-weight:700;line-height:1.15;margin:0 0 6px}\n.om-portrait-wrap h2{font-size:clamp(23px,3.1vw,32px);font-weight:600;margin:48px 0 14px}\n.om-portrait-wrap h3{font-size:clamp(19px,2.3vw,22px);font-weight:600;margin:26px 0 8px}\n.om-portrait-wrap p{margin:0 0 16px}\n.om-portrait-kicker{font-family:'JetBrains Mono','Courier New',monospace;font-size:12px;font-weight:600;letter-spacing:.14em;text-transform:uppercase;color:#b8323b;margin:0 0 10px}\n.om-portrait-lead{font-size:19px;line-height:1.6;color:#3a4452;border-left:4px solid #b8323b;padding:2px 0 2px 18px;margin:18px 0 30px}\n.om-portrait-fiche{background:#fbf4f4;border:1px solid #f0d6d8;border-left:5px solid #b8323b;border-radius:14px;padding:24px 26px;margin:26px 0;box-shadow:0 1px 2px rgba(16,24,40,.05),0 12px 28px -18px rgba(16,24,40,.16)}\n.om-portrait-fiche .om-portrait-ft{font-family:'Newsreader',serif;font-size:20px;font-weight:600;color:#15202b;margin-bottom:14px}\n.om-portrait-fiche ul{list-style:none;margin:0;padding:0;display:grid;gap:10px}\n.om-portrait-fiche li{display:flex;gap:12px;align-items:baseline;border-bottom:1px dashed #ecd4d6;padding-bottom:9px}\n.om-portrait-fiche li:last-child{border-bottom:none;padding-bottom:0}\n.om-portrait-fiche .om-portrait-k{font-family:'JetBrains Mono',monospace;font-size:11.5px;letter-spacing:.08em;text-transform:uppercase;color:#9a4a4f;min-width:118px;font-weight:600}\n.om-portrait-fiche .om-portrait-v{color:#2a323d}\n.om-portrait-grid{display:grid;grid-template-columns:repeat(auto-fit,minmax(230px,1fr));gap:20px;margin:24px 0}\n.om-portrait-card{background:#fff;border:1px solid #e7e3df;border-top:3px solid #b8323b;border-radius:12px;padding:22px;transition:transform .25s ease,box-shadow .25s ease}\n.om-portrait-card:hover{transform:translateY(-3px);box-shadow:0 14px 30px -18px rgba(16,24,40,.32)}\n.om-portrait-card .om-portrait-ch{font-family:'Newsreader',serif;font-size:18px;font-weight:600;color:#15202b;margin-bottom:6px}\n.om-portrait-card .om-portrait-txt{color:#48515e;font-size:15.5px;line-height:1.55}\n.om-portrait-quote{font-family:'Newsreader',serif;font-style:italic;font-size:clamp(20px,2.6vw,26px);line-height:1.4;color:#15202b;border-top:1px solid #e7e3df;border-bottom:1px solid #e7e3df;padding:24px 0;margin:34px 0}\n.om-portrait-retain{background:#15202b;color:#eef3f9;border-radius:14px;padding:26px 28px;margin:34px 0}\n.om-portrait-retain .om-portrait-rt{font-family:'Newsreader',serif;font-size:21px;font-weight:600;color:#fff;margin-bottom:12px}\n.om-portrait-retain ul{margin:0;padding:0;list-style:none;display:grid;gap:10px}\n.om-portrait-retain li{padding-left:26px;position:relative;color:#eef3f9}\n.om-portrait-retain li::before{content:\"\u2192\";position:absolute;left:0;color:#f08b91;font-weight:700}\n.om-portrait-retain strong{color:#fff}\n.om-portrait-faq{margin:30px 0}\n.om-portrait-faq details{border:1px solid #e7e3df;border-radius:11px;padding:0;margin:0 0 12px;overflow:hidden;transition:box-shadow .25s ease}\n.om-portrait-faq details:hover{box-shadow:0 10px 24px -18px rgba(16,24,40,.28)}\n.om-portrait-faq summary{cursor:pointer;padding:16px 20px;font-family:'Newsreader',serif;font-weight:600;font-size:18px;color:#15202b;list-style:none;display:flex;gap:12px;align-items:baseline}\n.om-portrait-faq summary::-webkit-details-marker{display:none}\n.om-portrait-faq summary::before{content:\"+\";color:#b8323b;font-weight:700;font-size:20px}\n.om-portrait-faq details[open] summary::before{content:\"\u2013\"}\n.om-portrait-faq .om-portrait-a{padding:0 20px 18px 32px;color:#48515e;font-size:15.5px;line-height:1.6}\n@media(max-width:640px){.om-portrait-fiche .om-portrait-k{min-width:auto}}\n<\/style>\n<div class=\"om-portrait-wrap\">\n<div class=\"om-portrait-kicker\">Portrait \u00b7 M\u00e9dias fran\u00e7ais<\/div>\n<h1>Oph\u00e9lie Meunier : du mannequinat au journalisme<\/h1>\n<div class=\"om-portrait-lead\">Rep\u00e9r\u00e9e jeune pour son aisance face cam\u00e9ra, Oph\u00e9lie Meunier a chang\u00e9 de voie pour rejoindre la t\u00e9l\u00e9vision : pr\u00e9sentatrice pass\u00e9e par Canal+, elle est aujourd&rsquo;hui surtout connue pour pr\u00e9senter le magazine de reportages <strong>Zone Interdite<\/strong> sur M6. Retour sobre sur un parcours m\u00e9diatique singulier.<\/div>\n<div class=\"om-portrait-fiche\">\n<div class=\"om-portrait-ft\">En bref<\/div>\n<ul>\n<li><span class=\"om-portrait-k\">Qui<\/span><span class=\"om-portrait-v\">Animatrice et journaliste de t\u00e9l\u00e9vision fran\u00e7aise<\/span><\/li>\n<li><span class=\"om-portrait-k\">Connue pour<\/span><span class=\"om-portrait-v\">Pr\u00e9senter le magazine de reportages <strong>Zone Interdite<\/strong> sur M6<\/span><\/li>\n<li><span class=\"om-portrait-k\">Avant<\/span><span class=\"om-portrait-v\">Une carri\u00e8re de mannequin, puis un passage par Canal+<\/span><\/li>\n<li><span class=\"om-portrait-k\">Profil<\/span><span class=\"om-portrait-v\">Pr\u00e9sentatrice de magazine, pas reporter de terrain<\/span><\/li>\n<\/ul>\n<\/div>\n<p>Le parcours d&rsquo;Oph\u00e9lie Meunier illustre une trajectoire peu commune dans le paysage audiovisuel fran\u00e7ais : un passage du mannequinat, o\u00f9 l&rsquo;on apprend \u00e0 composer avec l&rsquo;objectif, \u00e0 la pr\u00e9sentation t\u00e9l\u00e9vis\u00e9e, o\u00f9 il faut au contraire incarner et porter un sujet. Cette double culture de l&rsquo;image et du direct se lit dans sa mani\u00e8re de pr\u00e9senter \u00e0 l&rsquo;\u00e9cran, \u00e0 la fois pos\u00e9e et accessible.<\/p>\n<h2>Des d\u00e9buts devant l&rsquo;objectif<\/h2>\n<p>Avant la t\u00e9l\u00e9vision, Oph\u00e9lie Meunier s&rsquo;est d&rsquo;abord fait conna\u00eetre dans le mannequinat. Ces ann\u00e9es pass\u00e9es \u00e0 travailler l&rsquo;image, la lumi\u00e8re et la pr\u00e9sence devant l&rsquo;appareil photo ont forg\u00e9 une aisance face cam\u00e9ra qui se r\u00e9v\u00e9lera pr\u00e9cieuse pour la suite. C&rsquo;est un apprentissage exigeant, o\u00f9 l&rsquo;on apprend \u00e0 tenir la pose, \u00e0 g\u00e9rer le regard et \u00e0 rester naturelle sous pression.<\/p>\n<p>Cette exp\u00e9rience initiale explique en partie sa transition r\u00e9ussie vers la t\u00e9l\u00e9vision : passer de l&rsquo;autre c\u00f4t\u00e9 du m\u00e9tier de l&rsquo;image, non plus comme sujet photographi\u00e9 mais comme animatrice qui s&rsquo;adresse au public, suppose pr\u00e9cis\u00e9ment cette familiarit\u00e9 avec la cam\u00e9ra et le rythme du plateau.<\/p>\n<h2>La reconversion vers le journalisme et la t\u00e9l\u00e9vision<\/h2>\n<p>\u00c0 un moment de sa carri\u00e8re, Oph\u00e9lie Meunier choisit de r\u00e9orienter sa trajectoire vers le journalisme et la pr\u00e9sentation t\u00e9l\u00e9vis\u00e9e. C&rsquo;est un changement de cap assum\u00e9 : quitter un univers o\u00f9 l&rsquo;on est avant tout une image pour un m\u00e9tier o\u00f9 l&rsquo;on porte la parole, structure un propos et m\u00e8ne des entretiens.<\/p>\n<p>Cette reconversion t\u00e9moigne d&rsquo;une volont\u00e9 de s&rsquo;engager dans un travail plus \u00e9ditorial. Apprendre \u00e0 interviewer, \u00e0 conduire un plateau et \u00e0 pr\u00e9senter un sujet rel\u00e8ve d&rsquo;un savoir-faire diff\u00e9rent de celui du mannequinat \u2014 et c&rsquo;est ce nouveau m\u00e9tier qu&rsquo;elle construira progressivement \u00e0 l&rsquo;\u00e9cran.<\/p>\n<div class=\"om-portrait-grid\">\n<div class=\"om-portrait-card\">\n<div class=\"om-portrait-ch\">Le mannequinat<\/div>\n<div class=\"om-portrait-txt\">Premier univers professionnel, centr\u00e9 sur l&rsquo;image et la pr\u00e9sence devant l&rsquo;objectif.<\/div>\n<\/div>\n<div class=\"om-portrait-card\">\n<div class=\"om-portrait-ch\">La t\u00e9l\u00e9vision<\/div>\n<div class=\"om-portrait-txt\">Le virage vers la pr\u00e9sentation et l&rsquo;animation, o\u00f9 elle passe devant la cam\u00e9ra pour s&rsquo;adresser au public.<\/div>\n<\/div>\n<div class=\"om-portrait-card\">\n<div class=\"om-portrait-ch\">Zone Interdite<\/div>\n<div class=\"om-portrait-txt\">Le magazine de reportages de M6 qu&rsquo;elle pr\u00e9sente, et qui l&rsquo;a fait conna\u00eetre d&rsquo;un large public.<\/div>\n<\/div>\n<\/div>\n<h2>Le passage par Canal+<\/h2>\n<p>Avant M6, Oph\u00e9lie Meunier est pass\u00e9e par Canal+, o\u00f9 elle s&rsquo;est fait remarquer dans des \u00e9missions et magazines consacr\u00e9s notamment aux m\u00e9dias et \u00e0 l&rsquo;actualit\u00e9 culturelle. Ces formats, souvent vifs et tourn\u00e9s vers le d\u00e9cryptage, lui ont permis d&rsquo;affiner son style de pr\u00e9sentation et de gagner en assurance sur des plateaux exigeants.<\/p>\n<p>Cette \u00e9tape constitue une transition naturelle entre ses d\u00e9buts et son r\u00f4le plus r\u00e9cent : on y retrouve d\u00e9j\u00e0 une pr\u00e9sentatrice \u00e0 l&rsquo;aise dans le dialogue, capable de mener un \u00e9change et de porter un sujet face cam\u00e9ra.<\/p>\n<h2>Zone Interdite : pr\u00e9senter un magazine de reportages<\/h2>\n<p>C&rsquo;est aujourd&rsquo;hui \u00e0 la t\u00eate de <strong>Zone Interdite<\/strong>, sur M6, qu&rsquo;Oph\u00e9lie Meunier est la plus identifi\u00e9e du grand public. Il faut \u00eatre pr\u00e9cis sur la nature de ce r\u00f4le : elle <em>pr\u00e9sente<\/em> ce magazine, c&rsquo;est-\u00e0-dire qu&rsquo;elle en assure le fil conducteur, introduit les reportages et accompagne le t\u00e9l\u00e9spectateur \u2014 un travail de pr\u00e9sentation et d&rsquo;\u00e9ditorialisation, distinct de celui des reporters qui r\u00e9alisent les enqu\u00eates sur le terrain.<\/p>\n<p>Zone Interdite est l&rsquo;un des magazines de reportages install\u00e9s de longue date dans le paysage t\u00e9l\u00e9visuel fran\u00e7ais. Il aborde des sujets de soci\u00e9t\u00e9 vari\u00e9s \u00e0 travers des reportages immersifs. En tant que pr\u00e9sentatrice de ce format, Oph\u00e9lie Meunier en incarne le rendez-vous r\u00e9gulier aupr\u00e8s du public.<\/p>\n<div class=\"om-portrait-quote\">Du mannequinat \u00e0 la pr\u00e9sentation t\u00e9l\u00e9vis\u00e9e, un m\u00eame fil conducteur : savoir habiter la cam\u00e9ra, d&rsquo;abord comme sujet, puis comme voix qui s&rsquo;adresse au public.<\/div>\n<h2>Une trajectoire qui se lit comme une reconversion<\/h2>\n<p>Plus que la somme de ses \u00e9missions, c&rsquo;est la logique de ce parcours qui retient l&rsquo;attention : une professionnelle de l&rsquo;image qui d\u00e9cide de changer de m\u00e9tier au sein du m\u00eame univers m\u00e9diatique. Ce type de reconversion demande de r\u00e9apprendre, de se former \u00e0 d&rsquo;autres codes et d&rsquo;accepter de repartir sur de nouvelles bases \u2014 ici, celles du plateau et de la pr\u00e9sentation.<\/p>\n<p>C&rsquo;est cette capacit\u00e9 d&rsquo;adaptation qui rend son parcours int\u00e9ressant \u00e0 raconter, ind\u00e9pendamment de toute consid\u00e9ration sur sa vie priv\u00e9e, qui rel\u00e8ve de sa sph\u00e8re personnelle.<\/p>\n<div class=\"om-portrait-retain\">\n<div class=\"om-portrait-rt\">\u00c0 retenir<\/div>\n<ul>\n<li>Oph\u00e9lie Meunier est une <strong>animatrice et journaliste de t\u00e9l\u00e9vision fran\u00e7aise<\/strong>.<\/li>\n<li>Elle a d&rsquo;abord eu une <strong>carri\u00e8re de mannequin<\/strong> avant de se r\u00e9orienter vers la pr\u00e9sentation t\u00e9l\u00e9vis\u00e9e.<\/li>\n<li>Elle est notamment pass\u00e9e par <strong>Canal+<\/strong> avant de rejoindre M6.<\/li>\n<li>Elle est surtout connue pour <strong>pr\u00e9senter le magazine de reportages Zone Interdite<\/strong> sur M6.<\/li>\n<li>Son r\u00f4le est celui de <strong>pr\u00e9sentatrice de magazine<\/strong>, et non de reporter de terrain.<\/li>\n<\/ul>\n<\/div>\n<h2>Questions fr\u00e9quentes<\/h2>\n<div class=\"om-portrait-faq\">\n<details>\n<summary>Qui est Oph\u00e9lie Meunier ?<\/summary>\n<div class=\"om-portrait-a\">C&rsquo;est une animatrice et journaliste de t\u00e9l\u00e9vision fran\u00e7aise. Elle a d&rsquo;abord travaill\u00e9 comme mannequin avant de se tourner vers la pr\u00e9sentation t\u00e9l\u00e9vis\u00e9e, et elle est aujourd&rsquo;hui surtout connue pour pr\u00e9senter le magazine de reportages Zone Interdite sur M6.<\/div>\n<\/details>\n<details>\n<summary>Quelle \u00e9mission Oph\u00e9lie Meunier pr\u00e9sente-t-elle ?<\/summary>\n<div class=\"om-portrait-a\">Elle pr\u00e9sente Zone Interdite, un magazine de reportages diffus\u00e9 sur M6. Elle en assure la pr\u00e9sentation, c&rsquo;est-\u00e0-dire le fil conducteur entre les reportages, sans r\u00e9aliser elle-m\u00eame les enqu\u00eates de terrain.<\/div>\n<\/details>\n<details>\n<summary>Oph\u00e9lie Meunier est-elle journaliste d&rsquo;investigation ?<\/summary>\n<div class=\"om-portrait-a\">Elle pr\u00e9sente un magazine de reportages d&rsquo;investigation, ce qui n&rsquo;est pas la m\u00eame chose que mener soi-m\u00eame les enqu\u00eates : son m\u00e9tier est celui de pr\u00e9sentatrice, qui introduit et accompagne des reportages r\u00e9alis\u00e9s par des \u00e9quipes de reporters.<\/div>\n<\/details>\n<details>\n<summary>Quel \u00e9tait son m\u00e9tier avant la t\u00e9l\u00e9vision ?<\/summary>\n<div class=\"om-portrait-a\">Avant la t\u00e9l\u00e9vision, Oph\u00e9lie Meunier a eu une carri\u00e8re de mannequin. Cette exp\u00e9rience de l&rsquo;image et de la pr\u00e9sence face cam\u00e9ra a facilit\u00e9 sa transition vers la pr\u00e9sentation \u00e0 l&rsquo;\u00e9cran.<\/div>\n<\/details>\n<details>\n<summary>Sur quelle cha\u00eene travaillait-elle avant M6 ?<\/summary>\n<div class=\"om-portrait-a\">Elle est notamment pass\u00e9e par Canal+, o\u00f9 elle a anim\u00e9 des formats li\u00e9s aux m\u00e9dias et \u00e0 l&rsquo;actualit\u00e9, avant de rejoindre M6.<\/div>\n<\/details>\n<\/div>\n<\/div>\n","protected":false},"excerpt":{"rendered":"","protected":false},"author":34,"featured_media":7484,"comment_status":"open","ping_status":"open","sticky":false,"template":"","format":"standard","meta":{"_acf_changed":false,"manual_indexmenow":false,"indexmenow_id_project":0,"footnotes":""},"categories":[1],"tags":[4530,4529,4528],"class_list":["post-7390","post","type-post","status-publish","format-standard","has-post-thumbnail","hentry","category-a-la-une","tag-carriere","tag-journalisme","tag-opheliemeunier","generate-columns","tablet-grid-50","mobile-grid-100","grid-parent","grid-25"],"acf":[],"yoast_head":"<!-- This site is optimized with the Yoast SEO Premium plugin v21.3 (Yoast SEO v26.5) - https:\/\/yoast.com\/wordpress\/plugins\/seo\/ -->\n<title>Oph\u00e9lie Meunier : du mannequinat au journalisme d&#039;investigation<\/title>\n<meta name=\"description\" content=\"Le parcours d&#039;Oph\u00e9lie Meunier illustre une trajectoire peu commune dans le paysage audiovisuel fran\u00e7ais : un passage du mannequinat, o\u00f9 l&#039;on apprend\" \/>\n<meta name=\"robots\" content=\"index, follow, max-snippet:-1, max-image-preview:large, max-video-preview:-1\" \/>\n<link rel=\"canonical\" href=\"https:\/\/starstory.fr\/blog\/a-la-une\/ophelie-meunier-du-mannequinat-au-journalisme-dinvestigation\/\" \/>\n<meta property=\"og:locale\" content=\"fr_FR\" \/>\n<meta property=\"og:type\" content=\"article\" \/>\n<meta property=\"og:title\" content=\"Oph\u00e9lie Meunier : du mannequinat au journalisme d&#039;investigation\" \/>\n<meta property=\"og:description\" content=\"Le parcours d&#039;Oph\u00e9lie Meunier illustre une trajectoire peu commune dans le paysage audiovisuel fran\u00e7ais : un passage du mannequinat, o\u00f9 l&#039;on apprend\" \/>\n<meta property=\"og:url\" content=\"https:\/\/starstory.fr\/blog\/a-la-une\/ophelie-meunier-du-mannequinat-au-journalisme-dinvestigation\/\" \/>\n<meta property=\"og:site_name\" content=\"starstory\" \/>\n<meta property=\"og:image\" content=\"https:\/\/starstory.fr\/blog\/wp-content\/uploads\/2025\/05\/sdxl-fddd1179f0bc2f749c8203a84834db75-scaled.png\" \/>\n\t<meta property=\"og:image:width\" content=\"1200\" \/>\n\t<meta property=\"og:image:height\" content=\"500\" \/>\n\t<meta property=\"og:image:type\" content=\"image\/png\" \/>\n<meta name=\"author\" content=\"Rapha\u00ebl D.\" \/>\n<meta name=\"twitter:card\" content=\"summary_large_image\" \/>\n<script type=\"application\/ld+json\" class=\"yoast-schema-graph\">{\"@context\":\"https:\/\/schema.org\",\"@graph\":[{\"@type\":\"NewsArticle\",\"@id\":\"https:\/\/starstory.fr\/blog\/a-la-une\/ophelie-meunier-du-mannequinat-au-journalisme-dinvestigation\/#article\",\"isPartOf\":{\"@id\":\"https:\/\/starstory.fr\/blog\/a-la-une\/ophelie-meunier-du-mannequinat-au-journalisme-dinvestigation\/\"},\"author\":{\"name\":\"Rapha\u00ebl D.\",\"@id\":\"https:\/\/starstory.fr\/blog\/#\/schema\/person\/3c864cdc320801e3db34b663e7e3f816\"},\"headline\":\"Oph\u00e9lie Meunier : du mannequinat au journalisme d&rsquo;investigation\",\"datePublished\":\"2026-06-19T17:04:52+00:00\",\"mainEntityOfPage\":{\"@id\":\"https:\/\/starstory.fr\/blog\/a-la-une\/ophelie-meunier-du-mannequinat-au-journalisme-dinvestigation\/\"},\"wordCount\":1225,\"commentCount\":0,\"publisher\":{\"@id\":\"https:\/\/starstory.fr\/blog\/#organization\"},\"image\":{\"@id\":\"https:\/\/starstory.fr\/blog\/a-la-une\/ophelie-meunier-du-mannequinat-au-journalisme-dinvestigation\/#primaryimage\"},\"thumbnailUrl\":\"https:\/\/starstory.fr\/blog\/wp-content\/uploads\/2025\/05\/sdxl-fddd1179f0bc2f749c8203a84834db75-scaled.png\",\"keywords\":[\"carriere\",\"journalisme\",\"opheliemeunier\"],\"articleSection\":[\"\u00c0 la une\"],\"inLanguage\":\"fr-FR\",\"potentialAction\":[{\"@type\":\"CommentAction\",\"name\":\"Comment\",\"target\":[\"https:\/\/starstory.fr\/blog\/a-la-une\/ophelie-meunier-du-mannequinat-au-journalisme-dinvestigation\/#respond\"]}]},{\"@type\":\"WebPage\",\"@id\":\"https:\/\/starstory.fr\/blog\/a-la-une\/ophelie-meunier-du-mannequinat-au-journalisme-dinvestigation\/\",\"url\":\"https:\/\/starstory.fr\/blog\/a-la-une\/ophelie-meunier-du-mannequinat-au-journalisme-dinvestigation\/\",\"name\":\"Oph\u00e9lie Meunier : du mannequinat au journalisme d'investigation\",\"isPartOf\":{\"@id\":\"https:\/\/starstory.fr\/blog\/#website\"},\"primaryImageOfPage\":{\"@id\":\"https:\/\/starstory.fr\/blog\/a-la-une\/ophelie-meunier-du-mannequinat-au-journalisme-dinvestigation\/#primaryimage\"},\"image\":{\"@id\":\"https:\/\/starstory.fr\/blog\/a-la-une\/ophelie-meunier-du-mannequinat-au-journalisme-dinvestigation\/#primaryimage\"},\"thumbnailUrl\":\"https:\/\/starstory.fr\/blog\/wp-content\/uploads\/2025\/05\/sdxl-fddd1179f0bc2f749c8203a84834db75-scaled.png\",\"datePublished\":\"2026-06-19T17:04:52+00:00\",\"description\":\"Le parcours d'Oph\u00e9lie Meunier illustre une trajectoire peu commune dans le paysage audiovisuel fran\u00e7ais : un passage du mannequinat, o\u00f9 l'on apprend\",\"inLanguage\":\"fr-FR\",\"potentialAction\":[{\"@type\":\"ReadAction\",\"target\":[\"https:\/\/starstory.fr\/blog\/a-la-une\/ophelie-meunier-du-mannequinat-au-journalisme-dinvestigation\/\"]}]},{\"@type\":\"ImageObject\",\"inLanguage\":\"fr-FR\",\"@id\":\"https:\/\/starstory.fr\/blog\/a-la-une\/ophelie-meunier-du-mannequinat-au-journalisme-dinvestigation\/#primaryimage\",\"url\":\"https:\/\/starstory.fr\/blog\/wp-content\/uploads\/2025\/05\/sdxl-fddd1179f0bc2f749c8203a84834db75-scaled.png\",\"contentUrl\":\"https:\/\/starstory.fr\/blog\/wp-content\/uploads\/2025\/05\/sdxl-fddd1179f0bc2f749c8203a84834db75-scaled.png\",\"width\":1200,\"height\":500},{\"@type\":\"WebSite\",\"@id\":\"https:\/\/starstory.fr\/blog\/#website\",\"url\":\"https:\/\/starstory.fr\/blog\/\",\"name\":\"StarStory\",\"description\":\"StarStory, les \u00e9toiles racontent leur histoire\",\"publisher\":{\"@id\":\"https:\/\/starstory.fr\/blog\/#organization\"},\"alternateName\":\"StarStory, les \u00e9toiles racontent leur histoire\",\"potentialAction\":[{\"@type\":\"SearchAction\",\"target\":{\"@type\":\"EntryPoint\",\"urlTemplate\":\"https:\/\/starstory.fr\/blog\/?s={search_term_string}\"},\"query-input\":{\"@type\":\"PropertyValueSpecification\",\"valueRequired\":true,\"valueName\":\"search_term_string\"}}],\"inLanguage\":\"fr-FR\"},{\"@type\":\"Organization\",\"@id\":\"https:\/\/starstory.fr\/blog\/#organization\",\"name\":\"StarStory\",\"alternateName\":\"StarStory.fr\",\"url\":\"https:\/\/starstory.fr\/blog\/\",\"logo\":{\"@type\":\"ImageObject\",\"inLanguage\":\"fr-FR\",\"@id\":\"https:\/\/starstory.fr\/blog\/#\/schema\/logo\/image\/\",\"url\":\"https:\/\/starstory.fr\/blog\/wp-content\/uploads\/2024\/12\/38.png\",\"contentUrl\":\"https:\/\/starstory.fr\/blog\/wp-content\/uploads\/2024\/12\/38.png\",\"width\":500,\"height\":500,\"caption\":\"StarStory\"},\"image\":{\"@id\":\"https:\/\/starstory.fr\/blog\/#\/schema\/logo\/image\/\"}},{\"@type\":\"Person\",\"@id\":\"https:\/\/starstory.fr\/blog\/#\/schema\/person\/3c864cdc320801e3db34b663e7e3f816\",\"name\":\"Rapha\u00ebl D.\",\"image\":{\"@type\":\"ImageObject\",\"inLanguage\":\"fr-FR\",\"@id\":\"https:\/\/starstory.fr\/blog\/#\/schema\/person\/image\/\",\"url\":\"https:\/\/starstory.fr\/blog\/wp-content\/uploads\/2026\/06\/persona_raphael-d-96x96.jpg\",\"contentUrl\":\"https:\/\/starstory.fr\/blog\/wp-content\/uploads\/2026\/06\/persona_raphael-d-96x96.jpg\",\"caption\":\"Rapha\u00ebl D.\"},\"description\":\"La culture est mon terrain de jeu depuis une dizaine d'ann\u00e9es : arts visuels, s\u00e9ries, cr\u00e9ation et tout ce qui nourrit l'imaginaire. J'\u00e9cris aussi bien sur l'actualit\u00e9 des \u0153uvres que sur les coulisses de la cr\u00e9ation, avec l'envie de relier l'amateur curieux \u00e0 des univers parfois jug\u00e9s intimidants. J'aime analyser une s\u00e9rie ou une d\u00e9marche artistique sans p\u00e9dantisme, replacer une \u0153uvre dans son contexte et donner des cl\u00e9s de lecture accessibles. Avant de publier, je v\u00e9rifie mes r\u00e9f\u00e9rences, je recoupe les sources et je distingue clairement le fait de mon interpr\u00e9tation subjective. Je crois qu'une critique vaut surtout par les arguments qu'elle expose, pas par la sentence qu'elle rend. Mon angle : transmettre l'envie de d\u00e9couvrir, de regarder autrement et de se forger son propre go\u00fbt. La culture n'appartient pas qu'aux initi\u00e9s, et c'est tout l'enjeu de mon \u00e9criture.\",\"url\":\"https:\/\/starstory.fr\/blog\/auteur\/noname\/\",\"jobTitle\":\"R\u00e9dacteur en chef \u00b7 Culture & Cr\u00e9ation\",\"knowsAbout\":[\"Culture\",\"Cr\u00e9ation\"],\"email\":\"raphael.d@a-l-asso-de-l-art.fr\"}]}<\/script>\n<!-- \/ Yoast SEO Premium plugin. -->","yoast_head_json":{"title":"Oph\u00e9lie Meunier : du mannequinat au journalisme d'investigation","description":"Le parcours d'Oph\u00e9lie Meunier illustre une trajectoire peu commune dans le paysage audiovisuel fran\u00e7ais : un passage du mannequinat, o\u00f9 l'on apprend","robots":{"index":"index","follow":"follow","max-snippet":"max-snippet:-1","max-image-preview":"max-image-preview:large","max-video-preview":"max-video-preview:-1"},"canonical":"https:\/\/starstory.fr\/blog\/a-la-une\/ophelie-meunier-du-mannequinat-au-journalisme-dinvestigation\/","og_locale":"fr_FR","og_type":"article","og_title":"Oph\u00e9lie Meunier : du mannequinat au journalisme d'investigation","og_description":"Le parcours d'Oph\u00e9lie Meunier illustre une trajectoire peu commune dans le paysage audiovisuel fran\u00e7ais : un passage du mannequinat, o\u00f9 l'on apprend","og_url":"https:\/\/starstory.fr\/blog\/a-la-une\/ophelie-meunier-du-mannequinat-au-journalisme-dinvestigation\/","og_site_name":"starstory","og_image":[{"width":1200,"height":500,"url":"https:\/\/starstory.fr\/blog\/wp-content\/uploads\/2025\/05\/sdxl-fddd1179f0bc2f749c8203a84834db75-scaled.png","type":"image\/png"}],"author":"Rapha\u00ebl D.","twitter_card":"summary_large_image","schema":{"@context":"https:\/\/schema.org","@graph":[{"@type":"NewsArticle","@id":"https:\/\/starstory.fr\/blog\/a-la-une\/ophelie-meunier-du-mannequinat-au-journalisme-dinvestigation\/#article","isPartOf":{"@id":"https:\/\/starstory.fr\/blog\/a-la-une\/ophelie-meunier-du-mannequinat-au-journalisme-dinvestigation\/"},"author":{"name":"Rapha\u00ebl D.","@id":"https:\/\/starstory.fr\/blog\/#\/schema\/person\/3c864cdc320801e3db34b663e7e3f816"},"headline":"Oph\u00e9lie Meunier : du mannequinat au journalisme d&rsquo;investigation","datePublished":"2026-06-19T17:04:52+00:00","mainEntityOfPage":{"@id":"https:\/\/starstory.fr\/blog\/a-la-une\/ophelie-meunier-du-mannequinat-au-journalisme-dinvestigation\/"},"wordCount":1225,"commentCount":0,"publisher":{"@id":"https:\/\/starstory.fr\/blog\/#organization"},"image":{"@id":"https:\/\/starstory.fr\/blog\/a-la-une\/ophelie-meunier-du-mannequinat-au-journalisme-dinvestigation\/#primaryimage"},"thumbnailUrl":"https:\/\/starstory.fr\/blog\/wp-content\/uploads\/2025\/05\/sdxl-fddd1179f0bc2f749c8203a84834db75-scaled.png","keywords":["carriere","journalisme","opheliemeunier"],"articleSection":["\u00c0 la une"],"inLanguage":"fr-FR","potentialAction":[{"@type":"CommentAction","name":"Comment","target":["https:\/\/starstory.fr\/blog\/a-la-une\/ophelie-meunier-du-mannequinat-au-journalisme-dinvestigation\/#respond"]}]},{"@type":"WebPage","@id":"https:\/\/starstory.fr\/blog\/a-la-une\/ophelie-meunier-du-mannequinat-au-journalisme-dinvestigation\/","url":"https:\/\/starstory.fr\/blog\/a-la-une\/ophelie-meunier-du-mannequinat-au-journalisme-dinvestigation\/","name":"Oph\u00e9lie Meunier : du mannequinat au journalisme d'investigation","isPartOf":{"@id":"https:\/\/starstory.fr\/blog\/#website"},"primaryImageOfPage":{"@id":"https:\/\/starstory.fr\/blog\/a-la-une\/ophelie-meunier-du-mannequinat-au-journalisme-dinvestigation\/#primaryimage"},"image":{"@id":"https:\/\/starstory.fr\/blog\/a-la-une\/ophelie-meunier-du-mannequinat-au-journalisme-dinvestigation\/#primaryimage"},"thumbnailUrl":"https:\/\/starstory.fr\/blog\/wp-content\/uploads\/2025\/05\/sdxl-fddd1179f0bc2f749c8203a84834db75-scaled.png","datePublished":"2026-06-19T17:04:52+00:00","description":"Le parcours d'Oph\u00e9lie Meunier illustre une trajectoire peu commune dans le paysage audiovisuel fran\u00e7ais : un passage du mannequinat, o\u00f9 l'on apprend","inLanguage":"fr-FR","potentialAction":[{"@type":"ReadAction","target":["https:\/\/starstory.fr\/blog\/a-la-une\/ophelie-meunier-du-mannequinat-au-journalisme-dinvestigation\/"]}]},{"@type":"ImageObject","inLanguage":"fr-FR","@id":"https:\/\/starstory.fr\/blog\/a-la-une\/ophelie-meunier-du-mannequinat-au-journalisme-dinvestigation\/#primaryimage","url":"https:\/\/starstory.fr\/blog\/wp-content\/uploads\/2025\/05\/sdxl-fddd1179f0bc2f749c8203a84834db75-scaled.png","contentUrl":"https:\/\/starstory.fr\/blog\/wp-content\/uploads\/2025\/05\/sdxl-fddd1179f0bc2f749c8203a84834db75-scaled.png","width":1200,"height":500},{"@type":"WebSite","@id":"https:\/\/starstory.fr\/blog\/#website","url":"https:\/\/starstory.fr\/blog\/","name":"StarStory","description":"StarStory, les \u00e9toiles racontent leur histoire","publisher":{"@id":"https:\/\/starstory.fr\/blog\/#organization"},"alternateName":"StarStory, les \u00e9toiles racontent leur histoire","potentialAction":[{"@type":"SearchAction","target":{"@type":"EntryPoint","urlTemplate":"https:\/\/starstory.fr\/blog\/?s={search_term_string}"},"query-input":{"@type":"PropertyValueSpecification","valueRequired":true,"valueName":"search_term_string"}}],"inLanguage":"fr-FR"},{"@type":"Organization","@id":"https:\/\/starstory.fr\/blog\/#organization","name":"StarStory","alternateName":"StarStory.fr","url":"https:\/\/starstory.fr\/blog\/","logo":{"@type":"ImageObject","inLanguage":"fr-FR","@id":"https:\/\/starstory.fr\/blog\/#\/schema\/logo\/image\/","url":"https:\/\/starstory.fr\/blog\/wp-content\/uploads\/2024\/12\/38.png","contentUrl":"https:\/\/starstory.fr\/blog\/wp-content\/uploads\/2024\/12\/38.png","width":500,"height":500,"caption":"StarStory"},"image":{"@id":"https:\/\/starstory.fr\/blog\/#\/schema\/logo\/image\/"}},{"@type":"Person","@id":"https:\/\/starstory.fr\/blog\/#\/schema\/person\/3c864cdc320801e3db34b663e7e3f816","name":"Rapha\u00ebl D.","image":{"@type":"ImageObject","inLanguage":"fr-FR","@id":"https:\/\/starstory.fr\/blog\/#\/schema\/person\/image\/","url":"https:\/\/starstory.fr\/blog\/wp-content\/uploads\/2026\/06\/persona_raphael-d-96x96.jpg","contentUrl":"https:\/\/starstory.fr\/blog\/wp-content\/uploads\/2026\/06\/persona_raphael-d-96x96.jpg","caption":"Rapha\u00ebl D."},"description":"La culture est mon terrain de jeu depuis une dizaine d'ann\u00e9es : arts visuels, s\u00e9ries, cr\u00e9ation et tout ce qui nourrit l'imaginaire. J'\u00e9cris aussi bien sur l'actualit\u00e9 des \u0153uvres que sur les coulisses de la cr\u00e9ation, avec l'envie de relier l'amateur curieux \u00e0 des univers parfois jug\u00e9s intimidants. J'aime analyser une s\u00e9rie ou une d\u00e9marche artistique sans p\u00e9dantisme, replacer une \u0153uvre dans son contexte et donner des cl\u00e9s de lecture accessibles. Avant de publier, je v\u00e9rifie mes r\u00e9f\u00e9rences, je recoupe les sources et je distingue clairement le fait de mon interpr\u00e9tation subjective. Je crois qu'une critique vaut surtout par les arguments qu'elle expose, pas par la sentence qu'elle rend. Mon angle : transmettre l'envie de d\u00e9couvrir, de regarder autrement et de se forger son propre go\u00fbt. La culture n'appartient pas qu'aux initi\u00e9s, et c'est tout l'enjeu de mon \u00e9criture.","url":"https:\/\/starstory.fr\/blog\/auteur\/noname\/","jobTitle":"R\u00e9dacteur en chef \u00b7 Culture & Cr\u00e9ation","knowsAbout":["Culture","Cr\u00e9ation"],"email":"raphael.d@a-l-asso-de-l-art.fr"}]}},"_links":{"self":[{"href":"https:\/\/starstory.fr\/blog\/wp-json\/wp\/v2\/posts\/7390","targetHints":{"allow":["GET"]}}],"collection":[{"href":"https:\/\/starstory.fr\/blog\/wp-json\/wp\/v2\/posts"}],"about":[{"href":"https:\/\/starstory.fr\/blog\/wp-json\/wp\/v2\/types\/post"}],"author":[{"embeddable":true,"href":"https:\/\/starstory.fr\/blog\/wp-json\/wp\/v2\/users\/34"}],"replies":[{"embeddable":true,"href":"https:\/\/starstory.fr\/blog\/wp-json\/wp\/v2\/comments?post=7390"}],"version-history":[{"count":1,"href":"https:\/\/starstory.fr\/blog\/wp-json\/wp\/v2\/posts\/7390\/revisions"}],"predecessor-version":[{"id":8117,"href":"https:\/\/starstory.fr\/blog\/wp-json\/wp\/v2\/posts\/7390\/revisions\/8117"}],"wp:featuredmedia":[{"embeddable":true,"href":"https:\/\/starstory.fr\/blog\/wp-json\/wp\/v2\/media\/7484"}],"wp:attachment":[{"href":"https:\/\/starstory.fr\/blog\/wp-json\/wp\/v2\/media?parent=7390"}],"wp:term":[{"taxonomy":"category","embeddable":true,"href":"https:\/\/starstory.fr\/blog\/wp-json\/wp\/v2\/categories?post=7390"},{"taxonomy":"post_tag","embeddable":true,"href":"https:\/\/starstory.fr\/blog\/wp-json\/wp\/v2\/tags?post=7390"}],"curies":[{"name":"wp","href":"https:\/\/api.w.org\/{rel}","templated":true}]}}